{"id":116186,"date":"2023-05-23T06:41:06","date_gmt":"2023-05-23T05:41:06","guid":{"rendered":"https:\/\/www.copealcoy.es\/?p=116186"},"modified":"2023-05-23T08:48:50","modified_gmt":"2023-05-23T07:48:50","slug":"informativo-matinal-martes-23-de-mayo-2023-0720h","status":"publish","type":"post","link":"https:\/\/www.copealcoy.es\/es\/informativo-matinal-martes-23-de-mayo-2023-0720h\/","title":{"rendered":"Informativo matinal martes 23 de mayo 2023 (07:20h)"},"content":{"rendered":"<p><iframe loading=\"lazy\" title=\"Informatiu Matinal Dimarts 23 De Maig 2023 (07:20h)\" width=\"100%\" height=\"120\" src=\"https:\/\/www.mixcloud.com\/widget\/iframe\/?feed=https%3A%2F%2Fwww.mixcloud.com%2FCOPEAlcoy%2Finformatiu-matinal-dimarts-23-de-maig-2023-0720h%2F&amp;hide_cover=1\" frameborder=\"0\"><\/iframe><\/p>\n<p style=\"text-align: justify;\">La detenci\u00f3n de un hombre que, presuntamente, <strong>acababa de prender fuego a unos matorrales<\/strong> en el Rebolcat y el <strong>descubrimiento de pinturas rupestres<\/strong> en Pen\u00e1guila son algunas noticias destacadas de este 23 de mayo de 2023. Tambi\u00e9n <strong>hemos recordado que Marcos Mart\u00ednez<\/strong> es el candidato de ADIN a la alcald\u00eda de nuestra ciudad.<\/p>\n<p style=\"text-align: justify;\">En les Eleccions Municipals d\u2019Alcoi d\u2019aquest 2023\u00a0<strong>concorren partits de recent creaci\u00f3 com a Acci\u00f3 Democr\u00e0tica Independent (ADIN)<\/strong>. Al capdavant de la formaci\u00f3 pol\u00edtica est\u00e0\u00a0<strong>Marcos Mart\u00ednez<\/strong>, qui despr\u00e9s de deixar Ciutadans a mitjan actual legislatura va seguir en la Corporaci\u00f3 Municipal defensant diferents iniciatives com a edil No Adscrit.<\/p>\n<p style=\"text-align: justify;\">Martinez ha estat aquest dilluns en COPE ALCOI i assegura que\u00a0<strong>les ganes de continuar treballant per la ciutat li han animat a continuar en la pol\u00edtica local al capdavant d\u2019un projecte totalment diferent<\/strong>. L\u2019alcaldable destaca que ADIN \u00e9s un partit que\u00a0<strong>naix amb l\u2019\u00fanic objectiu de millorar Alcoi<\/strong>\u00a0<strong>sense lligams a sigles de grans partits<\/strong>\u00a0\u00ab<em>tenim car\u00e0cter municipalista i hem vingut ac\u00ed per a atendre les necessitats de la ciutat sense haver de respondre a les disciplines dels qui governen a Val\u00e8ncia o Madrid<\/em>\u00ab, afirma. Marcos Mart\u00ednez ha detallat tamb\u00e9 que\u00a0<strong>compta amb un gran equip<\/strong>\u00a0i ha reiterat que\u00a0<strong>la llista que li acompanya destaca per l\u2019experi\u00e8ncia<\/strong>\u00a0\u00ab<em>s\u00f3n persones que provenen d\u2019\u00e0mbits molt concrets de la ciutat i que coneixen la realitat actual d\u2019Alcoi<\/em>\u00ab, ha indicat.<\/p>\n<p style=\"text-align: justify;\">Sobre les\u00a0<strong>l\u00ednies b\u00e0siques del programa electoral<\/strong>\u00a0amb el qual ADIN concorre a les municipals, apunten que\u00a0<strong>l\u2019aposta pel comer\u00e7 o la ind\u00fastria s\u00f3n dos pilars fonamentals<\/strong>\u00a0de cara a revitalitzar l\u2019economia local. Tamb\u00e9 defensen\u00a0<strong>un cuidat manteniment<\/strong>\u00a0dels carrers alcoians aix\u00ed com els espais comuns, perqu\u00e8 consideren que la ciutat est\u00e0 abandonada, i en\u00a0<strong>l\u2019\u00e0mbit educatiu<\/strong>\u00a0aposten per un aspecte molt important a tindre en compte \u00ab<em>\u00e9s necessari refor\u00e7ar el suport psicol\u00f2gic en els col\u00b7legis i que la salut mental dels nostres joves siga una prioritat en l\u2019agenda di\u00e0ria<\/em>\u00ab, indica el mateix candidat.<\/p>\n<p style=\"text-align: justify;\">Finalment Marcos Mart\u00ednez\u00a0<strong>no es tanca a possibles pactes<\/strong>\u00a0si aix\u00ed ho defineixen les urnes en els resultats electorals del pr\u00f2xim 28M. Per a aix\u00f2 deixa clar que\u00a0<strong>ser\u00e0 necessari un enteniment posant sobre la taula els interessos vertaders d\u2019Alcoi<\/strong>\u00a0abans que altres q\u00fcestions.<\/p>\n","protected":false},"excerpt":{"rendered":"<p>La detenci\u00f3n de un hombre que, presuntamente, acababa de prender fuego a unos matorrales en el Rebolcat y el descubrimiento&#8230;<\/p>\n","protected":false},"author":1,"featured_media":110612,"comment_status":"open","ping_status":"open","sticky":false,"template":"","format":"standard","meta":{"footnotes":""},"categories":[6909,89,91],"tags":[],"class_list":["post-116186","post","type-post","status-publish","format-standard","has-post-thumbnail","hentry","category-actualidad","category-audiosdelosprogramas","category-informativos"],"yoast_head":"<!-- This site is optimized with the Yoast SEO plugin v27.3 - https:\/\/yoast.com\/product\/yoast-seo-wordpress\/ -->\n<title>Informativo matinal martes 23 de mayo 2023 (07:20h) - COPE Alcoy<\/title>\n<meta name=\"description\" content=\"La detenci\u00f3n de un hombre que, presuntamente, acababa de prender fuego a unos matorrales en el Rebolcat y el descubrimiento de pinturas rupestres en Pen\u00e1guila son algunas noticias destacadas de este 23 de mayo de 2023.\" \/>\n<meta name=\"robots\" content=\"index, follow, max-snippet:-1, max-image-preview:large, max-video-preview:-1\" \/>\n<link rel=\"canonical\" href=\"https:\/\/www.copealcoy.es\/es\/informativo-matinal-martes-23-de-mayo-2023-0720h\/\" \/>\n<meta property=\"og:locale\" content=\"es_ES\" \/>\n<meta property=\"og:type\" content=\"article\" \/>\n<meta property=\"og:title\" content=\"Informativo matinal martes 23 de mayo 2023 (07:20h) - COPE Alcoy\" \/>\n<meta property=\"og:description\" content=\"La detenci\u00f3n de un hombre que, presuntamente, acababa de prender fuego a unos matorrales en el Rebolcat y el descubrimiento de pinturas rupestres en Pen\u00e1guila son algunas noticias destacadas de este 23 de mayo de 2023.\" \/>\n<meta property=\"og:url\" content=\"https:\/\/www.copealcoy.es\/es\/informativo-matinal-martes-23-de-mayo-2023-0720h\/\" \/>\n<meta property=\"og:site_name\" content=\"COPE Alcoy\" \/>\n<meta property=\"article:published_time\" content=\"2023-05-23T05:41:06+00:00\" \/>\n<meta property=\"article:modified_time\" content=\"2023-05-23T07:48:50+00:00\" \/>\n<meta property=\"og:image\" content=\"https:\/\/www.copealcoy.es\/wp-content\/uploads\/2023\/02\/Herrera-en-COPE-Alcoy-4.png\" \/>\n\t<meta property=\"og:image:width\" content=\"357\" \/>\n\t<meta property=\"og:image:height\" content=\"290\" \/>\n\t<meta property=\"og:image:type\" content=\"image\/png\" \/>\n<meta name=\"author\" content=\"Cope Alcoy\" \/>\n<meta name=\"twitter:label1\" content=\"Escrito por\" \/>\n\t<meta name=\"twitter:data1\" content=\"Cope Alcoy\" \/>\n\t<meta name=\"twitter:label2\" content=\"Tiempo de lectura\" \/>\n\t<meta name=\"twitter:data2\" content=\"2 minutos\" \/>\n<script type=\"application\/ld+json\" class=\"yoast-schema-graph\">{\"@context\":\"https:\\\/\\\/schema.org\",\"@graph\":[{\"@type\":\"Article\",\"@id\":\"https:\\\/\\\/www.copealcoy.es\\\/es\\\/informativo-matinal-martes-23-de-mayo-2023-0720h\\\/#article\",\"isPartOf\":{\"@id\":\"https:\\\/\\\/www.copealcoy.es\\\/es\\\/informativo-matinal-martes-23-de-mayo-2023-0720h\\\/\"},\"author\":{\"name\":\"Cope Alcoy\",\"@id\":\"https:\\\/\\\/www.copealcoy.es\\\/es\\\/#\\\/schema\\\/person\\\/e777c87fa024e57d40170af9df39882c\"},\"headline\":\"Informativo matinal martes 23 de mayo 2023 (07:20h)\",\"datePublished\":\"2023-05-23T05:41:06+00:00\",\"dateModified\":\"2023-05-23T07:48:50+00:00\",\"mainEntityOfPage\":{\"@id\":\"https:\\\/\\\/www.copealcoy.es\\\/es\\\/informativo-matinal-martes-23-de-mayo-2023-0720h\\\/\"},\"wordCount\":420,\"commentCount\":0,\"image\":{\"@id\":\"https:\\\/\\\/www.copealcoy.es\\\/es\\\/informativo-matinal-martes-23-de-mayo-2023-0720h\\\/#primaryimage\"},\"thumbnailUrl\":\"https:\\\/\\\/www.copealcoy.es\\\/wp-content\\\/uploads\\\/2023\\\/02\\\/Herrera-en-COPE-Alcoy-4.png\",\"articleSection\":[\"Actualidad\",\"Audios de los programas\",\"Informativos\"],\"inLanguage\":\"es\"},{\"@type\":\"WebPage\",\"@id\":\"https:\\\/\\\/www.copealcoy.es\\\/es\\\/informativo-matinal-martes-23-de-mayo-2023-0720h\\\/\",\"url\":\"https:\\\/\\\/www.copealcoy.es\\\/es\\\/informativo-matinal-martes-23-de-mayo-2023-0720h\\\/\",\"name\":\"Informativo matinal martes 23 de mayo 2023 (07:20h) - COPE Alcoy\",\"isPartOf\":{\"@id\":\"https:\\\/\\\/www.copealcoy.es\\\/es\\\/#website\"},\"primaryImageOfPage\":{\"@id\":\"https:\\\/\\\/www.copealcoy.es\\\/es\\\/informativo-matinal-martes-23-de-mayo-2023-0720h\\\/#primaryimage\"},\"image\":{\"@id\":\"https:\\\/\\\/www.copealcoy.es\\\/es\\\/informativo-matinal-martes-23-de-mayo-2023-0720h\\\/#primaryimage\"},\"thumbnailUrl\":\"https:\\\/\\\/www.copealcoy.es\\\/wp-content\\\/uploads\\\/2023\\\/02\\\/Herrera-en-COPE-Alcoy-4.png\",\"datePublished\":\"2023-05-23T05:41:06+00:00\",\"dateModified\":\"2023-05-23T07:48:50+00:00\",\"author\":{\"@id\":\"https:\\\/\\\/www.copealcoy.es\\\/es\\\/#\\\/schema\\\/person\\\/e777c87fa024e57d40170af9df39882c\"},\"description\":\"La detenci\u00f3n de un hombre que, presuntamente, acababa de prender fuego a unos matorrales en el Rebolcat y el descubrimiento de pinturas rupestres en Pen\u00e1guila son algunas noticias destacadas de este 23 de mayo de 2023.\",\"breadcrumb\":{\"@id\":\"https:\\\/\\\/www.copealcoy.es\\\/es\\\/informativo-matinal-martes-23-de-mayo-2023-0720h\\\/#breadcrumb\"},\"inLanguage\":\"es\",\"potentialAction\":[{\"@type\":\"ReadAction\",\"target\":[\"https:\\\/\\\/www.copealcoy.es\\\/es\\\/informativo-matinal-martes-23-de-mayo-2023-0720h\\\/\"]}]},{\"@type\":\"ImageObject\",\"inLanguage\":\"es\",\"@id\":\"https:\\\/\\\/www.copealcoy.es\\\/es\\\/informativo-matinal-martes-23-de-mayo-2023-0720h\\\/#primaryimage\",\"url\":\"https:\\\/\\\/www.copealcoy.es\\\/wp-content\\\/uploads\\\/2023\\\/02\\\/Herrera-en-COPE-Alcoy-4.png\",\"contentUrl\":\"https:\\\/\\\/www.copealcoy.es\\\/wp-content\\\/uploads\\\/2023\\\/02\\\/Herrera-en-COPE-Alcoy-4.png\",\"width\":357,\"height\":290},{\"@type\":\"BreadcrumbList\",\"@id\":\"https:\\\/\\\/www.copealcoy.es\\\/es\\\/informativo-matinal-martes-23-de-mayo-2023-0720h\\\/#breadcrumb\",\"itemListElement\":[{\"@type\":\"ListItem\",\"position\":1,\"name\":\"Portada\",\"item\":\"https:\\\/\\\/www.copealcoy.es\\\/es\\\/\"},{\"@type\":\"ListItem\",\"position\":2,\"name\":\"Informativo matinal martes 23 de mayo 2023 (07:20h)\"}]},{\"@type\":\"WebSite\",\"@id\":\"https:\\\/\\\/www.copealcoy.es\\\/es\\\/#website\",\"url\":\"https:\\\/\\\/www.copealcoy.es\\\/es\\\/\",\"name\":\"COPE Alcoy\",\"description\":\"Emisora COPE de radio local con emisi\u00f3n online. Pont de Sant Jordi 8-10 03803 Alcoy\",\"potentialAction\":[{\"@type\":\"SearchAction\",\"target\":{\"@type\":\"EntryPoint\",\"urlTemplate\":\"https:\\\/\\\/www.copealcoy.es\\\/es\\\/?s={search_term_string}\"},\"query-input\":{\"@type\":\"PropertyValueSpecification\",\"valueRequired\":true,\"valueName\":\"search_term_string\"}}],\"inLanguage\":\"es\"},{\"@type\":\"Person\",\"@id\":\"https:\\\/\\\/www.copealcoy.es\\\/es\\\/#\\\/schema\\\/person\\\/e777c87fa024e57d40170af9df39882c\",\"name\":\"Cope Alcoy\",\"image\":{\"@type\":\"ImageObject\",\"inLanguage\":\"es\",\"@id\":\"https:\\\/\\\/secure.gravatar.com\\\/avatar\\\/bb65d0283347e303893ba14f0692005417c1e0e690a325a4c5d8bb2b3943ee14?s=96&d=mm&r=g\",\"url\":\"https:\\\/\\\/secure.gravatar.com\\\/avatar\\\/bb65d0283347e303893ba14f0692005417c1e0e690a325a4c5d8bb2b3943ee14?s=96&d=mm&r=g\",\"contentUrl\":\"https:\\\/\\\/secure.gravatar.com\\\/avatar\\\/bb65d0283347e303893ba14f0692005417c1e0e690a325a4c5d8bb2b3943ee14?s=96&d=mm&r=g\",\"caption\":\"Cope Alcoy\"}}]}<\/script>\n<!-- \/ Yoast SEO plugin. -->","yoast_head_json":{"title":"Informativo matinal martes 23 de mayo 2023 (07:20h) - COPE Alcoy","description":"La detenci\u00f3n de un hombre que, presuntamente, acababa de prender fuego a unos matorrales en el Rebolcat y el descubrimiento de pinturas rupestres en Pen\u00e1guila son algunas noticias destacadas de este 23 de mayo de 2023.","robots":{"index":"index","follow":"follow","max-snippet":"max-snippet:-1","max-image-preview":"max-image-preview:large","max-video-preview":"max-video-preview:-1"},"canonical":"https:\/\/www.copealcoy.es\/es\/informativo-matinal-martes-23-de-mayo-2023-0720h\/","og_locale":"es_ES","og_type":"article","og_title":"Informativo matinal martes 23 de mayo 2023 (07:20h) - COPE Alcoy","og_description":"La detenci\u00f3n de un hombre que, presuntamente, acababa de prender fuego a unos matorrales en el Rebolcat y el descubrimiento de pinturas rupestres en Pen\u00e1guila son algunas noticias destacadas de este 23 de mayo de 2023.","og_url":"https:\/\/www.copealcoy.es\/es\/informativo-matinal-martes-23-de-mayo-2023-0720h\/","og_site_name":"COPE Alcoy","article_published_time":"2023-05-23T05:41:06+00:00","article_modified_time":"2023-05-23T07:48:50+00:00","og_image":[{"width":357,"height":290,"url":"https:\/\/www.copealcoy.es\/wp-content\/uploads\/2023\/02\/Herrera-en-COPE-Alcoy-4.png","type":"image\/png"}],"author":"Cope Alcoy","twitter_misc":{"Escrito por":"Cope Alcoy","Tiempo de lectura":"2 minutos"},"schema":{"@context":"https:\/\/schema.org","@graph":[{"@type":"Article","@id":"https:\/\/www.copealcoy.es\/es\/informativo-matinal-martes-23-de-mayo-2023-0720h\/#article","isPartOf":{"@id":"https:\/\/www.copealcoy.es\/es\/informativo-matinal-martes-23-de-mayo-2023-0720h\/"},"author":{"name":"Cope Alcoy","@id":"https:\/\/www.copealcoy.es\/es\/#\/schema\/person\/e777c87fa024e57d40170af9df39882c"},"headline":"Informativo matinal martes 23 de mayo 2023 (07:20h)","datePublished":"2023-05-23T05:41:06+00:00","dateModified":"2023-05-23T07:48:50+00:00","mainEntityOfPage":{"@id":"https:\/\/www.copealcoy.es\/es\/informativo-matinal-martes-23-de-mayo-2023-0720h\/"},"wordCount":420,"commentCount":0,"image":{"@id":"https:\/\/www.copealcoy.es\/es\/informativo-matinal-martes-23-de-mayo-2023-0720h\/#primaryimage"},"thumbnailUrl":"https:\/\/www.copealcoy.es\/wp-content\/uploads\/2023\/02\/Herrera-en-COPE-Alcoy-4.png","articleSection":["Actualidad","Audios de los programas","Informativos"],"inLanguage":"es"},{"@type":"WebPage","@id":"https:\/\/www.copealcoy.es\/es\/informativo-matinal-martes-23-de-mayo-2023-0720h\/","url":"https:\/\/www.copealcoy.es\/es\/informativo-matinal-martes-23-de-mayo-2023-0720h\/","name":"Informativo matinal martes 23 de mayo 2023 (07:20h) - COPE Alcoy","isPartOf":{"@id":"https:\/\/www.copealcoy.es\/es\/#website"},"primaryImageOfPage":{"@id":"https:\/\/www.copealcoy.es\/es\/informativo-matinal-martes-23-de-mayo-2023-0720h\/#primaryimage"},"image":{"@id":"https:\/\/www.copealcoy.es\/es\/informativo-matinal-martes-23-de-mayo-2023-0720h\/#primaryimage"},"thumbnailUrl":"https:\/\/www.copealcoy.es\/wp-content\/uploads\/2023\/02\/Herrera-en-COPE-Alcoy-4.png","datePublished":"2023-05-23T05:41:06+00:00","dateModified":"2023-05-23T07:48:50+00:00","author":{"@id":"https:\/\/www.copealcoy.es\/es\/#\/schema\/person\/e777c87fa024e57d40170af9df39882c"},"description":"La detenci\u00f3n de un hombre que, presuntamente, acababa de prender fuego a unos matorrales en el Rebolcat y el descubrimiento de pinturas rupestres en Pen\u00e1guila son algunas noticias destacadas de este 23 de mayo de 2023.","breadcrumb":{"@id":"https:\/\/www.copealcoy.es\/es\/informativo-matinal-martes-23-de-mayo-2023-0720h\/#breadcrumb"},"inLanguage":"es","potentialAction":[{"@type":"ReadAction","target":["https:\/\/www.copealcoy.es\/es\/informativo-matinal-martes-23-de-mayo-2023-0720h\/"]}]},{"@type":"ImageObject","inLanguage":"es","@id":"https:\/\/www.copealcoy.es\/es\/informativo-matinal-martes-23-de-mayo-2023-0720h\/#primaryimage","url":"https:\/\/www.copealcoy.es\/wp-content\/uploads\/2023\/02\/Herrera-en-COPE-Alcoy-4.png","contentUrl":"https:\/\/www.copealcoy.es\/wp-content\/uploads\/2023\/02\/Herrera-en-COPE-Alcoy-4.png","width":357,"height":290},{"@type":"BreadcrumbList","@id":"https:\/\/www.copealcoy.es\/es\/informativo-matinal-martes-23-de-mayo-2023-0720h\/#breadcrumb","itemListElement":[{"@type":"ListItem","position":1,"name":"Portada","item":"https:\/\/www.copealcoy.es\/es\/"},{"@type":"ListItem","position":2,"name":"Informativo matinal martes 23 de mayo 2023 (07:20h)"}]},{"@type":"WebSite","@id":"https:\/\/www.copealcoy.es\/es\/#website","url":"https:\/\/www.copealcoy.es\/es\/","name":"COPE Alcoy","description":"Emisora COPE de radio local con emisi\u00f3n online. Pont de Sant Jordi 8-10 03803 Alcoy","potentialAction":[{"@type":"SearchAction","target":{"@type":"EntryPoint","urlTemplate":"https:\/\/www.copealcoy.es\/es\/?s={search_term_string}"},"query-input":{"@type":"PropertyValueSpecification","valueRequired":true,"valueName":"search_term_string"}}],"inLanguage":"es"},{"@type":"Person","@id":"https:\/\/www.copealcoy.es\/es\/#\/schema\/person\/e777c87fa024e57d40170af9df39882c","name":"Cope Alcoy","image":{"@type":"ImageObject","inLanguage":"es","@id":"https:\/\/secure.gravatar.com\/avatar\/bb65d0283347e303893ba14f0692005417c1e0e690a325a4c5d8bb2b3943ee14?s=96&d=mm&r=g","url":"https:\/\/secure.gravatar.com\/avatar\/bb65d0283347e303893ba14f0692005417c1e0e690a325a4c5d8bb2b3943ee14?s=96&d=mm&r=g","contentUrl":"https:\/\/secure.gravatar.com\/avatar\/bb65d0283347e303893ba14f0692005417c1e0e690a325a4c5d8bb2b3943ee14?s=96&d=mm&r=g","caption":"Cope Alcoy"}}]}},"_links":{"self":[{"href":"https:\/\/www.copealcoy.es\/es\/wp-json\/wp\/v2\/posts\/116186","targetHints":{"allow":["GET"]}}],"collection":[{"href":"https:\/\/www.copealcoy.es\/es\/wp-json\/wp\/v2\/posts"}],"about":[{"href":"https:\/\/www.copealcoy.es\/es\/wp-json\/wp\/v2\/types\/post"}],"author":[{"embeddable":true,"href":"https:\/\/www.copealcoy.es\/es\/wp-json\/wp\/v2\/users\/1"}],"replies":[{"embeddable":true,"href":"https:\/\/www.copealcoy.es\/es\/wp-json\/wp\/v2\/comments?post=116186"}],"version-history":[{"count":0,"href":"https:\/\/www.copealcoy.es\/es\/wp-json\/wp\/v2\/posts\/116186\/revisions"}],"wp:featuredmedia":[{"embeddable":true,"href":"https:\/\/www.copealcoy.es\/es\/wp-json\/wp\/v2\/media\/110612"}],"wp:attachment":[{"href":"https:\/\/www.copealcoy.es\/es\/wp-json\/wp\/v2\/media?parent=116186"}],"wp:term":[{"taxonomy":"category","embeddable":true,"href":"https:\/\/www.copealcoy.es\/es\/wp-json\/wp\/v2\/categories?post=116186"},{"taxonomy":"post_tag","embeddable":true,"href":"https:\/\/www.copealcoy.es\/es\/wp-json\/wp\/v2\/tags?post=116186"}],"curies":[{"name":"wp","href":"https:\/\/api.w.org\/{rel}","templated":true}]}}