{"id":11617,"date":"2015-03-25T19:33:14","date_gmt":"2015-03-25T19:33:14","guid":{"rendered":"http:\/\/copealcoi.es\/new\/?p=11617"},"modified":"2015-03-25T19:34:06","modified_gmt":"2015-03-25T19:34:06","slug":"minuto-de-silencio-por-las-victimas-del-accidente-aereo-de-los-alpes","status":"publish","type":"post","link":"https:\/\/www.copealcoy.es\/es\/minuto-de-silencio-por-las-victimas-del-accidente-aereo-de-los-alpes\/","title":{"rendered":"Minuto de silencio por las v\u00edctimas del accidente a\u00e9reo de los Alpes"},"content":{"rendered":"<p style=\"text-align: justify;\">La Plaza de Espa\u00f1a de Alcoy ha sido escenario a mediod\u00eda de este mi\u00e9rcoles de un minuto de silencio en recuerdo de las v\u00edctimas del accidente a\u00e9reo del vuelo de Germanwings estrellado ayer en los Alpes franceses.<\/p>\n<p style=\"text-align: justify;\">Alcoy se ha sumado as\u00ed a los tres d\u00edas de luto oficial decretados por el Gobierno Central y por eso las banderas del Ayuntamiento ondean a media asta al igual que las de los diferentes edificios de estamentos oficiales. Desde el Consistorio han expresado su p\u00e9same y solidaridad con las familias de los fallecidos en esta tragedia en nombre de todos los vecinos y vecinas de la ciudad.<\/p>\n","protected":false},"excerpt":{"rendered":"<p>La Plaza de Espa\u00f1a de Alcoy ha sido escenario a mediod\u00eda de este mi\u00e9rcoles de un minuto de silencio en&#8230;<\/p>\n","protected":false},"author":1,"featured_media":11618,"comment_status":"open","ping_status":"open","sticky":false,"template":"","format":"standard","meta":{"footnotes":""},"categories":[97,75,79],"tags":[873,1494,229,173,874],"class_list":["post-11617","post","type-post","status-publish","format-standard","has-post-thumbnail","hentry","category-alcoy","category-noticias","category-politicayeconomia","tag-accidente","tag-alcoy","tag-ayuntamiento","tag-solidaridad","tag-victimas"],"yoast_head":"<!-- This site is optimized with the Yoast SEO plugin v27.3 - https:\/\/yoast.com\/product\/yoast-seo-wordpress\/ -->\n<title>Minuto de silencio por las v\u00edctimas del accidente a\u00e9reo de los Alpes - COPE Alcoy<\/title>\n<meta name=\"robots\" content=\"index, follow, max-snippet:-1, max-image-preview:large, max-video-preview:-1\" \/>\n<link rel=\"canonical\" href=\"https:\/\/www.copealcoy.es\/es\/minuto-de-silencio-por-las-victimas-del-accidente-aereo-de-los-alpes\/\" \/>\n<meta property=\"og:locale\" content=\"es_ES\" \/>\n<meta property=\"og:type\" content=\"article\" \/>\n<meta property=\"og:title\" content=\"Minuto de silencio por las v\u00edctimas del accidente a\u00e9reo de los Alpes - COPE Alcoy\" \/>\n<meta property=\"og:description\" content=\"La Plaza de Espa\u00f1a de Alcoy ha sido escenario a mediod\u00eda de este mi\u00e9rcoles de un minuto de silencio en...\" \/>\n<meta property=\"og:url\" content=\"https:\/\/www.copealcoy.es\/es\/minuto-de-silencio-por-las-victimas-del-accidente-aereo-de-los-alpes\/\" \/>\n<meta property=\"og:site_name\" content=\"COPE Alcoy\" \/>\n<meta property=\"article:published_time\" content=\"2015-03-25T19:33:14+00:00\" \/>\n<meta property=\"article:modified_time\" content=\"2015-03-25T19:34:06+00:00\" \/>\n<meta property=\"og:image\" content=\"https:\/\/www.copealcoy.es\/wp-content\/uploads\/2015\/03\/image70.jpg\" \/>\n\t<meta property=\"og:image:width\" content=\"670\" \/>\n\t<meta property=\"og:image:height\" content=\"377\" \/>\n\t<meta property=\"og:image:type\" content=\"image\/jpeg\" \/>\n<meta name=\"author\" content=\"Cope Alcoy\" \/>\n<meta name=\"twitter:label1\" content=\"Escrito por\" \/>\n\t<meta name=\"twitter:data1\" content=\"Cope Alcoy\" \/>\n\t<meta name=\"twitter:label2\" content=\"Tiempo de lectura\" \/>\n\t<meta name=\"twitter:data2\" content=\"1 minuto\" \/>\n<script type=\"application\/ld+json\" class=\"yoast-schema-graph\">{\"@context\":\"https:\\\/\\\/schema.org\",\"@graph\":[{\"@type\":\"Article\",\"@id\":\"https:\\\/\\\/www.copealcoy.es\\\/es\\\/minuto-de-silencio-por-las-victimas-del-accidente-aereo-de-los-alpes\\\/#article\",\"isPartOf\":{\"@id\":\"https:\\\/\\\/www.copealcoy.es\\\/es\\\/minuto-de-silencio-por-las-victimas-del-accidente-aereo-de-los-alpes\\\/\"},\"author\":{\"name\":\"Cope Alcoy\",\"@id\":\"https:\\\/\\\/www.copealcoy.es\\\/es\\\/#\\\/schema\\\/person\\\/e777c87fa024e57d40170af9df39882c\"},\"headline\":\"Minuto de silencio por las v\u00edctimas del accidente a\u00e9reo de los Alpes\",\"datePublished\":\"2015-03-25T19:33:14+00:00\",\"dateModified\":\"2015-03-25T19:34:06+00:00\",\"mainEntityOfPage\":{\"@id\":\"https:\\\/\\\/www.copealcoy.es\\\/es\\\/minuto-de-silencio-por-las-victimas-del-accidente-aereo-de-los-alpes\\\/\"},\"wordCount\":126,\"commentCount\":0,\"image\":{\"@id\":\"https:\\\/\\\/www.copealcoy.es\\\/es\\\/minuto-de-silencio-por-las-victimas-del-accidente-aereo-de-los-alpes\\\/#primaryimage\"},\"thumbnailUrl\":\"https:\\\/\\\/www.copealcoy.es\\\/wp-content\\\/uploads\\\/2015\\\/03\\\/image70.jpg\",\"keywords\":[\"Accidente\",\"Alcoy\",\"Ayuntamiento\",\"Solidaridad\",\"V\u00edctimas\"],\"articleSection\":[\"Alcoy\",\"Noticias\",\"Pol\u00edtica y Econom\u00eda\"],\"inLanguage\":\"es\"},{\"@type\":\"WebPage\",\"@id\":\"https:\\\/\\\/www.copealcoy.es\\\/es\\\/minuto-de-silencio-por-las-victimas-del-accidente-aereo-de-los-alpes\\\/\",\"url\":\"https:\\\/\\\/www.copealcoy.es\\\/es\\\/minuto-de-silencio-por-las-victimas-del-accidente-aereo-de-los-alpes\\\/\",\"name\":\"Minuto de silencio por las v\u00edctimas del accidente a\u00e9reo de los Alpes - COPE Alcoy\",\"isPartOf\":{\"@id\":\"https:\\\/\\\/www.copealcoy.es\\\/es\\\/#website\"},\"primaryImageOfPage\":{\"@id\":\"https:\\\/\\\/www.copealcoy.es\\\/es\\\/minuto-de-silencio-por-las-victimas-del-accidente-aereo-de-los-alpes\\\/#primaryimage\"},\"image\":{\"@id\":\"https:\\\/\\\/www.copealcoy.es\\\/es\\\/minuto-de-silencio-por-las-victimas-del-accidente-aereo-de-los-alpes\\\/#primaryimage\"},\"thumbnailUrl\":\"https:\\\/\\\/www.copealcoy.es\\\/wp-content\\\/uploads\\\/2015\\\/03\\\/image70.jpg\",\"datePublished\":\"2015-03-25T19:33:14+00:00\",\"dateModified\":\"2015-03-25T19:34:06+00:00\",\"author\":{\"@id\":\"https:\\\/\\\/www.copealcoy.es\\\/es\\\/#\\\/schema\\\/person\\\/e777c87fa024e57d40170af9df39882c\"},\"breadcrumb\":{\"@id\":\"https:\\\/\\\/www.copealcoy.es\\\/es\\\/minuto-de-silencio-por-las-victimas-del-accidente-aereo-de-los-alpes\\\/#breadcrumb\"},\"inLanguage\":\"es\",\"potentialAction\":[{\"@type\":\"ReadAction\",\"target\":[\"https:\\\/\\\/www.copealcoy.es\\\/es\\\/minuto-de-silencio-por-las-victimas-del-accidente-aereo-de-los-alpes\\\/\"]}]},{\"@type\":\"ImageObject\",\"inLanguage\":\"es\",\"@id\":\"https:\\\/\\\/www.copealcoy.es\\\/es\\\/minuto-de-silencio-por-las-victimas-del-accidente-aereo-de-los-alpes\\\/#primaryimage\",\"url\":\"https:\\\/\\\/www.copealcoy.es\\\/wp-content\\\/uploads\\\/2015\\\/03\\\/image70.jpg\",\"contentUrl\":\"https:\\\/\\\/www.copealcoy.es\\\/wp-content\\\/uploads\\\/2015\\\/03\\\/image70.jpg\",\"width\":670,\"height\":377,\"caption\":\"El minuto de silencio se ha desarrollado en la Plaza de Espa\u00f1a\"},{\"@type\":\"BreadcrumbList\",\"@id\":\"https:\\\/\\\/www.copealcoy.es\\\/es\\\/minuto-de-silencio-por-las-victimas-del-accidente-aereo-de-los-alpes\\\/#breadcrumb\",\"itemListElement\":[{\"@type\":\"ListItem\",\"position\":1,\"name\":\"Portada\",\"item\":\"https:\\\/\\\/www.copealcoy.es\\\/es\\\/\"},{\"@type\":\"ListItem\",\"position\":2,\"name\":\"Minuto de silencio por las v\u00edctimas del accidente a\u00e9reo de los Alpes\"}]},{\"@type\":\"WebSite\",\"@id\":\"https:\\\/\\\/www.copealcoy.es\\\/es\\\/#website\",\"url\":\"https:\\\/\\\/www.copealcoy.es\\\/es\\\/\",\"name\":\"COPE Alcoy\",\"description\":\"Emisora COPE de radio local con emisi\u00f3n online. Pont de Sant Jordi 8-10 03803 Alcoy\",\"potentialAction\":[{\"@type\":\"SearchAction\",\"target\":{\"@type\":\"EntryPoint\",\"urlTemplate\":\"https:\\\/\\\/www.copealcoy.es\\\/es\\\/?s={search_term_string}\"},\"query-input\":{\"@type\":\"PropertyValueSpecification\",\"valueRequired\":true,\"valueName\":\"search_term_string\"}}],\"inLanguage\":\"es\"},{\"@type\":\"Person\",\"@id\":\"https:\\\/\\\/www.copealcoy.es\\\/es\\\/#\\\/schema\\\/person\\\/e777c87fa024e57d40170af9df39882c\",\"name\":\"Cope Alcoy\",\"image\":{\"@type\":\"ImageObject\",\"inLanguage\":\"es\",\"@id\":\"https:\\\/\\\/secure.gravatar.com\\\/avatar\\\/bb65d0283347e303893ba14f0692005417c1e0e690a325a4c5d8bb2b3943ee14?s=96&d=mm&r=g\",\"url\":\"https:\\\/\\\/secure.gravatar.com\\\/avatar\\\/bb65d0283347e303893ba14f0692005417c1e0e690a325a4c5d8bb2b3943ee14?s=96&d=mm&r=g\",\"contentUrl\":\"https:\\\/\\\/secure.gravatar.com\\\/avatar\\\/bb65d0283347e303893ba14f0692005417c1e0e690a325a4c5d8bb2b3943ee14?s=96&d=mm&r=g\",\"caption\":\"Cope Alcoy\"}}]}<\/script>\n<!-- \/ Yoast SEO plugin. -->","yoast_head_json":{"title":"Minuto de silencio por las v\u00edctimas del accidente a\u00e9reo de los Alpes - COPE Alcoy","robots":{"index":"index","follow":"follow","max-snippet":"max-snippet:-1","max-image-preview":"max-image-preview:large","max-video-preview":"max-video-preview:-1"},"canonical":"https:\/\/www.copealcoy.es\/es\/minuto-de-silencio-por-las-victimas-del-accidente-aereo-de-los-alpes\/","og_locale":"es_ES","og_type":"article","og_title":"Minuto de silencio por las v\u00edctimas del accidente a\u00e9reo de los Alpes - COPE Alcoy","og_description":"La Plaza de Espa\u00f1a de Alcoy ha sido escenario a mediod\u00eda de este mi\u00e9rcoles de un minuto de silencio en...","og_url":"https:\/\/www.copealcoy.es\/es\/minuto-de-silencio-por-las-victimas-del-accidente-aereo-de-los-alpes\/","og_site_name":"COPE Alcoy","article_published_time":"2015-03-25T19:33:14+00:00","article_modified_time":"2015-03-25T19:34:06+00:00","og_image":[{"width":670,"height":377,"url":"https:\/\/www.copealcoy.es\/wp-content\/uploads\/2015\/03\/image70.jpg","type":"image\/jpeg"}],"author":"Cope Alcoy","twitter_misc":{"Escrito por":"Cope Alcoy","Tiempo de lectura":"1 minuto"},"schema":{"@context":"https:\/\/schema.org","@graph":[{"@type":"Article","@id":"https:\/\/www.copealcoy.es\/es\/minuto-de-silencio-por-las-victimas-del-accidente-aereo-de-los-alpes\/#article","isPartOf":{"@id":"https:\/\/www.copealcoy.es\/es\/minuto-de-silencio-por-las-victimas-del-accidente-aereo-de-los-alpes\/"},"author":{"name":"Cope Alcoy","@id":"https:\/\/www.copealcoy.es\/es\/#\/schema\/person\/e777c87fa024e57d40170af9df39882c"},"headline":"Minuto de silencio por las v\u00edctimas del accidente a\u00e9reo de los Alpes","datePublished":"2015-03-25T19:33:14+00:00","dateModified":"2015-03-25T19:34:06+00:00","mainEntityOfPage":{"@id":"https:\/\/www.copealcoy.es\/es\/minuto-de-silencio-por-las-victimas-del-accidente-aereo-de-los-alpes\/"},"wordCount":126,"commentCount":0,"image":{"@id":"https:\/\/www.copealcoy.es\/es\/minuto-de-silencio-por-las-victimas-del-accidente-aereo-de-los-alpes\/#primaryimage"},"thumbnailUrl":"https:\/\/www.copealcoy.es\/wp-content\/uploads\/2015\/03\/image70.jpg","keywords":["Accidente","Alcoy","Ayuntamiento","Solidaridad","V\u00edctimas"],"articleSection":["Alcoy","Noticias","Pol\u00edtica y Econom\u00eda"],"inLanguage":"es"},{"@type":"WebPage","@id":"https:\/\/www.copealcoy.es\/es\/minuto-de-silencio-por-las-victimas-del-accidente-aereo-de-los-alpes\/","url":"https:\/\/www.copealcoy.es\/es\/minuto-de-silencio-por-las-victimas-del-accidente-aereo-de-los-alpes\/","name":"Minuto de silencio por las v\u00edctimas del accidente a\u00e9reo de los Alpes - COPE Alcoy","isPartOf":{"@id":"https:\/\/www.copealcoy.es\/es\/#website"},"primaryImageOfPage":{"@id":"https:\/\/www.copealcoy.es\/es\/minuto-de-silencio-por-las-victimas-del-accidente-aereo-de-los-alpes\/#primaryimage"},"image":{"@id":"https:\/\/www.copealcoy.es\/es\/minuto-de-silencio-por-las-victimas-del-accidente-aereo-de-los-alpes\/#primaryimage"},"thumbnailUrl":"https:\/\/www.copealcoy.es\/wp-content\/uploads\/2015\/03\/image70.jpg","datePublished":"2015-03-25T19:33:14+00:00","dateModified":"2015-03-25T19:34:06+00:00","author":{"@id":"https:\/\/www.copealcoy.es\/es\/#\/schema\/person\/e777c87fa024e57d40170af9df39882c"},"breadcrumb":{"@id":"https:\/\/www.copealcoy.es\/es\/minuto-de-silencio-por-las-victimas-del-accidente-aereo-de-los-alpes\/#breadcrumb"},"inLanguage":"es","potentialAction":[{"@type":"ReadAction","target":["https:\/\/www.copealcoy.es\/es\/minuto-de-silencio-por-las-victimas-del-accidente-aereo-de-los-alpes\/"]}]},{"@type":"ImageObject","inLanguage":"es","@id":"https:\/\/www.copealcoy.es\/es\/minuto-de-silencio-por-las-victimas-del-accidente-aereo-de-los-alpes\/#primaryimage","url":"https:\/\/www.copealcoy.es\/wp-content\/uploads\/2015\/03\/image70.jpg","contentUrl":"https:\/\/www.copealcoy.es\/wp-content\/uploads\/2015\/03\/image70.jpg","width":670,"height":377,"caption":"El minuto de silencio se ha desarrollado en la Plaza de Espa\u00f1a"},{"@type":"BreadcrumbList","@id":"https:\/\/www.copealcoy.es\/es\/minuto-de-silencio-por-las-victimas-del-accidente-aereo-de-los-alpes\/#breadcrumb","itemListElement":[{"@type":"ListItem","position":1,"name":"Portada","item":"https:\/\/www.copealcoy.es\/es\/"},{"@type":"ListItem","position":2,"name":"Minuto de silencio por las v\u00edctimas del accidente a\u00e9reo de los Alpes"}]},{"@type":"WebSite","@id":"https:\/\/www.copealcoy.es\/es\/#website","url":"https:\/\/www.copealcoy.es\/es\/","name":"COPE Alcoy","description":"Emisora COPE de radio local con emisi\u00f3n online. Pont de Sant Jordi 8-10 03803 Alcoy","potentialAction":[{"@type":"SearchAction","target":{"@type":"EntryPoint","urlTemplate":"https:\/\/www.copealcoy.es\/es\/?s={search_term_string}"},"query-input":{"@type":"PropertyValueSpecification","valueRequired":true,"valueName":"search_term_string"}}],"inLanguage":"es"},{"@type":"Person","@id":"https:\/\/www.copealcoy.es\/es\/#\/schema\/person\/e777c87fa024e57d40170af9df39882c","name":"Cope Alcoy","image":{"@type":"ImageObject","inLanguage":"es","@id":"https:\/\/secure.gravatar.com\/avatar\/bb65d0283347e303893ba14f0692005417c1e0e690a325a4c5d8bb2b3943ee14?s=96&d=mm&r=g","url":"https:\/\/secure.gravatar.com\/avatar\/bb65d0283347e303893ba14f0692005417c1e0e690a325a4c5d8bb2b3943ee14?s=96&d=mm&r=g","contentUrl":"https:\/\/secure.gravatar.com\/avatar\/bb65d0283347e303893ba14f0692005417c1e0e690a325a4c5d8bb2b3943ee14?s=96&d=mm&r=g","caption":"Cope Alcoy"}}]}},"_links":{"self":[{"href":"https:\/\/www.copealcoy.es\/es\/wp-json\/wp\/v2\/posts\/11617","targetHints":{"allow":["GET"]}}],"collection":[{"href":"https:\/\/www.copealcoy.es\/es\/wp-json\/wp\/v2\/posts"}],"about":[{"href":"https:\/\/www.copealcoy.es\/es\/wp-json\/wp\/v2\/types\/post"}],"author":[{"embeddable":true,"href":"https:\/\/www.copealcoy.es\/es\/wp-json\/wp\/v2\/users\/1"}],"replies":[{"embeddable":true,"href":"https:\/\/www.copealcoy.es\/es\/wp-json\/wp\/v2\/comments?post=11617"}],"version-history":[{"count":0,"href":"https:\/\/www.copealcoy.es\/es\/wp-json\/wp\/v2\/posts\/11617\/revisions"}],"wp:featuredmedia":[{"embeddable":true,"href":"https:\/\/www.copealcoy.es\/es\/wp-json\/wp\/v2\/media\/11618"}],"wp:attachment":[{"href":"https:\/\/www.copealcoy.es\/es\/wp-json\/wp\/v2\/media?parent=11617"}],"wp:term":[{"taxonomy":"category","embeddable":true,"href":"https:\/\/www.copealcoy.es\/es\/wp-json\/wp\/v2\/categories?post=11617"},{"taxonomy":"post_tag","embeddable":true,"href":"https:\/\/www.copealcoy.es\/es\/wp-json\/wp\/v2\/tags?post=11617"}],"curies":[{"name":"wp","href":"https:\/\/api.w.org\/{rel}","templated":true}]}}