{"id":116064,"date":"2023-05-19T07:45:39","date_gmt":"2023-05-19T06:45:39","guid":{"rendered":"https:\/\/www.copealcoy.es\/?p=116064"},"modified":"2023-05-19T11:47:09","modified_gmt":"2023-05-19T10:47:09","slug":"alcoy-muestra-sus-museos-con-ocasion-del-dia-internacional-del-museo","status":"publish","type":"post","link":"https:\/\/www.copealcoy.es\/es\/alcoy-muestra-sus-museos-con-ocasion-del-dia-internacional-del-museo\/","title":{"rendered":"Alcoy muestra sus museos con ocasi\u00f3n del D\u00eda Internacional del Museo"},"content":{"rendered":"<p style=\"text-align: justify;\">Alcoy ha vuelto a sumarse al <strong>D\u00eda Internacional de los Museos<\/strong> que se conmemora cada 18 de mayo. En la ciudad <strong>se han preparado numerosas actividades para el fin de semana<\/strong> con el fin de mostrar a la ciudadan\u00eda <strong>los atractivos con los que cuentan los principales espacios muse\u00edsticos<\/strong> que se reparten por la capital de l&#8217;Alcoi\u00e0.<\/p>\n<p style=\"text-align: justify;\">Uno de los platos fuertes son <strong>las jornadas de puertas abiertas<\/strong> para conocer con detalle los museos alcoyanos. En este sentido podremos disfrutar del Museu Alcoi\u00e0 de la Festa (MAF), el Refugio de Cervantes, el Museo Explora, el MUBOMA, el IVAM CADA as\u00ed como el Museo Arqueol\u00f3gico Camil Visedo. La programaci\u00f3n<strong> se completa<\/strong> con talleres para los m\u00e1s peque\u00f1os o la actuaci\u00f3n AlcoiSlide que se desarrollar\u00e1n dentro del mismo Museo Provincial de Bomberos. Tambi\u00e9n habr\u00e1n visitas guiadas a las pinturas de La Sarga el domingo por la ma\u00f1ana, si finalmente no lo impide el tiempo, y tambi\u00e9n habr\u00e1 una visita a la exposici\u00f3n del IVAM -CADA que recibe por t\u00edtulo \u2018Lo m\u00e1s bonito del mundo\u2019. En el patio exterior de este espacio cultural habr\u00e1 tambi\u00e9n una degustaci\u00f3n de productos ecol\u00f3gicos de temporada e incluso refrescos. Por otro lado en el Refugio de Cervantes, a trav\u00e9s de QR, vamos a poder acceder a los otros dos refugios que hay en la ciudad y en el Museo Arqueol\u00f3gico podremos ver en 3D una reconstrucci\u00f3n del poblado \u00edbero del Puig &#8220;<em>es una buena oportunidad para conocer nuestro patrimonio y tambi\u00e9n divulgarlo tanto entre los alcoyanos como en la gente que venga a visitarnos<\/em>&#8220;, comentaba en COPE ALCOY la edil de Turismo; <strong>Lorena Zamorano<\/strong>.<\/p>\n<p style=\"text-align: justify;\">Despu\u00e9s del D\u00eda Internacional de los Museos, la ciudad <strong>ya tiene nuevas iniciativas de promoci\u00f3n tur\u00edstica<\/strong> previstas para las pr\u00f3ximas semanas. Destaca la Semana Europea de los Cementerios Significativos, entre el 29 de mayo y el 4 de junio, y el D\u00eda Internacional del Modernismo que se conmemorar\u00e1 el 10 de junio.<\/p>\n","protected":false},"excerpt":{"rendered":"<p>Alcoy ha vuelto a sumarse al D\u00eda Internacional de los Museos que se conmemora cada 18 de mayo. En la&#8230;<\/p>\n","protected":false},"author":1,"featured_media":78424,"comment_status":"open","ping_status":"open","sticky":false,"template":"","format":"standard","meta":{"footnotes":""},"categories":[97,78,75],"tags":[1494,14784,4180,1796,4610],"class_list":["post-116064","post","type-post","status-publish","format-standard","has-post-thumbnail","hentry","category-alcoy","category-fiestaycultura","category-noticias","tag-alcoy","tag-apertura-museos","tag-dia-internacional-de-los-museos","tag-lorena-zamorano","tag-visitas-guiadas"],"yoast_head":"<!-- This site is optimized with the Yoast SEO plugin v27.3 - https:\/\/yoast.com\/product\/yoast-seo-wordpress\/ -->\n<title>Alcoy muestra sus museos con ocasi\u00f3n del D\u00eda Internacional del Museo - COPE Alcoy<\/title>\n<meta name=\"description\" content=\"Alcoy ha vuelto a sumarse al D\u00eda Internacional de los Museos que se conmemora cada 18 de mayo\" \/>\n<meta name=\"robots\" content=\"index, follow, max-snippet:-1, max-image-preview:large, max-video-preview:-1\" \/>\n<link rel=\"canonical\" href=\"https:\/\/www.copealcoy.es\/es\/alcoy-muestra-sus-museos-con-ocasion-del-dia-internacional-del-museo\/\" \/>\n<meta property=\"og:locale\" content=\"es_ES\" \/>\n<meta property=\"og:type\" content=\"article\" \/>\n<meta property=\"og:title\" content=\"Alcoy muestra sus museos con ocasi\u00f3n del D\u00eda Internacional del Museo - COPE Alcoy\" \/>\n<meta property=\"og:description\" content=\"Alcoy ha vuelto a sumarse al D\u00eda Internacional de los Museos que se conmemora cada 18 de mayo\" \/>\n<meta property=\"og:url\" content=\"https:\/\/www.copealcoy.es\/es\/alcoy-muestra-sus-museos-con-ocasion-del-dia-internacional-del-museo\/\" \/>\n<meta property=\"og:site_name\" content=\"COPE Alcoy\" \/>\n<meta property=\"article:published_time\" content=\"2023-05-19T06:45:39+00:00\" \/>\n<meta property=\"article:modified_time\" content=\"2023-05-19T10:47:09+00:00\" \/>\n<meta property=\"og:image\" content=\"https:\/\/www.copealcoy.es\/wp-content\/uploads\/2021\/09\/Refugi_Alcoy_Alcoi_Costa_Blanca_Comunidad_Valenciana_Espana_web-e1633020052497.jpg\" \/>\n\t<meta property=\"og:image:width\" content=\"682\" \/>\n\t<meta property=\"og:image:height\" content=\"455\" \/>\n\t<meta property=\"og:image:type\" content=\"image\/jpeg\" \/>\n<meta name=\"author\" content=\"Cope Alcoy\" \/>\n<meta name=\"twitter:label1\" content=\"Escrito por\" \/>\n\t<meta name=\"twitter:data1\" content=\"Cope Alcoy\" \/>\n\t<meta name=\"twitter:label2\" content=\"Tiempo de lectura\" \/>\n\t<meta name=\"twitter:data2\" content=\"2 minutos\" \/>\n<script type=\"application\/ld+json\" class=\"yoast-schema-graph\">{\"@context\":\"https:\\\/\\\/schema.org\",\"@graph\":[{\"@type\":\"Article\",\"@id\":\"https:\\\/\\\/www.copealcoy.es\\\/es\\\/alcoy-muestra-sus-museos-con-ocasion-del-dia-internacional-del-museo\\\/#article\",\"isPartOf\":{\"@id\":\"https:\\\/\\\/www.copealcoy.es\\\/es\\\/alcoy-muestra-sus-museos-con-ocasion-del-dia-internacional-del-museo\\\/\"},\"author\":{\"name\":\"Cope Alcoy\",\"@id\":\"https:\\\/\\\/www.copealcoy.es\\\/es\\\/#\\\/schema\\\/person\\\/e777c87fa024e57d40170af9df39882c\"},\"headline\":\"Alcoy muestra sus museos con ocasi\u00f3n del D\u00eda Internacional del Museo\",\"datePublished\":\"2023-05-19T06:45:39+00:00\",\"dateModified\":\"2023-05-19T10:47:09+00:00\",\"mainEntityOfPage\":{\"@id\":\"https:\\\/\\\/www.copealcoy.es\\\/es\\\/alcoy-muestra-sus-museos-con-ocasion-del-dia-internacional-del-museo\\\/\"},\"wordCount\":358,\"commentCount\":0,\"image\":{\"@id\":\"https:\\\/\\\/www.copealcoy.es\\\/es\\\/alcoy-muestra-sus-museos-con-ocasion-del-dia-internacional-del-museo\\\/#primaryimage\"},\"thumbnailUrl\":\"https:\\\/\\\/www.copealcoy.es\\\/wp-content\\\/uploads\\\/2021\\\/09\\\/Refugi_Alcoy_Alcoi_Costa_Blanca_Comunidad_Valenciana_Espana_web-e1633020052497.jpg\",\"keywords\":[\"Alcoy\",\"apertura museos\",\"D\u00eda Internacional de los Museos\",\"Lorena Zamorano\",\"visitas guiadas\"],\"articleSection\":[\"Alcoy\",\"Fiesta y Cultura\",\"Noticias\"],\"inLanguage\":\"es\"},{\"@type\":\"WebPage\",\"@id\":\"https:\\\/\\\/www.copealcoy.es\\\/es\\\/alcoy-muestra-sus-museos-con-ocasion-del-dia-internacional-del-museo\\\/\",\"url\":\"https:\\\/\\\/www.copealcoy.es\\\/es\\\/alcoy-muestra-sus-museos-con-ocasion-del-dia-internacional-del-museo\\\/\",\"name\":\"Alcoy muestra sus museos con ocasi\u00f3n del D\u00eda Internacional del Museo - COPE Alcoy\",\"isPartOf\":{\"@id\":\"https:\\\/\\\/www.copealcoy.es\\\/es\\\/#website\"},\"primaryImageOfPage\":{\"@id\":\"https:\\\/\\\/www.copealcoy.es\\\/es\\\/alcoy-muestra-sus-museos-con-ocasion-del-dia-internacional-del-museo\\\/#primaryimage\"},\"image\":{\"@id\":\"https:\\\/\\\/www.copealcoy.es\\\/es\\\/alcoy-muestra-sus-museos-con-ocasion-del-dia-internacional-del-museo\\\/#primaryimage\"},\"thumbnailUrl\":\"https:\\\/\\\/www.copealcoy.es\\\/wp-content\\\/uploads\\\/2021\\\/09\\\/Refugi_Alcoy_Alcoi_Costa_Blanca_Comunidad_Valenciana_Espana_web-e1633020052497.jpg\",\"datePublished\":\"2023-05-19T06:45:39+00:00\",\"dateModified\":\"2023-05-19T10:47:09+00:00\",\"author\":{\"@id\":\"https:\\\/\\\/www.copealcoy.es\\\/es\\\/#\\\/schema\\\/person\\\/e777c87fa024e57d40170af9df39882c\"},\"description\":\"Alcoy ha vuelto a sumarse al D\u00eda Internacional de los Museos que se conmemora cada 18 de mayo\",\"breadcrumb\":{\"@id\":\"https:\\\/\\\/www.copealcoy.es\\\/es\\\/alcoy-muestra-sus-museos-con-ocasion-del-dia-internacional-del-museo\\\/#breadcrumb\"},\"inLanguage\":\"es\",\"potentialAction\":[{\"@type\":\"ReadAction\",\"target\":[\"https:\\\/\\\/www.copealcoy.es\\\/es\\\/alcoy-muestra-sus-museos-con-ocasion-del-dia-internacional-del-museo\\\/\"]}]},{\"@type\":\"ImageObject\",\"inLanguage\":\"es\",\"@id\":\"https:\\\/\\\/www.copealcoy.es\\\/es\\\/alcoy-muestra-sus-museos-con-ocasion-del-dia-internacional-del-museo\\\/#primaryimage\",\"url\":\"https:\\\/\\\/www.copealcoy.es\\\/wp-content\\\/uploads\\\/2021\\\/09\\\/Refugi_Alcoy_Alcoi_Costa_Blanca_Comunidad_Valenciana_Espana_web-e1633020052497.jpg\",\"contentUrl\":\"https:\\\/\\\/www.copealcoy.es\\\/wp-content\\\/uploads\\\/2021\\\/09\\\/Refugi_Alcoy_Alcoi_Costa_Blanca_Comunidad_Valenciana_Espana_web-e1633020052497.jpg\",\"width\":682,\"height\":455},{\"@type\":\"BreadcrumbList\",\"@id\":\"https:\\\/\\\/www.copealcoy.es\\\/es\\\/alcoy-muestra-sus-museos-con-ocasion-del-dia-internacional-del-museo\\\/#breadcrumb\",\"itemListElement\":[{\"@type\":\"ListItem\",\"position\":1,\"name\":\"Portada\",\"item\":\"https:\\\/\\\/www.copealcoy.es\\\/es\\\/\"},{\"@type\":\"ListItem\",\"position\":2,\"name\":\"Alcoy muestra sus museos con ocasi\u00f3n del D\u00eda Internacional del Museo\"}]},{\"@type\":\"WebSite\",\"@id\":\"https:\\\/\\\/www.copealcoy.es\\\/es\\\/#website\",\"url\":\"https:\\\/\\\/www.copealcoy.es\\\/es\\\/\",\"name\":\"COPE Alcoy\",\"description\":\"Emisora COPE de radio local con emisi\u00f3n online. Pont de Sant Jordi 8-10 03803 Alcoy\",\"potentialAction\":[{\"@type\":\"SearchAction\",\"target\":{\"@type\":\"EntryPoint\",\"urlTemplate\":\"https:\\\/\\\/www.copealcoy.es\\\/es\\\/?s={search_term_string}\"},\"query-input\":{\"@type\":\"PropertyValueSpecification\",\"valueRequired\":true,\"valueName\":\"search_term_string\"}}],\"inLanguage\":\"es\"},{\"@type\":\"Person\",\"@id\":\"https:\\\/\\\/www.copealcoy.es\\\/es\\\/#\\\/schema\\\/person\\\/e777c87fa024e57d40170af9df39882c\",\"name\":\"Cope Alcoy\",\"image\":{\"@type\":\"ImageObject\",\"inLanguage\":\"es\",\"@id\":\"https:\\\/\\\/secure.gravatar.com\\\/avatar\\\/bb65d0283347e303893ba14f0692005417c1e0e690a325a4c5d8bb2b3943ee14?s=96&d=mm&r=g\",\"url\":\"https:\\\/\\\/secure.gravatar.com\\\/avatar\\\/bb65d0283347e303893ba14f0692005417c1e0e690a325a4c5d8bb2b3943ee14?s=96&d=mm&r=g\",\"contentUrl\":\"https:\\\/\\\/secure.gravatar.com\\\/avatar\\\/bb65d0283347e303893ba14f0692005417c1e0e690a325a4c5d8bb2b3943ee14?s=96&d=mm&r=g\",\"caption\":\"Cope Alcoy\"}}]}<\/script>\n<!-- \/ Yoast SEO plugin. -->","yoast_head_json":{"title":"Alcoy muestra sus museos con ocasi\u00f3n del D\u00eda Internacional del Museo - COPE Alcoy","description":"Alcoy ha vuelto a sumarse al D\u00eda Internacional de los Museos que se conmemora cada 18 de mayo","robots":{"index":"index","follow":"follow","max-snippet":"max-snippet:-1","max-image-preview":"max-image-preview:large","max-video-preview":"max-video-preview:-1"},"canonical":"https:\/\/www.copealcoy.es\/es\/alcoy-muestra-sus-museos-con-ocasion-del-dia-internacional-del-museo\/","og_locale":"es_ES","og_type":"article","og_title":"Alcoy muestra sus museos con ocasi\u00f3n del D\u00eda Internacional del Museo - COPE Alcoy","og_description":"Alcoy ha vuelto a sumarse al D\u00eda Internacional de los Museos que se conmemora cada 18 de mayo","og_url":"https:\/\/www.copealcoy.es\/es\/alcoy-muestra-sus-museos-con-ocasion-del-dia-internacional-del-museo\/","og_site_name":"COPE Alcoy","article_published_time":"2023-05-19T06:45:39+00:00","article_modified_time":"2023-05-19T10:47:09+00:00","og_image":[{"width":682,"height":455,"url":"https:\/\/www.copealcoy.es\/wp-content\/uploads\/2021\/09\/Refugi_Alcoy_Alcoi_Costa_Blanca_Comunidad_Valenciana_Espana_web-e1633020052497.jpg","type":"image\/jpeg"}],"author":"Cope Alcoy","twitter_misc":{"Escrito por":"Cope Alcoy","Tiempo de lectura":"2 minutos"},"schema":{"@context":"https:\/\/schema.org","@graph":[{"@type":"Article","@id":"https:\/\/www.copealcoy.es\/es\/alcoy-muestra-sus-museos-con-ocasion-del-dia-internacional-del-museo\/#article","isPartOf":{"@id":"https:\/\/www.copealcoy.es\/es\/alcoy-muestra-sus-museos-con-ocasion-del-dia-internacional-del-museo\/"},"author":{"name":"Cope Alcoy","@id":"https:\/\/www.copealcoy.es\/es\/#\/schema\/person\/e777c87fa024e57d40170af9df39882c"},"headline":"Alcoy muestra sus museos con ocasi\u00f3n del D\u00eda Internacional del Museo","datePublished":"2023-05-19T06:45:39+00:00","dateModified":"2023-05-19T10:47:09+00:00","mainEntityOfPage":{"@id":"https:\/\/www.copealcoy.es\/es\/alcoy-muestra-sus-museos-con-ocasion-del-dia-internacional-del-museo\/"},"wordCount":358,"commentCount":0,"image":{"@id":"https:\/\/www.copealcoy.es\/es\/alcoy-muestra-sus-museos-con-ocasion-del-dia-internacional-del-museo\/#primaryimage"},"thumbnailUrl":"https:\/\/www.copealcoy.es\/wp-content\/uploads\/2021\/09\/Refugi_Alcoy_Alcoi_Costa_Blanca_Comunidad_Valenciana_Espana_web-e1633020052497.jpg","keywords":["Alcoy","apertura museos","D\u00eda Internacional de los Museos","Lorena Zamorano","visitas guiadas"],"articleSection":["Alcoy","Fiesta y Cultura","Noticias"],"inLanguage":"es"},{"@type":"WebPage","@id":"https:\/\/www.copealcoy.es\/es\/alcoy-muestra-sus-museos-con-ocasion-del-dia-internacional-del-museo\/","url":"https:\/\/www.copealcoy.es\/es\/alcoy-muestra-sus-museos-con-ocasion-del-dia-internacional-del-museo\/","name":"Alcoy muestra sus museos con ocasi\u00f3n del D\u00eda Internacional del Museo - COPE Alcoy","isPartOf":{"@id":"https:\/\/www.copealcoy.es\/es\/#website"},"primaryImageOfPage":{"@id":"https:\/\/www.copealcoy.es\/es\/alcoy-muestra-sus-museos-con-ocasion-del-dia-internacional-del-museo\/#primaryimage"},"image":{"@id":"https:\/\/www.copealcoy.es\/es\/alcoy-muestra-sus-museos-con-ocasion-del-dia-internacional-del-museo\/#primaryimage"},"thumbnailUrl":"https:\/\/www.copealcoy.es\/wp-content\/uploads\/2021\/09\/Refugi_Alcoy_Alcoi_Costa_Blanca_Comunidad_Valenciana_Espana_web-e1633020052497.jpg","datePublished":"2023-05-19T06:45:39+00:00","dateModified":"2023-05-19T10:47:09+00:00","author":{"@id":"https:\/\/www.copealcoy.es\/es\/#\/schema\/person\/e777c87fa024e57d40170af9df39882c"},"description":"Alcoy ha vuelto a sumarse al D\u00eda Internacional de los Museos que se conmemora cada 18 de mayo","breadcrumb":{"@id":"https:\/\/www.copealcoy.es\/es\/alcoy-muestra-sus-museos-con-ocasion-del-dia-internacional-del-museo\/#breadcrumb"},"inLanguage":"es","potentialAction":[{"@type":"ReadAction","target":["https:\/\/www.copealcoy.es\/es\/alcoy-muestra-sus-museos-con-ocasion-del-dia-internacional-del-museo\/"]}]},{"@type":"ImageObject","inLanguage":"es","@id":"https:\/\/www.copealcoy.es\/es\/alcoy-muestra-sus-museos-con-ocasion-del-dia-internacional-del-museo\/#primaryimage","url":"https:\/\/www.copealcoy.es\/wp-content\/uploads\/2021\/09\/Refugi_Alcoy_Alcoi_Costa_Blanca_Comunidad_Valenciana_Espana_web-e1633020052497.jpg","contentUrl":"https:\/\/www.copealcoy.es\/wp-content\/uploads\/2021\/09\/Refugi_Alcoy_Alcoi_Costa_Blanca_Comunidad_Valenciana_Espana_web-e1633020052497.jpg","width":682,"height":455},{"@type":"BreadcrumbList","@id":"https:\/\/www.copealcoy.es\/es\/alcoy-muestra-sus-museos-con-ocasion-del-dia-internacional-del-museo\/#breadcrumb","itemListElement":[{"@type":"ListItem","position":1,"name":"Portada","item":"https:\/\/www.copealcoy.es\/es\/"},{"@type":"ListItem","position":2,"name":"Alcoy muestra sus museos con ocasi\u00f3n del D\u00eda Internacional del Museo"}]},{"@type":"WebSite","@id":"https:\/\/www.copealcoy.es\/es\/#website","url":"https:\/\/www.copealcoy.es\/es\/","name":"COPE Alcoy","description":"Emisora COPE de radio local con emisi\u00f3n online. Pont de Sant Jordi 8-10 03803 Alcoy","potentialAction":[{"@type":"SearchAction","target":{"@type":"EntryPoint","urlTemplate":"https:\/\/www.copealcoy.es\/es\/?s={search_term_string}"},"query-input":{"@type":"PropertyValueSpecification","valueRequired":true,"valueName":"search_term_string"}}],"inLanguage":"es"},{"@type":"Person","@id":"https:\/\/www.copealcoy.es\/es\/#\/schema\/person\/e777c87fa024e57d40170af9df39882c","name":"Cope Alcoy","image":{"@type":"ImageObject","inLanguage":"es","@id":"https:\/\/secure.gravatar.com\/avatar\/bb65d0283347e303893ba14f0692005417c1e0e690a325a4c5d8bb2b3943ee14?s=96&d=mm&r=g","url":"https:\/\/secure.gravatar.com\/avatar\/bb65d0283347e303893ba14f0692005417c1e0e690a325a4c5d8bb2b3943ee14?s=96&d=mm&r=g","contentUrl":"https:\/\/secure.gravatar.com\/avatar\/bb65d0283347e303893ba14f0692005417c1e0e690a325a4c5d8bb2b3943ee14?s=96&d=mm&r=g","caption":"Cope Alcoy"}}]}},"_links":{"self":[{"href":"https:\/\/www.copealcoy.es\/es\/wp-json\/wp\/v2\/posts\/116064","targetHints":{"allow":["GET"]}}],"collection":[{"href":"https:\/\/www.copealcoy.es\/es\/wp-json\/wp\/v2\/posts"}],"about":[{"href":"https:\/\/www.copealcoy.es\/es\/wp-json\/wp\/v2\/types\/post"}],"author":[{"embeddable":true,"href":"https:\/\/www.copealcoy.es\/es\/wp-json\/wp\/v2\/users\/1"}],"replies":[{"embeddable":true,"href":"https:\/\/www.copealcoy.es\/es\/wp-json\/wp\/v2\/comments?post=116064"}],"version-history":[{"count":0,"href":"https:\/\/www.copealcoy.es\/es\/wp-json\/wp\/v2\/posts\/116064\/revisions"}],"wp:featuredmedia":[{"embeddable":true,"href":"https:\/\/www.copealcoy.es\/es\/wp-json\/wp\/v2\/media\/78424"}],"wp:attachment":[{"href":"https:\/\/www.copealcoy.es\/es\/wp-json\/wp\/v2\/media?parent=116064"}],"wp:term":[{"taxonomy":"category","embeddable":true,"href":"https:\/\/www.copealcoy.es\/es\/wp-json\/wp\/v2\/categories?post=116064"},{"taxonomy":"post_tag","embeddable":true,"href":"https:\/\/www.copealcoy.es\/es\/wp-json\/wp\/v2\/tags?post=116064"}],"curies":[{"name":"wp","href":"https:\/\/api.w.org\/{rel}","templated":true}]}}