{"id":116051,"date":"2023-05-22T08:00:40","date_gmt":"2023-05-22T07:00:40","guid":{"rendered":"https:\/\/www.copealcoy.es\/?p=116051"},"modified":"2023-05-22T10:57:13","modified_gmt":"2023-05-22T09:57:13","slug":"rafa-zamorano-candidato-del-partido-de-la-ciudadania-el-descenso-de-la-actividad-comercial-es-el-principal-problema-de-alcoy","status":"publish","type":"post","link":"https:\/\/www.copealcoy.es\/es\/rafa-zamorano-candidato-del-partido-de-la-ciudadania-el-descenso-de-la-actividad-comercial-es-el-principal-problema-de-alcoy\/","title":{"rendered":"Rafa Zamorano, candidato del Partido de la Ciudadan\u00eda: &#8220;El descenso de la actividad comercial es el principal problema de Alcoy&#8221;"},"content":{"rendered":"<audio class=\"wp-audio-shortcode\" id=\"audio-116051-1\" preload=\"none\" style=\"width: 100%;\" controls=\"controls\"><source type=\"audio\/mpeg\" src=\"https:\/\/www.copealcoy.es\/wp-content\/uploads\/2023\/05\/ENTREVISTA-CIUDADANIA.mp3?_=1\" \/><a href=\"https:\/\/www.copealcoy.es\/wp-content\/uploads\/2023\/05\/ENTREVISTA-CIUDADANIA.mp3\">https:\/\/www.copealcoy.es\/wp-content\/uploads\/2023\/05\/ENTREVISTA-CIUDADANIA.mp3<\/a><\/audio>\n<p>&nbsp;<\/p>\n<p style=\"text-align: justify;\">El <strong>Partido de la Ciudadan\u00eda de Alcoy<\/strong> concurre a las <strong>Elecciones Municipales<\/strong> con <strong>Rafa Zamorano<\/strong> como cabeza de lista. Unos comicios los del pr\u00f3ximo 28 de mayo que el candidato afronta con ilusi\u00f3n. \u00c9l no es pol\u00edtico, dice, sino <strong>un comerciante que quiere poner a los aut\u00f3nomos en valor<\/strong>, entre otras propuestas.<\/p>\n<p style=\"text-align: justify;\">Sin embargo, s\u00ed que se ha interesado por este mundo. &#8220;Desde siempre he sido una persona activa pol\u00edticamente, pero nunca he tenido ning\u00fan cargo pol\u00edtico&#8221;. Toda su vida se ha dedicado al sector del comercio y es aqu\u00ed donde ha encontrado las carencias que le han llevado a dar un paso al frente. &#8220;Me ha permitido ver de cerca la falta de apoyo. Esto, desafortunadamente, ha provocado el cierre de comercios e industrias&#8221;, lamenta Zamorano.<\/p>\n<p style=\"text-align: justify;\">Su candidatura la componen, asegura, personas con diferentes tendencias pol\u00edticas, distintas formas de ver la realidad.<\/p>\n<p style=\"text-align: justify;\">&#8220;<strong>El descenso de la actividad comercial de Alcoy es el principal problema<\/strong>&#8220;, apunta el candidato. Y, por ello, esta es una de las principales l\u00edneas de su programa pol\u00edtico. &#8220;<strong>Prometemos un apoyo total al peque\u00f1o comercio, restaurantes y aut\u00f3nomos<\/strong>&#8220;. No solo medidas para mantener la persiana subida, sino tambi\u00e9n para que puedan compaginar su vida laboral y personal. Son partidarios, por tanto, de proyectos como los bonos comercio.<\/p>\n<p style=\"text-align: justify;\">Desde la formaci\u00f3n consideran que <strong>la gesti\u00f3n de Alcoy en los \u00faltimos a\u00f1os ha convertido la ciudad en un lugar &#8216;ca\u00f3tico&#8217; e &#8216;intransitable&#8217;<\/strong>. Denuncian falta de aparcamiento en todo el municipio y, sobre todo, en el caso hist\u00f3rico. Adem\u00e1s, critican que la peatonalizaci\u00f3n del Centro ha desviado el tr\u00e1fico a las calles m\u00e1s estrechas -como Sant Jaume o Casablanca-.<\/p>\n<p style=\"text-align: justify;\">Entre sus propuestas est\u00e1 dotar la ciudad de una flota de microbuses el\u00e9ctricos, comunicar el Hospital Virgen de los Lirios con la autov\u00eda, la reparaci\u00f3n del puente del pol\u00edgono Santiago Pay\u00e1, la rotonda pol\u00edgono Cotes Baixes y el puente de Serelles.<\/p>\n<p style=\"text-align: justify;\">Para la formaci\u00f3n resulta vital tambi\u00e9n la <strong>creaci\u00f3n del pol\u00edgono mancomunado<\/strong> y la adaptaci\u00f3n de la industria de la ciudad a las caracter\u00edsticas del suelo.<\/p>\n<p style=\"text-align: justify;\">Y para los <strong>j\u00f3venes<\/strong> prometen dar facilidades para emanciparse, con ayudas econ\u00f3micas para la compra de la primera vivienda y su adecuaci\u00f3n.<\/p>\n","protected":false},"excerpt":{"rendered":"<p>&nbsp; El Partido de la Ciudadan\u00eda de Alcoy concurre a las Elecciones Municipales con Rafa Zamorano como cabeza de lista&#8230;.<\/p>\n","protected":false},"author":1,"featured_media":116094,"comment_status":"open","ping_status":"open","sticky":false,"template":"","format":"standard","meta":{"footnotes":""},"categories":[6909,97,744,75,79],"tags":[349,14729,721,14424],"class_list":["post-116051","post","type-post","status-publish","format-standard","has-post-thumbnail","hentry","category-actualidad","category-alcoy","category-elecciones","category-noticias","category-politicayeconomia","tag-ciudadanos","tag-elecciones-28m","tag-elecciones-municipales","tag-rafa-zamorano"],"yoast_head":"<!-- This site is optimized with the Yoast SEO plugin v27.3 - https:\/\/yoast.com\/product\/yoast-seo-wordpress\/ -->\n<title>Rafa Zamorano, candidato del Partido de la Ciudadan\u00eda: &quot;El descenso de la actividad comercial es el principal problema de Alcoy&quot; - COPE Alcoy<\/title>\n<meta name=\"description\" content=\"El Partido de la Ciudadan\u00eda de Alcoy concurre a las Elecciones Municipales con Rafa Zamorano como cabeza de lista. Unos comicios los del pr\u00f3ximo 28 de mayo que el candidato afronta con ilusi\u00f3n. \u00c9l no es pol\u00edtico, dice, sino un comerciante que quiere poner a los aut\u00f3nomos en valor, entre otras propuestas.\" \/>\n<meta name=\"robots\" content=\"index, follow, max-snippet:-1, max-image-preview:large, max-video-preview:-1\" \/>\n<link rel=\"canonical\" href=\"https:\/\/www.copealcoy.es\/es\/rafa-zamorano-candidato-del-partido-de-la-ciudadania-el-descenso-de-la-actividad-comercial-es-el-principal-problema-de-alcoy\/\" \/>\n<meta property=\"og:locale\" content=\"es_ES\" \/>\n<meta property=\"og:type\" content=\"article\" \/>\n<meta property=\"og:title\" content=\"Rafa Zamorano, candidato del Partido de la Ciudadan\u00eda: &quot;El descenso de la actividad comercial es el principal problema de Alcoy&quot; - COPE Alcoy\" \/>\n<meta property=\"og:description\" content=\"El Partido de la Ciudadan\u00eda de Alcoy concurre a las Elecciones Municipales con Rafa Zamorano como cabeza de lista. Unos comicios los del pr\u00f3ximo 28 de mayo que el candidato afronta con ilusi\u00f3n. \u00c9l no es pol\u00edtico, dice, sino un comerciante que quiere poner a los aut\u00f3nomos en valor, entre otras propuestas.\" \/>\n<meta property=\"og:url\" content=\"https:\/\/www.copealcoy.es\/es\/rafa-zamorano-candidato-del-partido-de-la-ciudadania-el-descenso-de-la-actividad-comercial-es-el-principal-problema-de-alcoy\/\" \/>\n<meta property=\"og:site_name\" content=\"COPE Alcoy\" \/>\n<meta property=\"article:published_time\" content=\"2023-05-22T07:00:40+00:00\" \/>\n<meta property=\"article:modified_time\" content=\"2023-05-22T09:57:13+00:00\" \/>\n<meta property=\"og:image\" content=\"https:\/\/www.copealcoy.es\/wp-content\/uploads\/2023\/05\/3f4a4093-13b4-4e5d-89ce-65adbd735724-scaled.jpg\" \/>\n\t<meta property=\"og:image:width\" content=\"1440\" \/>\n\t<meta property=\"og:image:height\" content=\"1080\" \/>\n\t<meta property=\"og:image:type\" content=\"image\/jpeg\" \/>\n<meta name=\"author\" content=\"Cope Alcoy\" \/>\n<meta name=\"twitter:label1\" content=\"Escrito por\" \/>\n\t<meta name=\"twitter:data1\" content=\"Cope Alcoy\" \/>\n\t<meta name=\"twitter:label2\" content=\"Tiempo de lectura\" \/>\n\t<meta name=\"twitter:data2\" content=\"2 minutos\" \/>\n<script type=\"application\/ld+json\" class=\"yoast-schema-graph\">{\"@context\":\"https:\\\/\\\/schema.org\",\"@graph\":[{\"@type\":\"Article\",\"@id\":\"https:\\\/\\\/www.copealcoy.es\\\/es\\\/rafa-zamorano-candidato-del-partido-de-la-ciudadania-el-descenso-de-la-actividad-comercial-es-el-principal-problema-de-alcoy\\\/#article\",\"isPartOf\":{\"@id\":\"https:\\\/\\\/www.copealcoy.es\\\/es\\\/rafa-zamorano-candidato-del-partido-de-la-ciudadania-el-descenso-de-la-actividad-comercial-es-el-principal-problema-de-alcoy\\\/\"},\"author\":{\"name\":\"Cope Alcoy\",\"@id\":\"https:\\\/\\\/www.copealcoy.es\\\/es\\\/#\\\/schema\\\/person\\\/e777c87fa024e57d40170af9df39882c\"},\"headline\":\"Rafa Zamorano, candidato del Partido de la Ciudadan\u00eda: &#8220;El descenso de la actividad comercial es el principal problema de Alcoy&#8221;\",\"datePublished\":\"2023-05-22T07:00:40+00:00\",\"dateModified\":\"2023-05-22T09:57:13+00:00\",\"mainEntityOfPage\":{\"@id\":\"https:\\\/\\\/www.copealcoy.es\\\/es\\\/rafa-zamorano-candidato-del-partido-de-la-ciudadania-el-descenso-de-la-actividad-comercial-es-el-principal-problema-de-alcoy\\\/\"},\"wordCount\":427,\"commentCount\":0,\"image\":{\"@id\":\"https:\\\/\\\/www.copealcoy.es\\\/es\\\/rafa-zamorano-candidato-del-partido-de-la-ciudadania-el-descenso-de-la-actividad-comercial-es-el-principal-problema-de-alcoy\\\/#primaryimage\"},\"thumbnailUrl\":\"https:\\\/\\\/www.copealcoy.es\\\/wp-content\\\/uploads\\\/2023\\\/05\\\/3f4a4093-13b4-4e5d-89ce-65adbd735724-scaled.jpg\",\"keywords\":[\"Ciudadanos\",\"Elecciones 28M\",\"Elecciones Municipales\",\"Rafa Zamorano\"],\"articleSection\":[\"Actualidad\",\"Alcoy\",\"Elecciones\",\"Noticias\",\"Pol\u00edtica y Econom\u00eda\"],\"inLanguage\":\"es\"},{\"@type\":\"WebPage\",\"@id\":\"https:\\\/\\\/www.copealcoy.es\\\/es\\\/rafa-zamorano-candidato-del-partido-de-la-ciudadania-el-descenso-de-la-actividad-comercial-es-el-principal-problema-de-alcoy\\\/\",\"url\":\"https:\\\/\\\/www.copealcoy.es\\\/es\\\/rafa-zamorano-candidato-del-partido-de-la-ciudadania-el-descenso-de-la-actividad-comercial-es-el-principal-problema-de-alcoy\\\/\",\"name\":\"Rafa Zamorano, candidato del Partido de la Ciudadan\u00eda: \\\"El descenso de la actividad comercial es el principal problema de Alcoy\\\" - COPE Alcoy\",\"isPartOf\":{\"@id\":\"https:\\\/\\\/www.copealcoy.es\\\/es\\\/#website\"},\"primaryImageOfPage\":{\"@id\":\"https:\\\/\\\/www.copealcoy.es\\\/es\\\/rafa-zamorano-candidato-del-partido-de-la-ciudadania-el-descenso-de-la-actividad-comercial-es-el-principal-problema-de-alcoy\\\/#primaryimage\"},\"image\":{\"@id\":\"https:\\\/\\\/www.copealcoy.es\\\/es\\\/rafa-zamorano-candidato-del-partido-de-la-ciudadania-el-descenso-de-la-actividad-comercial-es-el-principal-problema-de-alcoy\\\/#primaryimage\"},\"thumbnailUrl\":\"https:\\\/\\\/www.copealcoy.es\\\/wp-content\\\/uploads\\\/2023\\\/05\\\/3f4a4093-13b4-4e5d-89ce-65adbd735724-scaled.jpg\",\"datePublished\":\"2023-05-22T07:00:40+00:00\",\"dateModified\":\"2023-05-22T09:57:13+00:00\",\"author\":{\"@id\":\"https:\\\/\\\/www.copealcoy.es\\\/es\\\/#\\\/schema\\\/person\\\/e777c87fa024e57d40170af9df39882c\"},\"description\":\"El Partido de la Ciudadan\u00eda de Alcoy concurre a las Elecciones Municipales con Rafa Zamorano como cabeza de lista. Unos comicios los del pr\u00f3ximo 28 de mayo que el candidato afronta con ilusi\u00f3n. \u00c9l no es pol\u00edtico, dice, sino un comerciante que quiere poner a los aut\u00f3nomos en valor, entre otras propuestas.\",\"breadcrumb\":{\"@id\":\"https:\\\/\\\/www.copealcoy.es\\\/es\\\/rafa-zamorano-candidato-del-partido-de-la-ciudadania-el-descenso-de-la-actividad-comercial-es-el-principal-problema-de-alcoy\\\/#breadcrumb\"},\"inLanguage\":\"es\",\"potentialAction\":[{\"@type\":\"ReadAction\",\"target\":[\"https:\\\/\\\/www.copealcoy.es\\\/es\\\/rafa-zamorano-candidato-del-partido-de-la-ciudadania-el-descenso-de-la-actividad-comercial-es-el-principal-problema-de-alcoy\\\/\"]}]},{\"@type\":\"ImageObject\",\"inLanguage\":\"es\",\"@id\":\"https:\\\/\\\/www.copealcoy.es\\\/es\\\/rafa-zamorano-candidato-del-partido-de-la-ciudadania-el-descenso-de-la-actividad-comercial-es-el-principal-problema-de-alcoy\\\/#primaryimage\",\"url\":\"https:\\\/\\\/www.copealcoy.es\\\/wp-content\\\/uploads\\\/2023\\\/05\\\/3f4a4093-13b4-4e5d-89ce-65adbd735724-scaled.jpg\",\"contentUrl\":\"https:\\\/\\\/www.copealcoy.es\\\/wp-content\\\/uploads\\\/2023\\\/05\\\/3f4a4093-13b4-4e5d-89ce-65adbd735724-scaled.jpg\",\"width\":1440,\"height\":1080},{\"@type\":\"BreadcrumbList\",\"@id\":\"https:\\\/\\\/www.copealcoy.es\\\/es\\\/rafa-zamorano-candidato-del-partido-de-la-ciudadania-el-descenso-de-la-actividad-comercial-es-el-principal-problema-de-alcoy\\\/#breadcrumb\",\"itemListElement\":[{\"@type\":\"ListItem\",\"position\":1,\"name\":\"Portada\",\"item\":\"https:\\\/\\\/www.copealcoy.es\\\/es\\\/\"},{\"@type\":\"ListItem\",\"position\":2,\"name\":\"Rafa Zamorano, candidato del Partido de la Ciudadan\u00eda: \u00abEl descenso de la actividad comercial es el principal problema de Alcoy\u00bb\"}]},{\"@type\":\"WebSite\",\"@id\":\"https:\\\/\\\/www.copealcoy.es\\\/es\\\/#website\",\"url\":\"https:\\\/\\\/www.copealcoy.es\\\/es\\\/\",\"name\":\"COPE Alcoy\",\"description\":\"Emisora COPE de radio local con emisi\u00f3n online. Pont de Sant Jordi 8-10 03803 Alcoy\",\"potentialAction\":[{\"@type\":\"SearchAction\",\"target\":{\"@type\":\"EntryPoint\",\"urlTemplate\":\"https:\\\/\\\/www.copealcoy.es\\\/es\\\/?s={search_term_string}\"},\"query-input\":{\"@type\":\"PropertyValueSpecification\",\"valueRequired\":true,\"valueName\":\"search_term_string\"}}],\"inLanguage\":\"es\"},{\"@type\":\"Person\",\"@id\":\"https:\\\/\\\/www.copealcoy.es\\\/es\\\/#\\\/schema\\\/person\\\/e777c87fa024e57d40170af9df39882c\",\"name\":\"Cope Alcoy\",\"image\":{\"@type\":\"ImageObject\",\"inLanguage\":\"es\",\"@id\":\"https:\\\/\\\/secure.gravatar.com\\\/avatar\\\/bb65d0283347e303893ba14f0692005417c1e0e690a325a4c5d8bb2b3943ee14?s=96&d=mm&r=g\",\"url\":\"https:\\\/\\\/secure.gravatar.com\\\/avatar\\\/bb65d0283347e303893ba14f0692005417c1e0e690a325a4c5d8bb2b3943ee14?s=96&d=mm&r=g\",\"contentUrl\":\"https:\\\/\\\/secure.gravatar.com\\\/avatar\\\/bb65d0283347e303893ba14f0692005417c1e0e690a325a4c5d8bb2b3943ee14?s=96&d=mm&r=g\",\"caption\":\"Cope Alcoy\"}}]}<\/script>\n<!-- \/ Yoast SEO plugin. -->","yoast_head_json":{"title":"Rafa Zamorano, candidato del Partido de la Ciudadan\u00eda: \"El descenso de la actividad comercial es el principal problema de Alcoy\" - COPE Alcoy","description":"El Partido de la Ciudadan\u00eda de Alcoy concurre a las Elecciones Municipales con Rafa Zamorano como cabeza de lista. Unos comicios los del pr\u00f3ximo 28 de mayo que el candidato afronta con ilusi\u00f3n. \u00c9l no es pol\u00edtico, dice, sino un comerciante que quiere poner a los aut\u00f3nomos en valor, entre otras propuestas.","robots":{"index":"index","follow":"follow","max-snippet":"max-snippet:-1","max-image-preview":"max-image-preview:large","max-video-preview":"max-video-preview:-1"},"canonical":"https:\/\/www.copealcoy.es\/es\/rafa-zamorano-candidato-del-partido-de-la-ciudadania-el-descenso-de-la-actividad-comercial-es-el-principal-problema-de-alcoy\/","og_locale":"es_ES","og_type":"article","og_title":"Rafa Zamorano, candidato del Partido de la Ciudadan\u00eda: \"El descenso de la actividad comercial es el principal problema de Alcoy\" - COPE Alcoy","og_description":"El Partido de la Ciudadan\u00eda de Alcoy concurre a las Elecciones Municipales con Rafa Zamorano como cabeza de lista. Unos comicios los del pr\u00f3ximo 28 de mayo que el candidato afronta con ilusi\u00f3n. \u00c9l no es pol\u00edtico, dice, sino un comerciante que quiere poner a los aut\u00f3nomos en valor, entre otras propuestas.","og_url":"https:\/\/www.copealcoy.es\/es\/rafa-zamorano-candidato-del-partido-de-la-ciudadania-el-descenso-de-la-actividad-comercial-es-el-principal-problema-de-alcoy\/","og_site_name":"COPE Alcoy","article_published_time":"2023-05-22T07:00:40+00:00","article_modified_time":"2023-05-22T09:57:13+00:00","og_image":[{"width":1440,"height":1080,"url":"https:\/\/www.copealcoy.es\/wp-content\/uploads\/2023\/05\/3f4a4093-13b4-4e5d-89ce-65adbd735724-scaled.jpg","type":"image\/jpeg"}],"author":"Cope Alcoy","twitter_misc":{"Escrito por":"Cope Alcoy","Tiempo de lectura":"2 minutos"},"schema":{"@context":"https:\/\/schema.org","@graph":[{"@type":"Article","@id":"https:\/\/www.copealcoy.es\/es\/rafa-zamorano-candidato-del-partido-de-la-ciudadania-el-descenso-de-la-actividad-comercial-es-el-principal-problema-de-alcoy\/#article","isPartOf":{"@id":"https:\/\/www.copealcoy.es\/es\/rafa-zamorano-candidato-del-partido-de-la-ciudadania-el-descenso-de-la-actividad-comercial-es-el-principal-problema-de-alcoy\/"},"author":{"name":"Cope Alcoy","@id":"https:\/\/www.copealcoy.es\/es\/#\/schema\/person\/e777c87fa024e57d40170af9df39882c"},"headline":"Rafa Zamorano, candidato del Partido de la Ciudadan\u00eda: &#8220;El descenso de la actividad comercial es el principal problema de Alcoy&#8221;","datePublished":"2023-05-22T07:00:40+00:00","dateModified":"2023-05-22T09:57:13+00:00","mainEntityOfPage":{"@id":"https:\/\/www.copealcoy.es\/es\/rafa-zamorano-candidato-del-partido-de-la-ciudadania-el-descenso-de-la-actividad-comercial-es-el-principal-problema-de-alcoy\/"},"wordCount":427,"commentCount":0,"image":{"@id":"https:\/\/www.copealcoy.es\/es\/rafa-zamorano-candidato-del-partido-de-la-ciudadania-el-descenso-de-la-actividad-comercial-es-el-principal-problema-de-alcoy\/#primaryimage"},"thumbnailUrl":"https:\/\/www.copealcoy.es\/wp-content\/uploads\/2023\/05\/3f4a4093-13b4-4e5d-89ce-65adbd735724-scaled.jpg","keywords":["Ciudadanos","Elecciones 28M","Elecciones Municipales","Rafa Zamorano"],"articleSection":["Actualidad","Alcoy","Elecciones","Noticias","Pol\u00edtica y Econom\u00eda"],"inLanguage":"es"},{"@type":"WebPage","@id":"https:\/\/www.copealcoy.es\/es\/rafa-zamorano-candidato-del-partido-de-la-ciudadania-el-descenso-de-la-actividad-comercial-es-el-principal-problema-de-alcoy\/","url":"https:\/\/www.copealcoy.es\/es\/rafa-zamorano-candidato-del-partido-de-la-ciudadania-el-descenso-de-la-actividad-comercial-es-el-principal-problema-de-alcoy\/","name":"Rafa Zamorano, candidato del Partido de la Ciudadan\u00eda: \"El descenso de la actividad comercial es el principal problema de Alcoy\" - COPE Alcoy","isPartOf":{"@id":"https:\/\/www.copealcoy.es\/es\/#website"},"primaryImageOfPage":{"@id":"https:\/\/www.copealcoy.es\/es\/rafa-zamorano-candidato-del-partido-de-la-ciudadania-el-descenso-de-la-actividad-comercial-es-el-principal-problema-de-alcoy\/#primaryimage"},"image":{"@id":"https:\/\/www.copealcoy.es\/es\/rafa-zamorano-candidato-del-partido-de-la-ciudadania-el-descenso-de-la-actividad-comercial-es-el-principal-problema-de-alcoy\/#primaryimage"},"thumbnailUrl":"https:\/\/www.copealcoy.es\/wp-content\/uploads\/2023\/05\/3f4a4093-13b4-4e5d-89ce-65adbd735724-scaled.jpg","datePublished":"2023-05-22T07:00:40+00:00","dateModified":"2023-05-22T09:57:13+00:00","author":{"@id":"https:\/\/www.copealcoy.es\/es\/#\/schema\/person\/e777c87fa024e57d40170af9df39882c"},"description":"El Partido de la Ciudadan\u00eda de Alcoy concurre a las Elecciones Municipales con Rafa Zamorano como cabeza de lista. Unos comicios los del pr\u00f3ximo 28 de mayo que el candidato afronta con ilusi\u00f3n. \u00c9l no es pol\u00edtico, dice, sino un comerciante que quiere poner a los aut\u00f3nomos en valor, entre otras propuestas.","breadcrumb":{"@id":"https:\/\/www.copealcoy.es\/es\/rafa-zamorano-candidato-del-partido-de-la-ciudadania-el-descenso-de-la-actividad-comercial-es-el-principal-problema-de-alcoy\/#breadcrumb"},"inLanguage":"es","potentialAction":[{"@type":"ReadAction","target":["https:\/\/www.copealcoy.es\/es\/rafa-zamorano-candidato-del-partido-de-la-ciudadania-el-descenso-de-la-actividad-comercial-es-el-principal-problema-de-alcoy\/"]}]},{"@type":"ImageObject","inLanguage":"es","@id":"https:\/\/www.copealcoy.es\/es\/rafa-zamorano-candidato-del-partido-de-la-ciudadania-el-descenso-de-la-actividad-comercial-es-el-principal-problema-de-alcoy\/#primaryimage","url":"https:\/\/www.copealcoy.es\/wp-content\/uploads\/2023\/05\/3f4a4093-13b4-4e5d-89ce-65adbd735724-scaled.jpg","contentUrl":"https:\/\/www.copealcoy.es\/wp-content\/uploads\/2023\/05\/3f4a4093-13b4-4e5d-89ce-65adbd735724-scaled.jpg","width":1440,"height":1080},{"@type":"BreadcrumbList","@id":"https:\/\/www.copealcoy.es\/es\/rafa-zamorano-candidato-del-partido-de-la-ciudadania-el-descenso-de-la-actividad-comercial-es-el-principal-problema-de-alcoy\/#breadcrumb","itemListElement":[{"@type":"ListItem","position":1,"name":"Portada","item":"https:\/\/www.copealcoy.es\/es\/"},{"@type":"ListItem","position":2,"name":"Rafa Zamorano, candidato del Partido de la Ciudadan\u00eda: \u00abEl descenso de la actividad comercial es el principal problema de Alcoy\u00bb"}]},{"@type":"WebSite","@id":"https:\/\/www.copealcoy.es\/es\/#website","url":"https:\/\/www.copealcoy.es\/es\/","name":"COPE Alcoy","description":"Emisora COPE de radio local con emisi\u00f3n online. Pont de Sant Jordi 8-10 03803 Alcoy","potentialAction":[{"@type":"SearchAction","target":{"@type":"EntryPoint","urlTemplate":"https:\/\/www.copealcoy.es\/es\/?s={search_term_string}"},"query-input":{"@type":"PropertyValueSpecification","valueRequired":true,"valueName":"search_term_string"}}],"inLanguage":"es"},{"@type":"Person","@id":"https:\/\/www.copealcoy.es\/es\/#\/schema\/person\/e777c87fa024e57d40170af9df39882c","name":"Cope Alcoy","image":{"@type":"ImageObject","inLanguage":"es","@id":"https:\/\/secure.gravatar.com\/avatar\/bb65d0283347e303893ba14f0692005417c1e0e690a325a4c5d8bb2b3943ee14?s=96&d=mm&r=g","url":"https:\/\/secure.gravatar.com\/avatar\/bb65d0283347e303893ba14f0692005417c1e0e690a325a4c5d8bb2b3943ee14?s=96&d=mm&r=g","contentUrl":"https:\/\/secure.gravatar.com\/avatar\/bb65d0283347e303893ba14f0692005417c1e0e690a325a4c5d8bb2b3943ee14?s=96&d=mm&r=g","caption":"Cope Alcoy"}}]}},"_links":{"self":[{"href":"https:\/\/www.copealcoy.es\/es\/wp-json\/wp\/v2\/posts\/116051","targetHints":{"allow":["GET"]}}],"collection":[{"href":"https:\/\/www.copealcoy.es\/es\/wp-json\/wp\/v2\/posts"}],"about":[{"href":"https:\/\/www.copealcoy.es\/es\/wp-json\/wp\/v2\/types\/post"}],"author":[{"embeddable":true,"href":"https:\/\/www.copealcoy.es\/es\/wp-json\/wp\/v2\/users\/1"}],"replies":[{"embeddable":true,"href":"https:\/\/www.copealcoy.es\/es\/wp-json\/wp\/v2\/comments?post=116051"}],"version-history":[{"count":0,"href":"https:\/\/www.copealcoy.es\/es\/wp-json\/wp\/v2\/posts\/116051\/revisions"}],"wp:featuredmedia":[{"embeddable":true,"href":"https:\/\/www.copealcoy.es\/es\/wp-json\/wp\/v2\/media\/116094"}],"wp:attachment":[{"href":"https:\/\/www.copealcoy.es\/es\/wp-json\/wp\/v2\/media?parent=116051"}],"wp:term":[{"taxonomy":"category","embeddable":true,"href":"https:\/\/www.copealcoy.es\/es\/wp-json\/wp\/v2\/categories?post=116051"},{"taxonomy":"post_tag","embeddable":true,"href":"https:\/\/www.copealcoy.es\/es\/wp-json\/wp\/v2\/tags?post=116051"}],"curies":[{"name":"wp","href":"https:\/\/api.w.org\/{rel}","templated":true}]}}