{"id":115937,"date":"2023-05-17T19:29:33","date_gmt":"2023-05-17T18:29:33","guid":{"rendered":"https:\/\/www.copealcoy.es\/?p=115937"},"modified":"2023-05-18T06:48:11","modified_gmt":"2023-05-18T05:48:11","slug":"mazon-se-compromete-a-eliminar-el-impuesto-de-sucesiones-en-la-comunitat-valenciana","status":"publish","type":"post","link":"https:\/\/www.copealcoy.es\/es\/mazon-se-compromete-a-eliminar-el-impuesto-de-sucesiones-en-la-comunitat-valenciana\/","title":{"rendered":"Maz\u00f3n se compromete a eliminar el impuesto de sucesiones en la Comunitat Valenciana"},"content":{"rendered":"<p>La vista est\u00e1 puesta en las <strong>Elecciones Municipales y Auton\u00f3micas<\/strong> del pr\u00f3ximo 28 de mayo. En campa\u00f1a electoral y con los comicios a la vuelta de la esquina, el <strong>Partido Popular<\/strong> de Alcoy celebr\u00f3 este martes un mitin con <strong>Carlos Maz\u00f3n<\/strong>, candidato popular a la presidencia de la <strong>Generalitat Valenciana<\/strong>.<\/p>\n<p>Acto central de campa\u00f1a de los populares alcoyanos en el que <strong>Maz\u00f3n se comprometi\u00f3 a bajar impuestos<\/strong> y, en concreto, a eliminar uno: el impuesto de sucesiones. &#8220;Para siempre, para todo el mundo y de una vez. <strong>Se acaba, por fin, el impuesto de sucesiones<\/strong>, que es el impuesto de la muerte. Se acab\u00f3 la verg\u00fcenza de pagar porque se muera nuestra madre o nuestro padre en la Comunitat&#8221;, asegur\u00f3 el l\u00edder de los populares valencianos.<\/p>\n<p>Y a esta medida se sumaron otras como la <strong>ampliaci\u00f3n del Hospital Virgen de los Lirios de Alcoy<\/strong>, la <strong>construcci\u00f3n de 4.000 viviendas de protecci\u00f3n oficial<\/strong> para la provincia de Alicante, una educaci\u00f3n &#8216;libre, gratuita y sin burocracia&#8217; y la <strong>posibilidad de elegir centro por parte de las familias para ni\u00f1os desde los 0 a\u00f1os<\/strong>.<\/p>\n<p>Y es que Maz\u00f3n quiso acompa\u00f1ar al candidato popular a la alcald\u00eda de Alcoy, <strong>Carlos Pastor<\/strong>. Este \u00faltimo critic\u00f3 la gesti\u00f3n de <strong>Toni Franc\u00e9s<\/strong>, actual alcalde y candidato del PSOE, e hizo especial hincapi\u00e9 en proyectos como el carril bici. Anunci\u00f3, adem\u00e1s, un plan para revitalizar el comercio. &#8220;Vosotros sois las ganas del cambio para Alcoy. Sabemos que Alcoy necesita avanzar. Doce a\u00f1os de Gobierno de Toni Franc\u00e9s son demasiados a\u00f1os. Es f\u00e1cil hacer un balance de su gesti\u00f3n, porque no ha hecho pr\u00e1cticamente nada&#8221;, asegur\u00f3 Pastor.<\/p>\n<p>Acto multitudinario celebrado en la <strong>Zona Norte<\/strong> en el que, adem\u00e1s de militantes y simpatizantes, estuvieron presentes los exalcaldes populares <strong>Miguel Peralta<\/strong> y <strong>Jorge Sedano<\/strong>, alcaldes o alcaldables de poblaciones de la comarca, concejales&#8230; Y, como no, la lista del Partido Popular de la ciudad para los comicios.<\/p>\n<div id='gallery-1' class='gallery galleryid-115937 gallery-columns-3 gallery-size-thumbnail'><figure class='gallery-item'>\n\t\t\t<div class='gallery-icon landscape'>\n\t\t\t\t<a href='https:\/\/www.copealcoy.es\/es\/mazon-se-compromete-a-eliminar-el-impuesto-de-sucesiones-en-la-comunitat-valenciana\/image_6483441-4\/'><img loading=\"lazy\" decoding=\"async\" width=\"300\" height=\"300\" src=\"https:\/\/www.copealcoy.es\/wp-content\/uploads\/2023\/05\/image_6483441-4-300x300.jpg\" class=\"attachment-thumbnail size-thumbnail\" alt=\"\" srcset=\"https:\/\/www.copealcoy.es\/wp-content\/uploads\/2023\/05\/image_6483441-4-300x300.jpg 300w, https:\/\/www.copealcoy.es\/wp-content\/uploads\/2023\/05\/image_6483441-4-100x100.jpg 100w, https:\/\/www.copealcoy.es\/wp-content\/uploads\/2023\/05\/image_6483441-4-200x200.jpg 200w\" sizes=\"auto, (max-width: 300px) 100vw, 300px\" \/><\/a>\n\t\t\t<\/div><\/figure><figure class='gallery-item'>\n\t\t\t<div class='gallery-icon landscape'>\n\t\t\t\t<a href='https:\/\/www.copealcoy.es\/es\/mazon-se-compromete-a-eliminar-el-impuesto-de-sucesiones-en-la-comunitat-valenciana\/image_6483441-3\/'><img loading=\"lazy\" decoding=\"async\" width=\"300\" height=\"300\" src=\"https:\/\/www.copealcoy.es\/wp-content\/uploads\/2023\/05\/image_6483441-3-300x300.jpg\" class=\"attachment-thumbnail size-thumbnail\" alt=\"\" srcset=\"https:\/\/www.copealcoy.es\/wp-content\/uploads\/2023\/05\/image_6483441-3-300x300.jpg 300w, https:\/\/www.copealcoy.es\/wp-content\/uploads\/2023\/05\/image_6483441-3-100x100.jpg 100w, https:\/\/www.copealcoy.es\/wp-content\/uploads\/2023\/05\/image_6483441-3-200x200.jpg 200w\" sizes=\"auto, (max-width: 300px) 100vw, 300px\" \/><\/a>\n\t\t\t<\/div><\/figure><figure class='gallery-item'>\n\t\t\t<div class='gallery-icon landscape'>\n\t\t\t\t<a href='https:\/\/www.copealcoy.es\/es\/mazon-se-compromete-a-eliminar-el-impuesto-de-sucesiones-en-la-comunitat-valenciana\/image_6483441-2-2\/'><img loading=\"lazy\" decoding=\"async\" width=\"300\" height=\"300\" src=\"https:\/\/www.copealcoy.es\/wp-content\/uploads\/2023\/05\/image_6483441-2-300x300.jpg\" class=\"attachment-thumbnail size-thumbnail\" alt=\"\" srcset=\"https:\/\/www.copealcoy.es\/wp-content\/uploads\/2023\/05\/image_6483441-2-300x300.jpg 300w, https:\/\/www.copealcoy.es\/wp-content\/uploads\/2023\/05\/image_6483441-2-100x100.jpg 100w, https:\/\/www.copealcoy.es\/wp-content\/uploads\/2023\/05\/image_6483441-2-200x200.jpg 200w\" sizes=\"auto, (max-width: 300px) 100vw, 300px\" \/><\/a>\n\t\t\t<\/div><\/figure><figure class='gallery-item'>\n\t\t\t<div class='gallery-icon landscape'>\n\t\t\t\t<a href='https:\/\/www.copealcoy.es\/es\/mazon-se-compromete-a-eliminar-el-impuesto-de-sucesiones-en-la-comunitat-valenciana\/image_6483441-1\/'><img loading=\"lazy\" decoding=\"async\" width=\"300\" height=\"300\" src=\"https:\/\/www.copealcoy.es\/wp-content\/uploads\/2023\/05\/image_6483441-1-300x300.jpg\" class=\"attachment-thumbnail size-thumbnail\" alt=\"\" srcset=\"https:\/\/www.copealcoy.es\/wp-content\/uploads\/2023\/05\/image_6483441-1-300x300.jpg 300w, https:\/\/www.copealcoy.es\/wp-content\/uploads\/2023\/05\/image_6483441-1-100x100.jpg 100w, https:\/\/www.copealcoy.es\/wp-content\/uploads\/2023\/05\/image_6483441-1-200x200.jpg 200w\" sizes=\"auto, (max-width: 300px) 100vw, 300px\" \/><\/a>\n\t\t\t<\/div><\/figure><figure class='gallery-item'>\n\t\t\t<div class='gallery-icon landscape'>\n\t\t\t\t<a href='https:\/\/www.copealcoy.es\/es\/mazon-se-compromete-a-eliminar-el-impuesto-de-sucesiones-en-la-comunitat-valenciana\/image_6483441-2\/'><img loading=\"lazy\" decoding=\"async\" width=\"300\" height=\"300\" src=\"https:\/\/www.copealcoy.es\/wp-content\/uploads\/2023\/05\/image_6483441-300x300.jpg\" class=\"attachment-thumbnail size-thumbnail\" alt=\"\" srcset=\"https:\/\/www.copealcoy.es\/wp-content\/uploads\/2023\/05\/image_6483441-300x300.jpg 300w, https:\/\/www.copealcoy.es\/wp-content\/uploads\/2023\/05\/image_6483441-100x100.jpg 100w, https:\/\/www.copealcoy.es\/wp-content\/uploads\/2023\/05\/image_6483441-200x200.jpg 200w\" sizes=\"auto, (max-width: 300px) 100vw, 300px\" \/><\/a>\n\t\t\t<\/div><\/figure>\n\t\t<\/div>\n\n","protected":false},"excerpt":{"rendered":"<p>La vista est\u00e1 puesta en las Elecciones Municipales y Auton\u00f3micas del pr\u00f3ximo 28 de mayo. En campa\u00f1a electoral y con&#8230;<\/p>\n","protected":false},"author":1,"featured_media":115964,"comment_status":"open","ping_status":"open","sticky":false,"template":"","format":"standard","meta":{"footnotes":""},"categories":[6909,97,744,75,79],"tags":[1494,6922,14757,227],"class_list":["post-115937","post","type-post","status-publish","format-standard","has-post-thumbnail","hentry","category-actualidad","category-alcoy","category-elecciones","category-noticias","category-politicayeconomia","tag-alcoy","tag-carlos-mazon","tag-elecciones-municipales-y-autonomicas","tag-pp"],"yoast_head":"<!-- This site is optimized with the Yoast SEO plugin v27.3 - https:\/\/yoast.com\/product\/yoast-seo-wordpress\/ -->\n<title>Maz\u00f3n se compromete a eliminar el impuesto de sucesiones en la Comunitat Valenciana - COPE Alcoy<\/title>\n<meta name=\"description\" content=\"La vista est\u00e1 puesta en las Elecciones Municipales y Auton\u00f3micas del pr\u00f3ximo 28 de mayo. En campa\u00f1a electoral y con los comicios a la vuelta de la esquina, el Partido Popular de Alcoy celebr\u00f3 este martes un mitin con Carlos Maz\u00f3n, candidato popular a la presidencia de la Generalitat Valenciana.\" \/>\n<meta name=\"robots\" content=\"index, follow, max-snippet:-1, max-image-preview:large, max-video-preview:-1\" \/>\n<link rel=\"canonical\" href=\"https:\/\/www.copealcoy.es\/es\/mazon-se-compromete-a-eliminar-el-impuesto-de-sucesiones-en-la-comunitat-valenciana\/\" \/>\n<meta property=\"og:locale\" content=\"es_ES\" \/>\n<meta property=\"og:type\" content=\"article\" \/>\n<meta property=\"og:title\" content=\"Maz\u00f3n se compromete a eliminar el impuesto de sucesiones en la Comunitat Valenciana - COPE Alcoy\" \/>\n<meta property=\"og:description\" content=\"La vista est\u00e1 puesta en las Elecciones Municipales y Auton\u00f3micas del pr\u00f3ximo 28 de mayo. En campa\u00f1a electoral y con los comicios a la vuelta de la esquina, el Partido Popular de Alcoy celebr\u00f3 este martes un mitin con Carlos Maz\u00f3n, candidato popular a la presidencia de la Generalitat Valenciana.\" \/>\n<meta property=\"og:url\" content=\"https:\/\/www.copealcoy.es\/es\/mazon-se-compromete-a-eliminar-el-impuesto-de-sucesiones-en-la-comunitat-valenciana\/\" \/>\n<meta property=\"og:site_name\" content=\"COPE Alcoy\" \/>\n<meta property=\"article:published_time\" content=\"2023-05-17T18:29:33+00:00\" \/>\n<meta property=\"article:modified_time\" content=\"2023-05-18T05:48:11+00:00\" \/>\n<meta property=\"og:image\" content=\"https:\/\/www.copealcoy.es\/wp-content\/uploads\/2023\/05\/image_6483441.jpg\" \/>\n\t<meta property=\"og:image:width\" content=\"1024\" \/>\n\t<meta property=\"og:image:height\" content=\"685\" \/>\n\t<meta property=\"og:image:type\" content=\"image\/jpeg\" \/>\n<meta name=\"author\" content=\"Cope Alcoy\" \/>\n<meta name=\"twitter:label1\" content=\"Escrito por\" \/>\n\t<meta name=\"twitter:data1\" content=\"Cope Alcoy\" \/>\n\t<meta name=\"twitter:label2\" content=\"Tiempo de lectura\" \/>\n\t<meta name=\"twitter:data2\" content=\"2 minutos\" \/>\n<script type=\"application\/ld+json\" class=\"yoast-schema-graph\">{\"@context\":\"https:\\\/\\\/schema.org\",\"@graph\":[{\"@type\":\"Article\",\"@id\":\"https:\\\/\\\/www.copealcoy.es\\\/es\\\/mazon-se-compromete-a-eliminar-el-impuesto-de-sucesiones-en-la-comunitat-valenciana\\\/#article\",\"isPartOf\":{\"@id\":\"https:\\\/\\\/www.copealcoy.es\\\/es\\\/mazon-se-compromete-a-eliminar-el-impuesto-de-sucesiones-en-la-comunitat-valenciana\\\/\"},\"author\":{\"name\":\"Cope Alcoy\",\"@id\":\"https:\\\/\\\/www.copealcoy.es\\\/es\\\/#\\\/schema\\\/person\\\/e777c87fa024e57d40170af9df39882c\"},\"headline\":\"Maz\u00f3n se compromete a eliminar el impuesto de sucesiones en la Comunitat Valenciana\",\"datePublished\":\"2023-05-17T18:29:33+00:00\",\"dateModified\":\"2023-05-18T05:48:11+00:00\",\"mainEntityOfPage\":{\"@id\":\"https:\\\/\\\/www.copealcoy.es\\\/es\\\/mazon-se-compromete-a-eliminar-el-impuesto-de-sucesiones-en-la-comunitat-valenciana\\\/\"},\"wordCount\":356,\"commentCount\":0,\"image\":{\"@id\":\"https:\\\/\\\/www.copealcoy.es\\\/es\\\/mazon-se-compromete-a-eliminar-el-impuesto-de-sucesiones-en-la-comunitat-valenciana\\\/#primaryimage\"},\"thumbnailUrl\":\"https:\\\/\\\/www.copealcoy.es\\\/wp-content\\\/uploads\\\/2023\\\/05\\\/image_6483441.jpg\",\"keywords\":[\"Alcoy\",\"Carlos Maz\u00f3n\",\"Elecciones Municipales y Auton\u00f3micas\",\"PP\"],\"articleSection\":[\"Actualidad\",\"Alcoy\",\"Elecciones\",\"Noticias\",\"Pol\u00edtica y Econom\u00eda\"],\"inLanguage\":\"es\"},{\"@type\":\"WebPage\",\"@id\":\"https:\\\/\\\/www.copealcoy.es\\\/es\\\/mazon-se-compromete-a-eliminar-el-impuesto-de-sucesiones-en-la-comunitat-valenciana\\\/\",\"url\":\"https:\\\/\\\/www.copealcoy.es\\\/es\\\/mazon-se-compromete-a-eliminar-el-impuesto-de-sucesiones-en-la-comunitat-valenciana\\\/\",\"name\":\"Maz\u00f3n se compromete a eliminar el impuesto de sucesiones en la Comunitat Valenciana - COPE Alcoy\",\"isPartOf\":{\"@id\":\"https:\\\/\\\/www.copealcoy.es\\\/es\\\/#website\"},\"primaryImageOfPage\":{\"@id\":\"https:\\\/\\\/www.copealcoy.es\\\/es\\\/mazon-se-compromete-a-eliminar-el-impuesto-de-sucesiones-en-la-comunitat-valenciana\\\/#primaryimage\"},\"image\":{\"@id\":\"https:\\\/\\\/www.copealcoy.es\\\/es\\\/mazon-se-compromete-a-eliminar-el-impuesto-de-sucesiones-en-la-comunitat-valenciana\\\/#primaryimage\"},\"thumbnailUrl\":\"https:\\\/\\\/www.copealcoy.es\\\/wp-content\\\/uploads\\\/2023\\\/05\\\/image_6483441.jpg\",\"datePublished\":\"2023-05-17T18:29:33+00:00\",\"dateModified\":\"2023-05-18T05:48:11+00:00\",\"author\":{\"@id\":\"https:\\\/\\\/www.copealcoy.es\\\/es\\\/#\\\/schema\\\/person\\\/e777c87fa024e57d40170af9df39882c\"},\"description\":\"La vista est\u00e1 puesta en las Elecciones Municipales y Auton\u00f3micas del pr\u00f3ximo 28 de mayo. En campa\u00f1a electoral y con los comicios a la vuelta de la esquina, el Partido Popular de Alcoy celebr\u00f3 este martes un mitin con Carlos Maz\u00f3n, candidato popular a la presidencia de la Generalitat Valenciana.\",\"breadcrumb\":{\"@id\":\"https:\\\/\\\/www.copealcoy.es\\\/es\\\/mazon-se-compromete-a-eliminar-el-impuesto-de-sucesiones-en-la-comunitat-valenciana\\\/#breadcrumb\"},\"inLanguage\":\"es\",\"potentialAction\":[{\"@type\":\"ReadAction\",\"target\":[\"https:\\\/\\\/www.copealcoy.es\\\/es\\\/mazon-se-compromete-a-eliminar-el-impuesto-de-sucesiones-en-la-comunitat-valenciana\\\/\"]}]},{\"@type\":\"ImageObject\",\"inLanguage\":\"es\",\"@id\":\"https:\\\/\\\/www.copealcoy.es\\\/es\\\/mazon-se-compromete-a-eliminar-el-impuesto-de-sucesiones-en-la-comunitat-valenciana\\\/#primaryimage\",\"url\":\"https:\\\/\\\/www.copealcoy.es\\\/wp-content\\\/uploads\\\/2023\\\/05\\\/image_6483441.jpg\",\"contentUrl\":\"https:\\\/\\\/www.copealcoy.es\\\/wp-content\\\/uploads\\\/2023\\\/05\\\/image_6483441.jpg\",\"width\":1024,\"height\":685},{\"@type\":\"BreadcrumbList\",\"@id\":\"https:\\\/\\\/www.copealcoy.es\\\/es\\\/mazon-se-compromete-a-eliminar-el-impuesto-de-sucesiones-en-la-comunitat-valenciana\\\/#breadcrumb\",\"itemListElement\":[{\"@type\":\"ListItem\",\"position\":1,\"name\":\"Portada\",\"item\":\"https:\\\/\\\/www.copealcoy.es\\\/es\\\/\"},{\"@type\":\"ListItem\",\"position\":2,\"name\":\"Maz\u00f3n se compromete a eliminar el impuesto de sucesiones en la Comunitat Valenciana\"}]},{\"@type\":\"WebSite\",\"@id\":\"https:\\\/\\\/www.copealcoy.es\\\/es\\\/#website\",\"url\":\"https:\\\/\\\/www.copealcoy.es\\\/es\\\/\",\"name\":\"COPE Alcoy\",\"description\":\"Emisora COPE de radio local con emisi\u00f3n online. Pont de Sant Jordi 8-10 03803 Alcoy\",\"potentialAction\":[{\"@type\":\"SearchAction\",\"target\":{\"@type\":\"EntryPoint\",\"urlTemplate\":\"https:\\\/\\\/www.copealcoy.es\\\/es\\\/?s={search_term_string}\"},\"query-input\":{\"@type\":\"PropertyValueSpecification\",\"valueRequired\":true,\"valueName\":\"search_term_string\"}}],\"inLanguage\":\"es\"},{\"@type\":\"Person\",\"@id\":\"https:\\\/\\\/www.copealcoy.es\\\/es\\\/#\\\/schema\\\/person\\\/e777c87fa024e57d40170af9df39882c\",\"name\":\"Cope Alcoy\",\"image\":{\"@type\":\"ImageObject\",\"inLanguage\":\"es\",\"@id\":\"https:\\\/\\\/secure.gravatar.com\\\/avatar\\\/bb65d0283347e303893ba14f0692005417c1e0e690a325a4c5d8bb2b3943ee14?s=96&d=mm&r=g\",\"url\":\"https:\\\/\\\/secure.gravatar.com\\\/avatar\\\/bb65d0283347e303893ba14f0692005417c1e0e690a325a4c5d8bb2b3943ee14?s=96&d=mm&r=g\",\"contentUrl\":\"https:\\\/\\\/secure.gravatar.com\\\/avatar\\\/bb65d0283347e303893ba14f0692005417c1e0e690a325a4c5d8bb2b3943ee14?s=96&d=mm&r=g\",\"caption\":\"Cope Alcoy\"}}]}<\/script>\n<!-- \/ Yoast SEO plugin. -->","yoast_head_json":{"title":"Maz\u00f3n se compromete a eliminar el impuesto de sucesiones en la Comunitat Valenciana - COPE Alcoy","description":"La vista est\u00e1 puesta en las Elecciones Municipales y Auton\u00f3micas del pr\u00f3ximo 28 de mayo. En campa\u00f1a electoral y con los comicios a la vuelta de la esquina, el Partido Popular de Alcoy celebr\u00f3 este martes un mitin con Carlos Maz\u00f3n, candidato popular a la presidencia de la Generalitat Valenciana.","robots":{"index":"index","follow":"follow","max-snippet":"max-snippet:-1","max-image-preview":"max-image-preview:large","max-video-preview":"max-video-preview:-1"},"canonical":"https:\/\/www.copealcoy.es\/es\/mazon-se-compromete-a-eliminar-el-impuesto-de-sucesiones-en-la-comunitat-valenciana\/","og_locale":"es_ES","og_type":"article","og_title":"Maz\u00f3n se compromete a eliminar el impuesto de sucesiones en la Comunitat Valenciana - COPE Alcoy","og_description":"La vista est\u00e1 puesta en las Elecciones Municipales y Auton\u00f3micas del pr\u00f3ximo 28 de mayo. En campa\u00f1a electoral y con los comicios a la vuelta de la esquina, el Partido Popular de Alcoy celebr\u00f3 este martes un mitin con Carlos Maz\u00f3n, candidato popular a la presidencia de la Generalitat Valenciana.","og_url":"https:\/\/www.copealcoy.es\/es\/mazon-se-compromete-a-eliminar-el-impuesto-de-sucesiones-en-la-comunitat-valenciana\/","og_site_name":"COPE Alcoy","article_published_time":"2023-05-17T18:29:33+00:00","article_modified_time":"2023-05-18T05:48:11+00:00","og_image":[{"width":1024,"height":685,"url":"https:\/\/www.copealcoy.es\/wp-content\/uploads\/2023\/05\/image_6483441.jpg","type":"image\/jpeg"}],"author":"Cope Alcoy","twitter_misc":{"Escrito por":"Cope Alcoy","Tiempo de lectura":"2 minutos"},"schema":{"@context":"https:\/\/schema.org","@graph":[{"@type":"Article","@id":"https:\/\/www.copealcoy.es\/es\/mazon-se-compromete-a-eliminar-el-impuesto-de-sucesiones-en-la-comunitat-valenciana\/#article","isPartOf":{"@id":"https:\/\/www.copealcoy.es\/es\/mazon-se-compromete-a-eliminar-el-impuesto-de-sucesiones-en-la-comunitat-valenciana\/"},"author":{"name":"Cope Alcoy","@id":"https:\/\/www.copealcoy.es\/es\/#\/schema\/person\/e777c87fa024e57d40170af9df39882c"},"headline":"Maz\u00f3n se compromete a eliminar el impuesto de sucesiones en la Comunitat Valenciana","datePublished":"2023-05-17T18:29:33+00:00","dateModified":"2023-05-18T05:48:11+00:00","mainEntityOfPage":{"@id":"https:\/\/www.copealcoy.es\/es\/mazon-se-compromete-a-eliminar-el-impuesto-de-sucesiones-en-la-comunitat-valenciana\/"},"wordCount":356,"commentCount":0,"image":{"@id":"https:\/\/www.copealcoy.es\/es\/mazon-se-compromete-a-eliminar-el-impuesto-de-sucesiones-en-la-comunitat-valenciana\/#primaryimage"},"thumbnailUrl":"https:\/\/www.copealcoy.es\/wp-content\/uploads\/2023\/05\/image_6483441.jpg","keywords":["Alcoy","Carlos Maz\u00f3n","Elecciones Municipales y Auton\u00f3micas","PP"],"articleSection":["Actualidad","Alcoy","Elecciones","Noticias","Pol\u00edtica y Econom\u00eda"],"inLanguage":"es"},{"@type":"WebPage","@id":"https:\/\/www.copealcoy.es\/es\/mazon-se-compromete-a-eliminar-el-impuesto-de-sucesiones-en-la-comunitat-valenciana\/","url":"https:\/\/www.copealcoy.es\/es\/mazon-se-compromete-a-eliminar-el-impuesto-de-sucesiones-en-la-comunitat-valenciana\/","name":"Maz\u00f3n se compromete a eliminar el impuesto de sucesiones en la Comunitat Valenciana - COPE Alcoy","isPartOf":{"@id":"https:\/\/www.copealcoy.es\/es\/#website"},"primaryImageOfPage":{"@id":"https:\/\/www.copealcoy.es\/es\/mazon-se-compromete-a-eliminar-el-impuesto-de-sucesiones-en-la-comunitat-valenciana\/#primaryimage"},"image":{"@id":"https:\/\/www.copealcoy.es\/es\/mazon-se-compromete-a-eliminar-el-impuesto-de-sucesiones-en-la-comunitat-valenciana\/#primaryimage"},"thumbnailUrl":"https:\/\/www.copealcoy.es\/wp-content\/uploads\/2023\/05\/image_6483441.jpg","datePublished":"2023-05-17T18:29:33+00:00","dateModified":"2023-05-18T05:48:11+00:00","author":{"@id":"https:\/\/www.copealcoy.es\/es\/#\/schema\/person\/e777c87fa024e57d40170af9df39882c"},"description":"La vista est\u00e1 puesta en las Elecciones Municipales y Auton\u00f3micas del pr\u00f3ximo 28 de mayo. En campa\u00f1a electoral y con los comicios a la vuelta de la esquina, el Partido Popular de Alcoy celebr\u00f3 este martes un mitin con Carlos Maz\u00f3n, candidato popular a la presidencia de la Generalitat Valenciana.","breadcrumb":{"@id":"https:\/\/www.copealcoy.es\/es\/mazon-se-compromete-a-eliminar-el-impuesto-de-sucesiones-en-la-comunitat-valenciana\/#breadcrumb"},"inLanguage":"es","potentialAction":[{"@type":"ReadAction","target":["https:\/\/www.copealcoy.es\/es\/mazon-se-compromete-a-eliminar-el-impuesto-de-sucesiones-en-la-comunitat-valenciana\/"]}]},{"@type":"ImageObject","inLanguage":"es","@id":"https:\/\/www.copealcoy.es\/es\/mazon-se-compromete-a-eliminar-el-impuesto-de-sucesiones-en-la-comunitat-valenciana\/#primaryimage","url":"https:\/\/www.copealcoy.es\/wp-content\/uploads\/2023\/05\/image_6483441.jpg","contentUrl":"https:\/\/www.copealcoy.es\/wp-content\/uploads\/2023\/05\/image_6483441.jpg","width":1024,"height":685},{"@type":"BreadcrumbList","@id":"https:\/\/www.copealcoy.es\/es\/mazon-se-compromete-a-eliminar-el-impuesto-de-sucesiones-en-la-comunitat-valenciana\/#breadcrumb","itemListElement":[{"@type":"ListItem","position":1,"name":"Portada","item":"https:\/\/www.copealcoy.es\/es\/"},{"@type":"ListItem","position":2,"name":"Maz\u00f3n se compromete a eliminar el impuesto de sucesiones en la Comunitat Valenciana"}]},{"@type":"WebSite","@id":"https:\/\/www.copealcoy.es\/es\/#website","url":"https:\/\/www.copealcoy.es\/es\/","name":"COPE Alcoy","description":"Emisora COPE de radio local con emisi\u00f3n online. Pont de Sant Jordi 8-10 03803 Alcoy","potentialAction":[{"@type":"SearchAction","target":{"@type":"EntryPoint","urlTemplate":"https:\/\/www.copealcoy.es\/es\/?s={search_term_string}"},"query-input":{"@type":"PropertyValueSpecification","valueRequired":true,"valueName":"search_term_string"}}],"inLanguage":"es"},{"@type":"Person","@id":"https:\/\/www.copealcoy.es\/es\/#\/schema\/person\/e777c87fa024e57d40170af9df39882c","name":"Cope Alcoy","image":{"@type":"ImageObject","inLanguage":"es","@id":"https:\/\/secure.gravatar.com\/avatar\/bb65d0283347e303893ba14f0692005417c1e0e690a325a4c5d8bb2b3943ee14?s=96&d=mm&r=g","url":"https:\/\/secure.gravatar.com\/avatar\/bb65d0283347e303893ba14f0692005417c1e0e690a325a4c5d8bb2b3943ee14?s=96&d=mm&r=g","contentUrl":"https:\/\/secure.gravatar.com\/avatar\/bb65d0283347e303893ba14f0692005417c1e0e690a325a4c5d8bb2b3943ee14?s=96&d=mm&r=g","caption":"Cope Alcoy"}}]}},"_links":{"self":[{"href":"https:\/\/www.copealcoy.es\/es\/wp-json\/wp\/v2\/posts\/115937","targetHints":{"allow":["GET"]}}],"collection":[{"href":"https:\/\/www.copealcoy.es\/es\/wp-json\/wp\/v2\/posts"}],"about":[{"href":"https:\/\/www.copealcoy.es\/es\/wp-json\/wp\/v2\/types\/post"}],"author":[{"embeddable":true,"href":"https:\/\/www.copealcoy.es\/es\/wp-json\/wp\/v2\/users\/1"}],"replies":[{"embeddable":true,"href":"https:\/\/www.copealcoy.es\/es\/wp-json\/wp\/v2\/comments?post=115937"}],"version-history":[{"count":0,"href":"https:\/\/www.copealcoy.es\/es\/wp-json\/wp\/v2\/posts\/115937\/revisions"}],"wp:featuredmedia":[{"embeddable":true,"href":"https:\/\/www.copealcoy.es\/es\/wp-json\/wp\/v2\/media\/115964"}],"wp:attachment":[{"href":"https:\/\/www.copealcoy.es\/es\/wp-json\/wp\/v2\/media?parent=115937"}],"wp:term":[{"taxonomy":"category","embeddable":true,"href":"https:\/\/www.copealcoy.es\/es\/wp-json\/wp\/v2\/categories?post=115937"},{"taxonomy":"post_tag","embeddable":true,"href":"https:\/\/www.copealcoy.es\/es\/wp-json\/wp\/v2\/tags?post=115937"}],"curies":[{"name":"wp","href":"https:\/\/api.w.org\/{rel}","templated":true}]}}