{"id":115919,"date":"2023-05-17T08:15:53","date_gmt":"2023-05-17T07:15:53","guid":{"rendered":"https:\/\/www.copealcoy.es\/?p=115919"},"modified":"2023-05-18T09:50:55","modified_gmt":"2023-05-18T08:50:55","slug":"trini-rubio-candidata-de-podem-reproducir-el-botanic-en-alcoy-seria-muy-positivo","status":"publish","type":"post","link":"https:\/\/www.copealcoy.es\/es\/trini-rubio-candidata-de-podem-reproducir-el-botanic-en-alcoy-seria-muy-positivo\/","title":{"rendered":"Trini Rubio, candidata de Podem: &#8220;reproducir el Bot\u00e0nic en Alcoy ser\u00eda muy positivo&#8221;"},"content":{"rendered":"<p style=\"text-align: justify;\">Podem Alcoi tiene en<strong> Trini Rubio<\/strong> la <strong>candidata a las Elecciones Municipales del pr\u00f3ximo 28 de mayo<\/strong>. La formaci\u00f3n morada apuesta por una notable renovaci\u00f3n y concurre a esta cita electoral con <strong>la intenci\u00f3n de mantener e incluso superar los resultados obtenidos en los comicios de 2019<\/strong>.<\/p>\n<p style=\"text-align: justify;\">Rubio ha destacado en COPE ALCOY que afronta este reto con mucha ilusi\u00f3n y se\u00f1ala que <strong>el hecho de haber dado este paso responde a un profundo proceso personal, profesional y pol\u00edtico<\/strong>. En este \u00faltimo caso <strong>la alcaldable tiene palabras de agradecimiento a hacia el actual portavoz de Podem<\/strong> &#8220;<em>gracias a Cristian Santiago he tenido oportunidad de formar parte de diferentes \u00e1mbitos, trabajar en la participaci\u00f3n ciudadana y descubrir la utilidad de la pol\u00edtica para las personas. Agradezco tambi\u00e9n su generosidad porque \u00e9l no encabeza la candidatura pero forma parte del proyecto<\/em>&#8220;, indica.<\/p>\n<p style=\"text-align: justify;\">Sobre la decisi\u00f3n de no ir junto a Guanyar en estas Elecciones, Trini Rubio no entra en pol\u00e9micas internas y se\u00f1ala que <strong>su partido est\u00e1 centrado \u00fanicamente en que el proyecto de Podem sea el proyecto de ciudad para la pr\u00f3xima legislatura<\/strong>. La alcaldable tiene claro que <strong>sumar es la palabra clave<\/strong> &#8220;<em>la gente que tiene claro como es el proyecto Podem Alcoi, y como ha funcionado en esta legislatura, tiene claro cu\u00e1l es su punto de mira en estas Elecciones. No creemos que sea una resta<\/em>&#8220;, asevera. Por otra parte Trini Rubio destaca que <strong>Alcoy est\u00e1 en una situaci\u00f3n l\u00edmite<\/strong> y que son necesarias pol\u00edticas urgentes para revertir esta situaci\u00f3n &#8220;<em>nosotros nos presentamos a estas Elecciones Municipales con un programa claro, pensando para la gente, que se articula en torno a seis ejes basicos como son la inclusi\u00f3n, la sostenibilidad, la cultura, la salud o las oportunidades para seguir teniendo nuestro proyecto de vida en Alcoy&#8221;<\/em>, concluye.<\/p>\n<p style=\"text-align: justify;\">Finalmente Trini Rubio <strong>no ha cerrado puertas a establecer posibles pactos tras los comicios<\/strong>, si as\u00ed lo permiten los resultados, con una idea clara sobre la mesa: <strong>reproducir en Alcoy el Pacto del Bot\u00e0nic<\/strong> que ha sustentado el Gobierno de la Generalitat Valenciana en esta legislatura con PSOE, Comprom\u00eds y Podem. La <strong>entrevista al completo<\/strong>, junto a los detalles del programa electoral, los puedes escuchar aqu\u00ed:<\/p>\n<p><iframe loading=\"lazy\" title=\"&#039;Mediod\u00eda Cope&#039; Alcoi Dimecres 17 De Maig 2023 (13:50h)\" width=\"100%\" height=\"120\" src=\"https:\/\/www.mixcloud.com\/widget\/iframe\/?feed=https%3A%2F%2Fwww.mixcloud.com%2FCOPEAlcoy%2Fmediod%25C3%25ADa-cope-alcoi-dimecres-17-de-maig-2023-1350h%2F&amp;hide_cover=1\" frameborder=\"0\"><\/iframe><\/p>\n","protected":false},"excerpt":{"rendered":"<p>Podem Alcoi tiene en Trini Rubio la candidata a las Elecciones Municipales del pr\u00f3ximo 28 de mayo. La formaci\u00f3n morada&#8230;<\/p>\n","protected":false},"author":1,"featured_media":115938,"comment_status":"open","ping_status":"open","sticky":false,"template":"","format":"standard","meta":{"footnotes":""},"categories":[6909,97,75,79],"tags":[1494,5263,721,2386,14763],"class_list":["post-115919","post","type-post","status-publish","format-standard","has-post-thumbnail","hentry","category-actualidad","category-alcoy","category-noticias","category-politicayeconomia","tag-alcoy","tag-candidatura","tag-elecciones-municipales","tag-podem","tag-trini-rubio"],"yoast_head":"<!-- This site is optimized with the Yoast SEO plugin v27.3 - https:\/\/yoast.com\/product\/yoast-seo-wordpress\/ -->\n<title>Trini Rubio, candidata de Podem: &quot;reproducir el Bot\u00e0nic en Alcoy ser\u00eda muy positivo&quot; - COPE Alcoy<\/title>\n<meta name=\"description\" content=\"Podem Alcoi tiene en Trini Rubio la candidata a la alcald\u00eda en las Elecciones Municipales del pr\u00f3ximo 28 de mayo\" \/>\n<meta name=\"robots\" content=\"index, follow, max-snippet:-1, max-image-preview:large, max-video-preview:-1\" \/>\n<link rel=\"canonical\" href=\"https:\/\/www.copealcoy.es\/es\/trini-rubio-candidata-de-podem-reproducir-el-botanic-en-alcoy-seria-muy-positivo\/\" \/>\n<meta property=\"og:locale\" content=\"es_ES\" \/>\n<meta property=\"og:type\" content=\"article\" \/>\n<meta property=\"og:title\" content=\"Trini Rubio, candidata de Podem: &quot;reproducir el Bot\u00e0nic en Alcoy ser\u00eda muy positivo&quot; - COPE Alcoy\" \/>\n<meta property=\"og:description\" content=\"Podem Alcoi tiene en Trini Rubio la candidata a la alcald\u00eda en las Elecciones Municipales del pr\u00f3ximo 28 de mayo\" \/>\n<meta property=\"og:url\" content=\"https:\/\/www.copealcoy.es\/es\/trini-rubio-candidata-de-podem-reproducir-el-botanic-en-alcoy-seria-muy-positivo\/\" \/>\n<meta property=\"og:site_name\" content=\"COPE Alcoy\" \/>\n<meta property=\"article:published_time\" content=\"2023-05-17T07:15:53+00:00\" \/>\n<meta property=\"article:modified_time\" content=\"2023-05-18T08:50:55+00:00\" \/>\n<meta property=\"og:image\" content=\"https:\/\/www.copealcoy.es\/wp-content\/uploads\/2023\/05\/unnamed-2-4-scaled.jpg\" \/>\n\t<meta property=\"og:image:width\" content=\"1438\" \/>\n\t<meta property=\"og:image:height\" content=\"1080\" \/>\n\t<meta property=\"og:image:type\" content=\"image\/jpeg\" \/>\n<meta name=\"author\" content=\"Cope Alcoy\" \/>\n<meta name=\"twitter:label1\" content=\"Escrito por\" \/>\n\t<meta name=\"twitter:data1\" content=\"Cope Alcoy\" \/>\n\t<meta name=\"twitter:label2\" content=\"Tiempo de lectura\" \/>\n\t<meta name=\"twitter:data2\" content=\"2 minutos\" \/>\n<script type=\"application\/ld+json\" class=\"yoast-schema-graph\">{\"@context\":\"https:\\\/\\\/schema.org\",\"@graph\":[{\"@type\":\"Article\",\"@id\":\"https:\\\/\\\/www.copealcoy.es\\\/es\\\/trini-rubio-candidata-de-podem-reproducir-el-botanic-en-alcoy-seria-muy-positivo\\\/#article\",\"isPartOf\":{\"@id\":\"https:\\\/\\\/www.copealcoy.es\\\/es\\\/trini-rubio-candidata-de-podem-reproducir-el-botanic-en-alcoy-seria-muy-positivo\\\/\"},\"author\":{\"name\":\"Cope Alcoy\",\"@id\":\"https:\\\/\\\/www.copealcoy.es\\\/es\\\/#\\\/schema\\\/person\\\/e777c87fa024e57d40170af9df39882c\"},\"headline\":\"Trini Rubio, candidata de Podem: &#8220;reproducir el Bot\u00e0nic en Alcoy ser\u00eda muy positivo&#8221;\",\"datePublished\":\"2023-05-17T07:15:53+00:00\",\"dateModified\":\"2023-05-18T08:50:55+00:00\",\"mainEntityOfPage\":{\"@id\":\"https:\\\/\\\/www.copealcoy.es\\\/es\\\/trini-rubio-candidata-de-podem-reproducir-el-botanic-en-alcoy-seria-muy-positivo\\\/\"},\"wordCount\":409,\"commentCount\":0,\"image\":{\"@id\":\"https:\\\/\\\/www.copealcoy.es\\\/es\\\/trini-rubio-candidata-de-podem-reproducir-el-botanic-en-alcoy-seria-muy-positivo\\\/#primaryimage\"},\"thumbnailUrl\":\"https:\\\/\\\/www.copealcoy.es\\\/wp-content\\\/uploads\\\/2023\\\/05\\\/unnamed-2-4-scaled.jpg\",\"keywords\":[\"Alcoy\",\"Candidatura\",\"Elecciones Municipales\",\"Podem\",\"Trini Rubio\"],\"articleSection\":[\"Actualidad\",\"Alcoy\",\"Noticias\",\"Pol\u00edtica y Econom\u00eda\"],\"inLanguage\":\"es\"},{\"@type\":\"WebPage\",\"@id\":\"https:\\\/\\\/www.copealcoy.es\\\/es\\\/trini-rubio-candidata-de-podem-reproducir-el-botanic-en-alcoy-seria-muy-positivo\\\/\",\"url\":\"https:\\\/\\\/www.copealcoy.es\\\/es\\\/trini-rubio-candidata-de-podem-reproducir-el-botanic-en-alcoy-seria-muy-positivo\\\/\",\"name\":\"Trini Rubio, candidata de Podem: \\\"reproducir el Bot\u00e0nic en Alcoy ser\u00eda muy positivo\\\" - COPE Alcoy\",\"isPartOf\":{\"@id\":\"https:\\\/\\\/www.copealcoy.es\\\/es\\\/#website\"},\"primaryImageOfPage\":{\"@id\":\"https:\\\/\\\/www.copealcoy.es\\\/es\\\/trini-rubio-candidata-de-podem-reproducir-el-botanic-en-alcoy-seria-muy-positivo\\\/#primaryimage\"},\"image\":{\"@id\":\"https:\\\/\\\/www.copealcoy.es\\\/es\\\/trini-rubio-candidata-de-podem-reproducir-el-botanic-en-alcoy-seria-muy-positivo\\\/#primaryimage\"},\"thumbnailUrl\":\"https:\\\/\\\/www.copealcoy.es\\\/wp-content\\\/uploads\\\/2023\\\/05\\\/unnamed-2-4-scaled.jpg\",\"datePublished\":\"2023-05-17T07:15:53+00:00\",\"dateModified\":\"2023-05-18T08:50:55+00:00\",\"author\":{\"@id\":\"https:\\\/\\\/www.copealcoy.es\\\/es\\\/#\\\/schema\\\/person\\\/e777c87fa024e57d40170af9df39882c\"},\"description\":\"Podem Alcoi tiene en Trini Rubio la candidata a la alcald\u00eda en las Elecciones Municipales del pr\u00f3ximo 28 de mayo\",\"breadcrumb\":{\"@id\":\"https:\\\/\\\/www.copealcoy.es\\\/es\\\/trini-rubio-candidata-de-podem-reproducir-el-botanic-en-alcoy-seria-muy-positivo\\\/#breadcrumb\"},\"inLanguage\":\"es\",\"potentialAction\":[{\"@type\":\"ReadAction\",\"target\":[\"https:\\\/\\\/www.copealcoy.es\\\/es\\\/trini-rubio-candidata-de-podem-reproducir-el-botanic-en-alcoy-seria-muy-positivo\\\/\"]}]},{\"@type\":\"ImageObject\",\"inLanguage\":\"es\",\"@id\":\"https:\\\/\\\/www.copealcoy.es\\\/es\\\/trini-rubio-candidata-de-podem-reproducir-el-botanic-en-alcoy-seria-muy-positivo\\\/#primaryimage\",\"url\":\"https:\\\/\\\/www.copealcoy.es\\\/wp-content\\\/uploads\\\/2023\\\/05\\\/unnamed-2-4-scaled.jpg\",\"contentUrl\":\"https:\\\/\\\/www.copealcoy.es\\\/wp-content\\\/uploads\\\/2023\\\/05\\\/unnamed-2-4-scaled.jpg\",\"width\":1438,\"height\":1080},{\"@type\":\"BreadcrumbList\",\"@id\":\"https:\\\/\\\/www.copealcoy.es\\\/es\\\/trini-rubio-candidata-de-podem-reproducir-el-botanic-en-alcoy-seria-muy-positivo\\\/#breadcrumb\",\"itemListElement\":[{\"@type\":\"ListItem\",\"position\":1,\"name\":\"Portada\",\"item\":\"https:\\\/\\\/www.copealcoy.es\\\/es\\\/\"},{\"@type\":\"ListItem\",\"position\":2,\"name\":\"Trini Rubio, candidata de Podem: \u00abreproducir el Bot\u00e0nic en Alcoy ser\u00eda muy positivo\u00bb\"}]},{\"@type\":\"WebSite\",\"@id\":\"https:\\\/\\\/www.copealcoy.es\\\/es\\\/#website\",\"url\":\"https:\\\/\\\/www.copealcoy.es\\\/es\\\/\",\"name\":\"COPE Alcoy\",\"description\":\"Emisora COPE de radio local con emisi\u00f3n online. Pont de Sant Jordi 8-10 03803 Alcoy\",\"potentialAction\":[{\"@type\":\"SearchAction\",\"target\":{\"@type\":\"EntryPoint\",\"urlTemplate\":\"https:\\\/\\\/www.copealcoy.es\\\/es\\\/?s={search_term_string}\"},\"query-input\":{\"@type\":\"PropertyValueSpecification\",\"valueRequired\":true,\"valueName\":\"search_term_string\"}}],\"inLanguage\":\"es\"},{\"@type\":\"Person\",\"@id\":\"https:\\\/\\\/www.copealcoy.es\\\/es\\\/#\\\/schema\\\/person\\\/e777c87fa024e57d40170af9df39882c\",\"name\":\"Cope Alcoy\",\"image\":{\"@type\":\"ImageObject\",\"inLanguage\":\"es\",\"@id\":\"https:\\\/\\\/secure.gravatar.com\\\/avatar\\\/bb65d0283347e303893ba14f0692005417c1e0e690a325a4c5d8bb2b3943ee14?s=96&d=mm&r=g\",\"url\":\"https:\\\/\\\/secure.gravatar.com\\\/avatar\\\/bb65d0283347e303893ba14f0692005417c1e0e690a325a4c5d8bb2b3943ee14?s=96&d=mm&r=g\",\"contentUrl\":\"https:\\\/\\\/secure.gravatar.com\\\/avatar\\\/bb65d0283347e303893ba14f0692005417c1e0e690a325a4c5d8bb2b3943ee14?s=96&d=mm&r=g\",\"caption\":\"Cope Alcoy\"}}]}<\/script>\n<!-- \/ Yoast SEO plugin. -->","yoast_head_json":{"title":"Trini Rubio, candidata de Podem: \"reproducir el Bot\u00e0nic en Alcoy ser\u00eda muy positivo\" - COPE Alcoy","description":"Podem Alcoi tiene en Trini Rubio la candidata a la alcald\u00eda en las Elecciones Municipales del pr\u00f3ximo 28 de mayo","robots":{"index":"index","follow":"follow","max-snippet":"max-snippet:-1","max-image-preview":"max-image-preview:large","max-video-preview":"max-video-preview:-1"},"canonical":"https:\/\/www.copealcoy.es\/es\/trini-rubio-candidata-de-podem-reproducir-el-botanic-en-alcoy-seria-muy-positivo\/","og_locale":"es_ES","og_type":"article","og_title":"Trini Rubio, candidata de Podem: \"reproducir el Bot\u00e0nic en Alcoy ser\u00eda muy positivo\" - COPE Alcoy","og_description":"Podem Alcoi tiene en Trini Rubio la candidata a la alcald\u00eda en las Elecciones Municipales del pr\u00f3ximo 28 de mayo","og_url":"https:\/\/www.copealcoy.es\/es\/trini-rubio-candidata-de-podem-reproducir-el-botanic-en-alcoy-seria-muy-positivo\/","og_site_name":"COPE Alcoy","article_published_time":"2023-05-17T07:15:53+00:00","article_modified_time":"2023-05-18T08:50:55+00:00","og_image":[{"width":1438,"height":1080,"url":"https:\/\/www.copealcoy.es\/wp-content\/uploads\/2023\/05\/unnamed-2-4-scaled.jpg","type":"image\/jpeg"}],"author":"Cope Alcoy","twitter_misc":{"Escrito por":"Cope Alcoy","Tiempo de lectura":"2 minutos"},"schema":{"@context":"https:\/\/schema.org","@graph":[{"@type":"Article","@id":"https:\/\/www.copealcoy.es\/es\/trini-rubio-candidata-de-podem-reproducir-el-botanic-en-alcoy-seria-muy-positivo\/#article","isPartOf":{"@id":"https:\/\/www.copealcoy.es\/es\/trini-rubio-candidata-de-podem-reproducir-el-botanic-en-alcoy-seria-muy-positivo\/"},"author":{"name":"Cope Alcoy","@id":"https:\/\/www.copealcoy.es\/es\/#\/schema\/person\/e777c87fa024e57d40170af9df39882c"},"headline":"Trini Rubio, candidata de Podem: &#8220;reproducir el Bot\u00e0nic en Alcoy ser\u00eda muy positivo&#8221;","datePublished":"2023-05-17T07:15:53+00:00","dateModified":"2023-05-18T08:50:55+00:00","mainEntityOfPage":{"@id":"https:\/\/www.copealcoy.es\/es\/trini-rubio-candidata-de-podem-reproducir-el-botanic-en-alcoy-seria-muy-positivo\/"},"wordCount":409,"commentCount":0,"image":{"@id":"https:\/\/www.copealcoy.es\/es\/trini-rubio-candidata-de-podem-reproducir-el-botanic-en-alcoy-seria-muy-positivo\/#primaryimage"},"thumbnailUrl":"https:\/\/www.copealcoy.es\/wp-content\/uploads\/2023\/05\/unnamed-2-4-scaled.jpg","keywords":["Alcoy","Candidatura","Elecciones Municipales","Podem","Trini Rubio"],"articleSection":["Actualidad","Alcoy","Noticias","Pol\u00edtica y Econom\u00eda"],"inLanguage":"es"},{"@type":"WebPage","@id":"https:\/\/www.copealcoy.es\/es\/trini-rubio-candidata-de-podem-reproducir-el-botanic-en-alcoy-seria-muy-positivo\/","url":"https:\/\/www.copealcoy.es\/es\/trini-rubio-candidata-de-podem-reproducir-el-botanic-en-alcoy-seria-muy-positivo\/","name":"Trini Rubio, candidata de Podem: \"reproducir el Bot\u00e0nic en Alcoy ser\u00eda muy positivo\" - COPE Alcoy","isPartOf":{"@id":"https:\/\/www.copealcoy.es\/es\/#website"},"primaryImageOfPage":{"@id":"https:\/\/www.copealcoy.es\/es\/trini-rubio-candidata-de-podem-reproducir-el-botanic-en-alcoy-seria-muy-positivo\/#primaryimage"},"image":{"@id":"https:\/\/www.copealcoy.es\/es\/trini-rubio-candidata-de-podem-reproducir-el-botanic-en-alcoy-seria-muy-positivo\/#primaryimage"},"thumbnailUrl":"https:\/\/www.copealcoy.es\/wp-content\/uploads\/2023\/05\/unnamed-2-4-scaled.jpg","datePublished":"2023-05-17T07:15:53+00:00","dateModified":"2023-05-18T08:50:55+00:00","author":{"@id":"https:\/\/www.copealcoy.es\/es\/#\/schema\/person\/e777c87fa024e57d40170af9df39882c"},"description":"Podem Alcoi tiene en Trini Rubio la candidata a la alcald\u00eda en las Elecciones Municipales del pr\u00f3ximo 28 de mayo","breadcrumb":{"@id":"https:\/\/www.copealcoy.es\/es\/trini-rubio-candidata-de-podem-reproducir-el-botanic-en-alcoy-seria-muy-positivo\/#breadcrumb"},"inLanguage":"es","potentialAction":[{"@type":"ReadAction","target":["https:\/\/www.copealcoy.es\/es\/trini-rubio-candidata-de-podem-reproducir-el-botanic-en-alcoy-seria-muy-positivo\/"]}]},{"@type":"ImageObject","inLanguage":"es","@id":"https:\/\/www.copealcoy.es\/es\/trini-rubio-candidata-de-podem-reproducir-el-botanic-en-alcoy-seria-muy-positivo\/#primaryimage","url":"https:\/\/www.copealcoy.es\/wp-content\/uploads\/2023\/05\/unnamed-2-4-scaled.jpg","contentUrl":"https:\/\/www.copealcoy.es\/wp-content\/uploads\/2023\/05\/unnamed-2-4-scaled.jpg","width":1438,"height":1080},{"@type":"BreadcrumbList","@id":"https:\/\/www.copealcoy.es\/es\/trini-rubio-candidata-de-podem-reproducir-el-botanic-en-alcoy-seria-muy-positivo\/#breadcrumb","itemListElement":[{"@type":"ListItem","position":1,"name":"Portada","item":"https:\/\/www.copealcoy.es\/es\/"},{"@type":"ListItem","position":2,"name":"Trini Rubio, candidata de Podem: \u00abreproducir el Bot\u00e0nic en Alcoy ser\u00eda muy positivo\u00bb"}]},{"@type":"WebSite","@id":"https:\/\/www.copealcoy.es\/es\/#website","url":"https:\/\/www.copealcoy.es\/es\/","name":"COPE Alcoy","description":"Emisora COPE de radio local con emisi\u00f3n online. Pont de Sant Jordi 8-10 03803 Alcoy","potentialAction":[{"@type":"SearchAction","target":{"@type":"EntryPoint","urlTemplate":"https:\/\/www.copealcoy.es\/es\/?s={search_term_string}"},"query-input":{"@type":"PropertyValueSpecification","valueRequired":true,"valueName":"search_term_string"}}],"inLanguage":"es"},{"@type":"Person","@id":"https:\/\/www.copealcoy.es\/es\/#\/schema\/person\/e777c87fa024e57d40170af9df39882c","name":"Cope Alcoy","image":{"@type":"ImageObject","inLanguage":"es","@id":"https:\/\/secure.gravatar.com\/avatar\/bb65d0283347e303893ba14f0692005417c1e0e690a325a4c5d8bb2b3943ee14?s=96&d=mm&r=g","url":"https:\/\/secure.gravatar.com\/avatar\/bb65d0283347e303893ba14f0692005417c1e0e690a325a4c5d8bb2b3943ee14?s=96&d=mm&r=g","contentUrl":"https:\/\/secure.gravatar.com\/avatar\/bb65d0283347e303893ba14f0692005417c1e0e690a325a4c5d8bb2b3943ee14?s=96&d=mm&r=g","caption":"Cope Alcoy"}}]}},"_links":{"self":[{"href":"https:\/\/www.copealcoy.es\/es\/wp-json\/wp\/v2\/posts\/115919","targetHints":{"allow":["GET"]}}],"collection":[{"href":"https:\/\/www.copealcoy.es\/es\/wp-json\/wp\/v2\/posts"}],"about":[{"href":"https:\/\/www.copealcoy.es\/es\/wp-json\/wp\/v2\/types\/post"}],"author":[{"embeddable":true,"href":"https:\/\/www.copealcoy.es\/es\/wp-json\/wp\/v2\/users\/1"}],"replies":[{"embeddable":true,"href":"https:\/\/www.copealcoy.es\/es\/wp-json\/wp\/v2\/comments?post=115919"}],"version-history":[{"count":0,"href":"https:\/\/www.copealcoy.es\/es\/wp-json\/wp\/v2\/posts\/115919\/revisions"}],"wp:featuredmedia":[{"embeddable":true,"href":"https:\/\/www.copealcoy.es\/es\/wp-json\/wp\/v2\/media\/115938"}],"wp:attachment":[{"href":"https:\/\/www.copealcoy.es\/es\/wp-json\/wp\/v2\/media?parent=115919"}],"wp:term":[{"taxonomy":"category","embeddable":true,"href":"https:\/\/www.copealcoy.es\/es\/wp-json\/wp\/v2\/categories?post=115919"},{"taxonomy":"post_tag","embeddable":true,"href":"https:\/\/www.copealcoy.es\/es\/wp-json\/wp\/v2\/tags?post=115919"}],"curies":[{"name":"wp","href":"https:\/\/api.w.org\/{rel}","templated":true}]}}