{"id":115793,"date":"2023-05-16T11:29:48","date_gmt":"2023-05-16T10:29:48","guid":{"rendered":"https:\/\/www.copealcoy.es\/?p=115793"},"modified":"2023-05-16T12:05:48","modified_gmt":"2023-05-16T11:05:48","slug":"cara-a-cara-en-cope-alcoy-estas-son-las-viviendas-publicas-que-promete-el-psoe-en-su-programa-electoral","status":"publish","type":"post","link":"https:\/\/www.copealcoy.es\/es\/cara-a-cara-en-cope-alcoy-estas-son-las-viviendas-publicas-que-promete-el-psoe-en-su-programa-electoral\/","title":{"rendered":"Cara a cara en COPE ALCOY: estas son las viviendas p\u00fablicas que promete el PSOE en su programa electoral"},"content":{"rendered":"<p>&#8220;Construiremos <strong>m\u00e1s de 150 viviendas asequibles<\/strong>&#8220;. Esa es una de las promesas que hace el <strong>PSOE<\/strong> en su programa electoral para las Elecciones Municipales y que manifest\u00f3 tambi\u00e9n este lunes el candidato de los socialistas, <strong>Toni Franc\u00e9s<\/strong>, en el <strong><span style=\"color: #000080;\"><a style=\"color: #000080;\" href=\"https:\/\/www.youtube.com\/watch?v=klsZJkiaZcg\" target=\"_blank\" rel=\"noopener\">primer cara a cara organizado por Cope Alcoy<\/a><\/span><\/strong>.<\/p>\n<p>Entre estas 150 se encuentran <strong>trece viviendas sostenibles e innovadoras en la calle Embajador Irles<\/strong>. Sin embargo, <strong>este es un proyecto que ya ha sido licitado<\/strong>. Concretamente en el mes de diciembre de 2022, aunque las obras todav\u00eda no han comenzado.<\/p>\n<p>Tambi\u00e9n se incluyen <strong>las viviendas que la Entidad P\u00fablica de Suelo (SEPES) construir\u00e1 en la Colonia de Aviaci\u00f3n<\/strong>. Y es que, como contaba Cope Alcoy,<span style=\"color: #000080;\"><a style=\"color: #000080;\" href=\"https:\/\/www.copealcoy.es\/la-entidad-publica-de-suelo-dispondra-de-la-colonia-de-aviacion-de-alcoy-para-poder-urbanizar\/\" target=\"_blank\" rel=\"noopener\"> el <strong>Consejo de Ministros<\/strong> ya ha aprobado la compra de estos terrenos<\/a><\/span> por parte del <strong>Ministerio de Transportes, Movilidad y Agenda Urbana<\/strong> al <strong>Ministerio de Defensa<\/strong>.<\/p>\n<p>Sin embargo, termina la legislatura y hay<strong> proyectos que prometieron en su programa electoral de 2019 que no terminan de ser a\u00fan una realidad<\/strong>. Por un lado, la <strong>construcci\u00f3n de un ecobarrio en El Partidor<\/strong>. El proyecto de ejecuci\u00f3n ha sido aprobado recientemente y la concejal\u00eda de Vivienda espera poder sacar la licitaci\u00f3n de las obras la pr\u00f3xima semana.<\/p>\n<p>En materia de vivienda, entre las promesas de los socialistas est\u00e1 tambi\u00e9n la <strong>rehabilitaci\u00f3n de 550 viviendas<\/strong>. Entre ellas, el <strong>edificio p\u00fablico en la Avenida Juan Gil Albert, 54<\/strong>, que es propiedad de la <strong>Generalitat Valenciana<\/strong>.<\/p>\n<p>Para Franc\u00e9s, la vivienda entra dentro de las l\u00edneas de actuaci\u00f3n que m\u00e1s presentes tienen. &#8220;<strong>Las pol\u00edticas dirigidas a las personas<\/strong> son las pol\u00edticas centrales de mi Gobierno&#8221;.<\/p>\n<p>Por su parte, el <strong>Partido Popular<\/strong>, considera que el Gobierno local no ha cumplido en materia de vivienda a lo largo de la \u00faltima legislatura y hace referencia al concurso que el Ayuntamiento organiz\u00f3 en 2019 para conseguir un alquiler en el Centro gratis durante un a\u00f1o. &#8220;<strong>Lo \u00fanico que saben hacer fue una &#8216;performance&#8217; que hicieron en la Plaza de Espa\u00f1a y que cost\u00f3 40.000 euros<\/strong>. No se ha sabido nada m\u00e1s de aquellos&#8221;, apunt\u00f3 <strong>Carlos Pastor,<\/strong> candidato popular, durante el cara a cara.<\/p>\n","protected":false},"excerpt":{"rendered":"<p>&#8220;Construiremos m\u00e1s de 150 viviendas asequibles&#8220;. Esa es una de las promesas que hace el PSOE en su programa electoral&#8230;<\/p>\n","protected":false},"author":1,"featured_media":14965,"comment_status":"open","ping_status":"open","sticky":false,"template":"","format":"standard","meta":{"footnotes":""},"categories":[6909,97,75,79],"tags":[1494,227,371,750],"class_list":["post-115793","post","type-post","status-publish","format-standard","has-post-thumbnail","hentry","category-actualidad","category-alcoy","category-noticias","category-politicayeconomia","tag-alcoy","tag-pp","tag-psoe","tag-vivienda"],"yoast_head":"<!-- This site is optimized with the Yoast SEO plugin v27.3 - https:\/\/yoast.com\/product\/yoast-seo-wordpress\/ -->\n<title>Cara a cara en COPE ALCOY: estas son las viviendas p\u00fablicas que promete el PSOE en su programa electoral - COPE Alcoy<\/title>\n<meta name=\"description\" content=\"&quot;Construiremos m\u00e1s de 150 viviendas asequibles&quot;. Esa es una de las promesas que hace el PSOE en su programa electoral para las Elecciones Municipales y que manifest\u00f3 tambi\u00e9n este lunes el candidato de los socialistas, Toni Franc\u00e9s, en el primer cara a cara organizado por Cope Alcoy.\" \/>\n<meta name=\"robots\" content=\"index, follow, max-snippet:-1, max-image-preview:large, max-video-preview:-1\" \/>\n<link rel=\"canonical\" href=\"https:\/\/www.copealcoy.es\/es\/cara-a-cara-en-cope-alcoy-estas-son-las-viviendas-publicas-que-promete-el-psoe-en-su-programa-electoral\/\" \/>\n<meta property=\"og:locale\" content=\"es_ES\" \/>\n<meta property=\"og:type\" content=\"article\" \/>\n<meta property=\"og:title\" content=\"Cara a cara en COPE ALCOY: estas son las viviendas p\u00fablicas que promete el PSOE en su programa electoral - COPE Alcoy\" \/>\n<meta property=\"og:description\" content=\"&quot;Construiremos m\u00e1s de 150 viviendas asequibles&quot;. Esa es una de las promesas que hace el PSOE en su programa electoral para las Elecciones Municipales y que manifest\u00f3 tambi\u00e9n este lunes el candidato de los socialistas, Toni Franc\u00e9s, en el primer cara a cara organizado por Cope Alcoy.\" \/>\n<meta property=\"og:url\" content=\"https:\/\/www.copealcoy.es\/es\/cara-a-cara-en-cope-alcoy-estas-son-las-viviendas-publicas-que-promete-el-psoe-en-su-programa-electoral\/\" \/>\n<meta property=\"og:site_name\" content=\"COPE Alcoy\" \/>\n<meta property=\"article:published_time\" content=\"2023-05-16T10:29:48+00:00\" \/>\n<meta property=\"article:modified_time\" content=\"2023-05-16T11:05:48+00:00\" \/>\n<meta property=\"og:image\" content=\"https:\/\/www.copealcoy.es\/wp-content\/uploads\/2015\/08\/yPr7rYR.jpg\" \/>\n\t<meta property=\"og:image:width\" content=\"1440\" \/>\n\t<meta property=\"og:image:height\" content=\"1080\" \/>\n\t<meta property=\"og:image:type\" content=\"image\/jpeg\" \/>\n<meta name=\"author\" content=\"Cope Alcoy\" \/>\n<meta name=\"twitter:label1\" content=\"Escrito por\" \/>\n\t<meta name=\"twitter:data1\" content=\"Cope Alcoy\" \/>\n\t<meta name=\"twitter:label2\" content=\"Tiempo de lectura\" \/>\n\t<meta name=\"twitter:data2\" content=\"2 minutos\" \/>\n<script type=\"application\/ld+json\" class=\"yoast-schema-graph\">{\"@context\":\"https:\\\/\\\/schema.org\",\"@graph\":[{\"@type\":\"Article\",\"@id\":\"https:\\\/\\\/www.copealcoy.es\\\/es\\\/cara-a-cara-en-cope-alcoy-estas-son-las-viviendas-publicas-que-promete-el-psoe-en-su-programa-electoral\\\/#article\",\"isPartOf\":{\"@id\":\"https:\\\/\\\/www.copealcoy.es\\\/es\\\/cara-a-cara-en-cope-alcoy-estas-son-las-viviendas-publicas-que-promete-el-psoe-en-su-programa-electoral\\\/\"},\"author\":{\"name\":\"Cope Alcoy\",\"@id\":\"https:\\\/\\\/www.copealcoy.es\\\/es\\\/#\\\/schema\\\/person\\\/e777c87fa024e57d40170af9df39882c\"},\"headline\":\"Cara a cara en COPE ALCOY: estas son las viviendas p\u00fablicas que promete el PSOE en su programa electoral\",\"datePublished\":\"2023-05-16T10:29:48+00:00\",\"dateModified\":\"2023-05-16T11:05:48+00:00\",\"mainEntityOfPage\":{\"@id\":\"https:\\\/\\\/www.copealcoy.es\\\/es\\\/cara-a-cara-en-cope-alcoy-estas-son-las-viviendas-publicas-que-promete-el-psoe-en-su-programa-electoral\\\/\"},\"wordCount\":384,\"commentCount\":0,\"image\":{\"@id\":\"https:\\\/\\\/www.copealcoy.es\\\/es\\\/cara-a-cara-en-cope-alcoy-estas-son-las-viviendas-publicas-que-promete-el-psoe-en-su-programa-electoral\\\/#primaryimage\"},\"thumbnailUrl\":\"https:\\\/\\\/www.copealcoy.es\\\/wp-content\\\/uploads\\\/2015\\\/08\\\/yPr7rYR.jpg\",\"keywords\":[\"Alcoy\",\"PP\",\"PSOE\",\"Vivienda\"],\"articleSection\":[\"Actualidad\",\"Alcoy\",\"Noticias\",\"Pol\u00edtica y Econom\u00eda\"],\"inLanguage\":\"es\"},{\"@type\":\"WebPage\",\"@id\":\"https:\\\/\\\/www.copealcoy.es\\\/es\\\/cara-a-cara-en-cope-alcoy-estas-son-las-viviendas-publicas-que-promete-el-psoe-en-su-programa-electoral\\\/\",\"url\":\"https:\\\/\\\/www.copealcoy.es\\\/es\\\/cara-a-cara-en-cope-alcoy-estas-son-las-viviendas-publicas-que-promete-el-psoe-en-su-programa-electoral\\\/\",\"name\":\"Cara a cara en COPE ALCOY: estas son las viviendas p\u00fablicas que promete el PSOE en su programa electoral - COPE Alcoy\",\"isPartOf\":{\"@id\":\"https:\\\/\\\/www.copealcoy.es\\\/es\\\/#website\"},\"primaryImageOfPage\":{\"@id\":\"https:\\\/\\\/www.copealcoy.es\\\/es\\\/cara-a-cara-en-cope-alcoy-estas-son-las-viviendas-publicas-que-promete-el-psoe-en-su-programa-electoral\\\/#primaryimage\"},\"image\":{\"@id\":\"https:\\\/\\\/www.copealcoy.es\\\/es\\\/cara-a-cara-en-cope-alcoy-estas-son-las-viviendas-publicas-que-promete-el-psoe-en-su-programa-electoral\\\/#primaryimage\"},\"thumbnailUrl\":\"https:\\\/\\\/www.copealcoy.es\\\/wp-content\\\/uploads\\\/2015\\\/08\\\/yPr7rYR.jpg\",\"datePublished\":\"2023-05-16T10:29:48+00:00\",\"dateModified\":\"2023-05-16T11:05:48+00:00\",\"author\":{\"@id\":\"https:\\\/\\\/www.copealcoy.es\\\/es\\\/#\\\/schema\\\/person\\\/e777c87fa024e57d40170af9df39882c\"},\"description\":\"\\\"Construiremos m\u00e1s de 150 viviendas asequibles\\\". Esa es una de las promesas que hace el PSOE en su programa electoral para las Elecciones Municipales y que manifest\u00f3 tambi\u00e9n este lunes el candidato de los socialistas, Toni Franc\u00e9s, en el primer cara a cara organizado por Cope Alcoy.\",\"breadcrumb\":{\"@id\":\"https:\\\/\\\/www.copealcoy.es\\\/es\\\/cara-a-cara-en-cope-alcoy-estas-son-las-viviendas-publicas-que-promete-el-psoe-en-su-programa-electoral\\\/#breadcrumb\"},\"inLanguage\":\"es\",\"potentialAction\":[{\"@type\":\"ReadAction\",\"target\":[\"https:\\\/\\\/www.copealcoy.es\\\/es\\\/cara-a-cara-en-cope-alcoy-estas-son-las-viviendas-publicas-que-promete-el-psoe-en-su-programa-electoral\\\/\"]}]},{\"@type\":\"ImageObject\",\"inLanguage\":\"es\",\"@id\":\"https:\\\/\\\/www.copealcoy.es\\\/es\\\/cara-a-cara-en-cope-alcoy-estas-son-las-viviendas-publicas-que-promete-el-psoe-en-su-programa-electoral\\\/#primaryimage\",\"url\":\"https:\\\/\\\/www.copealcoy.es\\\/wp-content\\\/uploads\\\/2015\\\/08\\\/yPr7rYR.jpg\",\"contentUrl\":\"https:\\\/\\\/www.copealcoy.es\\\/wp-content\\\/uploads\\\/2015\\\/08\\\/yPr7rYR.jpg\",\"width\":1440,\"height\":1080,\"caption\":\"El proyecto contempla la rehabilitaci\u00f3n de las actuales viviendas\"},{\"@type\":\"BreadcrumbList\",\"@id\":\"https:\\\/\\\/www.copealcoy.es\\\/es\\\/cara-a-cara-en-cope-alcoy-estas-son-las-viviendas-publicas-que-promete-el-psoe-en-su-programa-electoral\\\/#breadcrumb\",\"itemListElement\":[{\"@type\":\"ListItem\",\"position\":1,\"name\":\"Portada\",\"item\":\"https:\\\/\\\/www.copealcoy.es\\\/es\\\/\"},{\"@type\":\"ListItem\",\"position\":2,\"name\":\"Cara a cara en COPE ALCOY: estas son las viviendas p\u00fablicas que promete el PSOE en su programa electoral\"}]},{\"@type\":\"WebSite\",\"@id\":\"https:\\\/\\\/www.copealcoy.es\\\/es\\\/#website\",\"url\":\"https:\\\/\\\/www.copealcoy.es\\\/es\\\/\",\"name\":\"COPE Alcoy\",\"description\":\"Emisora COPE de radio local con emisi\u00f3n online. Pont de Sant Jordi 8-10 03803 Alcoy\",\"potentialAction\":[{\"@type\":\"SearchAction\",\"target\":{\"@type\":\"EntryPoint\",\"urlTemplate\":\"https:\\\/\\\/www.copealcoy.es\\\/es\\\/?s={search_term_string}\"},\"query-input\":{\"@type\":\"PropertyValueSpecification\",\"valueRequired\":true,\"valueName\":\"search_term_string\"}}],\"inLanguage\":\"es\"},{\"@type\":\"Person\",\"@id\":\"https:\\\/\\\/www.copealcoy.es\\\/es\\\/#\\\/schema\\\/person\\\/e777c87fa024e57d40170af9df39882c\",\"name\":\"Cope Alcoy\",\"image\":{\"@type\":\"ImageObject\",\"inLanguage\":\"es\",\"@id\":\"https:\\\/\\\/secure.gravatar.com\\\/avatar\\\/bb65d0283347e303893ba14f0692005417c1e0e690a325a4c5d8bb2b3943ee14?s=96&d=mm&r=g\",\"url\":\"https:\\\/\\\/secure.gravatar.com\\\/avatar\\\/bb65d0283347e303893ba14f0692005417c1e0e690a325a4c5d8bb2b3943ee14?s=96&d=mm&r=g\",\"contentUrl\":\"https:\\\/\\\/secure.gravatar.com\\\/avatar\\\/bb65d0283347e303893ba14f0692005417c1e0e690a325a4c5d8bb2b3943ee14?s=96&d=mm&r=g\",\"caption\":\"Cope Alcoy\"}}]}<\/script>\n<!-- \/ Yoast SEO plugin. -->","yoast_head_json":{"title":"Cara a cara en COPE ALCOY: estas son las viviendas p\u00fablicas que promete el PSOE en su programa electoral - COPE Alcoy","description":"\"Construiremos m\u00e1s de 150 viviendas asequibles\". Esa es una de las promesas que hace el PSOE en su programa electoral para las Elecciones Municipales y que manifest\u00f3 tambi\u00e9n este lunes el candidato de los socialistas, Toni Franc\u00e9s, en el primer cara a cara organizado por Cope Alcoy.","robots":{"index":"index","follow":"follow","max-snippet":"max-snippet:-1","max-image-preview":"max-image-preview:large","max-video-preview":"max-video-preview:-1"},"canonical":"https:\/\/www.copealcoy.es\/es\/cara-a-cara-en-cope-alcoy-estas-son-las-viviendas-publicas-que-promete-el-psoe-en-su-programa-electoral\/","og_locale":"es_ES","og_type":"article","og_title":"Cara a cara en COPE ALCOY: estas son las viviendas p\u00fablicas que promete el PSOE en su programa electoral - COPE Alcoy","og_description":"\"Construiremos m\u00e1s de 150 viviendas asequibles\". Esa es una de las promesas que hace el PSOE en su programa electoral para las Elecciones Municipales y que manifest\u00f3 tambi\u00e9n este lunes el candidato de los socialistas, Toni Franc\u00e9s, en el primer cara a cara organizado por Cope Alcoy.","og_url":"https:\/\/www.copealcoy.es\/es\/cara-a-cara-en-cope-alcoy-estas-son-las-viviendas-publicas-que-promete-el-psoe-en-su-programa-electoral\/","og_site_name":"COPE Alcoy","article_published_time":"2023-05-16T10:29:48+00:00","article_modified_time":"2023-05-16T11:05:48+00:00","og_image":[{"width":1440,"height":1080,"url":"https:\/\/www.copealcoy.es\/wp-content\/uploads\/2015\/08\/yPr7rYR.jpg","type":"image\/jpeg"}],"author":"Cope Alcoy","twitter_misc":{"Escrito por":"Cope Alcoy","Tiempo de lectura":"2 minutos"},"schema":{"@context":"https:\/\/schema.org","@graph":[{"@type":"Article","@id":"https:\/\/www.copealcoy.es\/es\/cara-a-cara-en-cope-alcoy-estas-son-las-viviendas-publicas-que-promete-el-psoe-en-su-programa-electoral\/#article","isPartOf":{"@id":"https:\/\/www.copealcoy.es\/es\/cara-a-cara-en-cope-alcoy-estas-son-las-viviendas-publicas-que-promete-el-psoe-en-su-programa-electoral\/"},"author":{"name":"Cope Alcoy","@id":"https:\/\/www.copealcoy.es\/es\/#\/schema\/person\/e777c87fa024e57d40170af9df39882c"},"headline":"Cara a cara en COPE ALCOY: estas son las viviendas p\u00fablicas que promete el PSOE en su programa electoral","datePublished":"2023-05-16T10:29:48+00:00","dateModified":"2023-05-16T11:05:48+00:00","mainEntityOfPage":{"@id":"https:\/\/www.copealcoy.es\/es\/cara-a-cara-en-cope-alcoy-estas-son-las-viviendas-publicas-que-promete-el-psoe-en-su-programa-electoral\/"},"wordCount":384,"commentCount":0,"image":{"@id":"https:\/\/www.copealcoy.es\/es\/cara-a-cara-en-cope-alcoy-estas-son-las-viviendas-publicas-que-promete-el-psoe-en-su-programa-electoral\/#primaryimage"},"thumbnailUrl":"https:\/\/www.copealcoy.es\/wp-content\/uploads\/2015\/08\/yPr7rYR.jpg","keywords":["Alcoy","PP","PSOE","Vivienda"],"articleSection":["Actualidad","Alcoy","Noticias","Pol\u00edtica y Econom\u00eda"],"inLanguage":"es"},{"@type":"WebPage","@id":"https:\/\/www.copealcoy.es\/es\/cara-a-cara-en-cope-alcoy-estas-son-las-viviendas-publicas-que-promete-el-psoe-en-su-programa-electoral\/","url":"https:\/\/www.copealcoy.es\/es\/cara-a-cara-en-cope-alcoy-estas-son-las-viviendas-publicas-que-promete-el-psoe-en-su-programa-electoral\/","name":"Cara a cara en COPE ALCOY: estas son las viviendas p\u00fablicas que promete el PSOE en su programa electoral - COPE Alcoy","isPartOf":{"@id":"https:\/\/www.copealcoy.es\/es\/#website"},"primaryImageOfPage":{"@id":"https:\/\/www.copealcoy.es\/es\/cara-a-cara-en-cope-alcoy-estas-son-las-viviendas-publicas-que-promete-el-psoe-en-su-programa-electoral\/#primaryimage"},"image":{"@id":"https:\/\/www.copealcoy.es\/es\/cara-a-cara-en-cope-alcoy-estas-son-las-viviendas-publicas-que-promete-el-psoe-en-su-programa-electoral\/#primaryimage"},"thumbnailUrl":"https:\/\/www.copealcoy.es\/wp-content\/uploads\/2015\/08\/yPr7rYR.jpg","datePublished":"2023-05-16T10:29:48+00:00","dateModified":"2023-05-16T11:05:48+00:00","author":{"@id":"https:\/\/www.copealcoy.es\/es\/#\/schema\/person\/e777c87fa024e57d40170af9df39882c"},"description":"\"Construiremos m\u00e1s de 150 viviendas asequibles\". Esa es una de las promesas que hace el PSOE en su programa electoral para las Elecciones Municipales y que manifest\u00f3 tambi\u00e9n este lunes el candidato de los socialistas, Toni Franc\u00e9s, en el primer cara a cara organizado por Cope Alcoy.","breadcrumb":{"@id":"https:\/\/www.copealcoy.es\/es\/cara-a-cara-en-cope-alcoy-estas-son-las-viviendas-publicas-que-promete-el-psoe-en-su-programa-electoral\/#breadcrumb"},"inLanguage":"es","potentialAction":[{"@type":"ReadAction","target":["https:\/\/www.copealcoy.es\/es\/cara-a-cara-en-cope-alcoy-estas-son-las-viviendas-publicas-que-promete-el-psoe-en-su-programa-electoral\/"]}]},{"@type":"ImageObject","inLanguage":"es","@id":"https:\/\/www.copealcoy.es\/es\/cara-a-cara-en-cope-alcoy-estas-son-las-viviendas-publicas-que-promete-el-psoe-en-su-programa-electoral\/#primaryimage","url":"https:\/\/www.copealcoy.es\/wp-content\/uploads\/2015\/08\/yPr7rYR.jpg","contentUrl":"https:\/\/www.copealcoy.es\/wp-content\/uploads\/2015\/08\/yPr7rYR.jpg","width":1440,"height":1080,"caption":"El proyecto contempla la rehabilitaci\u00f3n de las actuales viviendas"},{"@type":"BreadcrumbList","@id":"https:\/\/www.copealcoy.es\/es\/cara-a-cara-en-cope-alcoy-estas-son-las-viviendas-publicas-que-promete-el-psoe-en-su-programa-electoral\/#breadcrumb","itemListElement":[{"@type":"ListItem","position":1,"name":"Portada","item":"https:\/\/www.copealcoy.es\/es\/"},{"@type":"ListItem","position":2,"name":"Cara a cara en COPE ALCOY: estas son las viviendas p\u00fablicas que promete el PSOE en su programa electoral"}]},{"@type":"WebSite","@id":"https:\/\/www.copealcoy.es\/es\/#website","url":"https:\/\/www.copealcoy.es\/es\/","name":"COPE Alcoy","description":"Emisora COPE de radio local con emisi\u00f3n online. Pont de Sant Jordi 8-10 03803 Alcoy","potentialAction":[{"@type":"SearchAction","target":{"@type":"EntryPoint","urlTemplate":"https:\/\/www.copealcoy.es\/es\/?s={search_term_string}"},"query-input":{"@type":"PropertyValueSpecification","valueRequired":true,"valueName":"search_term_string"}}],"inLanguage":"es"},{"@type":"Person","@id":"https:\/\/www.copealcoy.es\/es\/#\/schema\/person\/e777c87fa024e57d40170af9df39882c","name":"Cope Alcoy","image":{"@type":"ImageObject","inLanguage":"es","@id":"https:\/\/secure.gravatar.com\/avatar\/bb65d0283347e303893ba14f0692005417c1e0e690a325a4c5d8bb2b3943ee14?s=96&d=mm&r=g","url":"https:\/\/secure.gravatar.com\/avatar\/bb65d0283347e303893ba14f0692005417c1e0e690a325a4c5d8bb2b3943ee14?s=96&d=mm&r=g","contentUrl":"https:\/\/secure.gravatar.com\/avatar\/bb65d0283347e303893ba14f0692005417c1e0e690a325a4c5d8bb2b3943ee14?s=96&d=mm&r=g","caption":"Cope Alcoy"}}]}},"_links":{"self":[{"href":"https:\/\/www.copealcoy.es\/es\/wp-json\/wp\/v2\/posts\/115793","targetHints":{"allow":["GET"]}}],"collection":[{"href":"https:\/\/www.copealcoy.es\/es\/wp-json\/wp\/v2\/posts"}],"about":[{"href":"https:\/\/www.copealcoy.es\/es\/wp-json\/wp\/v2\/types\/post"}],"author":[{"embeddable":true,"href":"https:\/\/www.copealcoy.es\/es\/wp-json\/wp\/v2\/users\/1"}],"replies":[{"embeddable":true,"href":"https:\/\/www.copealcoy.es\/es\/wp-json\/wp\/v2\/comments?post=115793"}],"version-history":[{"count":0,"href":"https:\/\/www.copealcoy.es\/es\/wp-json\/wp\/v2\/posts\/115793\/revisions"}],"wp:featuredmedia":[{"embeddable":true,"href":"https:\/\/www.copealcoy.es\/es\/wp-json\/wp\/v2\/media\/14965"}],"wp:attachment":[{"href":"https:\/\/www.copealcoy.es\/es\/wp-json\/wp\/v2\/media?parent=115793"}],"wp:term":[{"taxonomy":"category","embeddable":true,"href":"https:\/\/www.copealcoy.es\/es\/wp-json\/wp\/v2\/categories?post=115793"},{"taxonomy":"post_tag","embeddable":true,"href":"https:\/\/www.copealcoy.es\/es\/wp-json\/wp\/v2\/tags?post=115793"}],"curies":[{"name":"wp","href":"https:\/\/api.w.org\/{rel}","templated":true}]}}