{"id":115658,"date":"2023-05-15T08:15:10","date_gmt":"2023-05-15T07:15:10","guid":{"rendered":"https:\/\/www.copealcoy.es\/?p=115658"},"modified":"2023-05-15T15:52:35","modified_gmt":"2023-05-15T14:52:35","slug":"el-textil-incrementa-su-cifra-de-negocio-en-un-13-con-respecto-a-2019","status":"publish","type":"post","link":"https:\/\/www.copealcoy.es\/es\/el-textil-incrementa-su-cifra-de-negocio-en-un-13-con-respecto-a-2019\/","title":{"rendered":"El textil incrementa su cifra de negocio en un 13% con respecto a 2019"},"content":{"rendered":"<p style=\"text-align: justify;\">El <strong>sector textil de nuestras comarcas<\/strong> ha conseguido sobreponerse a <strong>la complicada situaci\u00f3n econ\u00f3mica<\/strong> que hemos atravesado en los \u00faltimos a\u00f1os a causa de la pandemia de la Covid-19 y la Guerra de Ucrania. La <a href=\"https:\/\/ateval.com\/\" target=\"_blank\" rel=\"noopener\"><strong><span style=\"color: #0000ff;\">Asociaci\u00f3n de Empresarios Textiles de la Comunitat Valenciana<\/span><\/strong><\/a> (ATEVAL) <strong>cifra en un 13% el crecimiento del volumen de negocio<\/strong> si comparamos estas cifras con las de a\u00f1os anteriores.<\/p>\n<p style=\"text-align: justify;\">As\u00ed lo record\u00f3 en COPE ALCOY el presidente de este organismo, <strong>Pepe Serna<\/strong>, en declaraciones al espacio #DidacTIC que dirige en esta emisora <strong>nuestra compa\u00f1ero Ximo Sandoval<\/strong>. Serna hizo referencia adem\u00e1s a <strong>la capacidad de resiliencia<\/strong> que han tenido nuestras empresas de cara a afrontar los diferentes retos que han ido apareciendo en el camino &#8220;<em>el sector es muy resiliente y, afortunadamente, ha podido aguantar con holgura la crisis sanitaria del Coronavirus, la crisis energ\u00e9tica y la Guerra de Ucrania. Se ha mantenido el nivel de empleo, el n\u00famero de empresas y la cifra de negocio ha crecido un 13%<\/em>&#8220;, matizaba. Adem\u00e1s pon\u00eda sobre la mesa otro dato interesante como <strong>el incremento de las exportaciones en un 18%<\/strong> &#8220;<em>somos un sector de primera necesidad y eso no quita que haya dificultades derivadas de la crisis de energ\u00eda, el aumento de precios o la inflaci\u00f3n. Seguimos adelante para mantenernos y superar estos datos de cara al futuro m\u00e1s inmediato<\/em>&#8220;, afirmaba Pepe Serna.<\/p>\n<p><strong><span style=\"color: #0000ff;\">La formaci\u00f3n, pieza clave en el futuro de las empresas<\/span><\/strong><\/p>\n<p style=\"text-align: justify;\">Apuntar que la <strong>oferta formativa<\/strong>\u00a0para\u00a0<strong>nutrir al textil de nuevos profesionales<\/strong>\u00a0se va a ver notablemente fortalecida en nuestras comarcas con la impartici\u00f3n del\u00a0<strong>Grado en Ingenier\u00eda de Tecnolog\u00eda, Dise\u00f1o y Moda Textil en el Campus de Alcoy de la UPV<\/strong>. La iniciativa, tal y como contaba COPE ALCOY a principios de febrero,\u00a0<strong>ser\u00e1 una realidad a partir del curso acad\u00e9mico 2024\/2025<\/strong>\u00a0despu\u00e9s de haber sido ratificada la propuesta por parte del\u00a0<strong>Consejo de Gobierno de la misma Universitat Polit\u00e8cnica de Val\u00e8ncia (UPV)<\/strong>.<\/p>\n<p style=\"text-align: justify;\">Desde el mismo sector empresarial recuerdan que\u00a0<strong>el Grado en Ingenier\u00eda Textil ser\u00e1 pionero en Espa\u00f1a<\/strong>\u00a0y valoran muy positivamente que\u00a0<strong>vaya a impartirse en el Campus de Alcoy de la UPV<\/strong>. Adem\u00e1s dejan claro que\u00a0<strong>la formaci\u00f3n es una pieza clave para el futuro de las empresas textiles<\/strong>\u00a0puesto que precisan tanto ingenieros como personal preparado en formaci\u00f3n profesional.<\/p>\n","protected":false},"excerpt":{"rendered":"<p>El sector textil de nuestras comarcas ha conseguido sobreponerse a la complicada situaci\u00f3n econ\u00f3mica que hemos atravesado en los \u00faltimos&#8230;<\/p>\n","protected":false},"author":1,"featured_media":70679,"comment_status":"open","ping_status":"open","sticky":false,"template":"","format":"standard","meta":{"footnotes":""},"categories":[6909,97,75,79],"tags":[1494,4965,12687,11011,3757],"class_list":["post-115658","post","type-post","status-publish","format-standard","has-post-thumbnail","hentry","category-actualidad","category-alcoy","category-noticias","category-politicayeconomia","tag-alcoy","tag-ateval","tag-cifras","tag-pepe-serna","tag-volumen-de-negocio"],"yoast_head":"<!-- This site is optimized with the Yoast SEO plugin v27.3 - https:\/\/yoast.com\/product\/yoast-seo-wordpress\/ -->\n<title>El textil incrementa su cifra de negocio en un 13% con respecto a 2019 - COPE Alcoy<\/title>\n<meta name=\"description\" content=\"El sector textil de nuestras comarcas ha conseguido sobreponerse a la complicada situaci\u00f3n econ\u00f3mica de los \u00faltimos a\u00f1os\" \/>\n<meta name=\"robots\" content=\"index, follow, max-snippet:-1, max-image-preview:large, max-video-preview:-1\" \/>\n<link rel=\"canonical\" href=\"https:\/\/www.copealcoy.es\/es\/el-textil-incrementa-su-cifra-de-negocio-en-un-13-con-respecto-a-2019\/\" \/>\n<meta property=\"og:locale\" content=\"es_ES\" \/>\n<meta property=\"og:type\" content=\"article\" \/>\n<meta property=\"og:title\" content=\"El textil incrementa su cifra de negocio en un 13% con respecto a 2019 - COPE Alcoy\" \/>\n<meta property=\"og:description\" content=\"El sector textil de nuestras comarcas ha conseguido sobreponerse a la complicada situaci\u00f3n econ\u00f3mica de los \u00faltimos a\u00f1os\" \/>\n<meta property=\"og:url\" content=\"https:\/\/www.copealcoy.es\/es\/el-textil-incrementa-su-cifra-de-negocio-en-un-13-con-respecto-a-2019\/\" \/>\n<meta property=\"og:site_name\" content=\"COPE Alcoy\" \/>\n<meta property=\"article:published_time\" content=\"2023-05-15T07:15:10+00:00\" \/>\n<meta property=\"article:modified_time\" content=\"2023-05-15T14:52:35+00:00\" \/>\n<meta property=\"og:image\" content=\"https:\/\/www.copealcoy.es\/wp-content\/uploads\/2021\/02\/Economi\u0301a-Circular-en-el-Sector-Textil-e1662374363659.jpg\" \/>\n\t<meta property=\"og:image:width\" content=\"640\" \/>\n\t<meta property=\"og:image:height\" content=\"428\" \/>\n\t<meta property=\"og:image:type\" content=\"image\/jpeg\" \/>\n<meta name=\"author\" content=\"Cope Alcoy\" \/>\n<meta name=\"twitter:label1\" content=\"Escrito por\" \/>\n\t<meta name=\"twitter:data1\" content=\"Cope Alcoy\" \/>\n\t<meta name=\"twitter:label2\" content=\"Tiempo de lectura\" \/>\n\t<meta name=\"twitter:data2\" content=\"2 minutos\" \/>\n<script type=\"application\/ld+json\" class=\"yoast-schema-graph\">{\"@context\":\"https:\\\/\\\/schema.org\",\"@graph\":[{\"@type\":\"Article\",\"@id\":\"https:\\\/\\\/www.copealcoy.es\\\/es\\\/el-textil-incrementa-su-cifra-de-negocio-en-un-13-con-respecto-a-2019\\\/#article\",\"isPartOf\":{\"@id\":\"https:\\\/\\\/www.copealcoy.es\\\/es\\\/el-textil-incrementa-su-cifra-de-negocio-en-un-13-con-respecto-a-2019\\\/\"},\"author\":{\"name\":\"Cope Alcoy\",\"@id\":\"https:\\\/\\\/www.copealcoy.es\\\/es\\\/#\\\/schema\\\/person\\\/e777c87fa024e57d40170af9df39882c\"},\"headline\":\"El textil incrementa su cifra de negocio en un 13% con respecto a 2019\",\"datePublished\":\"2023-05-15T07:15:10+00:00\",\"dateModified\":\"2023-05-15T14:52:35+00:00\",\"mainEntityOfPage\":{\"@id\":\"https:\\\/\\\/www.copealcoy.es\\\/es\\\/el-textil-incrementa-su-cifra-de-negocio-en-un-13-con-respecto-a-2019\\\/\"},\"wordCount\":414,\"commentCount\":0,\"image\":{\"@id\":\"https:\\\/\\\/www.copealcoy.es\\\/es\\\/el-textil-incrementa-su-cifra-de-negocio-en-un-13-con-respecto-a-2019\\\/#primaryimage\"},\"thumbnailUrl\":\"https:\\\/\\\/www.copealcoy.es\\\/wp-content\\\/uploads\\\/2021\\\/02\\\/Economi\u0301a-Circular-en-el-Sector-Textil-e1662374363659.jpg\",\"keywords\":[\"Alcoy\",\"ATEVAL\",\"cifras\",\"Pepe Serna\",\"Volumen de Negocio\"],\"articleSection\":[\"Actualidad\",\"Alcoy\",\"Noticias\",\"Pol\u00edtica y Econom\u00eda\"],\"inLanguage\":\"es\"},{\"@type\":\"WebPage\",\"@id\":\"https:\\\/\\\/www.copealcoy.es\\\/es\\\/el-textil-incrementa-su-cifra-de-negocio-en-un-13-con-respecto-a-2019\\\/\",\"url\":\"https:\\\/\\\/www.copealcoy.es\\\/es\\\/el-textil-incrementa-su-cifra-de-negocio-en-un-13-con-respecto-a-2019\\\/\",\"name\":\"El textil incrementa su cifra de negocio en un 13% con respecto a 2019 - COPE Alcoy\",\"isPartOf\":{\"@id\":\"https:\\\/\\\/www.copealcoy.es\\\/es\\\/#website\"},\"primaryImageOfPage\":{\"@id\":\"https:\\\/\\\/www.copealcoy.es\\\/es\\\/el-textil-incrementa-su-cifra-de-negocio-en-un-13-con-respecto-a-2019\\\/#primaryimage\"},\"image\":{\"@id\":\"https:\\\/\\\/www.copealcoy.es\\\/es\\\/el-textil-incrementa-su-cifra-de-negocio-en-un-13-con-respecto-a-2019\\\/#primaryimage\"},\"thumbnailUrl\":\"https:\\\/\\\/www.copealcoy.es\\\/wp-content\\\/uploads\\\/2021\\\/02\\\/Economi\u0301a-Circular-en-el-Sector-Textil-e1662374363659.jpg\",\"datePublished\":\"2023-05-15T07:15:10+00:00\",\"dateModified\":\"2023-05-15T14:52:35+00:00\",\"author\":{\"@id\":\"https:\\\/\\\/www.copealcoy.es\\\/es\\\/#\\\/schema\\\/person\\\/e777c87fa024e57d40170af9df39882c\"},\"description\":\"El sector textil de nuestras comarcas ha conseguido sobreponerse a la complicada situaci\u00f3n econ\u00f3mica de los \u00faltimos a\u00f1os\",\"breadcrumb\":{\"@id\":\"https:\\\/\\\/www.copealcoy.es\\\/es\\\/el-textil-incrementa-su-cifra-de-negocio-en-un-13-con-respecto-a-2019\\\/#breadcrumb\"},\"inLanguage\":\"es\",\"potentialAction\":[{\"@type\":\"ReadAction\",\"target\":[\"https:\\\/\\\/www.copealcoy.es\\\/es\\\/el-textil-incrementa-su-cifra-de-negocio-en-un-13-con-respecto-a-2019\\\/\"]}]},{\"@type\":\"ImageObject\",\"inLanguage\":\"es\",\"@id\":\"https:\\\/\\\/www.copealcoy.es\\\/es\\\/el-textil-incrementa-su-cifra-de-negocio-en-un-13-con-respecto-a-2019\\\/#primaryimage\",\"url\":\"https:\\\/\\\/www.copealcoy.es\\\/wp-content\\\/uploads\\\/2021\\\/02\\\/Economi\u0301a-Circular-en-el-Sector-Textil-e1662374363659.jpg\",\"contentUrl\":\"https:\\\/\\\/www.copealcoy.es\\\/wp-content\\\/uploads\\\/2021\\\/02\\\/Economi\u0301a-Circular-en-el-Sector-Textil-e1662374363659.jpg\",\"width\":640,\"height\":428},{\"@type\":\"BreadcrumbList\",\"@id\":\"https:\\\/\\\/www.copealcoy.es\\\/es\\\/el-textil-incrementa-su-cifra-de-negocio-en-un-13-con-respecto-a-2019\\\/#breadcrumb\",\"itemListElement\":[{\"@type\":\"ListItem\",\"position\":1,\"name\":\"Portada\",\"item\":\"https:\\\/\\\/www.copealcoy.es\\\/es\\\/\"},{\"@type\":\"ListItem\",\"position\":2,\"name\":\"El textil incrementa su cifra de negocio en un 13% con respecto a 2019\"}]},{\"@type\":\"WebSite\",\"@id\":\"https:\\\/\\\/www.copealcoy.es\\\/es\\\/#website\",\"url\":\"https:\\\/\\\/www.copealcoy.es\\\/es\\\/\",\"name\":\"COPE Alcoy\",\"description\":\"Emisora COPE de radio local con emisi\u00f3n online. Pont de Sant Jordi 8-10 03803 Alcoy\",\"potentialAction\":[{\"@type\":\"SearchAction\",\"target\":{\"@type\":\"EntryPoint\",\"urlTemplate\":\"https:\\\/\\\/www.copealcoy.es\\\/es\\\/?s={search_term_string}\"},\"query-input\":{\"@type\":\"PropertyValueSpecification\",\"valueRequired\":true,\"valueName\":\"search_term_string\"}}],\"inLanguage\":\"es\"},{\"@type\":\"Person\",\"@id\":\"https:\\\/\\\/www.copealcoy.es\\\/es\\\/#\\\/schema\\\/person\\\/e777c87fa024e57d40170af9df39882c\",\"name\":\"Cope Alcoy\",\"image\":{\"@type\":\"ImageObject\",\"inLanguage\":\"es\",\"@id\":\"https:\\\/\\\/secure.gravatar.com\\\/avatar\\\/bb65d0283347e303893ba14f0692005417c1e0e690a325a4c5d8bb2b3943ee14?s=96&d=mm&r=g\",\"url\":\"https:\\\/\\\/secure.gravatar.com\\\/avatar\\\/bb65d0283347e303893ba14f0692005417c1e0e690a325a4c5d8bb2b3943ee14?s=96&d=mm&r=g\",\"contentUrl\":\"https:\\\/\\\/secure.gravatar.com\\\/avatar\\\/bb65d0283347e303893ba14f0692005417c1e0e690a325a4c5d8bb2b3943ee14?s=96&d=mm&r=g\",\"caption\":\"Cope Alcoy\"}}]}<\/script>\n<!-- \/ Yoast SEO plugin. -->","yoast_head_json":{"title":"El textil incrementa su cifra de negocio en un 13% con respecto a 2019 - COPE Alcoy","description":"El sector textil de nuestras comarcas ha conseguido sobreponerse a la complicada situaci\u00f3n econ\u00f3mica de los \u00faltimos a\u00f1os","robots":{"index":"index","follow":"follow","max-snippet":"max-snippet:-1","max-image-preview":"max-image-preview:large","max-video-preview":"max-video-preview:-1"},"canonical":"https:\/\/www.copealcoy.es\/es\/el-textil-incrementa-su-cifra-de-negocio-en-un-13-con-respecto-a-2019\/","og_locale":"es_ES","og_type":"article","og_title":"El textil incrementa su cifra de negocio en un 13% con respecto a 2019 - COPE Alcoy","og_description":"El sector textil de nuestras comarcas ha conseguido sobreponerse a la complicada situaci\u00f3n econ\u00f3mica de los \u00faltimos a\u00f1os","og_url":"https:\/\/www.copealcoy.es\/es\/el-textil-incrementa-su-cifra-de-negocio-en-un-13-con-respecto-a-2019\/","og_site_name":"COPE Alcoy","article_published_time":"2023-05-15T07:15:10+00:00","article_modified_time":"2023-05-15T14:52:35+00:00","og_image":[{"width":640,"height":428,"url":"https:\/\/www.copealcoy.es\/wp-content\/uploads\/2021\/02\/Economi\u0301a-Circular-en-el-Sector-Textil-e1662374363659.jpg","type":"image\/jpeg"}],"author":"Cope Alcoy","twitter_misc":{"Escrito por":"Cope Alcoy","Tiempo de lectura":"2 minutos"},"schema":{"@context":"https:\/\/schema.org","@graph":[{"@type":"Article","@id":"https:\/\/www.copealcoy.es\/es\/el-textil-incrementa-su-cifra-de-negocio-en-un-13-con-respecto-a-2019\/#article","isPartOf":{"@id":"https:\/\/www.copealcoy.es\/es\/el-textil-incrementa-su-cifra-de-negocio-en-un-13-con-respecto-a-2019\/"},"author":{"name":"Cope Alcoy","@id":"https:\/\/www.copealcoy.es\/es\/#\/schema\/person\/e777c87fa024e57d40170af9df39882c"},"headline":"El textil incrementa su cifra de negocio en un 13% con respecto a 2019","datePublished":"2023-05-15T07:15:10+00:00","dateModified":"2023-05-15T14:52:35+00:00","mainEntityOfPage":{"@id":"https:\/\/www.copealcoy.es\/es\/el-textil-incrementa-su-cifra-de-negocio-en-un-13-con-respecto-a-2019\/"},"wordCount":414,"commentCount":0,"image":{"@id":"https:\/\/www.copealcoy.es\/es\/el-textil-incrementa-su-cifra-de-negocio-en-un-13-con-respecto-a-2019\/#primaryimage"},"thumbnailUrl":"https:\/\/www.copealcoy.es\/wp-content\/uploads\/2021\/02\/Economi\u0301a-Circular-en-el-Sector-Textil-e1662374363659.jpg","keywords":["Alcoy","ATEVAL","cifras","Pepe Serna","Volumen de Negocio"],"articleSection":["Actualidad","Alcoy","Noticias","Pol\u00edtica y Econom\u00eda"],"inLanguage":"es"},{"@type":"WebPage","@id":"https:\/\/www.copealcoy.es\/es\/el-textil-incrementa-su-cifra-de-negocio-en-un-13-con-respecto-a-2019\/","url":"https:\/\/www.copealcoy.es\/es\/el-textil-incrementa-su-cifra-de-negocio-en-un-13-con-respecto-a-2019\/","name":"El textil incrementa su cifra de negocio en un 13% con respecto a 2019 - COPE Alcoy","isPartOf":{"@id":"https:\/\/www.copealcoy.es\/es\/#website"},"primaryImageOfPage":{"@id":"https:\/\/www.copealcoy.es\/es\/el-textil-incrementa-su-cifra-de-negocio-en-un-13-con-respecto-a-2019\/#primaryimage"},"image":{"@id":"https:\/\/www.copealcoy.es\/es\/el-textil-incrementa-su-cifra-de-negocio-en-un-13-con-respecto-a-2019\/#primaryimage"},"thumbnailUrl":"https:\/\/www.copealcoy.es\/wp-content\/uploads\/2021\/02\/Economi\u0301a-Circular-en-el-Sector-Textil-e1662374363659.jpg","datePublished":"2023-05-15T07:15:10+00:00","dateModified":"2023-05-15T14:52:35+00:00","author":{"@id":"https:\/\/www.copealcoy.es\/es\/#\/schema\/person\/e777c87fa024e57d40170af9df39882c"},"description":"El sector textil de nuestras comarcas ha conseguido sobreponerse a la complicada situaci\u00f3n econ\u00f3mica de los \u00faltimos a\u00f1os","breadcrumb":{"@id":"https:\/\/www.copealcoy.es\/es\/el-textil-incrementa-su-cifra-de-negocio-en-un-13-con-respecto-a-2019\/#breadcrumb"},"inLanguage":"es","potentialAction":[{"@type":"ReadAction","target":["https:\/\/www.copealcoy.es\/es\/el-textil-incrementa-su-cifra-de-negocio-en-un-13-con-respecto-a-2019\/"]}]},{"@type":"ImageObject","inLanguage":"es","@id":"https:\/\/www.copealcoy.es\/es\/el-textil-incrementa-su-cifra-de-negocio-en-un-13-con-respecto-a-2019\/#primaryimage","url":"https:\/\/www.copealcoy.es\/wp-content\/uploads\/2021\/02\/Economi\u0301a-Circular-en-el-Sector-Textil-e1662374363659.jpg","contentUrl":"https:\/\/www.copealcoy.es\/wp-content\/uploads\/2021\/02\/Economi\u0301a-Circular-en-el-Sector-Textil-e1662374363659.jpg","width":640,"height":428},{"@type":"BreadcrumbList","@id":"https:\/\/www.copealcoy.es\/es\/el-textil-incrementa-su-cifra-de-negocio-en-un-13-con-respecto-a-2019\/#breadcrumb","itemListElement":[{"@type":"ListItem","position":1,"name":"Portada","item":"https:\/\/www.copealcoy.es\/es\/"},{"@type":"ListItem","position":2,"name":"El textil incrementa su cifra de negocio en un 13% con respecto a 2019"}]},{"@type":"WebSite","@id":"https:\/\/www.copealcoy.es\/es\/#website","url":"https:\/\/www.copealcoy.es\/es\/","name":"COPE Alcoy","description":"Emisora COPE de radio local con emisi\u00f3n online. Pont de Sant Jordi 8-10 03803 Alcoy","potentialAction":[{"@type":"SearchAction","target":{"@type":"EntryPoint","urlTemplate":"https:\/\/www.copealcoy.es\/es\/?s={search_term_string}"},"query-input":{"@type":"PropertyValueSpecification","valueRequired":true,"valueName":"search_term_string"}}],"inLanguage":"es"},{"@type":"Person","@id":"https:\/\/www.copealcoy.es\/es\/#\/schema\/person\/e777c87fa024e57d40170af9df39882c","name":"Cope Alcoy","image":{"@type":"ImageObject","inLanguage":"es","@id":"https:\/\/secure.gravatar.com\/avatar\/bb65d0283347e303893ba14f0692005417c1e0e690a325a4c5d8bb2b3943ee14?s=96&d=mm&r=g","url":"https:\/\/secure.gravatar.com\/avatar\/bb65d0283347e303893ba14f0692005417c1e0e690a325a4c5d8bb2b3943ee14?s=96&d=mm&r=g","contentUrl":"https:\/\/secure.gravatar.com\/avatar\/bb65d0283347e303893ba14f0692005417c1e0e690a325a4c5d8bb2b3943ee14?s=96&d=mm&r=g","caption":"Cope Alcoy"}}]}},"_links":{"self":[{"href":"https:\/\/www.copealcoy.es\/es\/wp-json\/wp\/v2\/posts\/115658","targetHints":{"allow":["GET"]}}],"collection":[{"href":"https:\/\/www.copealcoy.es\/es\/wp-json\/wp\/v2\/posts"}],"about":[{"href":"https:\/\/www.copealcoy.es\/es\/wp-json\/wp\/v2\/types\/post"}],"author":[{"embeddable":true,"href":"https:\/\/www.copealcoy.es\/es\/wp-json\/wp\/v2\/users\/1"}],"replies":[{"embeddable":true,"href":"https:\/\/www.copealcoy.es\/es\/wp-json\/wp\/v2\/comments?post=115658"}],"version-history":[{"count":0,"href":"https:\/\/www.copealcoy.es\/es\/wp-json\/wp\/v2\/posts\/115658\/revisions"}],"wp:featuredmedia":[{"embeddable":true,"href":"https:\/\/www.copealcoy.es\/es\/wp-json\/wp\/v2\/media\/70679"}],"wp:attachment":[{"href":"https:\/\/www.copealcoy.es\/es\/wp-json\/wp\/v2\/media?parent=115658"}],"wp:term":[{"taxonomy":"category","embeddable":true,"href":"https:\/\/www.copealcoy.es\/es\/wp-json\/wp\/v2\/categories?post=115658"},{"taxonomy":"post_tag","embeddable":true,"href":"https:\/\/www.copealcoy.es\/es\/wp-json\/wp\/v2\/tags?post=115658"}],"curies":[{"name":"wp","href":"https:\/\/api.w.org\/{rel}","templated":true}]}}