{"id":115628,"date":"2023-05-12T08:00:37","date_gmt":"2023-05-12T07:00:37","guid":{"rendered":"https:\/\/www.copealcoy.es\/?p=115628"},"modified":"2023-05-15T09:23:44","modified_gmt":"2023-05-15T08:23:44","slug":"los-partidos-politicos-arrancan-la-campana-electoral-en-alcoy","status":"publish","type":"post","link":"https:\/\/www.copealcoy.es\/es\/los-partidos-politicos-arrancan-la-campana-electoral-en-alcoy\/","title":{"rendered":"Los partidos pol\u00edticos arrancan la campa\u00f1a electoral en Alcoy"},"content":{"rendered":"<p>Arranca la <strong>campa\u00f1a electoral<\/strong> en la ciudad. Los partidos pol\u00edticos ya pueden, desde esta pasada madrugada, pedir el voto a la ciudadan\u00eda para las <strong>Elecciones Municipales y Auton\u00f3micas del pr\u00f3ximo 28 de mayo<\/strong>.<\/p>\n<p>El inicio de campa\u00f1a ha estado marcado por la tradicional pegada de carteles. En Alcoy, la mayor\u00eda de las formaciones la han realizado en El Teix.<\/p>\n<p>La campa\u00f1a durar\u00e1 <strong>hasta la madrugada del 26 al 27 de mayo<\/strong>. Concretamente, el 27 a partir de las 00:00h, cuando comience la jornada de reflexi\u00f3n antes de las Elecciones del domingo 28 de mayo.<\/p>\n<p>Pero, \u00bfqu\u00e9 implica entrar en campa\u00f1a electoral? \u00bfQu\u00e9 diferencias hay respecto al periodo anterior? &#8220;A d\u00eda de hoy la \u00fanica diferencia real que existe es el <strong>apelar directamente a que la gente te vote<\/strong>, utilizar la palabra &#8216;voto&#8217; en los diferentes mensajes que se pueden realizar y una serie de posibilidades que te da la ley sobre la i<strong>nversi\u00f3n que puedes realizar tanto en los medios de comunicaci\u00f3n como en las redes sociales para promocionar tu campa\u00f1a<\/strong>&#8220;, explica <strong>Alex Comes<\/strong>, polit\u00f3logo, en declaraciones a <strong>Cope Alcoy<\/strong>.<\/p>\n<p>Y es que desde hace unos a\u00f1os vivimos en una &#8216;campa\u00f1a permanente&#8217;. &#8220;No es un fen\u00f3meno nuevo, naci\u00f3 en los a\u00f1os 60 en Estados Unidos. Es la estrategia que pueden seguir tanto Gobierno, principalmente, como oposici\u00f3n, donde el plazo electoral real son los cuatro a\u00f1os de la legislatura. Durante esos cuatro a\u00f1os se realiza una funci\u00f3n de comunicaci\u00f3n pol\u00edtica directa, proactiva e intensa que, en muchos casos, se diferencia muy poco de la campa\u00f1a electoral&#8221;, apunta Comes. Y a\u00f1ade: &#8220;Los partidos que est\u00e1n gobernando utilizan en muchos casos la instituci\u00f3n para realizar esa campa\u00f1a permanente. Desde que se convocan elecciones, no se pueden utilizar las instituciones para esa campa\u00f1a y pasan a realizarla desde los partidos pol\u00edticos&#8221;.<\/p>\n<p>Para el polit\u00f3logo se acercan unas elecciones sobre las que reina la incertidumbre. &#8220;<strong>Vamos a unas elecciones bastante impredecibles<\/strong>. La tendencia a nivel nacional es que <strong>las personas somos cada vez menos fieles a nivel electoral<\/strong> y el porcentaje de indecisos es mayor&#8221;.<\/p>\n<p>Y as\u00ed lo se\u00f1alan los datos. &#8220;La mayor\u00eda de estudios destacan que <strong>alrededor del 20% de las personas deciden su voto en los \u00faltimos d\u00edas<\/strong> antes de los comicios. Eso demuestra la importancia que tiene, hoy en d\u00eda, la campa\u00f1a electoral&#8221;, concluye Comes.<\/p>\n","protected":false},"excerpt":{"rendered":"<p>Arranca la campa\u00f1a electoral en la ciudad. Los partidos pol\u00edticos ya pueden, desde esta pasada madrugada, pedir el voto a&#8230;<\/p>\n","protected":false},"author":1,"featured_media":115632,"comment_status":"open","ping_status":"open","sticky":false,"template":"","format":"standard","meta":{"footnotes":""},"categories":[6909,97,744,75,79],"tags":[1494,996,14729,14380],"class_list":["post-115628","post","type-post","status-publish","format-standard","has-post-thumbnail","hentry","category-actualidad","category-alcoy","category-elecciones","category-noticias","category-politicayeconomia","tag-alcoy","tag-campana-electoral","tag-elecciones-28m","tag-partidos-politicos"],"yoast_head":"<!-- This site is optimized with the Yoast SEO plugin v27.3 - https:\/\/yoast.com\/product\/yoast-seo-wordpress\/ -->\n<title>Los partidos pol\u00edticos arrancan la campa\u00f1a electoral en Alcoy - COPE Alcoy<\/title>\n<meta name=\"description\" content=\"Arranca la campa\u00f1a electoral en la ciudad. Los partidos pol\u00edticos ya pueden, desde esta pasada madrugada, pedir el voto a la ciudadan\u00eda para las Elecciones Municipales y Auton\u00f3micas del pr\u00f3ximo 28 de mayo.\" \/>\n<meta name=\"robots\" content=\"index, follow, max-snippet:-1, max-image-preview:large, max-video-preview:-1\" \/>\n<link rel=\"canonical\" href=\"https:\/\/www.copealcoy.es\/es\/los-partidos-politicos-arrancan-la-campana-electoral-en-alcoy\/\" \/>\n<meta property=\"og:locale\" content=\"es_ES\" \/>\n<meta property=\"og:type\" content=\"article\" \/>\n<meta property=\"og:title\" content=\"Los partidos pol\u00edticos arrancan la campa\u00f1a electoral en Alcoy - COPE Alcoy\" \/>\n<meta property=\"og:description\" content=\"Arranca la campa\u00f1a electoral en la ciudad. Los partidos pol\u00edticos ya pueden, desde esta pasada madrugada, pedir el voto a la ciudadan\u00eda para las Elecciones Municipales y Auton\u00f3micas del pr\u00f3ximo 28 de mayo.\" \/>\n<meta property=\"og:url\" content=\"https:\/\/www.copealcoy.es\/es\/los-partidos-politicos-arrancan-la-campana-electoral-en-alcoy\/\" \/>\n<meta property=\"og:site_name\" content=\"COPE Alcoy\" \/>\n<meta property=\"article:published_time\" content=\"2023-05-12T07:00:37+00:00\" \/>\n<meta property=\"article:modified_time\" content=\"2023-05-15T08:23:44+00:00\" \/>\n<meta property=\"og:image\" content=\"https:\/\/www.copealcoy.es\/wp-content\/uploads\/2023\/05\/WhatsApp-Image-2023-05-12-at-07.23.45-1-scaled.jpeg\" \/>\n\t<meta property=\"og:image:width\" content=\"1440\" \/>\n\t<meta property=\"og:image:height\" content=\"1080\" \/>\n\t<meta property=\"og:image:type\" content=\"image\/jpeg\" \/>\n<meta name=\"author\" content=\"Cope Alcoy\" \/>\n<meta name=\"twitter:label1\" content=\"Escrito por\" \/>\n\t<meta name=\"twitter:data1\" content=\"Cope Alcoy\" \/>\n\t<meta name=\"twitter:label2\" content=\"Tiempo de lectura\" \/>\n\t<meta name=\"twitter:data2\" content=\"1 minuto\" \/>\n<script type=\"application\/ld+json\" class=\"yoast-schema-graph\">{\"@context\":\"https:\\\/\\\/schema.org\",\"@graph\":[{\"@type\":\"Article\",\"@id\":\"https:\\\/\\\/www.copealcoy.es\\\/es\\\/los-partidos-politicos-arrancan-la-campana-electoral-en-alcoy\\\/#article\",\"isPartOf\":{\"@id\":\"https:\\\/\\\/www.copealcoy.es\\\/es\\\/los-partidos-politicos-arrancan-la-campana-electoral-en-alcoy\\\/\"},\"author\":{\"name\":\"Cope Alcoy\",\"@id\":\"https:\\\/\\\/www.copealcoy.es\\\/es\\\/#\\\/schema\\\/person\\\/e777c87fa024e57d40170af9df39882c\"},\"headline\":\"Los partidos pol\u00edticos arrancan la campa\u00f1a electoral en Alcoy\",\"datePublished\":\"2023-05-12T07:00:37+00:00\",\"dateModified\":\"2023-05-15T08:23:44+00:00\",\"mainEntityOfPage\":{\"@id\":\"https:\\\/\\\/www.copealcoy.es\\\/es\\\/los-partidos-politicos-arrancan-la-campana-electoral-en-alcoy\\\/\"},\"wordCount\":425,\"commentCount\":0,\"image\":{\"@id\":\"https:\\\/\\\/www.copealcoy.es\\\/es\\\/los-partidos-politicos-arrancan-la-campana-electoral-en-alcoy\\\/#primaryimage\"},\"thumbnailUrl\":\"https:\\\/\\\/www.copealcoy.es\\\/wp-content\\\/uploads\\\/2023\\\/05\\\/WhatsApp-Image-2023-05-12-at-07.23.45-1-scaled.jpeg\",\"keywords\":[\"Alcoy\",\"Campa\u00f1a Electoral\",\"Elecciones 28M\",\"partidos pol\u00edticos\"],\"articleSection\":[\"Actualidad\",\"Alcoy\",\"Elecciones\",\"Noticias\",\"Pol\u00edtica y Econom\u00eda\"],\"inLanguage\":\"es\"},{\"@type\":\"WebPage\",\"@id\":\"https:\\\/\\\/www.copealcoy.es\\\/es\\\/los-partidos-politicos-arrancan-la-campana-electoral-en-alcoy\\\/\",\"url\":\"https:\\\/\\\/www.copealcoy.es\\\/es\\\/los-partidos-politicos-arrancan-la-campana-electoral-en-alcoy\\\/\",\"name\":\"Los partidos pol\u00edticos arrancan la campa\u00f1a electoral en Alcoy - COPE Alcoy\",\"isPartOf\":{\"@id\":\"https:\\\/\\\/www.copealcoy.es\\\/es\\\/#website\"},\"primaryImageOfPage\":{\"@id\":\"https:\\\/\\\/www.copealcoy.es\\\/es\\\/los-partidos-politicos-arrancan-la-campana-electoral-en-alcoy\\\/#primaryimage\"},\"image\":{\"@id\":\"https:\\\/\\\/www.copealcoy.es\\\/es\\\/los-partidos-politicos-arrancan-la-campana-electoral-en-alcoy\\\/#primaryimage\"},\"thumbnailUrl\":\"https:\\\/\\\/www.copealcoy.es\\\/wp-content\\\/uploads\\\/2023\\\/05\\\/WhatsApp-Image-2023-05-12-at-07.23.45-1-scaled.jpeg\",\"datePublished\":\"2023-05-12T07:00:37+00:00\",\"dateModified\":\"2023-05-15T08:23:44+00:00\",\"author\":{\"@id\":\"https:\\\/\\\/www.copealcoy.es\\\/es\\\/#\\\/schema\\\/person\\\/e777c87fa024e57d40170af9df39882c\"},\"description\":\"Arranca la campa\u00f1a electoral en la ciudad. Los partidos pol\u00edticos ya pueden, desde esta pasada madrugada, pedir el voto a la ciudadan\u00eda para las Elecciones Municipales y Auton\u00f3micas del pr\u00f3ximo 28 de mayo.\",\"breadcrumb\":{\"@id\":\"https:\\\/\\\/www.copealcoy.es\\\/es\\\/los-partidos-politicos-arrancan-la-campana-electoral-en-alcoy\\\/#breadcrumb\"},\"inLanguage\":\"es\",\"potentialAction\":[{\"@type\":\"ReadAction\",\"target\":[\"https:\\\/\\\/www.copealcoy.es\\\/es\\\/los-partidos-politicos-arrancan-la-campana-electoral-en-alcoy\\\/\"]}]},{\"@type\":\"ImageObject\",\"inLanguage\":\"es\",\"@id\":\"https:\\\/\\\/www.copealcoy.es\\\/es\\\/los-partidos-politicos-arrancan-la-campana-electoral-en-alcoy\\\/#primaryimage\",\"url\":\"https:\\\/\\\/www.copealcoy.es\\\/wp-content\\\/uploads\\\/2023\\\/05\\\/WhatsApp-Image-2023-05-12-at-07.23.45-1-scaled.jpeg\",\"contentUrl\":\"https:\\\/\\\/www.copealcoy.es\\\/wp-content\\\/uploads\\\/2023\\\/05\\\/WhatsApp-Image-2023-05-12-at-07.23.45-1-scaled.jpeg\",\"width\":1440,\"height\":1080},{\"@type\":\"BreadcrumbList\",\"@id\":\"https:\\\/\\\/www.copealcoy.es\\\/es\\\/los-partidos-politicos-arrancan-la-campana-electoral-en-alcoy\\\/#breadcrumb\",\"itemListElement\":[{\"@type\":\"ListItem\",\"position\":1,\"name\":\"Portada\",\"item\":\"https:\\\/\\\/www.copealcoy.es\\\/es\\\/\"},{\"@type\":\"ListItem\",\"position\":2,\"name\":\"Los partidos pol\u00edticos arrancan la campa\u00f1a electoral en Alcoy\"}]},{\"@type\":\"WebSite\",\"@id\":\"https:\\\/\\\/www.copealcoy.es\\\/es\\\/#website\",\"url\":\"https:\\\/\\\/www.copealcoy.es\\\/es\\\/\",\"name\":\"COPE Alcoy\",\"description\":\"Emisora COPE de radio local con emisi\u00f3n online. Pont de Sant Jordi 8-10 03803 Alcoy\",\"potentialAction\":[{\"@type\":\"SearchAction\",\"target\":{\"@type\":\"EntryPoint\",\"urlTemplate\":\"https:\\\/\\\/www.copealcoy.es\\\/es\\\/?s={search_term_string}\"},\"query-input\":{\"@type\":\"PropertyValueSpecification\",\"valueRequired\":true,\"valueName\":\"search_term_string\"}}],\"inLanguage\":\"es\"},{\"@type\":\"Person\",\"@id\":\"https:\\\/\\\/www.copealcoy.es\\\/es\\\/#\\\/schema\\\/person\\\/e777c87fa024e57d40170af9df39882c\",\"name\":\"Cope Alcoy\",\"image\":{\"@type\":\"ImageObject\",\"inLanguage\":\"es\",\"@id\":\"https:\\\/\\\/secure.gravatar.com\\\/avatar\\\/bb65d0283347e303893ba14f0692005417c1e0e690a325a4c5d8bb2b3943ee14?s=96&d=mm&r=g\",\"url\":\"https:\\\/\\\/secure.gravatar.com\\\/avatar\\\/bb65d0283347e303893ba14f0692005417c1e0e690a325a4c5d8bb2b3943ee14?s=96&d=mm&r=g\",\"contentUrl\":\"https:\\\/\\\/secure.gravatar.com\\\/avatar\\\/bb65d0283347e303893ba14f0692005417c1e0e690a325a4c5d8bb2b3943ee14?s=96&d=mm&r=g\",\"caption\":\"Cope Alcoy\"}}]}<\/script>\n<!-- \/ Yoast SEO plugin. -->","yoast_head_json":{"title":"Los partidos pol\u00edticos arrancan la campa\u00f1a electoral en Alcoy - COPE Alcoy","description":"Arranca la campa\u00f1a electoral en la ciudad. Los partidos pol\u00edticos ya pueden, desde esta pasada madrugada, pedir el voto a la ciudadan\u00eda para las Elecciones Municipales y Auton\u00f3micas del pr\u00f3ximo 28 de mayo.","robots":{"index":"index","follow":"follow","max-snippet":"max-snippet:-1","max-image-preview":"max-image-preview:large","max-video-preview":"max-video-preview:-1"},"canonical":"https:\/\/www.copealcoy.es\/es\/los-partidos-politicos-arrancan-la-campana-electoral-en-alcoy\/","og_locale":"es_ES","og_type":"article","og_title":"Los partidos pol\u00edticos arrancan la campa\u00f1a electoral en Alcoy - COPE Alcoy","og_description":"Arranca la campa\u00f1a electoral en la ciudad. Los partidos pol\u00edticos ya pueden, desde esta pasada madrugada, pedir el voto a la ciudadan\u00eda para las Elecciones Municipales y Auton\u00f3micas del pr\u00f3ximo 28 de mayo.","og_url":"https:\/\/www.copealcoy.es\/es\/los-partidos-politicos-arrancan-la-campana-electoral-en-alcoy\/","og_site_name":"COPE Alcoy","article_published_time":"2023-05-12T07:00:37+00:00","article_modified_time":"2023-05-15T08:23:44+00:00","og_image":[{"width":1440,"height":1080,"url":"https:\/\/www.copealcoy.es\/wp-content\/uploads\/2023\/05\/WhatsApp-Image-2023-05-12-at-07.23.45-1-scaled.jpeg","type":"image\/jpeg"}],"author":"Cope Alcoy","twitter_misc":{"Escrito por":"Cope Alcoy","Tiempo de lectura":"1 minuto"},"schema":{"@context":"https:\/\/schema.org","@graph":[{"@type":"Article","@id":"https:\/\/www.copealcoy.es\/es\/los-partidos-politicos-arrancan-la-campana-electoral-en-alcoy\/#article","isPartOf":{"@id":"https:\/\/www.copealcoy.es\/es\/los-partidos-politicos-arrancan-la-campana-electoral-en-alcoy\/"},"author":{"name":"Cope Alcoy","@id":"https:\/\/www.copealcoy.es\/es\/#\/schema\/person\/e777c87fa024e57d40170af9df39882c"},"headline":"Los partidos pol\u00edticos arrancan la campa\u00f1a electoral en Alcoy","datePublished":"2023-05-12T07:00:37+00:00","dateModified":"2023-05-15T08:23:44+00:00","mainEntityOfPage":{"@id":"https:\/\/www.copealcoy.es\/es\/los-partidos-politicos-arrancan-la-campana-electoral-en-alcoy\/"},"wordCount":425,"commentCount":0,"image":{"@id":"https:\/\/www.copealcoy.es\/es\/los-partidos-politicos-arrancan-la-campana-electoral-en-alcoy\/#primaryimage"},"thumbnailUrl":"https:\/\/www.copealcoy.es\/wp-content\/uploads\/2023\/05\/WhatsApp-Image-2023-05-12-at-07.23.45-1-scaled.jpeg","keywords":["Alcoy","Campa\u00f1a Electoral","Elecciones 28M","partidos pol\u00edticos"],"articleSection":["Actualidad","Alcoy","Elecciones","Noticias","Pol\u00edtica y Econom\u00eda"],"inLanguage":"es"},{"@type":"WebPage","@id":"https:\/\/www.copealcoy.es\/es\/los-partidos-politicos-arrancan-la-campana-electoral-en-alcoy\/","url":"https:\/\/www.copealcoy.es\/es\/los-partidos-politicos-arrancan-la-campana-electoral-en-alcoy\/","name":"Los partidos pol\u00edticos arrancan la campa\u00f1a electoral en Alcoy - COPE Alcoy","isPartOf":{"@id":"https:\/\/www.copealcoy.es\/es\/#website"},"primaryImageOfPage":{"@id":"https:\/\/www.copealcoy.es\/es\/los-partidos-politicos-arrancan-la-campana-electoral-en-alcoy\/#primaryimage"},"image":{"@id":"https:\/\/www.copealcoy.es\/es\/los-partidos-politicos-arrancan-la-campana-electoral-en-alcoy\/#primaryimage"},"thumbnailUrl":"https:\/\/www.copealcoy.es\/wp-content\/uploads\/2023\/05\/WhatsApp-Image-2023-05-12-at-07.23.45-1-scaled.jpeg","datePublished":"2023-05-12T07:00:37+00:00","dateModified":"2023-05-15T08:23:44+00:00","author":{"@id":"https:\/\/www.copealcoy.es\/es\/#\/schema\/person\/e777c87fa024e57d40170af9df39882c"},"description":"Arranca la campa\u00f1a electoral en la ciudad. Los partidos pol\u00edticos ya pueden, desde esta pasada madrugada, pedir el voto a la ciudadan\u00eda para las Elecciones Municipales y Auton\u00f3micas del pr\u00f3ximo 28 de mayo.","breadcrumb":{"@id":"https:\/\/www.copealcoy.es\/es\/los-partidos-politicos-arrancan-la-campana-electoral-en-alcoy\/#breadcrumb"},"inLanguage":"es","potentialAction":[{"@type":"ReadAction","target":["https:\/\/www.copealcoy.es\/es\/los-partidos-politicos-arrancan-la-campana-electoral-en-alcoy\/"]}]},{"@type":"ImageObject","inLanguage":"es","@id":"https:\/\/www.copealcoy.es\/es\/los-partidos-politicos-arrancan-la-campana-electoral-en-alcoy\/#primaryimage","url":"https:\/\/www.copealcoy.es\/wp-content\/uploads\/2023\/05\/WhatsApp-Image-2023-05-12-at-07.23.45-1-scaled.jpeg","contentUrl":"https:\/\/www.copealcoy.es\/wp-content\/uploads\/2023\/05\/WhatsApp-Image-2023-05-12-at-07.23.45-1-scaled.jpeg","width":1440,"height":1080},{"@type":"BreadcrumbList","@id":"https:\/\/www.copealcoy.es\/es\/los-partidos-politicos-arrancan-la-campana-electoral-en-alcoy\/#breadcrumb","itemListElement":[{"@type":"ListItem","position":1,"name":"Portada","item":"https:\/\/www.copealcoy.es\/es\/"},{"@type":"ListItem","position":2,"name":"Los partidos pol\u00edticos arrancan la campa\u00f1a electoral en Alcoy"}]},{"@type":"WebSite","@id":"https:\/\/www.copealcoy.es\/es\/#website","url":"https:\/\/www.copealcoy.es\/es\/","name":"COPE Alcoy","description":"Emisora COPE de radio local con emisi\u00f3n online. Pont de Sant Jordi 8-10 03803 Alcoy","potentialAction":[{"@type":"SearchAction","target":{"@type":"EntryPoint","urlTemplate":"https:\/\/www.copealcoy.es\/es\/?s={search_term_string}"},"query-input":{"@type":"PropertyValueSpecification","valueRequired":true,"valueName":"search_term_string"}}],"inLanguage":"es"},{"@type":"Person","@id":"https:\/\/www.copealcoy.es\/es\/#\/schema\/person\/e777c87fa024e57d40170af9df39882c","name":"Cope Alcoy","image":{"@type":"ImageObject","inLanguage":"es","@id":"https:\/\/secure.gravatar.com\/avatar\/bb65d0283347e303893ba14f0692005417c1e0e690a325a4c5d8bb2b3943ee14?s=96&d=mm&r=g","url":"https:\/\/secure.gravatar.com\/avatar\/bb65d0283347e303893ba14f0692005417c1e0e690a325a4c5d8bb2b3943ee14?s=96&d=mm&r=g","contentUrl":"https:\/\/secure.gravatar.com\/avatar\/bb65d0283347e303893ba14f0692005417c1e0e690a325a4c5d8bb2b3943ee14?s=96&d=mm&r=g","caption":"Cope Alcoy"}}]}},"_links":{"self":[{"href":"https:\/\/www.copealcoy.es\/es\/wp-json\/wp\/v2\/posts\/115628","targetHints":{"allow":["GET"]}}],"collection":[{"href":"https:\/\/www.copealcoy.es\/es\/wp-json\/wp\/v2\/posts"}],"about":[{"href":"https:\/\/www.copealcoy.es\/es\/wp-json\/wp\/v2\/types\/post"}],"author":[{"embeddable":true,"href":"https:\/\/www.copealcoy.es\/es\/wp-json\/wp\/v2\/users\/1"}],"replies":[{"embeddable":true,"href":"https:\/\/www.copealcoy.es\/es\/wp-json\/wp\/v2\/comments?post=115628"}],"version-history":[{"count":0,"href":"https:\/\/www.copealcoy.es\/es\/wp-json\/wp\/v2\/posts\/115628\/revisions"}],"wp:featuredmedia":[{"embeddable":true,"href":"https:\/\/www.copealcoy.es\/es\/wp-json\/wp\/v2\/media\/115632"}],"wp:attachment":[{"href":"https:\/\/www.copealcoy.es\/es\/wp-json\/wp\/v2\/media?parent=115628"}],"wp:term":[{"taxonomy":"category","embeddable":true,"href":"https:\/\/www.copealcoy.es\/es\/wp-json\/wp\/v2\/categories?post=115628"},{"taxonomy":"post_tag","embeddable":true,"href":"https:\/\/www.copealcoy.es\/es\/wp-json\/wp\/v2\/tags?post=115628"}],"curies":[{"name":"wp","href":"https:\/\/api.w.org\/{rel}","templated":true}]}}