{"id":115571,"date":"2023-05-11T10:33:18","date_gmt":"2023-05-11T09:33:18","guid":{"rendered":"https:\/\/www.copealcoy.es\/?p=115571"},"modified":"2023-05-11T10:47:05","modified_gmt":"2023-05-11T09:47:05","slug":"la-entidad-publica-de-suelo-dispondra-de-la-colonia-de-aviacion-de-alcoy-para-poder-urbanizar","status":"publish","type":"post","link":"https:\/\/www.copealcoy.es\/es\/la-entidad-publica-de-suelo-dispondra-de-la-colonia-de-aviacion-de-alcoy-para-poder-urbanizar\/","title":{"rendered":"La Entidad P\u00fablica de Suelo dispondr\u00e1 de la Colonia de Aviaci\u00f3n de Alcoy para poder urbanizar"},"content":{"rendered":"<p>Integrar la <strong>Colonia de Aviaci\u00f3n de Alcoy<\/strong> <strong>en el barrio de Santa Rosa<\/strong> y <strong>construir 50 viviendas asequibles<\/strong>, adem\u00e1s de otros espacios. Un proyecto que est\u00e1 m\u00e1s cerca de ser una realidad despu\u00e9s de que <strong>el Consejo de Ministros haya aprobado la compra de estos terrenos<\/strong>.<\/p>\n<p>El objetivo es que el <strong>SEPES<\/strong>, la Entidad P\u00fablica de Suelo, -que depende del <strong>Ministerio de Transportes, Movilidad y Agenda Urbana<\/strong>&#8211; pueda construir 50 viviendas en esta zona que hasta ahora ha pertenecido al Ministerio de Defensa. Se trata de un espacio que cuenta con 60.000 metros cuadrados. De ellos,<strong> 7.500 pasar\u00e1n a ser de uso municipal<\/strong> y acoger\u00e1n dotaciones para el barrio de Santa Rosa.<\/p>\n<p>Sus usos, sin embargo, a\u00fan no est\u00e1n definidos. <strong>Crear aparcamiento<\/strong> es una de las opciones por la que se decantan los vecinos del barrio, ante el problema de estacionamiento que se vive en esa zona y, en general, en toda la ciudad. &#8220;Se pueden habilitar perfectamente plazas de aparcamiento. Tambi\u00e9n se abre la opci\u00f3n de crear <strong>instalaciones deportivas<\/strong>, incorporar las piscinas o que se creen <strong>nuevas infraestructuras como un centro social<\/strong>&#8220;, explic\u00f3, precisamente, <strong>Juan Moncho<\/strong>, presidente de la <strong>Asociaci\u00f3n de Vecinos Santa Rosa-La Mistera, <\/strong>en<strong> Cope Alcoy<\/strong>.<\/p>\n<p>Desde la asociaci\u00f3n, aseguran, que <span style=\"color: #000080;\"><a style=\"color: #000080;\" href=\"https:\/\/www.copealcoy.es\/la-colonia-una-oportunidad-para-sumar-nuevos-servicios-al-barrio-de-santa-rosa-de-alcoy\/\" target=\"_blank\" rel=\"noopener\">es algo en lo que han trabajado<\/a><\/span>. &#8220;Llevamos mucho tiempo manteniendo reuniones con los vecinos para aportar ideas y propuestas. De hecho, hay un estudio que hizo el Ayuntamiento con todas esas propuestas de los vecinos&#8221;.<\/p>\n<p>Para que se pueda reordenar la zona, el Ayuntamiento de Alcoy modific\u00f3 en 2020 el Plan de Ordenaci\u00f3n Urbana para considerar este espacio como urbano y acometer todas estas acciones.<\/p>\n<p>No obstante, <strong>para que comiencen las obras habr\u00e1 que esperar<\/strong>. Por el momento, en el mapa del SEPES, la Colonia de Aviaci\u00f3n de nuestra ciudad se encuentra pendiente de desarrollo urban\u00edstico. Hay otras zonas -y es que el Consejo de Ministros ha dado luz verde para que se adquieran 8&#8217;25 millones de metros cuadrados de terreno p\u00fablico en toda Espa\u00f1a- en un estado m\u00e1s avanzado, que cuentan con suelo finalista.<\/p>\n","protected":false},"excerpt":{"rendered":"<p>Integrar la Colonia de Aviaci\u00f3n de Alcoy en el barrio de Santa Rosa y construir 50 viviendas asequibles, adem\u00e1s de&#8230;<\/p>\n","protected":false},"author":1,"featured_media":28774,"comment_status":"open","ping_status":"open","sticky":false,"template":"","format":"standard","meta":{"footnotes":""},"categories":[6909,97,75,79],"tags":[1494,2572,821,14725],"class_list":["post-115571","post","type-post","status-publish","format-standard","has-post-thumbnail","hentry","category-actualidad","category-alcoy","category-noticias","category-politicayeconomia","tag-alcoy","tag-colonia-de-aviacion","tag-santa-rosa","tag-sepes"],"yoast_head":"<!-- This site is optimized with the Yoast SEO plugin v27.3 - https:\/\/yoast.com\/product\/yoast-seo-wordpress\/ -->\n<title>La Entidad P\u00fablica de Suelo dispondr\u00e1 de la Colonia de Aviaci\u00f3n de Alcoy para poder urbanizar - COPE Alcoy<\/title>\n<meta name=\"description\" content=\"Integrar la Colonia de Aviaci\u00f3n de Alcoy en el barrio de Santa Rosa y construir 50 viviendas asequibles, adem\u00e1s de otros espacios. Un proyecto que est\u00e1 m\u00e1s cerca de ser una realidad despu\u00e9s de que el Consejo de Ministros haya aprobado la compra de estos terrenos.\" \/>\n<meta name=\"robots\" content=\"index, follow, max-snippet:-1, max-image-preview:large, max-video-preview:-1\" \/>\n<link rel=\"canonical\" href=\"https:\/\/www.copealcoy.es\/es\/la-entidad-publica-de-suelo-dispondra-de-la-colonia-de-aviacion-de-alcoy-para-poder-urbanizar\/\" \/>\n<meta property=\"og:locale\" content=\"es_ES\" \/>\n<meta property=\"og:type\" content=\"article\" \/>\n<meta property=\"og:title\" content=\"La Entidad P\u00fablica de Suelo dispondr\u00e1 de la Colonia de Aviaci\u00f3n de Alcoy para poder urbanizar - COPE Alcoy\" \/>\n<meta property=\"og:description\" content=\"Integrar la Colonia de Aviaci\u00f3n de Alcoy en el barrio de Santa Rosa y construir 50 viviendas asequibles, adem\u00e1s de otros espacios. Un proyecto que est\u00e1 m\u00e1s cerca de ser una realidad despu\u00e9s de que el Consejo de Ministros haya aprobado la compra de estos terrenos.\" \/>\n<meta property=\"og:url\" content=\"https:\/\/www.copealcoy.es\/es\/la-entidad-publica-de-suelo-dispondra-de-la-colonia-de-aviacion-de-alcoy-para-poder-urbanizar\/\" \/>\n<meta property=\"og:site_name\" content=\"COPE Alcoy\" \/>\n<meta property=\"article:published_time\" content=\"2023-05-11T09:33:18+00:00\" \/>\n<meta property=\"article:modified_time\" content=\"2023-05-11T09:47:05+00:00\" \/>\n<meta property=\"og:image\" content=\"https:\/\/www.copealcoy.es\/wp-content\/uploads\/2017\/02\/16602877_1757350720957771_3994371474646961522_n.jpg\" \/>\n\t<meta property=\"og:image:width\" content=\"960\" \/>\n\t<meta property=\"og:image:height\" content=\"540\" \/>\n\t<meta property=\"og:image:type\" content=\"image\/jpeg\" \/>\n<meta name=\"author\" content=\"Cope Alcoy\" \/>\n<meta name=\"twitter:label1\" content=\"Escrito por\" \/>\n\t<meta name=\"twitter:data1\" content=\"Cope Alcoy\" \/>\n\t<meta name=\"twitter:label2\" content=\"Tiempo de lectura\" \/>\n\t<meta name=\"twitter:data2\" content=\"2 minutos\" \/>\n<script type=\"application\/ld+json\" class=\"yoast-schema-graph\">{\"@context\":\"https:\\\/\\\/schema.org\",\"@graph\":[{\"@type\":\"Article\",\"@id\":\"https:\\\/\\\/www.copealcoy.es\\\/es\\\/la-entidad-publica-de-suelo-dispondra-de-la-colonia-de-aviacion-de-alcoy-para-poder-urbanizar\\\/#article\",\"isPartOf\":{\"@id\":\"https:\\\/\\\/www.copealcoy.es\\\/es\\\/la-entidad-publica-de-suelo-dispondra-de-la-colonia-de-aviacion-de-alcoy-para-poder-urbanizar\\\/\"},\"author\":{\"name\":\"Cope Alcoy\",\"@id\":\"https:\\\/\\\/www.copealcoy.es\\\/es\\\/#\\\/schema\\\/person\\\/e777c87fa024e57d40170af9df39882c\"},\"headline\":\"La Entidad P\u00fablica de Suelo dispondr\u00e1 de la Colonia de Aviaci\u00f3n de Alcoy para poder urbanizar\",\"datePublished\":\"2023-05-11T09:33:18+00:00\",\"dateModified\":\"2023-05-11T09:47:05+00:00\",\"mainEntityOfPage\":{\"@id\":\"https:\\\/\\\/www.copealcoy.es\\\/es\\\/la-entidad-publica-de-suelo-dispondra-de-la-colonia-de-aviacion-de-alcoy-para-poder-urbanizar\\\/\"},\"wordCount\":371,\"commentCount\":0,\"image\":{\"@id\":\"https:\\\/\\\/www.copealcoy.es\\\/es\\\/la-entidad-publica-de-suelo-dispondra-de-la-colonia-de-aviacion-de-alcoy-para-poder-urbanizar\\\/#primaryimage\"},\"thumbnailUrl\":\"https:\\\/\\\/www.copealcoy.es\\\/wp-content\\\/uploads\\\/2017\\\/02\\\/16602877_1757350720957771_3994371474646961522_n.jpg\",\"keywords\":[\"Alcoy\",\"Colonia de Aviaci\u00f3n\",\"Santa Rosa\",\"SEPES\"],\"articleSection\":[\"Actualidad\",\"Alcoy\",\"Noticias\",\"Pol\u00edtica y Econom\u00eda\"],\"inLanguage\":\"es\"},{\"@type\":\"WebPage\",\"@id\":\"https:\\\/\\\/www.copealcoy.es\\\/es\\\/la-entidad-publica-de-suelo-dispondra-de-la-colonia-de-aviacion-de-alcoy-para-poder-urbanizar\\\/\",\"url\":\"https:\\\/\\\/www.copealcoy.es\\\/es\\\/la-entidad-publica-de-suelo-dispondra-de-la-colonia-de-aviacion-de-alcoy-para-poder-urbanizar\\\/\",\"name\":\"La Entidad P\u00fablica de Suelo dispondr\u00e1 de la Colonia de Aviaci\u00f3n de Alcoy para poder urbanizar - COPE Alcoy\",\"isPartOf\":{\"@id\":\"https:\\\/\\\/www.copealcoy.es\\\/es\\\/#website\"},\"primaryImageOfPage\":{\"@id\":\"https:\\\/\\\/www.copealcoy.es\\\/es\\\/la-entidad-publica-de-suelo-dispondra-de-la-colonia-de-aviacion-de-alcoy-para-poder-urbanizar\\\/#primaryimage\"},\"image\":{\"@id\":\"https:\\\/\\\/www.copealcoy.es\\\/es\\\/la-entidad-publica-de-suelo-dispondra-de-la-colonia-de-aviacion-de-alcoy-para-poder-urbanizar\\\/#primaryimage\"},\"thumbnailUrl\":\"https:\\\/\\\/www.copealcoy.es\\\/wp-content\\\/uploads\\\/2017\\\/02\\\/16602877_1757350720957771_3994371474646961522_n.jpg\",\"datePublished\":\"2023-05-11T09:33:18+00:00\",\"dateModified\":\"2023-05-11T09:47:05+00:00\",\"author\":{\"@id\":\"https:\\\/\\\/www.copealcoy.es\\\/es\\\/#\\\/schema\\\/person\\\/e777c87fa024e57d40170af9df39882c\"},\"description\":\"Integrar la Colonia de Aviaci\u00f3n de Alcoy en el barrio de Santa Rosa y construir 50 viviendas asequibles, adem\u00e1s de otros espacios. Un proyecto que est\u00e1 m\u00e1s cerca de ser una realidad despu\u00e9s de que el Consejo de Ministros haya aprobado la compra de estos terrenos.\",\"breadcrumb\":{\"@id\":\"https:\\\/\\\/www.copealcoy.es\\\/es\\\/la-entidad-publica-de-suelo-dispondra-de-la-colonia-de-aviacion-de-alcoy-para-poder-urbanizar\\\/#breadcrumb\"},\"inLanguage\":\"es\",\"potentialAction\":[{\"@type\":\"ReadAction\",\"target\":[\"https:\\\/\\\/www.copealcoy.es\\\/es\\\/la-entidad-publica-de-suelo-dispondra-de-la-colonia-de-aviacion-de-alcoy-para-poder-urbanizar\\\/\"]}]},{\"@type\":\"ImageObject\",\"inLanguage\":\"es\",\"@id\":\"https:\\\/\\\/www.copealcoy.es\\\/es\\\/la-entidad-publica-de-suelo-dispondra-de-la-colonia-de-aviacion-de-alcoy-para-poder-urbanizar\\\/#primaryimage\",\"url\":\"https:\\\/\\\/www.copealcoy.es\\\/wp-content\\\/uploads\\\/2017\\\/02\\\/16602877_1757350720957771_3994371474646961522_n.jpg\",\"contentUrl\":\"https:\\\/\\\/www.copealcoy.es\\\/wp-content\\\/uploads\\\/2017\\\/02\\\/16602877_1757350720957771_3994371474646961522_n.jpg\",\"width\":960,\"height\":540},{\"@type\":\"BreadcrumbList\",\"@id\":\"https:\\\/\\\/www.copealcoy.es\\\/es\\\/la-entidad-publica-de-suelo-dispondra-de-la-colonia-de-aviacion-de-alcoy-para-poder-urbanizar\\\/#breadcrumb\",\"itemListElement\":[{\"@type\":\"ListItem\",\"position\":1,\"name\":\"Portada\",\"item\":\"https:\\\/\\\/www.copealcoy.es\\\/es\\\/\"},{\"@type\":\"ListItem\",\"position\":2,\"name\":\"La Entidad P\u00fablica de Suelo dispondr\u00e1 de la Colonia de Aviaci\u00f3n de Alcoy para poder urbanizar\"}]},{\"@type\":\"WebSite\",\"@id\":\"https:\\\/\\\/www.copealcoy.es\\\/es\\\/#website\",\"url\":\"https:\\\/\\\/www.copealcoy.es\\\/es\\\/\",\"name\":\"COPE Alcoy\",\"description\":\"Emisora COPE de radio local con emisi\u00f3n online. Pont de Sant Jordi 8-10 03803 Alcoy\",\"potentialAction\":[{\"@type\":\"SearchAction\",\"target\":{\"@type\":\"EntryPoint\",\"urlTemplate\":\"https:\\\/\\\/www.copealcoy.es\\\/es\\\/?s={search_term_string}\"},\"query-input\":{\"@type\":\"PropertyValueSpecification\",\"valueRequired\":true,\"valueName\":\"search_term_string\"}}],\"inLanguage\":\"es\"},{\"@type\":\"Person\",\"@id\":\"https:\\\/\\\/www.copealcoy.es\\\/es\\\/#\\\/schema\\\/person\\\/e777c87fa024e57d40170af9df39882c\",\"name\":\"Cope Alcoy\",\"image\":{\"@type\":\"ImageObject\",\"inLanguage\":\"es\",\"@id\":\"https:\\\/\\\/secure.gravatar.com\\\/avatar\\\/bb65d0283347e303893ba14f0692005417c1e0e690a325a4c5d8bb2b3943ee14?s=96&d=mm&r=g\",\"url\":\"https:\\\/\\\/secure.gravatar.com\\\/avatar\\\/bb65d0283347e303893ba14f0692005417c1e0e690a325a4c5d8bb2b3943ee14?s=96&d=mm&r=g\",\"contentUrl\":\"https:\\\/\\\/secure.gravatar.com\\\/avatar\\\/bb65d0283347e303893ba14f0692005417c1e0e690a325a4c5d8bb2b3943ee14?s=96&d=mm&r=g\",\"caption\":\"Cope Alcoy\"}}]}<\/script>\n<!-- \/ Yoast SEO plugin. -->","yoast_head_json":{"title":"La Entidad P\u00fablica de Suelo dispondr\u00e1 de la Colonia de Aviaci\u00f3n de Alcoy para poder urbanizar - COPE Alcoy","description":"Integrar la Colonia de Aviaci\u00f3n de Alcoy en el barrio de Santa Rosa y construir 50 viviendas asequibles, adem\u00e1s de otros espacios. Un proyecto que est\u00e1 m\u00e1s cerca de ser una realidad despu\u00e9s de que el Consejo de Ministros haya aprobado la compra de estos terrenos.","robots":{"index":"index","follow":"follow","max-snippet":"max-snippet:-1","max-image-preview":"max-image-preview:large","max-video-preview":"max-video-preview:-1"},"canonical":"https:\/\/www.copealcoy.es\/es\/la-entidad-publica-de-suelo-dispondra-de-la-colonia-de-aviacion-de-alcoy-para-poder-urbanizar\/","og_locale":"es_ES","og_type":"article","og_title":"La Entidad P\u00fablica de Suelo dispondr\u00e1 de la Colonia de Aviaci\u00f3n de Alcoy para poder urbanizar - COPE Alcoy","og_description":"Integrar la Colonia de Aviaci\u00f3n de Alcoy en el barrio de Santa Rosa y construir 50 viviendas asequibles, adem\u00e1s de otros espacios. Un proyecto que est\u00e1 m\u00e1s cerca de ser una realidad despu\u00e9s de que el Consejo de Ministros haya aprobado la compra de estos terrenos.","og_url":"https:\/\/www.copealcoy.es\/es\/la-entidad-publica-de-suelo-dispondra-de-la-colonia-de-aviacion-de-alcoy-para-poder-urbanizar\/","og_site_name":"COPE Alcoy","article_published_time":"2023-05-11T09:33:18+00:00","article_modified_time":"2023-05-11T09:47:05+00:00","og_image":[{"width":960,"height":540,"url":"https:\/\/www.copealcoy.es\/wp-content\/uploads\/2017\/02\/16602877_1757350720957771_3994371474646961522_n.jpg","type":"image\/jpeg"}],"author":"Cope Alcoy","twitter_misc":{"Escrito por":"Cope Alcoy","Tiempo de lectura":"2 minutos"},"schema":{"@context":"https:\/\/schema.org","@graph":[{"@type":"Article","@id":"https:\/\/www.copealcoy.es\/es\/la-entidad-publica-de-suelo-dispondra-de-la-colonia-de-aviacion-de-alcoy-para-poder-urbanizar\/#article","isPartOf":{"@id":"https:\/\/www.copealcoy.es\/es\/la-entidad-publica-de-suelo-dispondra-de-la-colonia-de-aviacion-de-alcoy-para-poder-urbanizar\/"},"author":{"name":"Cope Alcoy","@id":"https:\/\/www.copealcoy.es\/es\/#\/schema\/person\/e777c87fa024e57d40170af9df39882c"},"headline":"La Entidad P\u00fablica de Suelo dispondr\u00e1 de la Colonia de Aviaci\u00f3n de Alcoy para poder urbanizar","datePublished":"2023-05-11T09:33:18+00:00","dateModified":"2023-05-11T09:47:05+00:00","mainEntityOfPage":{"@id":"https:\/\/www.copealcoy.es\/es\/la-entidad-publica-de-suelo-dispondra-de-la-colonia-de-aviacion-de-alcoy-para-poder-urbanizar\/"},"wordCount":371,"commentCount":0,"image":{"@id":"https:\/\/www.copealcoy.es\/es\/la-entidad-publica-de-suelo-dispondra-de-la-colonia-de-aviacion-de-alcoy-para-poder-urbanizar\/#primaryimage"},"thumbnailUrl":"https:\/\/www.copealcoy.es\/wp-content\/uploads\/2017\/02\/16602877_1757350720957771_3994371474646961522_n.jpg","keywords":["Alcoy","Colonia de Aviaci\u00f3n","Santa Rosa","SEPES"],"articleSection":["Actualidad","Alcoy","Noticias","Pol\u00edtica y Econom\u00eda"],"inLanguage":"es"},{"@type":"WebPage","@id":"https:\/\/www.copealcoy.es\/es\/la-entidad-publica-de-suelo-dispondra-de-la-colonia-de-aviacion-de-alcoy-para-poder-urbanizar\/","url":"https:\/\/www.copealcoy.es\/es\/la-entidad-publica-de-suelo-dispondra-de-la-colonia-de-aviacion-de-alcoy-para-poder-urbanizar\/","name":"La Entidad P\u00fablica de Suelo dispondr\u00e1 de la Colonia de Aviaci\u00f3n de Alcoy para poder urbanizar - COPE Alcoy","isPartOf":{"@id":"https:\/\/www.copealcoy.es\/es\/#website"},"primaryImageOfPage":{"@id":"https:\/\/www.copealcoy.es\/es\/la-entidad-publica-de-suelo-dispondra-de-la-colonia-de-aviacion-de-alcoy-para-poder-urbanizar\/#primaryimage"},"image":{"@id":"https:\/\/www.copealcoy.es\/es\/la-entidad-publica-de-suelo-dispondra-de-la-colonia-de-aviacion-de-alcoy-para-poder-urbanizar\/#primaryimage"},"thumbnailUrl":"https:\/\/www.copealcoy.es\/wp-content\/uploads\/2017\/02\/16602877_1757350720957771_3994371474646961522_n.jpg","datePublished":"2023-05-11T09:33:18+00:00","dateModified":"2023-05-11T09:47:05+00:00","author":{"@id":"https:\/\/www.copealcoy.es\/es\/#\/schema\/person\/e777c87fa024e57d40170af9df39882c"},"description":"Integrar la Colonia de Aviaci\u00f3n de Alcoy en el barrio de Santa Rosa y construir 50 viviendas asequibles, adem\u00e1s de otros espacios. Un proyecto que est\u00e1 m\u00e1s cerca de ser una realidad despu\u00e9s de que el Consejo de Ministros haya aprobado la compra de estos terrenos.","breadcrumb":{"@id":"https:\/\/www.copealcoy.es\/es\/la-entidad-publica-de-suelo-dispondra-de-la-colonia-de-aviacion-de-alcoy-para-poder-urbanizar\/#breadcrumb"},"inLanguage":"es","potentialAction":[{"@type":"ReadAction","target":["https:\/\/www.copealcoy.es\/es\/la-entidad-publica-de-suelo-dispondra-de-la-colonia-de-aviacion-de-alcoy-para-poder-urbanizar\/"]}]},{"@type":"ImageObject","inLanguage":"es","@id":"https:\/\/www.copealcoy.es\/es\/la-entidad-publica-de-suelo-dispondra-de-la-colonia-de-aviacion-de-alcoy-para-poder-urbanizar\/#primaryimage","url":"https:\/\/www.copealcoy.es\/wp-content\/uploads\/2017\/02\/16602877_1757350720957771_3994371474646961522_n.jpg","contentUrl":"https:\/\/www.copealcoy.es\/wp-content\/uploads\/2017\/02\/16602877_1757350720957771_3994371474646961522_n.jpg","width":960,"height":540},{"@type":"BreadcrumbList","@id":"https:\/\/www.copealcoy.es\/es\/la-entidad-publica-de-suelo-dispondra-de-la-colonia-de-aviacion-de-alcoy-para-poder-urbanizar\/#breadcrumb","itemListElement":[{"@type":"ListItem","position":1,"name":"Portada","item":"https:\/\/www.copealcoy.es\/es\/"},{"@type":"ListItem","position":2,"name":"La Entidad P\u00fablica de Suelo dispondr\u00e1 de la Colonia de Aviaci\u00f3n de Alcoy para poder urbanizar"}]},{"@type":"WebSite","@id":"https:\/\/www.copealcoy.es\/es\/#website","url":"https:\/\/www.copealcoy.es\/es\/","name":"COPE Alcoy","description":"Emisora COPE de radio local con emisi\u00f3n online. Pont de Sant Jordi 8-10 03803 Alcoy","potentialAction":[{"@type":"SearchAction","target":{"@type":"EntryPoint","urlTemplate":"https:\/\/www.copealcoy.es\/es\/?s={search_term_string}"},"query-input":{"@type":"PropertyValueSpecification","valueRequired":true,"valueName":"search_term_string"}}],"inLanguage":"es"},{"@type":"Person","@id":"https:\/\/www.copealcoy.es\/es\/#\/schema\/person\/e777c87fa024e57d40170af9df39882c","name":"Cope Alcoy","image":{"@type":"ImageObject","inLanguage":"es","@id":"https:\/\/secure.gravatar.com\/avatar\/bb65d0283347e303893ba14f0692005417c1e0e690a325a4c5d8bb2b3943ee14?s=96&d=mm&r=g","url":"https:\/\/secure.gravatar.com\/avatar\/bb65d0283347e303893ba14f0692005417c1e0e690a325a4c5d8bb2b3943ee14?s=96&d=mm&r=g","contentUrl":"https:\/\/secure.gravatar.com\/avatar\/bb65d0283347e303893ba14f0692005417c1e0e690a325a4c5d8bb2b3943ee14?s=96&d=mm&r=g","caption":"Cope Alcoy"}}]}},"_links":{"self":[{"href":"https:\/\/www.copealcoy.es\/es\/wp-json\/wp\/v2\/posts\/115571","targetHints":{"allow":["GET"]}}],"collection":[{"href":"https:\/\/www.copealcoy.es\/es\/wp-json\/wp\/v2\/posts"}],"about":[{"href":"https:\/\/www.copealcoy.es\/es\/wp-json\/wp\/v2\/types\/post"}],"author":[{"embeddable":true,"href":"https:\/\/www.copealcoy.es\/es\/wp-json\/wp\/v2\/users\/1"}],"replies":[{"embeddable":true,"href":"https:\/\/www.copealcoy.es\/es\/wp-json\/wp\/v2\/comments?post=115571"}],"version-history":[{"count":0,"href":"https:\/\/www.copealcoy.es\/es\/wp-json\/wp\/v2\/posts\/115571\/revisions"}],"wp:featuredmedia":[{"embeddable":true,"href":"https:\/\/www.copealcoy.es\/es\/wp-json\/wp\/v2\/media\/28774"}],"wp:attachment":[{"href":"https:\/\/www.copealcoy.es\/es\/wp-json\/wp\/v2\/media?parent=115571"}],"wp:term":[{"taxonomy":"category","embeddable":true,"href":"https:\/\/www.copealcoy.es\/es\/wp-json\/wp\/v2\/categories?post=115571"},{"taxonomy":"post_tag","embeddable":true,"href":"https:\/\/www.copealcoy.es\/es\/wp-json\/wp\/v2\/tags?post=115571"}],"curies":[{"name":"wp","href":"https:\/\/api.w.org\/{rel}","templated":true}]}}