{"id":115485,"date":"2023-05-10T08:00:44","date_gmt":"2023-05-10T07:00:44","guid":{"rendered":"https:\/\/www.copealcoy.es\/?p=115485"},"modified":"2023-05-13T17:39:20","modified_gmt":"2023-05-13T16:39:20","slug":"detenido-un-hombre-por-conduccion-temeraria-en-alcoy","status":"publish","type":"post","link":"https:\/\/www.copealcoy.es\/es\/detenido-un-hombre-por-conduccion-temeraria-en-alcoy\/","title":{"rendered":"Detenido un hombre por conducci\u00f3n temeraria en Alcoy"},"content":{"rendered":"<p style=\"text-align: justify;\">La <strong>Polic\u00eda Local de Alcoy<\/strong> ha detenido a un hombre por <strong>conducci\u00f3n temeraria<\/strong> en la ciudad. Los hechos tuvieron lugar el pasado jueves y la actuaci\u00f3n pudo ser posible gracias a la colaboraci\u00f3n ciudadana.<\/p>\n<p style=\"text-align: justify;\">El cuerpo policial recibi\u00f3 numerosas llamadas en las que se informaba de que un turismo conduc\u00eda de manera peligrosa por distintas zonas de la ciudad. Los agentes pusieron en marcha un dispositivo de b\u00fasqueda que permiti\u00f3 localizar el veh\u00edculo. <strong>El conductor fue localizado y trat\u00f3 de huir<\/strong>. Tras una persecuci\u00f3n, la Polic\u00eda pudo detenerlo.<\/p>\n<p style=\"text-align: justify;\">El conductor <strong>no cuenta con permiso de conducir<\/strong>, es m\u00e1s, no lo ha obtenido nunca. Adem\u00e1s, tras realizarle las pruebas, <strong>dio positivo en consumo de drogas<\/strong>. El veh\u00edculo estaba de baja y sin asegurar y sufr\u00eda m\u00faltiples da\u00f1os.<\/p>\n<p style=\"text-align: justify;\"><span style=\"color: #0000ff;\"><strong>Intentos de okupaci\u00f3n Cocentaina<\/strong><\/span><\/p>\n<p style=\"text-align: justify;\">Entre los sucesos ocurridos durante las \u00faltimas semana en la comarca, est\u00e1n los <span style=\"color: #0000ff;\"><a style=\"color: #0000ff;\" href=\"https:\/\/www.copealcoy.es\/dos-intentos-de-okupacion-en-cocentaina-en-menos-de-15-dias\/\" target=\"_blank\" rel=\"noopener\"><strong>dos intentos de okupaci\u00f3n en Cocentaina<\/strong><\/a><\/span>.<\/p>\n<p style=\"text-align: justify;\">la <strong>Polic\u00eda Local de Cocentaina<\/strong> logr\u00f3 <strong>evitar el pasado martes 2 de mayo la okupaci\u00f3n ilegal de un inmueble en el centro hist\u00f3rico de la localidad<\/strong>.<\/p>\n<p style=\"text-align: justify;\">La actuaci\u00f3n policial fue posible <strong>gracias a la colaboraci\u00f3n ciudadana<\/strong>. Ante la alerta de una vecina del municipio, los agentes consiguieron impedir que la vivienda fuera okupada. Los presuntos autores trataron de huir del lugar de los hechos, pero consiguieron ser detenidos y han podido ser identificados.<\/p>\n<p style=\"text-align: justify;\">Se han instruido diligencias por un\u00a0<strong>presunto delito de usurpaci\u00f3n de bien inmueble<\/strong>. Pero este no ha sido el \u00fanico intento de okupaci\u00f3n en Cocentaina en los \u00faltimos d\u00edas.<\/p>\n<p style=\"text-align: justify;\">El pasado\u00a0<strong>viernes 21 de abril<\/strong>, la Polic\u00eda Local de la Villa Condal tuvo que proceder al\u00a0<strong>desalojo de un okupa<\/strong>\u00a0que hab\u00eda allanado una vivienda en una c\u00e9ntrica calle de la localidad del Comtat. En esta ocasi\u00f3n tambi\u00e9n se pudo ejecutar la acci\u00f3n policial gracias a que los vecinos alertaron a las autoridades inmediatamente, de manera que el okupa no pudo instalarse. El individuo fue desalojado del inmueble e identificado. Se le tramitaron diligencias penales por un delito leve tambi\u00e9n de usurpaci\u00f3n de inmueble.<\/p>\n","protected":false},"excerpt":{"rendered":"<p>La Polic\u00eda Local de Alcoy ha detenido a un hombre por conducci\u00f3n temeraria en la ciudad. Los hechos tuvieron lugar&#8230;<\/p>\n","protected":false},"author":1,"featured_media":115486,"comment_status":"open","ping_status":"open","sticky":false,"template":"","format":"standard","meta":{"footnotes":""},"categories":[6909,97,75,80],"tags":[1494,14711,1393,846],"class_list":["post-115485","post","type-post","status-publish","format-standard","has-post-thumbnail","hentry","category-actualidad","category-alcoy","category-noticias","category-sucesos","tag-alcoy","tag-conduccion-temeraria","tag-detencion","tag-policia-local"],"yoast_head":"<!-- This site is optimized with the Yoast SEO plugin v27.3 - https:\/\/yoast.com\/product\/yoast-seo-wordpress\/ -->\n<title>Detenido un hombre por conducci\u00f3n temeraria en Alcoy - COPE Alcoy<\/title>\n<meta name=\"description\" content=\"La Polic\u00eda Local de Alcoy ha detenido a un hombre por conducci\u00f3n temeraria en la ciudad. Los hechos tuvieron lugar el pasado jueves y la actuaci\u00f3n pudo ser posible gracias a la colaboraci\u00f3n ciudadana.\u00a0\" \/>\n<meta name=\"robots\" content=\"index, follow, max-snippet:-1, max-image-preview:large, max-video-preview:-1\" \/>\n<link rel=\"canonical\" href=\"https:\/\/www.copealcoy.es\/es\/detenido-un-hombre-por-conduccion-temeraria-en-alcoy\/\" \/>\n<meta property=\"og:locale\" content=\"es_ES\" \/>\n<meta property=\"og:type\" content=\"article\" \/>\n<meta property=\"og:title\" content=\"Detenido un hombre por conducci\u00f3n temeraria en Alcoy - COPE Alcoy\" \/>\n<meta property=\"og:description\" content=\"La Polic\u00eda Local de Alcoy ha detenido a un hombre por conducci\u00f3n temeraria en la ciudad. Los hechos tuvieron lugar el pasado jueves y la actuaci\u00f3n pudo ser posible gracias a la colaboraci\u00f3n ciudadana.\u00a0\" \/>\n<meta property=\"og:url\" content=\"https:\/\/www.copealcoy.es\/es\/detenido-un-hombre-por-conduccion-temeraria-en-alcoy\/\" \/>\n<meta property=\"og:site_name\" content=\"COPE Alcoy\" \/>\n<meta property=\"article:published_time\" content=\"2023-05-10T07:00:44+00:00\" \/>\n<meta property=\"article:modified_time\" content=\"2023-05-13T16:39:20+00:00\" \/>\n<meta property=\"og:image\" content=\"https:\/\/www.copealcoy.es\/wp-content\/uploads\/2023\/05\/345639928_996796218147771_2049184949177485492_n.jpg\" \/>\n\t<meta property=\"og:image:width\" content=\"843\" \/>\n\t<meta property=\"og:image:height\" content=\"783\" \/>\n\t<meta property=\"og:image:type\" content=\"image\/jpeg\" \/>\n<meta name=\"author\" content=\"Cope Alcoy\" \/>\n<meta name=\"twitter:label1\" content=\"Escrito por\" \/>\n\t<meta name=\"twitter:data1\" content=\"Cope Alcoy\" \/>\n\t<meta name=\"twitter:label2\" content=\"Tiempo de lectura\" \/>\n\t<meta name=\"twitter:data2\" content=\"2 minutos\" \/>\n<script type=\"application\/ld+json\" class=\"yoast-schema-graph\">{\"@context\":\"https:\\\/\\\/schema.org\",\"@graph\":[{\"@type\":\"Article\",\"@id\":\"https:\\\/\\\/www.copealcoy.es\\\/es\\\/detenido-un-hombre-por-conduccion-temeraria-en-alcoy\\\/#article\",\"isPartOf\":{\"@id\":\"https:\\\/\\\/www.copealcoy.es\\\/es\\\/detenido-un-hombre-por-conduccion-temeraria-en-alcoy\\\/\"},\"author\":{\"name\":\"Cope Alcoy\",\"@id\":\"https:\\\/\\\/www.copealcoy.es\\\/es\\\/#\\\/schema\\\/person\\\/e777c87fa024e57d40170af9df39882c\"},\"headline\":\"Detenido un hombre por conducci\u00f3n temeraria en Alcoy\",\"datePublished\":\"2023-05-10T07:00:44+00:00\",\"dateModified\":\"2023-05-13T16:39:20+00:00\",\"mainEntityOfPage\":{\"@id\":\"https:\\\/\\\/www.copealcoy.es\\\/es\\\/detenido-un-hombre-por-conduccion-temeraria-en-alcoy\\\/\"},\"wordCount\":377,\"commentCount\":0,\"image\":{\"@id\":\"https:\\\/\\\/www.copealcoy.es\\\/es\\\/detenido-un-hombre-por-conduccion-temeraria-en-alcoy\\\/#primaryimage\"},\"thumbnailUrl\":\"https:\\\/\\\/www.copealcoy.es\\\/wp-content\\\/uploads\\\/2023\\\/05\\\/345639928_996796218147771_2049184949177485492_n.jpg\",\"keywords\":[\"Alcoy\",\"conducci\u00f3n temeraria\",\"detenci\u00f3n\",\"Polic\u00eda Local\"],\"articleSection\":[\"Actualidad\",\"Alcoy\",\"Noticias\",\"Sucesos\"],\"inLanguage\":\"es\"},{\"@type\":\"WebPage\",\"@id\":\"https:\\\/\\\/www.copealcoy.es\\\/es\\\/detenido-un-hombre-por-conduccion-temeraria-en-alcoy\\\/\",\"url\":\"https:\\\/\\\/www.copealcoy.es\\\/es\\\/detenido-un-hombre-por-conduccion-temeraria-en-alcoy\\\/\",\"name\":\"Detenido un hombre por conducci\u00f3n temeraria en Alcoy - COPE Alcoy\",\"isPartOf\":{\"@id\":\"https:\\\/\\\/www.copealcoy.es\\\/es\\\/#website\"},\"primaryImageOfPage\":{\"@id\":\"https:\\\/\\\/www.copealcoy.es\\\/es\\\/detenido-un-hombre-por-conduccion-temeraria-en-alcoy\\\/#primaryimage\"},\"image\":{\"@id\":\"https:\\\/\\\/www.copealcoy.es\\\/es\\\/detenido-un-hombre-por-conduccion-temeraria-en-alcoy\\\/#primaryimage\"},\"thumbnailUrl\":\"https:\\\/\\\/www.copealcoy.es\\\/wp-content\\\/uploads\\\/2023\\\/05\\\/345639928_996796218147771_2049184949177485492_n.jpg\",\"datePublished\":\"2023-05-10T07:00:44+00:00\",\"dateModified\":\"2023-05-13T16:39:20+00:00\",\"author\":{\"@id\":\"https:\\\/\\\/www.copealcoy.es\\\/es\\\/#\\\/schema\\\/person\\\/e777c87fa024e57d40170af9df39882c\"},\"description\":\"La Polic\u00eda Local de Alcoy ha detenido a un hombre por conducci\u00f3n temeraria en la ciudad. Los hechos tuvieron lugar el pasado jueves y la actuaci\u00f3n pudo ser posible gracias a la colaboraci\u00f3n ciudadana.\u00a0\",\"breadcrumb\":{\"@id\":\"https:\\\/\\\/www.copealcoy.es\\\/es\\\/detenido-un-hombre-por-conduccion-temeraria-en-alcoy\\\/#breadcrumb\"},\"inLanguage\":\"es\",\"potentialAction\":[{\"@type\":\"ReadAction\",\"target\":[\"https:\\\/\\\/www.copealcoy.es\\\/es\\\/detenido-un-hombre-por-conduccion-temeraria-en-alcoy\\\/\"]}]},{\"@type\":\"ImageObject\",\"inLanguage\":\"es\",\"@id\":\"https:\\\/\\\/www.copealcoy.es\\\/es\\\/detenido-un-hombre-por-conduccion-temeraria-en-alcoy\\\/#primaryimage\",\"url\":\"https:\\\/\\\/www.copealcoy.es\\\/wp-content\\\/uploads\\\/2023\\\/05\\\/345639928_996796218147771_2049184949177485492_n.jpg\",\"contentUrl\":\"https:\\\/\\\/www.copealcoy.es\\\/wp-content\\\/uploads\\\/2023\\\/05\\\/345639928_996796218147771_2049184949177485492_n.jpg\",\"width\":843,\"height\":783},{\"@type\":\"BreadcrumbList\",\"@id\":\"https:\\\/\\\/www.copealcoy.es\\\/es\\\/detenido-un-hombre-por-conduccion-temeraria-en-alcoy\\\/#breadcrumb\",\"itemListElement\":[{\"@type\":\"ListItem\",\"position\":1,\"name\":\"Portada\",\"item\":\"https:\\\/\\\/www.copealcoy.es\\\/es\\\/\"},{\"@type\":\"ListItem\",\"position\":2,\"name\":\"Detenido un hombre por conducci\u00f3n temeraria en Alcoy\"}]},{\"@type\":\"WebSite\",\"@id\":\"https:\\\/\\\/www.copealcoy.es\\\/es\\\/#website\",\"url\":\"https:\\\/\\\/www.copealcoy.es\\\/es\\\/\",\"name\":\"COPE Alcoy\",\"description\":\"Emisora COPE de radio local con emisi\u00f3n online. Pont de Sant Jordi 8-10 03803 Alcoy\",\"potentialAction\":[{\"@type\":\"SearchAction\",\"target\":{\"@type\":\"EntryPoint\",\"urlTemplate\":\"https:\\\/\\\/www.copealcoy.es\\\/es\\\/?s={search_term_string}\"},\"query-input\":{\"@type\":\"PropertyValueSpecification\",\"valueRequired\":true,\"valueName\":\"search_term_string\"}}],\"inLanguage\":\"es\"},{\"@type\":\"Person\",\"@id\":\"https:\\\/\\\/www.copealcoy.es\\\/es\\\/#\\\/schema\\\/person\\\/e777c87fa024e57d40170af9df39882c\",\"name\":\"Cope Alcoy\",\"image\":{\"@type\":\"ImageObject\",\"inLanguage\":\"es\",\"@id\":\"https:\\\/\\\/secure.gravatar.com\\\/avatar\\\/bb65d0283347e303893ba14f0692005417c1e0e690a325a4c5d8bb2b3943ee14?s=96&d=mm&r=g\",\"url\":\"https:\\\/\\\/secure.gravatar.com\\\/avatar\\\/bb65d0283347e303893ba14f0692005417c1e0e690a325a4c5d8bb2b3943ee14?s=96&d=mm&r=g\",\"contentUrl\":\"https:\\\/\\\/secure.gravatar.com\\\/avatar\\\/bb65d0283347e303893ba14f0692005417c1e0e690a325a4c5d8bb2b3943ee14?s=96&d=mm&r=g\",\"caption\":\"Cope Alcoy\"}}]}<\/script>\n<!-- \/ Yoast SEO plugin. -->","yoast_head_json":{"title":"Detenido un hombre por conducci\u00f3n temeraria en Alcoy - COPE Alcoy","description":"La Polic\u00eda Local de Alcoy ha detenido a un hombre por conducci\u00f3n temeraria en la ciudad. Los hechos tuvieron lugar el pasado jueves y la actuaci\u00f3n pudo ser posible gracias a la colaboraci\u00f3n ciudadana.\u00a0","robots":{"index":"index","follow":"follow","max-snippet":"max-snippet:-1","max-image-preview":"max-image-preview:large","max-video-preview":"max-video-preview:-1"},"canonical":"https:\/\/www.copealcoy.es\/es\/detenido-un-hombre-por-conduccion-temeraria-en-alcoy\/","og_locale":"es_ES","og_type":"article","og_title":"Detenido un hombre por conducci\u00f3n temeraria en Alcoy - COPE Alcoy","og_description":"La Polic\u00eda Local de Alcoy ha detenido a un hombre por conducci\u00f3n temeraria en la ciudad. Los hechos tuvieron lugar el pasado jueves y la actuaci\u00f3n pudo ser posible gracias a la colaboraci\u00f3n ciudadana.\u00a0","og_url":"https:\/\/www.copealcoy.es\/es\/detenido-un-hombre-por-conduccion-temeraria-en-alcoy\/","og_site_name":"COPE Alcoy","article_published_time":"2023-05-10T07:00:44+00:00","article_modified_time":"2023-05-13T16:39:20+00:00","og_image":[{"width":843,"height":783,"url":"https:\/\/www.copealcoy.es\/wp-content\/uploads\/2023\/05\/345639928_996796218147771_2049184949177485492_n.jpg","type":"image\/jpeg"}],"author":"Cope Alcoy","twitter_misc":{"Escrito por":"Cope Alcoy","Tiempo de lectura":"2 minutos"},"schema":{"@context":"https:\/\/schema.org","@graph":[{"@type":"Article","@id":"https:\/\/www.copealcoy.es\/es\/detenido-un-hombre-por-conduccion-temeraria-en-alcoy\/#article","isPartOf":{"@id":"https:\/\/www.copealcoy.es\/es\/detenido-un-hombre-por-conduccion-temeraria-en-alcoy\/"},"author":{"name":"Cope Alcoy","@id":"https:\/\/www.copealcoy.es\/es\/#\/schema\/person\/e777c87fa024e57d40170af9df39882c"},"headline":"Detenido un hombre por conducci\u00f3n temeraria en Alcoy","datePublished":"2023-05-10T07:00:44+00:00","dateModified":"2023-05-13T16:39:20+00:00","mainEntityOfPage":{"@id":"https:\/\/www.copealcoy.es\/es\/detenido-un-hombre-por-conduccion-temeraria-en-alcoy\/"},"wordCount":377,"commentCount":0,"image":{"@id":"https:\/\/www.copealcoy.es\/es\/detenido-un-hombre-por-conduccion-temeraria-en-alcoy\/#primaryimage"},"thumbnailUrl":"https:\/\/www.copealcoy.es\/wp-content\/uploads\/2023\/05\/345639928_996796218147771_2049184949177485492_n.jpg","keywords":["Alcoy","conducci\u00f3n temeraria","detenci\u00f3n","Polic\u00eda Local"],"articleSection":["Actualidad","Alcoy","Noticias","Sucesos"],"inLanguage":"es"},{"@type":"WebPage","@id":"https:\/\/www.copealcoy.es\/es\/detenido-un-hombre-por-conduccion-temeraria-en-alcoy\/","url":"https:\/\/www.copealcoy.es\/es\/detenido-un-hombre-por-conduccion-temeraria-en-alcoy\/","name":"Detenido un hombre por conducci\u00f3n temeraria en Alcoy - COPE Alcoy","isPartOf":{"@id":"https:\/\/www.copealcoy.es\/es\/#website"},"primaryImageOfPage":{"@id":"https:\/\/www.copealcoy.es\/es\/detenido-un-hombre-por-conduccion-temeraria-en-alcoy\/#primaryimage"},"image":{"@id":"https:\/\/www.copealcoy.es\/es\/detenido-un-hombre-por-conduccion-temeraria-en-alcoy\/#primaryimage"},"thumbnailUrl":"https:\/\/www.copealcoy.es\/wp-content\/uploads\/2023\/05\/345639928_996796218147771_2049184949177485492_n.jpg","datePublished":"2023-05-10T07:00:44+00:00","dateModified":"2023-05-13T16:39:20+00:00","author":{"@id":"https:\/\/www.copealcoy.es\/es\/#\/schema\/person\/e777c87fa024e57d40170af9df39882c"},"description":"La Polic\u00eda Local de Alcoy ha detenido a un hombre por conducci\u00f3n temeraria en la ciudad. Los hechos tuvieron lugar el pasado jueves y la actuaci\u00f3n pudo ser posible gracias a la colaboraci\u00f3n ciudadana.\u00a0","breadcrumb":{"@id":"https:\/\/www.copealcoy.es\/es\/detenido-un-hombre-por-conduccion-temeraria-en-alcoy\/#breadcrumb"},"inLanguage":"es","potentialAction":[{"@type":"ReadAction","target":["https:\/\/www.copealcoy.es\/es\/detenido-un-hombre-por-conduccion-temeraria-en-alcoy\/"]}]},{"@type":"ImageObject","inLanguage":"es","@id":"https:\/\/www.copealcoy.es\/es\/detenido-un-hombre-por-conduccion-temeraria-en-alcoy\/#primaryimage","url":"https:\/\/www.copealcoy.es\/wp-content\/uploads\/2023\/05\/345639928_996796218147771_2049184949177485492_n.jpg","contentUrl":"https:\/\/www.copealcoy.es\/wp-content\/uploads\/2023\/05\/345639928_996796218147771_2049184949177485492_n.jpg","width":843,"height":783},{"@type":"BreadcrumbList","@id":"https:\/\/www.copealcoy.es\/es\/detenido-un-hombre-por-conduccion-temeraria-en-alcoy\/#breadcrumb","itemListElement":[{"@type":"ListItem","position":1,"name":"Portada","item":"https:\/\/www.copealcoy.es\/es\/"},{"@type":"ListItem","position":2,"name":"Detenido un hombre por conducci\u00f3n temeraria en Alcoy"}]},{"@type":"WebSite","@id":"https:\/\/www.copealcoy.es\/es\/#website","url":"https:\/\/www.copealcoy.es\/es\/","name":"COPE Alcoy","description":"Emisora COPE de radio local con emisi\u00f3n online. Pont de Sant Jordi 8-10 03803 Alcoy","potentialAction":[{"@type":"SearchAction","target":{"@type":"EntryPoint","urlTemplate":"https:\/\/www.copealcoy.es\/es\/?s={search_term_string}"},"query-input":{"@type":"PropertyValueSpecification","valueRequired":true,"valueName":"search_term_string"}}],"inLanguage":"es"},{"@type":"Person","@id":"https:\/\/www.copealcoy.es\/es\/#\/schema\/person\/e777c87fa024e57d40170af9df39882c","name":"Cope Alcoy","image":{"@type":"ImageObject","inLanguage":"es","@id":"https:\/\/secure.gravatar.com\/avatar\/bb65d0283347e303893ba14f0692005417c1e0e690a325a4c5d8bb2b3943ee14?s=96&d=mm&r=g","url":"https:\/\/secure.gravatar.com\/avatar\/bb65d0283347e303893ba14f0692005417c1e0e690a325a4c5d8bb2b3943ee14?s=96&d=mm&r=g","contentUrl":"https:\/\/secure.gravatar.com\/avatar\/bb65d0283347e303893ba14f0692005417c1e0e690a325a4c5d8bb2b3943ee14?s=96&d=mm&r=g","caption":"Cope Alcoy"}}]}},"_links":{"self":[{"href":"https:\/\/www.copealcoy.es\/es\/wp-json\/wp\/v2\/posts\/115485","targetHints":{"allow":["GET"]}}],"collection":[{"href":"https:\/\/www.copealcoy.es\/es\/wp-json\/wp\/v2\/posts"}],"about":[{"href":"https:\/\/www.copealcoy.es\/es\/wp-json\/wp\/v2\/types\/post"}],"author":[{"embeddable":true,"href":"https:\/\/www.copealcoy.es\/es\/wp-json\/wp\/v2\/users\/1"}],"replies":[{"embeddable":true,"href":"https:\/\/www.copealcoy.es\/es\/wp-json\/wp\/v2\/comments?post=115485"}],"version-history":[{"count":0,"href":"https:\/\/www.copealcoy.es\/es\/wp-json\/wp\/v2\/posts\/115485\/revisions"}],"wp:featuredmedia":[{"embeddable":true,"href":"https:\/\/www.copealcoy.es\/es\/wp-json\/wp\/v2\/media\/115486"}],"wp:attachment":[{"href":"https:\/\/www.copealcoy.es\/es\/wp-json\/wp\/v2\/media?parent=115485"}],"wp:term":[{"taxonomy":"category","embeddable":true,"href":"https:\/\/www.copealcoy.es\/es\/wp-json\/wp\/v2\/categories?post=115485"},{"taxonomy":"post_tag","embeddable":true,"href":"https:\/\/www.copealcoy.es\/es\/wp-json\/wp\/v2\/tags?post=115485"}],"curies":[{"name":"wp","href":"https:\/\/api.w.org\/{rel}","templated":true}]}}