{"id":115444,"date":"2023-05-09T11:17:13","date_gmt":"2023-05-09T10:17:13","guid":{"rendered":"https:\/\/www.copealcoy.es\/?p=115444"},"modified":"2023-05-09T15:46:59","modified_gmt":"2023-05-09T14:46:59","slug":"lorxa-uno-de-los-municipios-del-comtat-que-se-acerca-mas-a-europa","status":"publish","type":"post","link":"https:\/\/www.copealcoy.es\/es\/lorxa-uno-de-los-municipios-del-comtat-que-se-acerca-mas-a-europa\/","title":{"rendered":"L\u2019Orxa, uno de los municipios del Comtat que se acerca m\u00e1s a Europa"},"content":{"rendered":"<p style=\"text-align: justify;\">Cada 9 de mayo se celebra el\u00a0<strong>D\u00eda de Europa<\/strong>\u00a0y en jornadas como esta\u00a0<strong>se analizan cuestiones <\/strong>como la influencia real que tiene el continente, as\u00ed como las pol\u00edticas que se impulsan desde la Uni\u00f3n Europea, en nuestro entorno m\u00e1s cercano. M\u00e1s all\u00e1 de los Fondos Europeos Next Generation, que ahora centran todo el protagonismo en municipios como Alcoy, <strong>destacan otros proyectos interesantes<\/strong>\u00a0que hacen que nuestras comarcas se sit\u00faen en el mapa internacional.<\/p>\n<p style=\"text-align: justify;\">Una de estas iniciativas\u00a0<strong>la encontramos en L\u2019Orxa<\/strong>, municipio del Comtat que lleva un tiempo recibiendo a numerosos j\u00f3venes europeos gracias al programa Erasmus +. Esta propuesta permite a los estudiantes que llegan hasta aqu\u00ed <strong>descubrir un entorno natural envidiable<\/strong>\u00a0as\u00ed como\u00a0<strong>conocer de cerca la gastronom\u00eda, las tradiciones o la forma de vida de esta poblaci\u00f3n del interior de la provincia Alicante<\/strong>\u00a0\u201c<em>para nosotros es una excelente oportunidad porque permite abrir L\u2019Orxa al mundo y conectar con los organismos p\u00fablicos de los pa\u00edses de las personas que llegan hasta aqu\u00ed. Adem\u00e1s podemos dar a conocer todos nuestros atractivos, el patrimonio o el gran potencial que tenemos en materia de turismo de naturaleza junto al R\u00edo Serpis<\/em>\u201c, explicaba en COPE ALCOY\u00a0<strong>Pau Pinar<\/strong>, el alcalde de la localidad. Pinar recuerda tambi\u00e9n que son dos veces al a\u00f1o las que los j\u00f3venes Erasmus + llegan a L\u2019Orxa y <strong>defiende la continuidad de este proyecto de cara a la pr\u00f3xima legislatura si sigue siendo primer edil tras las Elecciones Municipales del 28 de mayo<\/strong>\u00a0\u201c<em>este proyecto es una ventana muy importante a nivel internacional pero no dejamos de trabajar para que el pueblo se conozca en la Comunitat Valenciana o en la provincia. Todo ello si dejar de lado la comarca, donde mucha gente quiz\u00e1s no conoce todav\u00eda lo mucho que podemos ofrecerle<\/em>\u201c, concluye.<\/p>\n<p style=\"text-align: justify;\">El proyecto Erasmus + de L\u2019Orxa\u00a0<strong>cuenta con el asesoramiento de la consultora contestana\u00a0<span style=\"color: #0000ff;\"><a style=\"color: #0000ff;\" href=\"https:\/\/www.google.com\/search?q=crea+360&amp;oq=crea+360&amp;gs_lcrp=EgZjaHJvbWUyBggAEEUYOTIQCAEQLhivARjHARiABBiOBTIGCAIQIxgnMgYIAxBFGDsyCAgEEAAYFhgeMgoIBRAAGA8YFhgeMgYIBhBFGD0yBggHEEUYPNIBCDM3OTNqMGo5qAIAsAIA&amp;sourceid=chrome&amp;ie=UTF-8\" target=\"_blank\" rel=\"noopener\">Crea360<\/a><\/span><\/strong>, empresa que est\u00e1 ejerciendo una importante labor para acercar\u00a0 nuestros municipios a Europa e incluso que puedan acceder a conseguir Fondos Europeos. Tambi\u00e9n el Ayuntamiento <strong>agradece la implicaci\u00f3n de la Diputaci\u00f3n de Alicante y de la diputada de Proyectos Europeos<\/strong>; Mar\u00eda G\u00f3mez, a la hora de hacer posibles estos programas.<\/p>\n","protected":false},"excerpt":{"rendered":"<p>Cada 9 de mayo se celebra el\u00a0D\u00eda de Europa\u00a0y en jornadas como esta\u00a0se analizan cuestiones como la influencia real que&#8230;<\/p>\n","protected":false},"author":1,"featured_media":115462,"comment_status":"open","ping_status":"open","sticky":false,"template":"","format":"standard","meta":{"footnotes":""},"categories":[6909,98,75,1],"tags":[12019,12706,4183,13740,1011,12951],"class_list":["post-115444","post","type-post","status-publish","format-standard","has-post-thumbnail","hentry","category-actualidad","category-comarcas","category-noticias","category-sin-categorizar","tag-crea360","tag-dia-de-europa","tag-erasmus","tag-kike-alcaraz","tag-lorxa","tag-pau-pinar"],"yoast_head":"<!-- This site is optimized with the Yoast SEO plugin v27.3 - https:\/\/yoast.com\/product\/yoast-seo-wordpress\/ -->\n<title>L\u2019Orxa, uno de los municipios del Comtat que se acerca m\u00e1s a Europa - COPE Alcoy<\/title>\n<meta name=\"description\" content=\"L&#039;Orxa apuesta por acercarse a Europa por medio de programas interesantes dirigidos a los j\u00f3venes como Erasmus +\" \/>\n<meta name=\"robots\" content=\"index, follow, max-snippet:-1, max-image-preview:large, max-video-preview:-1\" \/>\n<link rel=\"canonical\" href=\"https:\/\/www.copealcoy.es\/es\/lorxa-uno-de-los-municipios-del-comtat-que-se-acerca-mas-a-europa\/\" \/>\n<meta property=\"og:locale\" content=\"es_ES\" \/>\n<meta property=\"og:type\" content=\"article\" \/>\n<meta property=\"og:title\" content=\"L\u2019Orxa, uno de los municipios del Comtat que se acerca m\u00e1s a Europa - COPE Alcoy\" \/>\n<meta property=\"og:description\" content=\"L&#039;Orxa apuesta por acercarse a Europa por medio de programas interesantes dirigidos a los j\u00f3venes como Erasmus +\" \/>\n<meta property=\"og:url\" content=\"https:\/\/www.copealcoy.es\/es\/lorxa-uno-de-los-municipios-del-comtat-que-se-acerca-mas-a-europa\/\" \/>\n<meta property=\"og:site_name\" content=\"COPE Alcoy\" \/>\n<meta property=\"article:published_time\" content=\"2023-05-09T10:17:13+00:00\" \/>\n<meta property=\"article:modified_time\" content=\"2023-05-09T14:46:59+00:00\" \/>\n<meta property=\"og:image\" content=\"https:\/\/www.copealcoy.es\/wp-content\/uploads\/2023\/05\/unnamed-3-1-e1683643396355.jpg\" \/>\n\t<meta property=\"og:image:width\" content=\"640\" \/>\n\t<meta property=\"og:image:height\" content=\"539\" \/>\n\t<meta property=\"og:image:type\" content=\"image\/jpeg\" \/>\n<meta name=\"author\" content=\"Cope Alcoy\" \/>\n<meta name=\"twitter:label1\" content=\"Escrito por\" \/>\n\t<meta name=\"twitter:data1\" content=\"Cope Alcoy\" \/>\n\t<meta name=\"twitter:label2\" content=\"Tiempo de lectura\" \/>\n\t<meta name=\"twitter:data2\" content=\"2 minutos\" \/>\n<script type=\"application\/ld+json\" class=\"yoast-schema-graph\">{\"@context\":\"https:\\\/\\\/schema.org\",\"@graph\":[{\"@type\":\"Article\",\"@id\":\"https:\\\/\\\/www.copealcoy.es\\\/es\\\/lorxa-uno-de-los-municipios-del-comtat-que-se-acerca-mas-a-europa\\\/#article\",\"isPartOf\":{\"@id\":\"https:\\\/\\\/www.copealcoy.es\\\/es\\\/lorxa-uno-de-los-municipios-del-comtat-que-se-acerca-mas-a-europa\\\/\"},\"author\":{\"name\":\"Cope Alcoy\",\"@id\":\"https:\\\/\\\/www.copealcoy.es\\\/es\\\/#\\\/schema\\\/person\\\/e777c87fa024e57d40170af9df39882c\"},\"headline\":\"L\u2019Orxa, uno de los municipios del Comtat que se acerca m\u00e1s a Europa\",\"datePublished\":\"2023-05-09T10:17:13+00:00\",\"dateModified\":\"2023-05-09T14:46:59+00:00\",\"mainEntityOfPage\":{\"@id\":\"https:\\\/\\\/www.copealcoy.es\\\/es\\\/lorxa-uno-de-los-municipios-del-comtat-que-se-acerca-mas-a-europa\\\/\"},\"wordCount\":400,\"commentCount\":0,\"image\":{\"@id\":\"https:\\\/\\\/www.copealcoy.es\\\/es\\\/lorxa-uno-de-los-municipios-del-comtat-que-se-acerca-mas-a-europa\\\/#primaryimage\"},\"thumbnailUrl\":\"https:\\\/\\\/www.copealcoy.es\\\/wp-content\\\/uploads\\\/2023\\\/05\\\/unnamed-3-1-e1683643396355.jpg\",\"keywords\":[\"Crea360\",\"Dia de Europa\",\"Erasmus\",\"Kike Alcaraz\",\"L\u00b4Orxa\",\"Pau Pinar\"],\"articleSection\":[\"Actualidad\",\"Comarcas\",\"Noticias\",\"Sin categorizar\"],\"inLanguage\":\"es\"},{\"@type\":\"WebPage\",\"@id\":\"https:\\\/\\\/www.copealcoy.es\\\/es\\\/lorxa-uno-de-los-municipios-del-comtat-que-se-acerca-mas-a-europa\\\/\",\"url\":\"https:\\\/\\\/www.copealcoy.es\\\/es\\\/lorxa-uno-de-los-municipios-del-comtat-que-se-acerca-mas-a-europa\\\/\",\"name\":\"L\u2019Orxa, uno de los municipios del Comtat que se acerca m\u00e1s a Europa - COPE Alcoy\",\"isPartOf\":{\"@id\":\"https:\\\/\\\/www.copealcoy.es\\\/es\\\/#website\"},\"primaryImageOfPage\":{\"@id\":\"https:\\\/\\\/www.copealcoy.es\\\/es\\\/lorxa-uno-de-los-municipios-del-comtat-que-se-acerca-mas-a-europa\\\/#primaryimage\"},\"image\":{\"@id\":\"https:\\\/\\\/www.copealcoy.es\\\/es\\\/lorxa-uno-de-los-municipios-del-comtat-que-se-acerca-mas-a-europa\\\/#primaryimage\"},\"thumbnailUrl\":\"https:\\\/\\\/www.copealcoy.es\\\/wp-content\\\/uploads\\\/2023\\\/05\\\/unnamed-3-1-e1683643396355.jpg\",\"datePublished\":\"2023-05-09T10:17:13+00:00\",\"dateModified\":\"2023-05-09T14:46:59+00:00\",\"author\":{\"@id\":\"https:\\\/\\\/www.copealcoy.es\\\/es\\\/#\\\/schema\\\/person\\\/e777c87fa024e57d40170af9df39882c\"},\"description\":\"L'Orxa apuesta por acercarse a Europa por medio de programas interesantes dirigidos a los j\u00f3venes como Erasmus +\",\"breadcrumb\":{\"@id\":\"https:\\\/\\\/www.copealcoy.es\\\/es\\\/lorxa-uno-de-los-municipios-del-comtat-que-se-acerca-mas-a-europa\\\/#breadcrumb\"},\"inLanguage\":\"es\",\"potentialAction\":[{\"@type\":\"ReadAction\",\"target\":[\"https:\\\/\\\/www.copealcoy.es\\\/es\\\/lorxa-uno-de-los-municipios-del-comtat-que-se-acerca-mas-a-europa\\\/\"]}]},{\"@type\":\"ImageObject\",\"inLanguage\":\"es\",\"@id\":\"https:\\\/\\\/www.copealcoy.es\\\/es\\\/lorxa-uno-de-los-municipios-del-comtat-que-se-acerca-mas-a-europa\\\/#primaryimage\",\"url\":\"https:\\\/\\\/www.copealcoy.es\\\/wp-content\\\/uploads\\\/2023\\\/05\\\/unnamed-3-1-e1683643396355.jpg\",\"contentUrl\":\"https:\\\/\\\/www.copealcoy.es\\\/wp-content\\\/uploads\\\/2023\\\/05\\\/unnamed-3-1-e1683643396355.jpg\",\"width\":640,\"height\":539},{\"@type\":\"BreadcrumbList\",\"@id\":\"https:\\\/\\\/www.copealcoy.es\\\/es\\\/lorxa-uno-de-los-municipios-del-comtat-que-se-acerca-mas-a-europa\\\/#breadcrumb\",\"itemListElement\":[{\"@type\":\"ListItem\",\"position\":1,\"name\":\"Portada\",\"item\":\"https:\\\/\\\/www.copealcoy.es\\\/es\\\/\"},{\"@type\":\"ListItem\",\"position\":2,\"name\":\"L\u2019Orxa, uno de los municipios del Comtat que se acerca m\u00e1s a Europa\"}]},{\"@type\":\"WebSite\",\"@id\":\"https:\\\/\\\/www.copealcoy.es\\\/es\\\/#website\",\"url\":\"https:\\\/\\\/www.copealcoy.es\\\/es\\\/\",\"name\":\"COPE Alcoy\",\"description\":\"Emisora COPE de radio local con emisi\u00f3n online. Pont de Sant Jordi 8-10 03803 Alcoy\",\"potentialAction\":[{\"@type\":\"SearchAction\",\"target\":{\"@type\":\"EntryPoint\",\"urlTemplate\":\"https:\\\/\\\/www.copealcoy.es\\\/es\\\/?s={search_term_string}\"},\"query-input\":{\"@type\":\"PropertyValueSpecification\",\"valueRequired\":true,\"valueName\":\"search_term_string\"}}],\"inLanguage\":\"es\"},{\"@type\":\"Person\",\"@id\":\"https:\\\/\\\/www.copealcoy.es\\\/es\\\/#\\\/schema\\\/person\\\/e777c87fa024e57d40170af9df39882c\",\"name\":\"Cope Alcoy\",\"image\":{\"@type\":\"ImageObject\",\"inLanguage\":\"es\",\"@id\":\"https:\\\/\\\/secure.gravatar.com\\\/avatar\\\/bb65d0283347e303893ba14f0692005417c1e0e690a325a4c5d8bb2b3943ee14?s=96&d=mm&r=g\",\"url\":\"https:\\\/\\\/secure.gravatar.com\\\/avatar\\\/bb65d0283347e303893ba14f0692005417c1e0e690a325a4c5d8bb2b3943ee14?s=96&d=mm&r=g\",\"contentUrl\":\"https:\\\/\\\/secure.gravatar.com\\\/avatar\\\/bb65d0283347e303893ba14f0692005417c1e0e690a325a4c5d8bb2b3943ee14?s=96&d=mm&r=g\",\"caption\":\"Cope Alcoy\"}}]}<\/script>\n<!-- \/ Yoast SEO plugin. -->","yoast_head_json":{"title":"L\u2019Orxa, uno de los municipios del Comtat que se acerca m\u00e1s a Europa - COPE Alcoy","description":"L'Orxa apuesta por acercarse a Europa por medio de programas interesantes dirigidos a los j\u00f3venes como Erasmus +","robots":{"index":"index","follow":"follow","max-snippet":"max-snippet:-1","max-image-preview":"max-image-preview:large","max-video-preview":"max-video-preview:-1"},"canonical":"https:\/\/www.copealcoy.es\/es\/lorxa-uno-de-los-municipios-del-comtat-que-se-acerca-mas-a-europa\/","og_locale":"es_ES","og_type":"article","og_title":"L\u2019Orxa, uno de los municipios del Comtat que se acerca m\u00e1s a Europa - COPE Alcoy","og_description":"L'Orxa apuesta por acercarse a Europa por medio de programas interesantes dirigidos a los j\u00f3venes como Erasmus +","og_url":"https:\/\/www.copealcoy.es\/es\/lorxa-uno-de-los-municipios-del-comtat-que-se-acerca-mas-a-europa\/","og_site_name":"COPE Alcoy","article_published_time":"2023-05-09T10:17:13+00:00","article_modified_time":"2023-05-09T14:46:59+00:00","og_image":[{"width":640,"height":539,"url":"https:\/\/www.copealcoy.es\/wp-content\/uploads\/2023\/05\/unnamed-3-1-e1683643396355.jpg","type":"image\/jpeg"}],"author":"Cope Alcoy","twitter_misc":{"Escrito por":"Cope Alcoy","Tiempo de lectura":"2 minutos"},"schema":{"@context":"https:\/\/schema.org","@graph":[{"@type":"Article","@id":"https:\/\/www.copealcoy.es\/es\/lorxa-uno-de-los-municipios-del-comtat-que-se-acerca-mas-a-europa\/#article","isPartOf":{"@id":"https:\/\/www.copealcoy.es\/es\/lorxa-uno-de-los-municipios-del-comtat-que-se-acerca-mas-a-europa\/"},"author":{"name":"Cope Alcoy","@id":"https:\/\/www.copealcoy.es\/es\/#\/schema\/person\/e777c87fa024e57d40170af9df39882c"},"headline":"L\u2019Orxa, uno de los municipios del Comtat que se acerca m\u00e1s a Europa","datePublished":"2023-05-09T10:17:13+00:00","dateModified":"2023-05-09T14:46:59+00:00","mainEntityOfPage":{"@id":"https:\/\/www.copealcoy.es\/es\/lorxa-uno-de-los-municipios-del-comtat-que-se-acerca-mas-a-europa\/"},"wordCount":400,"commentCount":0,"image":{"@id":"https:\/\/www.copealcoy.es\/es\/lorxa-uno-de-los-municipios-del-comtat-que-se-acerca-mas-a-europa\/#primaryimage"},"thumbnailUrl":"https:\/\/www.copealcoy.es\/wp-content\/uploads\/2023\/05\/unnamed-3-1-e1683643396355.jpg","keywords":["Crea360","Dia de Europa","Erasmus","Kike Alcaraz","L\u00b4Orxa","Pau Pinar"],"articleSection":["Actualidad","Comarcas","Noticias","Sin categorizar"],"inLanguage":"es"},{"@type":"WebPage","@id":"https:\/\/www.copealcoy.es\/es\/lorxa-uno-de-los-municipios-del-comtat-que-se-acerca-mas-a-europa\/","url":"https:\/\/www.copealcoy.es\/es\/lorxa-uno-de-los-municipios-del-comtat-que-se-acerca-mas-a-europa\/","name":"L\u2019Orxa, uno de los municipios del Comtat que se acerca m\u00e1s a Europa - COPE Alcoy","isPartOf":{"@id":"https:\/\/www.copealcoy.es\/es\/#website"},"primaryImageOfPage":{"@id":"https:\/\/www.copealcoy.es\/es\/lorxa-uno-de-los-municipios-del-comtat-que-se-acerca-mas-a-europa\/#primaryimage"},"image":{"@id":"https:\/\/www.copealcoy.es\/es\/lorxa-uno-de-los-municipios-del-comtat-que-se-acerca-mas-a-europa\/#primaryimage"},"thumbnailUrl":"https:\/\/www.copealcoy.es\/wp-content\/uploads\/2023\/05\/unnamed-3-1-e1683643396355.jpg","datePublished":"2023-05-09T10:17:13+00:00","dateModified":"2023-05-09T14:46:59+00:00","author":{"@id":"https:\/\/www.copealcoy.es\/es\/#\/schema\/person\/e777c87fa024e57d40170af9df39882c"},"description":"L'Orxa apuesta por acercarse a Europa por medio de programas interesantes dirigidos a los j\u00f3venes como Erasmus +","breadcrumb":{"@id":"https:\/\/www.copealcoy.es\/es\/lorxa-uno-de-los-municipios-del-comtat-que-se-acerca-mas-a-europa\/#breadcrumb"},"inLanguage":"es","potentialAction":[{"@type":"ReadAction","target":["https:\/\/www.copealcoy.es\/es\/lorxa-uno-de-los-municipios-del-comtat-que-se-acerca-mas-a-europa\/"]}]},{"@type":"ImageObject","inLanguage":"es","@id":"https:\/\/www.copealcoy.es\/es\/lorxa-uno-de-los-municipios-del-comtat-que-se-acerca-mas-a-europa\/#primaryimage","url":"https:\/\/www.copealcoy.es\/wp-content\/uploads\/2023\/05\/unnamed-3-1-e1683643396355.jpg","contentUrl":"https:\/\/www.copealcoy.es\/wp-content\/uploads\/2023\/05\/unnamed-3-1-e1683643396355.jpg","width":640,"height":539},{"@type":"BreadcrumbList","@id":"https:\/\/www.copealcoy.es\/es\/lorxa-uno-de-los-municipios-del-comtat-que-se-acerca-mas-a-europa\/#breadcrumb","itemListElement":[{"@type":"ListItem","position":1,"name":"Portada","item":"https:\/\/www.copealcoy.es\/es\/"},{"@type":"ListItem","position":2,"name":"L\u2019Orxa, uno de los municipios del Comtat que se acerca m\u00e1s a Europa"}]},{"@type":"WebSite","@id":"https:\/\/www.copealcoy.es\/es\/#website","url":"https:\/\/www.copealcoy.es\/es\/","name":"COPE Alcoy","description":"Emisora COPE de radio local con emisi\u00f3n online. Pont de Sant Jordi 8-10 03803 Alcoy","potentialAction":[{"@type":"SearchAction","target":{"@type":"EntryPoint","urlTemplate":"https:\/\/www.copealcoy.es\/es\/?s={search_term_string}"},"query-input":{"@type":"PropertyValueSpecification","valueRequired":true,"valueName":"search_term_string"}}],"inLanguage":"es"},{"@type":"Person","@id":"https:\/\/www.copealcoy.es\/es\/#\/schema\/person\/e777c87fa024e57d40170af9df39882c","name":"Cope Alcoy","image":{"@type":"ImageObject","inLanguage":"es","@id":"https:\/\/secure.gravatar.com\/avatar\/bb65d0283347e303893ba14f0692005417c1e0e690a325a4c5d8bb2b3943ee14?s=96&d=mm&r=g","url":"https:\/\/secure.gravatar.com\/avatar\/bb65d0283347e303893ba14f0692005417c1e0e690a325a4c5d8bb2b3943ee14?s=96&d=mm&r=g","contentUrl":"https:\/\/secure.gravatar.com\/avatar\/bb65d0283347e303893ba14f0692005417c1e0e690a325a4c5d8bb2b3943ee14?s=96&d=mm&r=g","caption":"Cope Alcoy"}}]}},"_links":{"self":[{"href":"https:\/\/www.copealcoy.es\/es\/wp-json\/wp\/v2\/posts\/115444","targetHints":{"allow":["GET"]}}],"collection":[{"href":"https:\/\/www.copealcoy.es\/es\/wp-json\/wp\/v2\/posts"}],"about":[{"href":"https:\/\/www.copealcoy.es\/es\/wp-json\/wp\/v2\/types\/post"}],"author":[{"embeddable":true,"href":"https:\/\/www.copealcoy.es\/es\/wp-json\/wp\/v2\/users\/1"}],"replies":[{"embeddable":true,"href":"https:\/\/www.copealcoy.es\/es\/wp-json\/wp\/v2\/comments?post=115444"}],"version-history":[{"count":0,"href":"https:\/\/www.copealcoy.es\/es\/wp-json\/wp\/v2\/posts\/115444\/revisions"}],"wp:featuredmedia":[{"embeddable":true,"href":"https:\/\/www.copealcoy.es\/es\/wp-json\/wp\/v2\/media\/115462"}],"wp:attachment":[{"href":"https:\/\/www.copealcoy.es\/es\/wp-json\/wp\/v2\/media?parent=115444"}],"wp:term":[{"taxonomy":"category","embeddable":true,"href":"https:\/\/www.copealcoy.es\/es\/wp-json\/wp\/v2\/categories?post=115444"},{"taxonomy":"post_tag","embeddable":true,"href":"https:\/\/www.copealcoy.es\/es\/wp-json\/wp\/v2\/tags?post=115444"}],"curies":[{"name":"wp","href":"https:\/\/api.w.org\/{rel}","templated":true}]}}