{"id":115408,"date":"2023-05-05T19:00:08","date_gmt":"2023-05-05T18:00:08","guid":{"rendered":"https:\/\/www.copealcoy.es\/?p=115408"},"modified":"2023-05-09T07:50:28","modified_gmt":"2023-05-09T06:50:28","slug":"el-mig-any-de-la-fira-regresa-con-una-variada-programacion-de-actividades","status":"publish","type":"post","link":"https:\/\/www.copealcoy.es\/es\/el-mig-any-de-la-fira-regresa-con-una-variada-programacion-de-actividades\/","title":{"rendered":"El Mig Any de la Fira regresa con una variada programaci\u00f3n de actividades"},"content":{"rendered":"<p style=\"text-align: justify;\">Cocentaina se prepara para celebrar <a href=\"https:\/\/www.firadecocentaina.org\/es\/\" target=\"_blank\" rel=\"noopener\"><span style=\"color: #0000ff;\"><strong>el Mig de la Fira de Tots Sants<\/strong><\/span><\/a> y la organizaci\u00f3n del certamen <strong>ha dado ya a conocer la programaci\u00f3n que dar\u00e1 forma a una cita que se ha consolidado en los \u00faltimos a\u00f1os<\/strong>. Las iniciativas arrancan el 17 de mayo con <strong>la \u00faltima entrega del congreso sobre la Fira<\/strong>, que qued\u00f3 pendiente en marzo cuando se celebr\u00f3 esta convocatoria, y que estar\u00e1 dedicada a emprendedores, universitarios y p\u00fablico en general.<\/p>\n<p style=\"text-align: justify;\">El plato fuerte llegar\u00e1 <strong>el fin de semana del 19 al 21 de mayo<\/strong> con <strong>una variada oferta de conciertos<\/strong> que se desarrollar\u00e1n en el recinto ferial ubicado junto al Centre Cultural El Teular \u201c<em>y en el marco del FiraFest tendremos espacio para puestos de venta con muchos de los art\u00edculos que encontramos cada a\u00f1o en Cocentaina en los primeros d\u00edas de noviembre y que se repartir\u00e1n por el entorno del Teular e incluso hasta el Passeig del Comtat<\/em>\u201d, avanzaba la edil de Fira; <strong>Eugenia Miguel<\/strong>.\u00a0 Muestras de coches cl\u00e1sicos, una competici\u00f3n de doma y las rutas gastron\u00f3micas completan el programa de este Mig Any \u201c<em>tendremos tres fines de semana desde mediados de mayo para poder disfrutar del quinto y tapa en los establecimientos hosteleros locales, as\u00ed como de men\u00fas especiales. Adem\u00e1s, quienes participen pueden optar a interesantes premios que iremos dando a conocer en los pr\u00f3ximos d\u00edas<\/em>\u201d, significa la concejala de Comercio; <strong>Paqui Ruiz<\/strong>. Por \u00faltimo, la alcaldesa de la localidad invita a Cocentaina y a la comarca a disfrutar de esta nueva entrega del Mig Any \u201c<em>con estas propuestas conseguimos dinamizar el pueblo en el ecuador de la primavera, pero tambi\u00e9n abrimos la cuenta atr\u00e1s hacia la pr\u00f3xima edici\u00f3n de una Fira de Tots Sants que ya esperamos con muchas ganas a que llegu<\/em>e\u201d, concluy\u00f3 <strong>Mireia Estepa<\/strong>.<\/p>\n<p style=\"text-align: justify;\">Recordar que la Fira del 2023 <strong>tendr\u00e1 r\u00e9cord de duraci\u00f3n<\/strong>. Ser\u00e1n cinco d\u00edas de certamen puesto que la esperada cita <strong>se celebrar\u00e1 entre el 1 y el 5<\/strong> del mes de noviembre.<\/p>\n","protected":false},"excerpt":{"rendered":"<p>Cocentaina se prepara para celebrar el Mig de la Fira de Tots Sants y la organizaci\u00f3n del certamen ha dado&#8230;<\/p>\n","protected":false},"author":1,"featured_media":115409,"comment_status":"open","ping_status":"open","sticky":false,"template":"","format":"standard","meta":{"footnotes":""},"categories":[6909,98,75],"tags":[132,7015,635,1455,1799,7199,747],"class_list":["post-115408","post","type-post","status-publish","format-standard","has-post-thumbnail","hentry","category-actualidad","category-comarcas","category-noticias","tag-cocentaina","tag-eugenia-miguel","tag-fira-de-tots-sants","tag-mig-any","tag-mireia-estepa","tag-paqui-ruiz","tag-programacion"],"yoast_head":"<!-- This site is optimized with the Yoast SEO plugin v27.3 - https:\/\/yoast.com\/product\/yoast-seo-wordpress\/ -->\n<title>El Mig Any de la Fira regresa con una variada programaci\u00f3n de actividades - COPE Alcoy<\/title>\n<meta name=\"description\" content=\"Cocentaina se prepara para celebrar el Mig de la Fira de Tots Sants y la organizaci\u00f3n del certamen ha dado ya a conocer la programaci\u00f3n\" \/>\n<meta name=\"robots\" content=\"index, follow, max-snippet:-1, max-image-preview:large, max-video-preview:-1\" \/>\n<link rel=\"canonical\" href=\"https:\/\/www.copealcoy.es\/es\/el-mig-any-de-la-fira-regresa-con-una-variada-programacion-de-actividades\/\" \/>\n<meta property=\"og:locale\" content=\"es_ES\" \/>\n<meta property=\"og:type\" content=\"article\" \/>\n<meta property=\"og:title\" content=\"El Mig Any de la Fira regresa con una variada programaci\u00f3n de actividades - COPE Alcoy\" \/>\n<meta property=\"og:description\" content=\"Cocentaina se prepara para celebrar el Mig de la Fira de Tots Sants y la organizaci\u00f3n del certamen ha dado ya a conocer la programaci\u00f3n\" \/>\n<meta property=\"og:url\" content=\"https:\/\/www.copealcoy.es\/es\/el-mig-any-de-la-fira-regresa-con-una-variada-programacion-de-actividades\/\" \/>\n<meta property=\"og:site_name\" content=\"COPE Alcoy\" \/>\n<meta property=\"article:published_time\" content=\"2023-05-05T18:00:08+00:00\" \/>\n<meta property=\"article:modified_time\" content=\"2023-05-09T06:50:28+00:00\" \/>\n<meta property=\"og:image\" content=\"https:\/\/www.copealcoy.es\/wp-content\/uploads\/2023\/05\/IMG_20230505_101851-scaled.jpg\" \/>\n\t<meta property=\"og:image:width\" content=\"1434\" \/>\n\t<meta property=\"og:image:height\" content=\"1080\" \/>\n\t<meta property=\"og:image:type\" content=\"image\/jpeg\" \/>\n<meta name=\"author\" content=\"Cope Alcoy\" \/>\n<meta name=\"twitter:label1\" content=\"Escrito por\" \/>\n\t<meta name=\"twitter:data1\" content=\"Cope Alcoy\" \/>\n\t<meta name=\"twitter:label2\" content=\"Tiempo de lectura\" \/>\n\t<meta name=\"twitter:data2\" content=\"2 minutos\" \/>\n<script type=\"application\/ld+json\" class=\"yoast-schema-graph\">{\"@context\":\"https:\\\/\\\/schema.org\",\"@graph\":[{\"@type\":\"Article\",\"@id\":\"https:\\\/\\\/www.copealcoy.es\\\/es\\\/el-mig-any-de-la-fira-regresa-con-una-variada-programacion-de-actividades\\\/#article\",\"isPartOf\":{\"@id\":\"https:\\\/\\\/www.copealcoy.es\\\/es\\\/el-mig-any-de-la-fira-regresa-con-una-variada-programacion-de-actividades\\\/\"},\"author\":{\"name\":\"Cope Alcoy\",\"@id\":\"https:\\\/\\\/www.copealcoy.es\\\/es\\\/#\\\/schema\\\/person\\\/e777c87fa024e57d40170af9df39882c\"},\"headline\":\"El Mig Any de la Fira regresa con una variada programaci\u00f3n de actividades\",\"datePublished\":\"2023-05-05T18:00:08+00:00\",\"dateModified\":\"2023-05-09T06:50:28+00:00\",\"mainEntityOfPage\":{\"@id\":\"https:\\\/\\\/www.copealcoy.es\\\/es\\\/el-mig-any-de-la-fira-regresa-con-una-variada-programacion-de-actividades\\\/\"},\"wordCount\":359,\"commentCount\":0,\"image\":{\"@id\":\"https:\\\/\\\/www.copealcoy.es\\\/es\\\/el-mig-any-de-la-fira-regresa-con-una-variada-programacion-de-actividades\\\/#primaryimage\"},\"thumbnailUrl\":\"https:\\\/\\\/www.copealcoy.es\\\/wp-content\\\/uploads\\\/2023\\\/05\\\/IMG_20230505_101851-scaled.jpg\",\"keywords\":[\"Cocentaina\",\"Eugenia Miguel\",\"Fira de Tots Sants\",\"Mig Any\",\"Mireia Estepa\",\"Paqui Ruiz\",\"Programaci\u00f3n\"],\"articleSection\":[\"Actualidad\",\"Comarcas\",\"Noticias\"],\"inLanguage\":\"es\"},{\"@type\":\"WebPage\",\"@id\":\"https:\\\/\\\/www.copealcoy.es\\\/es\\\/el-mig-any-de-la-fira-regresa-con-una-variada-programacion-de-actividades\\\/\",\"url\":\"https:\\\/\\\/www.copealcoy.es\\\/es\\\/el-mig-any-de-la-fira-regresa-con-una-variada-programacion-de-actividades\\\/\",\"name\":\"El Mig Any de la Fira regresa con una variada programaci\u00f3n de actividades - COPE Alcoy\",\"isPartOf\":{\"@id\":\"https:\\\/\\\/www.copealcoy.es\\\/es\\\/#website\"},\"primaryImageOfPage\":{\"@id\":\"https:\\\/\\\/www.copealcoy.es\\\/es\\\/el-mig-any-de-la-fira-regresa-con-una-variada-programacion-de-actividades\\\/#primaryimage\"},\"image\":{\"@id\":\"https:\\\/\\\/www.copealcoy.es\\\/es\\\/el-mig-any-de-la-fira-regresa-con-una-variada-programacion-de-actividades\\\/#primaryimage\"},\"thumbnailUrl\":\"https:\\\/\\\/www.copealcoy.es\\\/wp-content\\\/uploads\\\/2023\\\/05\\\/IMG_20230505_101851-scaled.jpg\",\"datePublished\":\"2023-05-05T18:00:08+00:00\",\"dateModified\":\"2023-05-09T06:50:28+00:00\",\"author\":{\"@id\":\"https:\\\/\\\/www.copealcoy.es\\\/es\\\/#\\\/schema\\\/person\\\/e777c87fa024e57d40170af9df39882c\"},\"description\":\"Cocentaina se prepara para celebrar el Mig de la Fira de Tots Sants y la organizaci\u00f3n del certamen ha dado ya a conocer la programaci\u00f3n\",\"breadcrumb\":{\"@id\":\"https:\\\/\\\/www.copealcoy.es\\\/es\\\/el-mig-any-de-la-fira-regresa-con-una-variada-programacion-de-actividades\\\/#breadcrumb\"},\"inLanguage\":\"es\",\"potentialAction\":[{\"@type\":\"ReadAction\",\"target\":[\"https:\\\/\\\/www.copealcoy.es\\\/es\\\/el-mig-any-de-la-fira-regresa-con-una-variada-programacion-de-actividades\\\/\"]}]},{\"@type\":\"ImageObject\",\"inLanguage\":\"es\",\"@id\":\"https:\\\/\\\/www.copealcoy.es\\\/es\\\/el-mig-any-de-la-fira-regresa-con-una-variada-programacion-de-actividades\\\/#primaryimage\",\"url\":\"https:\\\/\\\/www.copealcoy.es\\\/wp-content\\\/uploads\\\/2023\\\/05\\\/IMG_20230505_101851-scaled.jpg\",\"contentUrl\":\"https:\\\/\\\/www.copealcoy.es\\\/wp-content\\\/uploads\\\/2023\\\/05\\\/IMG_20230505_101851-scaled.jpg\",\"width\":1434,\"height\":1080},{\"@type\":\"BreadcrumbList\",\"@id\":\"https:\\\/\\\/www.copealcoy.es\\\/es\\\/el-mig-any-de-la-fira-regresa-con-una-variada-programacion-de-actividades\\\/#breadcrumb\",\"itemListElement\":[{\"@type\":\"ListItem\",\"position\":1,\"name\":\"Portada\",\"item\":\"https:\\\/\\\/www.copealcoy.es\\\/es\\\/\"},{\"@type\":\"ListItem\",\"position\":2,\"name\":\"El Mig Any de la Fira regresa con una variada programaci\u00f3n de actividades\"}]},{\"@type\":\"WebSite\",\"@id\":\"https:\\\/\\\/www.copealcoy.es\\\/es\\\/#website\",\"url\":\"https:\\\/\\\/www.copealcoy.es\\\/es\\\/\",\"name\":\"COPE Alcoy\",\"description\":\"Emisora COPE de radio local con emisi\u00f3n online. Pont de Sant Jordi 8-10 03803 Alcoy\",\"potentialAction\":[{\"@type\":\"SearchAction\",\"target\":{\"@type\":\"EntryPoint\",\"urlTemplate\":\"https:\\\/\\\/www.copealcoy.es\\\/es\\\/?s={search_term_string}\"},\"query-input\":{\"@type\":\"PropertyValueSpecification\",\"valueRequired\":true,\"valueName\":\"search_term_string\"}}],\"inLanguage\":\"es\"},{\"@type\":\"Person\",\"@id\":\"https:\\\/\\\/www.copealcoy.es\\\/es\\\/#\\\/schema\\\/person\\\/e777c87fa024e57d40170af9df39882c\",\"name\":\"Cope Alcoy\",\"image\":{\"@type\":\"ImageObject\",\"inLanguage\":\"es\",\"@id\":\"https:\\\/\\\/secure.gravatar.com\\\/avatar\\\/bb65d0283347e303893ba14f0692005417c1e0e690a325a4c5d8bb2b3943ee14?s=96&d=mm&r=g\",\"url\":\"https:\\\/\\\/secure.gravatar.com\\\/avatar\\\/bb65d0283347e303893ba14f0692005417c1e0e690a325a4c5d8bb2b3943ee14?s=96&d=mm&r=g\",\"contentUrl\":\"https:\\\/\\\/secure.gravatar.com\\\/avatar\\\/bb65d0283347e303893ba14f0692005417c1e0e690a325a4c5d8bb2b3943ee14?s=96&d=mm&r=g\",\"caption\":\"Cope Alcoy\"}}]}<\/script>\n<!-- \/ Yoast SEO plugin. -->","yoast_head_json":{"title":"El Mig Any de la Fira regresa con una variada programaci\u00f3n de actividades - COPE Alcoy","description":"Cocentaina se prepara para celebrar el Mig de la Fira de Tots Sants y la organizaci\u00f3n del certamen ha dado ya a conocer la programaci\u00f3n","robots":{"index":"index","follow":"follow","max-snippet":"max-snippet:-1","max-image-preview":"max-image-preview:large","max-video-preview":"max-video-preview:-1"},"canonical":"https:\/\/www.copealcoy.es\/es\/el-mig-any-de-la-fira-regresa-con-una-variada-programacion-de-actividades\/","og_locale":"es_ES","og_type":"article","og_title":"El Mig Any de la Fira regresa con una variada programaci\u00f3n de actividades - COPE Alcoy","og_description":"Cocentaina se prepara para celebrar el Mig de la Fira de Tots Sants y la organizaci\u00f3n del certamen ha dado ya a conocer la programaci\u00f3n","og_url":"https:\/\/www.copealcoy.es\/es\/el-mig-any-de-la-fira-regresa-con-una-variada-programacion-de-actividades\/","og_site_name":"COPE Alcoy","article_published_time":"2023-05-05T18:00:08+00:00","article_modified_time":"2023-05-09T06:50:28+00:00","og_image":[{"width":1434,"height":1080,"url":"https:\/\/www.copealcoy.es\/wp-content\/uploads\/2023\/05\/IMG_20230505_101851-scaled.jpg","type":"image\/jpeg"}],"author":"Cope Alcoy","twitter_misc":{"Escrito por":"Cope Alcoy","Tiempo de lectura":"2 minutos"},"schema":{"@context":"https:\/\/schema.org","@graph":[{"@type":"Article","@id":"https:\/\/www.copealcoy.es\/es\/el-mig-any-de-la-fira-regresa-con-una-variada-programacion-de-actividades\/#article","isPartOf":{"@id":"https:\/\/www.copealcoy.es\/es\/el-mig-any-de-la-fira-regresa-con-una-variada-programacion-de-actividades\/"},"author":{"name":"Cope Alcoy","@id":"https:\/\/www.copealcoy.es\/es\/#\/schema\/person\/e777c87fa024e57d40170af9df39882c"},"headline":"El Mig Any de la Fira regresa con una variada programaci\u00f3n de actividades","datePublished":"2023-05-05T18:00:08+00:00","dateModified":"2023-05-09T06:50:28+00:00","mainEntityOfPage":{"@id":"https:\/\/www.copealcoy.es\/es\/el-mig-any-de-la-fira-regresa-con-una-variada-programacion-de-actividades\/"},"wordCount":359,"commentCount":0,"image":{"@id":"https:\/\/www.copealcoy.es\/es\/el-mig-any-de-la-fira-regresa-con-una-variada-programacion-de-actividades\/#primaryimage"},"thumbnailUrl":"https:\/\/www.copealcoy.es\/wp-content\/uploads\/2023\/05\/IMG_20230505_101851-scaled.jpg","keywords":["Cocentaina","Eugenia Miguel","Fira de Tots Sants","Mig Any","Mireia Estepa","Paqui Ruiz","Programaci\u00f3n"],"articleSection":["Actualidad","Comarcas","Noticias"],"inLanguage":"es"},{"@type":"WebPage","@id":"https:\/\/www.copealcoy.es\/es\/el-mig-any-de-la-fira-regresa-con-una-variada-programacion-de-actividades\/","url":"https:\/\/www.copealcoy.es\/es\/el-mig-any-de-la-fira-regresa-con-una-variada-programacion-de-actividades\/","name":"El Mig Any de la Fira regresa con una variada programaci\u00f3n de actividades - COPE Alcoy","isPartOf":{"@id":"https:\/\/www.copealcoy.es\/es\/#website"},"primaryImageOfPage":{"@id":"https:\/\/www.copealcoy.es\/es\/el-mig-any-de-la-fira-regresa-con-una-variada-programacion-de-actividades\/#primaryimage"},"image":{"@id":"https:\/\/www.copealcoy.es\/es\/el-mig-any-de-la-fira-regresa-con-una-variada-programacion-de-actividades\/#primaryimage"},"thumbnailUrl":"https:\/\/www.copealcoy.es\/wp-content\/uploads\/2023\/05\/IMG_20230505_101851-scaled.jpg","datePublished":"2023-05-05T18:00:08+00:00","dateModified":"2023-05-09T06:50:28+00:00","author":{"@id":"https:\/\/www.copealcoy.es\/es\/#\/schema\/person\/e777c87fa024e57d40170af9df39882c"},"description":"Cocentaina se prepara para celebrar el Mig de la Fira de Tots Sants y la organizaci\u00f3n del certamen ha dado ya a conocer la programaci\u00f3n","breadcrumb":{"@id":"https:\/\/www.copealcoy.es\/es\/el-mig-any-de-la-fira-regresa-con-una-variada-programacion-de-actividades\/#breadcrumb"},"inLanguage":"es","potentialAction":[{"@type":"ReadAction","target":["https:\/\/www.copealcoy.es\/es\/el-mig-any-de-la-fira-regresa-con-una-variada-programacion-de-actividades\/"]}]},{"@type":"ImageObject","inLanguage":"es","@id":"https:\/\/www.copealcoy.es\/es\/el-mig-any-de-la-fira-regresa-con-una-variada-programacion-de-actividades\/#primaryimage","url":"https:\/\/www.copealcoy.es\/wp-content\/uploads\/2023\/05\/IMG_20230505_101851-scaled.jpg","contentUrl":"https:\/\/www.copealcoy.es\/wp-content\/uploads\/2023\/05\/IMG_20230505_101851-scaled.jpg","width":1434,"height":1080},{"@type":"BreadcrumbList","@id":"https:\/\/www.copealcoy.es\/es\/el-mig-any-de-la-fira-regresa-con-una-variada-programacion-de-actividades\/#breadcrumb","itemListElement":[{"@type":"ListItem","position":1,"name":"Portada","item":"https:\/\/www.copealcoy.es\/es\/"},{"@type":"ListItem","position":2,"name":"El Mig Any de la Fira regresa con una variada programaci\u00f3n de actividades"}]},{"@type":"WebSite","@id":"https:\/\/www.copealcoy.es\/es\/#website","url":"https:\/\/www.copealcoy.es\/es\/","name":"COPE Alcoy","description":"Emisora COPE de radio local con emisi\u00f3n online. Pont de Sant Jordi 8-10 03803 Alcoy","potentialAction":[{"@type":"SearchAction","target":{"@type":"EntryPoint","urlTemplate":"https:\/\/www.copealcoy.es\/es\/?s={search_term_string}"},"query-input":{"@type":"PropertyValueSpecification","valueRequired":true,"valueName":"search_term_string"}}],"inLanguage":"es"},{"@type":"Person","@id":"https:\/\/www.copealcoy.es\/es\/#\/schema\/person\/e777c87fa024e57d40170af9df39882c","name":"Cope Alcoy","image":{"@type":"ImageObject","inLanguage":"es","@id":"https:\/\/secure.gravatar.com\/avatar\/bb65d0283347e303893ba14f0692005417c1e0e690a325a4c5d8bb2b3943ee14?s=96&d=mm&r=g","url":"https:\/\/secure.gravatar.com\/avatar\/bb65d0283347e303893ba14f0692005417c1e0e690a325a4c5d8bb2b3943ee14?s=96&d=mm&r=g","contentUrl":"https:\/\/secure.gravatar.com\/avatar\/bb65d0283347e303893ba14f0692005417c1e0e690a325a4c5d8bb2b3943ee14?s=96&d=mm&r=g","caption":"Cope Alcoy"}}]}},"_links":{"self":[{"href":"https:\/\/www.copealcoy.es\/es\/wp-json\/wp\/v2\/posts\/115408","targetHints":{"allow":["GET"]}}],"collection":[{"href":"https:\/\/www.copealcoy.es\/es\/wp-json\/wp\/v2\/posts"}],"about":[{"href":"https:\/\/www.copealcoy.es\/es\/wp-json\/wp\/v2\/types\/post"}],"author":[{"embeddable":true,"href":"https:\/\/www.copealcoy.es\/es\/wp-json\/wp\/v2\/users\/1"}],"replies":[{"embeddable":true,"href":"https:\/\/www.copealcoy.es\/es\/wp-json\/wp\/v2\/comments?post=115408"}],"version-history":[{"count":0,"href":"https:\/\/www.copealcoy.es\/es\/wp-json\/wp\/v2\/posts\/115408\/revisions"}],"wp:featuredmedia":[{"embeddable":true,"href":"https:\/\/www.copealcoy.es\/es\/wp-json\/wp\/v2\/media\/115409"}],"wp:attachment":[{"href":"https:\/\/www.copealcoy.es\/es\/wp-json\/wp\/v2\/media?parent=115408"}],"wp:term":[{"taxonomy":"category","embeddable":true,"href":"https:\/\/www.copealcoy.es\/es\/wp-json\/wp\/v2\/categories?post=115408"},{"taxonomy":"post_tag","embeddable":true,"href":"https:\/\/www.copealcoy.es\/es\/wp-json\/wp\/v2\/tags?post=115408"}],"curies":[{"name":"wp","href":"https:\/\/api.w.org\/{rel}","templated":true}]}}