{"id":115391,"date":"2023-05-09T06:37:36","date_gmt":"2023-05-09T05:37:36","guid":{"rendered":"https:\/\/www.copealcoy.es\/?p=115391"},"modified":"2023-05-09T06:37:36","modified_gmt":"2023-05-09T05:37:36","slug":"informativo-matinal-martes-9-de-mayo-2023-0720h","status":"publish","type":"post","link":"https:\/\/www.copealcoy.es\/es\/informativo-matinal-martes-9-de-mayo-2023-0720h\/","title":{"rendered":"Informativo matinal martes 9 de mayo 2023 (07:20h)"},"content":{"rendered":"<p><iframe loading=\"lazy\" title=\"Informatiu Matinal Dimarts 9 De Maig 2023 (07:20h)\" width=\"100%\" height=\"120\" src=\"https:\/\/www.mixcloud.com\/widget\/iframe\/?feed=https%3A%2F%2Fwww.mixcloud.com%2FCOPEAlcoy%2Finformatiu-matinal-dimarts-9-de-maig-2023-0720h%2F&amp;hide_cover=1\" frameborder=\"0\"><\/iframe><\/p>\n<p>Los <strong>detalles del Presupuesto Municipal para 2023<\/strong> y la raz\u00f3n por la que ser\u00e1 aprobado antes de Elecciones, adem\u00e1s de la <strong>opini\u00f3n de los vecinos del Ensanche sobre el carril bici en los puentes<\/strong>, son algunas de las noticias destacadas de este 9 de mayo de 2023.<\/p>\n<p>Alcoy tendr\u00e1\u00a0<strong>Presupuesto Municipal para 2023<\/strong>\u00a0la pr\u00f3xima semana -entre el lunes y el mi\u00e9rcoles-, a tan solo dos semanas de las Elecciones Municipales. Un presupuesto que ha sido presentado este lunes y que prev\u00e9 70\u20195 millones de euros.<\/p>\n<p>Esta cifra incluye\u00a0<strong>62 millones de gasto corriente m\u00e1s 8\u20195 millones de inversiones<\/strong>. A estas cifras, insiste\u00a0<strong>Vanessa Molt\u00f3<\/strong>\u00a0-edil de Hacienda-, habr\u00eda que sumar 22\u20195 millones de euros que no est\u00e1n incluidos en el presupuesto y que corresponden a las subvenciones de otras Administraciones que ya han sido generadas.<\/p>\n<p>Las cuentas para 2023 prev\u00e9n <a href=\"https:\/\/www.copealcoy.es\/alcoy-ya-tiene-presupuestos-para-2022\/\" target=\"_blank\" rel=\"noopener\"><strong>unos 2,5 millones menos que las de 2022<\/strong><\/a>. En concreto, este a\u00f1o se destinan 6.5M a pol\u00edticas sociales, frente a los 5\u20198 del presupuesto anterior. \u00abHablamos de un aumento del 15%\u00bb, explica Molt\u00f3. Tambi\u00e9n aumentan las partidas en pol\u00edticas de promoci\u00f3n de empleo (un 32% m\u00e1s) y en mantenimiento (21% m\u00e1s).<\/p>\n<p>Destaca un\u00a0<strong>aumento del 348% en Industria y Energ\u00eda<\/strong>. En parte, debido al incremento en los precios de la energ\u00eda que se vienen experimentando. Esta es, precisamente, la parte m\u00e1s complicada del presupuesto. \u00abEs un presupuesto dif\u00edcil porque\u00a0<strong>hemos pasado de 2 a m\u00e1s de 5 millones en el gasto en energ\u00eda<\/strong>. La parte positiva es que\u00a0<strong>la situaci\u00f3n del Ayuntamiento va a ser mucho mejor que la de otros Consistorios por la capacidad que tenemos de recibir ayudas y subvenciones<\/strong>\u00a0de otras Administraciones\u00bb, ha asegurado\u00a0<strong>Toni Franc\u00e9s<\/strong>, alcalde de la ciudad.<\/p>\n<p>Ahora, el texto pasar\u00e1 por comisi\u00f3n este mi\u00e9rcoles, aunque el martes se mantendr\u00e1 una reuni\u00f3n con los partidos para aclarar dudas. Desde el Consistorio explican que hay algunos partidos que s\u00ed han hecho propuestas al Ayuntamiento para la elaboraci\u00f3n del Presupuesto y aseguran que \u2018hasta el d\u00eda del Pleno\u2019 est\u00e1n abiertos a escuchar a las formaciones.<\/p>\n","protected":false},"excerpt":{"rendered":"<p>Los detalles del Presupuesto Municipal para 2023 y la raz\u00f3n por la que ser\u00e1 aprobado antes de Elecciones, adem\u00e1s de&#8230;<\/p>\n","protected":false},"author":1,"featured_media":110612,"comment_status":"open","ping_status":"open","sticky":false,"template":"","format":"standard","meta":{"footnotes":""},"categories":[6909,89,91],"tags":[],"class_list":["post-115391","post","type-post","status-publish","format-standard","has-post-thumbnail","hentry","category-actualidad","category-audiosdelosprogramas","category-informativos"],"yoast_head":"<!-- This site is optimized with the Yoast SEO plugin v27.3 - https:\/\/yoast.com\/product\/yoast-seo-wordpress\/ -->\n<title>Informativo matinal martes 9 de mayo 2023 (07:20h) - COPE Alcoy<\/title>\n<meta name=\"description\" content=\"Los detalles del Presupuesto Municipal para 2023 y la raz\u00f3n por la que ser\u00e1 aprobado antes de Elecciones, adem\u00e1s de la opini\u00f3n de los vecinos del Ensanche sobre el carril bici en los puentes, son algunas de las noticias destacadas de este 9 de mayo de 2023.\" \/>\n<meta name=\"robots\" content=\"index, follow, max-snippet:-1, max-image-preview:large, max-video-preview:-1\" \/>\n<link rel=\"canonical\" href=\"https:\/\/www.copealcoy.es\/es\/informativo-matinal-martes-9-de-mayo-2023-0720h\/\" \/>\n<meta property=\"og:locale\" content=\"es_ES\" \/>\n<meta property=\"og:type\" content=\"article\" \/>\n<meta property=\"og:title\" content=\"Informativo matinal martes 9 de mayo 2023 (07:20h) - COPE Alcoy\" \/>\n<meta property=\"og:description\" content=\"Los detalles del Presupuesto Municipal para 2023 y la raz\u00f3n por la que ser\u00e1 aprobado antes de Elecciones, adem\u00e1s de la opini\u00f3n de los vecinos del Ensanche sobre el carril bici en los puentes, son algunas de las noticias destacadas de este 9 de mayo de 2023.\" \/>\n<meta property=\"og:url\" content=\"https:\/\/www.copealcoy.es\/es\/informativo-matinal-martes-9-de-mayo-2023-0720h\/\" \/>\n<meta property=\"og:site_name\" content=\"COPE Alcoy\" \/>\n<meta property=\"article:published_time\" content=\"2023-05-09T05:37:36+00:00\" \/>\n<meta property=\"og:image\" content=\"https:\/\/www.copealcoy.es\/wp-content\/uploads\/2023\/02\/Herrera-en-COPE-Alcoy-4.png\" \/>\n\t<meta property=\"og:image:width\" content=\"357\" \/>\n\t<meta property=\"og:image:height\" content=\"290\" \/>\n\t<meta property=\"og:image:type\" content=\"image\/png\" \/>\n<meta name=\"author\" content=\"Cope Alcoy\" \/>\n<meta name=\"twitter:label1\" content=\"Escrito por\" \/>\n\t<meta name=\"twitter:data1\" content=\"Cope Alcoy\" \/>\n\t<meta name=\"twitter:label2\" content=\"Tiempo de lectura\" \/>\n\t<meta name=\"twitter:data2\" content=\"2 minutos\" \/>\n<script type=\"application\/ld+json\" class=\"yoast-schema-graph\">{\"@context\":\"https:\\\/\\\/schema.org\",\"@graph\":[{\"@type\":\"Article\",\"@id\":\"https:\\\/\\\/www.copealcoy.es\\\/es\\\/informativo-matinal-martes-9-de-mayo-2023-0720h\\\/#article\",\"isPartOf\":{\"@id\":\"https:\\\/\\\/www.copealcoy.es\\\/es\\\/informativo-matinal-martes-9-de-mayo-2023-0720h\\\/\"},\"author\":{\"name\":\"Cope Alcoy\",\"@id\":\"https:\\\/\\\/www.copealcoy.es\\\/es\\\/#\\\/schema\\\/person\\\/e777c87fa024e57d40170af9df39882c\"},\"headline\":\"Informativo matinal martes 9 de mayo 2023 (07:20h)\",\"datePublished\":\"2023-05-09T05:37:36+00:00\",\"mainEntityOfPage\":{\"@id\":\"https:\\\/\\\/www.copealcoy.es\\\/es\\\/informativo-matinal-martes-9-de-mayo-2023-0720h\\\/\"},\"wordCount\":367,\"commentCount\":0,\"image\":{\"@id\":\"https:\\\/\\\/www.copealcoy.es\\\/es\\\/informativo-matinal-martes-9-de-mayo-2023-0720h\\\/#primaryimage\"},\"thumbnailUrl\":\"https:\\\/\\\/www.copealcoy.es\\\/wp-content\\\/uploads\\\/2023\\\/02\\\/Herrera-en-COPE-Alcoy-4.png\",\"articleSection\":[\"Actualidad\",\"Audios de los programas\",\"Informativos\"],\"inLanguage\":\"es\"},{\"@type\":\"WebPage\",\"@id\":\"https:\\\/\\\/www.copealcoy.es\\\/es\\\/informativo-matinal-martes-9-de-mayo-2023-0720h\\\/\",\"url\":\"https:\\\/\\\/www.copealcoy.es\\\/es\\\/informativo-matinal-martes-9-de-mayo-2023-0720h\\\/\",\"name\":\"Informativo matinal martes 9 de mayo 2023 (07:20h) - COPE Alcoy\",\"isPartOf\":{\"@id\":\"https:\\\/\\\/www.copealcoy.es\\\/es\\\/#website\"},\"primaryImageOfPage\":{\"@id\":\"https:\\\/\\\/www.copealcoy.es\\\/es\\\/informativo-matinal-martes-9-de-mayo-2023-0720h\\\/#primaryimage\"},\"image\":{\"@id\":\"https:\\\/\\\/www.copealcoy.es\\\/es\\\/informativo-matinal-martes-9-de-mayo-2023-0720h\\\/#primaryimage\"},\"thumbnailUrl\":\"https:\\\/\\\/www.copealcoy.es\\\/wp-content\\\/uploads\\\/2023\\\/02\\\/Herrera-en-COPE-Alcoy-4.png\",\"datePublished\":\"2023-05-09T05:37:36+00:00\",\"author\":{\"@id\":\"https:\\\/\\\/www.copealcoy.es\\\/es\\\/#\\\/schema\\\/person\\\/e777c87fa024e57d40170af9df39882c\"},\"description\":\"Los detalles del Presupuesto Municipal para 2023 y la raz\u00f3n por la que ser\u00e1 aprobado antes de Elecciones, adem\u00e1s de la opini\u00f3n de los vecinos del Ensanche sobre el carril bici en los puentes, son algunas de las noticias destacadas de este 9 de mayo de 2023.\",\"breadcrumb\":{\"@id\":\"https:\\\/\\\/www.copealcoy.es\\\/es\\\/informativo-matinal-martes-9-de-mayo-2023-0720h\\\/#breadcrumb\"},\"inLanguage\":\"es\",\"potentialAction\":[{\"@type\":\"ReadAction\",\"target\":[\"https:\\\/\\\/www.copealcoy.es\\\/es\\\/informativo-matinal-martes-9-de-mayo-2023-0720h\\\/\"]}]},{\"@type\":\"ImageObject\",\"inLanguage\":\"es\",\"@id\":\"https:\\\/\\\/www.copealcoy.es\\\/es\\\/informativo-matinal-martes-9-de-mayo-2023-0720h\\\/#primaryimage\",\"url\":\"https:\\\/\\\/www.copealcoy.es\\\/wp-content\\\/uploads\\\/2023\\\/02\\\/Herrera-en-COPE-Alcoy-4.png\",\"contentUrl\":\"https:\\\/\\\/www.copealcoy.es\\\/wp-content\\\/uploads\\\/2023\\\/02\\\/Herrera-en-COPE-Alcoy-4.png\",\"width\":357,\"height\":290},{\"@type\":\"BreadcrumbList\",\"@id\":\"https:\\\/\\\/www.copealcoy.es\\\/es\\\/informativo-matinal-martes-9-de-mayo-2023-0720h\\\/#breadcrumb\",\"itemListElement\":[{\"@type\":\"ListItem\",\"position\":1,\"name\":\"Portada\",\"item\":\"https:\\\/\\\/www.copealcoy.es\\\/es\\\/\"},{\"@type\":\"ListItem\",\"position\":2,\"name\":\"Informativo matinal martes 9 de mayo 2023 (07:20h)\"}]},{\"@type\":\"WebSite\",\"@id\":\"https:\\\/\\\/www.copealcoy.es\\\/es\\\/#website\",\"url\":\"https:\\\/\\\/www.copealcoy.es\\\/es\\\/\",\"name\":\"COPE Alcoy\",\"description\":\"Emisora COPE de radio local con emisi\u00f3n online. Pont de Sant Jordi 8-10 03803 Alcoy\",\"potentialAction\":[{\"@type\":\"SearchAction\",\"target\":{\"@type\":\"EntryPoint\",\"urlTemplate\":\"https:\\\/\\\/www.copealcoy.es\\\/es\\\/?s={search_term_string}\"},\"query-input\":{\"@type\":\"PropertyValueSpecification\",\"valueRequired\":true,\"valueName\":\"search_term_string\"}}],\"inLanguage\":\"es\"},{\"@type\":\"Person\",\"@id\":\"https:\\\/\\\/www.copealcoy.es\\\/es\\\/#\\\/schema\\\/person\\\/e777c87fa024e57d40170af9df39882c\",\"name\":\"Cope Alcoy\",\"image\":{\"@type\":\"ImageObject\",\"inLanguage\":\"es\",\"@id\":\"https:\\\/\\\/secure.gravatar.com\\\/avatar\\\/bb65d0283347e303893ba14f0692005417c1e0e690a325a4c5d8bb2b3943ee14?s=96&d=mm&r=g\",\"url\":\"https:\\\/\\\/secure.gravatar.com\\\/avatar\\\/bb65d0283347e303893ba14f0692005417c1e0e690a325a4c5d8bb2b3943ee14?s=96&d=mm&r=g\",\"contentUrl\":\"https:\\\/\\\/secure.gravatar.com\\\/avatar\\\/bb65d0283347e303893ba14f0692005417c1e0e690a325a4c5d8bb2b3943ee14?s=96&d=mm&r=g\",\"caption\":\"Cope Alcoy\"}}]}<\/script>\n<!-- \/ Yoast SEO plugin. -->","yoast_head_json":{"title":"Informativo matinal martes 9 de mayo 2023 (07:20h) - COPE Alcoy","description":"Los detalles del Presupuesto Municipal para 2023 y la raz\u00f3n por la que ser\u00e1 aprobado antes de Elecciones, adem\u00e1s de la opini\u00f3n de los vecinos del Ensanche sobre el carril bici en los puentes, son algunas de las noticias destacadas de este 9 de mayo de 2023.","robots":{"index":"index","follow":"follow","max-snippet":"max-snippet:-1","max-image-preview":"max-image-preview:large","max-video-preview":"max-video-preview:-1"},"canonical":"https:\/\/www.copealcoy.es\/es\/informativo-matinal-martes-9-de-mayo-2023-0720h\/","og_locale":"es_ES","og_type":"article","og_title":"Informativo matinal martes 9 de mayo 2023 (07:20h) - COPE Alcoy","og_description":"Los detalles del Presupuesto Municipal para 2023 y la raz\u00f3n por la que ser\u00e1 aprobado antes de Elecciones, adem\u00e1s de la opini\u00f3n de los vecinos del Ensanche sobre el carril bici en los puentes, son algunas de las noticias destacadas de este 9 de mayo de 2023.","og_url":"https:\/\/www.copealcoy.es\/es\/informativo-matinal-martes-9-de-mayo-2023-0720h\/","og_site_name":"COPE Alcoy","article_published_time":"2023-05-09T05:37:36+00:00","og_image":[{"width":357,"height":290,"url":"https:\/\/www.copealcoy.es\/wp-content\/uploads\/2023\/02\/Herrera-en-COPE-Alcoy-4.png","type":"image\/png"}],"author":"Cope Alcoy","twitter_misc":{"Escrito por":"Cope Alcoy","Tiempo de lectura":"2 minutos"},"schema":{"@context":"https:\/\/schema.org","@graph":[{"@type":"Article","@id":"https:\/\/www.copealcoy.es\/es\/informativo-matinal-martes-9-de-mayo-2023-0720h\/#article","isPartOf":{"@id":"https:\/\/www.copealcoy.es\/es\/informativo-matinal-martes-9-de-mayo-2023-0720h\/"},"author":{"name":"Cope Alcoy","@id":"https:\/\/www.copealcoy.es\/es\/#\/schema\/person\/e777c87fa024e57d40170af9df39882c"},"headline":"Informativo matinal martes 9 de mayo 2023 (07:20h)","datePublished":"2023-05-09T05:37:36+00:00","mainEntityOfPage":{"@id":"https:\/\/www.copealcoy.es\/es\/informativo-matinal-martes-9-de-mayo-2023-0720h\/"},"wordCount":367,"commentCount":0,"image":{"@id":"https:\/\/www.copealcoy.es\/es\/informativo-matinal-martes-9-de-mayo-2023-0720h\/#primaryimage"},"thumbnailUrl":"https:\/\/www.copealcoy.es\/wp-content\/uploads\/2023\/02\/Herrera-en-COPE-Alcoy-4.png","articleSection":["Actualidad","Audios de los programas","Informativos"],"inLanguage":"es"},{"@type":"WebPage","@id":"https:\/\/www.copealcoy.es\/es\/informativo-matinal-martes-9-de-mayo-2023-0720h\/","url":"https:\/\/www.copealcoy.es\/es\/informativo-matinal-martes-9-de-mayo-2023-0720h\/","name":"Informativo matinal martes 9 de mayo 2023 (07:20h) - COPE Alcoy","isPartOf":{"@id":"https:\/\/www.copealcoy.es\/es\/#website"},"primaryImageOfPage":{"@id":"https:\/\/www.copealcoy.es\/es\/informativo-matinal-martes-9-de-mayo-2023-0720h\/#primaryimage"},"image":{"@id":"https:\/\/www.copealcoy.es\/es\/informativo-matinal-martes-9-de-mayo-2023-0720h\/#primaryimage"},"thumbnailUrl":"https:\/\/www.copealcoy.es\/wp-content\/uploads\/2023\/02\/Herrera-en-COPE-Alcoy-4.png","datePublished":"2023-05-09T05:37:36+00:00","author":{"@id":"https:\/\/www.copealcoy.es\/es\/#\/schema\/person\/e777c87fa024e57d40170af9df39882c"},"description":"Los detalles del Presupuesto Municipal para 2023 y la raz\u00f3n por la que ser\u00e1 aprobado antes de Elecciones, adem\u00e1s de la opini\u00f3n de los vecinos del Ensanche sobre el carril bici en los puentes, son algunas de las noticias destacadas de este 9 de mayo de 2023.","breadcrumb":{"@id":"https:\/\/www.copealcoy.es\/es\/informativo-matinal-martes-9-de-mayo-2023-0720h\/#breadcrumb"},"inLanguage":"es","potentialAction":[{"@type":"ReadAction","target":["https:\/\/www.copealcoy.es\/es\/informativo-matinal-martes-9-de-mayo-2023-0720h\/"]}]},{"@type":"ImageObject","inLanguage":"es","@id":"https:\/\/www.copealcoy.es\/es\/informativo-matinal-martes-9-de-mayo-2023-0720h\/#primaryimage","url":"https:\/\/www.copealcoy.es\/wp-content\/uploads\/2023\/02\/Herrera-en-COPE-Alcoy-4.png","contentUrl":"https:\/\/www.copealcoy.es\/wp-content\/uploads\/2023\/02\/Herrera-en-COPE-Alcoy-4.png","width":357,"height":290},{"@type":"BreadcrumbList","@id":"https:\/\/www.copealcoy.es\/es\/informativo-matinal-martes-9-de-mayo-2023-0720h\/#breadcrumb","itemListElement":[{"@type":"ListItem","position":1,"name":"Portada","item":"https:\/\/www.copealcoy.es\/es\/"},{"@type":"ListItem","position":2,"name":"Informativo matinal martes 9 de mayo 2023 (07:20h)"}]},{"@type":"WebSite","@id":"https:\/\/www.copealcoy.es\/es\/#website","url":"https:\/\/www.copealcoy.es\/es\/","name":"COPE Alcoy","description":"Emisora COPE de radio local con emisi\u00f3n online. Pont de Sant Jordi 8-10 03803 Alcoy","potentialAction":[{"@type":"SearchAction","target":{"@type":"EntryPoint","urlTemplate":"https:\/\/www.copealcoy.es\/es\/?s={search_term_string}"},"query-input":{"@type":"PropertyValueSpecification","valueRequired":true,"valueName":"search_term_string"}}],"inLanguage":"es"},{"@type":"Person","@id":"https:\/\/www.copealcoy.es\/es\/#\/schema\/person\/e777c87fa024e57d40170af9df39882c","name":"Cope Alcoy","image":{"@type":"ImageObject","inLanguage":"es","@id":"https:\/\/secure.gravatar.com\/avatar\/bb65d0283347e303893ba14f0692005417c1e0e690a325a4c5d8bb2b3943ee14?s=96&d=mm&r=g","url":"https:\/\/secure.gravatar.com\/avatar\/bb65d0283347e303893ba14f0692005417c1e0e690a325a4c5d8bb2b3943ee14?s=96&d=mm&r=g","contentUrl":"https:\/\/secure.gravatar.com\/avatar\/bb65d0283347e303893ba14f0692005417c1e0e690a325a4c5d8bb2b3943ee14?s=96&d=mm&r=g","caption":"Cope Alcoy"}}]}},"_links":{"self":[{"href":"https:\/\/www.copealcoy.es\/es\/wp-json\/wp\/v2\/posts\/115391","targetHints":{"allow":["GET"]}}],"collection":[{"href":"https:\/\/www.copealcoy.es\/es\/wp-json\/wp\/v2\/posts"}],"about":[{"href":"https:\/\/www.copealcoy.es\/es\/wp-json\/wp\/v2\/types\/post"}],"author":[{"embeddable":true,"href":"https:\/\/www.copealcoy.es\/es\/wp-json\/wp\/v2\/users\/1"}],"replies":[{"embeddable":true,"href":"https:\/\/www.copealcoy.es\/es\/wp-json\/wp\/v2\/comments?post=115391"}],"version-history":[{"count":0,"href":"https:\/\/www.copealcoy.es\/es\/wp-json\/wp\/v2\/posts\/115391\/revisions"}],"wp:featuredmedia":[{"embeddable":true,"href":"https:\/\/www.copealcoy.es\/es\/wp-json\/wp\/v2\/media\/110612"}],"wp:attachment":[{"href":"https:\/\/www.copealcoy.es\/es\/wp-json\/wp\/v2\/media?parent=115391"}],"wp:term":[{"taxonomy":"category","embeddable":true,"href":"https:\/\/www.copealcoy.es\/es\/wp-json\/wp\/v2\/categories?post=115391"},{"taxonomy":"post_tag","embeddable":true,"href":"https:\/\/www.copealcoy.es\/es\/wp-json\/wp\/v2\/tags?post=115391"}],"curies":[{"name":"wp","href":"https:\/\/api.w.org\/{rel}","templated":true}]}}