{"id":115320,"date":"2023-05-08T06:38:34","date_gmt":"2023-05-08T05:38:34","guid":{"rendered":"https:\/\/www.copealcoy.es\/?p=115320"},"modified":"2023-05-09T06:11:30","modified_gmt":"2023-05-09T05:11:30","slug":"informativo-matinal-lunes-8-de-mayo-2023-0720h","status":"publish","type":"post","link":"https:\/\/www.copealcoy.es\/es\/informativo-matinal-lunes-8-de-mayo-2023-0720h\/","title":{"rendered":"Informativo matinal lunes 8 de mayo 2023 (07:20h)"},"content":{"rendered":"<p><iframe loading=\"lazy\" title=\"Informatiu Matinal Dilluns 8 De Maig 2023 (07:20h)\" width=\"100%\" height=\"120\" src=\"https:\/\/www.mixcloud.com\/widget\/iframe\/?feed=https%3A%2F%2Fwww.mixcloud.com%2FCOPEAlcoy%2Finformatiu-matinal-dilluns-8-de-maig-2023-0720h%2F&amp;hide_cover=1\" frameborder=\"0\"><\/iframe><\/p>\n<p style=\"text-align: justify;\">Los <strong>retrasos en la aprobaci\u00f3n de los Presupuestos Municipales de 2023<\/strong>, que sigue pendiente, y la petici\u00f3n un\u00e1nime de los partidos al Ministerio para que <strong>aumenten las frecuencias de la l\u00ednea de tren Alcoi-X\u00e0tiva<\/strong>\u00a0son algunas de las noticias destacadas de este 8 de mayo de 2023.<\/p>\n<p>Los\u00a0<strong>grupos pol\u00edticos del Ayuntamiento de Alcoy<\/strong>\u00a0lo tienen claro y ahora\u00a0<strong>la \u00faltima palabra es la del Gobierno Central<\/strong>. Y es que el pleno del Consistorio de nuestra ciudad correspondiente a este mes de mayo, celebrado el pasado viernes,\u00a0<strong>aprob\u00f3 por unanimidad<\/strong>\u00a0pedir al\u00a0<a href=\"https:\/\/www.mitma.gob.es\/\" target=\"_blank\" rel=\"noopener\"><strong>Ministerio de Transportes, Movilidad y Agenda Urbana\u00a0<\/strong><\/a>que incluya la l\u00ednea de tren Alcoy-X\u00e0tiva\u00a0<strong>dentro del servicio ferroviario de proximidad<\/strong>.<\/p>\n<p>La propuesta acab\u00f3 convirti\u00e9ndose\u00a0<strong>en una declaraci\u00f3n institucional<\/strong>\u00a0y tambi\u00e9n incluy\u00f3\u00a0<strong>un segundo aspecto<\/strong>\u00a0que se viene reivindicando desde hace tiempo. Este va centrado en\u00a0<strong>la frecuencia del paso de trenes<\/strong>\u00a0que conectan nuestras comarcas con la capital del T\u00faria \u00ab<em>solicitar que se recuperen los horarios que hab\u00eda hasta antes de la pandemia y que tanto demandan muchos colectivos<\/em>\u00ab, signific\u00f3 en el mismo pleno el alcalde;\u00a0<strong>Toni Franc\u00e9s<\/strong>.<\/p>\n<p><strong>\u2018Salvem El Tren\u2019 insiste en que no hay tiempo que perder\u00a0<\/strong><\/p>\n<p>Desde la Plataforma \u2018Salvem El Tren\u2019\u00a0<strong>esperan que este compromiso se adopte lo m\u00e1s pronto posible<\/strong>, especialmente antes de que comiencen las obras que est\u00e1n previstas\u00a0<strong>para mejorar as\u00ed como modernizar la l\u00ednea<\/strong>. Aseguran que\u00a0<strong>tener una buena combinaci\u00f3n de trenes entre Alcoy-X\u00e0tiva-Val\u00e8ncia es prioritario<\/strong>\u00a0para dar una m\u00ednima calidad al servicio \u00ab<em>es un tren completamente in\u00fatil porque no es compatible con los horarios de trabajo de la gente. Si alguien trabaja en Valencia, por ejemplo, tiene muy complicado desplazarse hasta all\u00ed porque no hay pr\u00e1cticamente frecuencias<\/em>\u00ab, lamentaba en COPE ALCOY\u00a0<strong>Edurne Vaello<\/strong>; representante de la mencionada agrupaci\u00f3n.<\/p>\n<p>Indicar que para un d\u00eda laborable entre semana, por ejemplo,\u00a0<strong>solo hay programados dos trenes hacia la capital<\/strong>. Uno a las 8:50h y otro a las 15:18h. El resto de la semana son tres, a excepci\u00f3n del s\u00e1bado -tambi\u00e9n con dos trenes- y del viernes -con cuatro-. Con estas frecuencias,\u00a0<strong>el transporte p\u00fablico no se presenta como una alternativa<\/strong>.<\/p>\n","protected":false},"excerpt":{"rendered":"<p>Los retrasos en la aprobaci\u00f3n de los Presupuestos Municipales de 2023, que sigue pendiente, y la petici\u00f3n un\u00e1nime de los&#8230;<\/p>\n","protected":false},"author":1,"featured_media":110612,"comment_status":"open","ping_status":"open","sticky":false,"template":"","format":"standard","meta":{"footnotes":""},"categories":[6909,89,91],"tags":[],"class_list":["post-115320","post","type-post","status-publish","format-standard","has-post-thumbnail","hentry","category-actualidad","category-audiosdelosprogramas","category-informativos"],"yoast_head":"<!-- This site is optimized with the Yoast SEO plugin v27.3 - https:\/\/yoast.com\/product\/yoast-seo-wordpress\/ -->\n<title>Informativo matinal lunes 8 de mayo 2023 (07:20h) - COPE Alcoy<\/title>\n<meta name=\"description\" content=\"Los retrasos en la aprobaci\u00f3n de los Presupuestos Municipales de 2023, que sigue pendiente, y la petici\u00f3n un\u00e1nime de los partidos al Ministerio para que aumenten las frecuencias de la l\u00ednea de tren Alcoi-X\u00e0tiva, son algunas de las noticias destacadas de este 8 de mayo de 2023.\" \/>\n<meta name=\"robots\" content=\"index, follow, max-snippet:-1, max-image-preview:large, max-video-preview:-1\" \/>\n<link rel=\"canonical\" href=\"https:\/\/www.copealcoy.es\/es\/informativo-matinal-lunes-8-de-mayo-2023-0720h\/\" \/>\n<meta property=\"og:locale\" content=\"es_ES\" \/>\n<meta property=\"og:type\" content=\"article\" \/>\n<meta property=\"og:title\" content=\"Informativo matinal lunes 8 de mayo 2023 (07:20h) - COPE Alcoy\" \/>\n<meta property=\"og:description\" content=\"Los retrasos en la aprobaci\u00f3n de los Presupuestos Municipales de 2023, que sigue pendiente, y la petici\u00f3n un\u00e1nime de los partidos al Ministerio para que aumenten las frecuencias de la l\u00ednea de tren Alcoi-X\u00e0tiva, son algunas de las noticias destacadas de este 8 de mayo de 2023.\" \/>\n<meta property=\"og:url\" content=\"https:\/\/www.copealcoy.es\/es\/informativo-matinal-lunes-8-de-mayo-2023-0720h\/\" \/>\n<meta property=\"og:site_name\" content=\"COPE Alcoy\" \/>\n<meta property=\"article:published_time\" content=\"2023-05-08T05:38:34+00:00\" \/>\n<meta property=\"article:modified_time\" content=\"2023-05-09T05:11:30+00:00\" \/>\n<meta property=\"og:image\" content=\"https:\/\/www.copealcoy.es\/wp-content\/uploads\/2023\/02\/Herrera-en-COPE-Alcoy-4.png\" \/>\n\t<meta property=\"og:image:width\" content=\"357\" \/>\n\t<meta property=\"og:image:height\" content=\"290\" \/>\n\t<meta property=\"og:image:type\" content=\"image\/png\" \/>\n<meta name=\"author\" content=\"Cope Alcoy\" \/>\n<meta name=\"twitter:label1\" content=\"Escrito por\" \/>\n\t<meta name=\"twitter:data1\" content=\"Cope Alcoy\" \/>\n\t<meta name=\"twitter:label2\" content=\"Tiempo de lectura\" \/>\n\t<meta name=\"twitter:data2\" content=\"2 minutos\" \/>\n<script type=\"application\/ld+json\" class=\"yoast-schema-graph\">{\"@context\":\"https:\\\/\\\/schema.org\",\"@graph\":[{\"@type\":\"Article\",\"@id\":\"https:\\\/\\\/www.copealcoy.es\\\/es\\\/informativo-matinal-lunes-8-de-mayo-2023-0720h\\\/#article\",\"isPartOf\":{\"@id\":\"https:\\\/\\\/www.copealcoy.es\\\/es\\\/informativo-matinal-lunes-8-de-mayo-2023-0720h\\\/\"},\"author\":{\"name\":\"Cope Alcoy\",\"@id\":\"https:\\\/\\\/www.copealcoy.es\\\/es\\\/#\\\/schema\\\/person\\\/e777c87fa024e57d40170af9df39882c\"},\"headline\":\"Informativo matinal lunes 8 de mayo 2023 (07:20h)\",\"datePublished\":\"2023-05-08T05:38:34+00:00\",\"dateModified\":\"2023-05-09T05:11:30+00:00\",\"mainEntityOfPage\":{\"@id\":\"https:\\\/\\\/www.copealcoy.es\\\/es\\\/informativo-matinal-lunes-8-de-mayo-2023-0720h\\\/\"},\"wordCount\":389,\"commentCount\":0,\"image\":{\"@id\":\"https:\\\/\\\/www.copealcoy.es\\\/es\\\/informativo-matinal-lunes-8-de-mayo-2023-0720h\\\/#primaryimage\"},\"thumbnailUrl\":\"https:\\\/\\\/www.copealcoy.es\\\/wp-content\\\/uploads\\\/2023\\\/02\\\/Herrera-en-COPE-Alcoy-4.png\",\"articleSection\":[\"Actualidad\",\"Audios de los programas\",\"Informativos\"],\"inLanguage\":\"es\"},{\"@type\":\"WebPage\",\"@id\":\"https:\\\/\\\/www.copealcoy.es\\\/es\\\/informativo-matinal-lunes-8-de-mayo-2023-0720h\\\/\",\"url\":\"https:\\\/\\\/www.copealcoy.es\\\/es\\\/informativo-matinal-lunes-8-de-mayo-2023-0720h\\\/\",\"name\":\"Informativo matinal lunes 8 de mayo 2023 (07:20h) - COPE Alcoy\",\"isPartOf\":{\"@id\":\"https:\\\/\\\/www.copealcoy.es\\\/es\\\/#website\"},\"primaryImageOfPage\":{\"@id\":\"https:\\\/\\\/www.copealcoy.es\\\/es\\\/informativo-matinal-lunes-8-de-mayo-2023-0720h\\\/#primaryimage\"},\"image\":{\"@id\":\"https:\\\/\\\/www.copealcoy.es\\\/es\\\/informativo-matinal-lunes-8-de-mayo-2023-0720h\\\/#primaryimage\"},\"thumbnailUrl\":\"https:\\\/\\\/www.copealcoy.es\\\/wp-content\\\/uploads\\\/2023\\\/02\\\/Herrera-en-COPE-Alcoy-4.png\",\"datePublished\":\"2023-05-08T05:38:34+00:00\",\"dateModified\":\"2023-05-09T05:11:30+00:00\",\"author\":{\"@id\":\"https:\\\/\\\/www.copealcoy.es\\\/es\\\/#\\\/schema\\\/person\\\/e777c87fa024e57d40170af9df39882c\"},\"description\":\"Los retrasos en la aprobaci\u00f3n de los Presupuestos Municipales de 2023, que sigue pendiente, y la petici\u00f3n un\u00e1nime de los partidos al Ministerio para que aumenten las frecuencias de la l\u00ednea de tren Alcoi-X\u00e0tiva, son algunas de las noticias destacadas de este 8 de mayo de 2023.\",\"breadcrumb\":{\"@id\":\"https:\\\/\\\/www.copealcoy.es\\\/es\\\/informativo-matinal-lunes-8-de-mayo-2023-0720h\\\/#breadcrumb\"},\"inLanguage\":\"es\",\"potentialAction\":[{\"@type\":\"ReadAction\",\"target\":[\"https:\\\/\\\/www.copealcoy.es\\\/es\\\/informativo-matinal-lunes-8-de-mayo-2023-0720h\\\/\"]}]},{\"@type\":\"ImageObject\",\"inLanguage\":\"es\",\"@id\":\"https:\\\/\\\/www.copealcoy.es\\\/es\\\/informativo-matinal-lunes-8-de-mayo-2023-0720h\\\/#primaryimage\",\"url\":\"https:\\\/\\\/www.copealcoy.es\\\/wp-content\\\/uploads\\\/2023\\\/02\\\/Herrera-en-COPE-Alcoy-4.png\",\"contentUrl\":\"https:\\\/\\\/www.copealcoy.es\\\/wp-content\\\/uploads\\\/2023\\\/02\\\/Herrera-en-COPE-Alcoy-4.png\",\"width\":357,\"height\":290},{\"@type\":\"BreadcrumbList\",\"@id\":\"https:\\\/\\\/www.copealcoy.es\\\/es\\\/informativo-matinal-lunes-8-de-mayo-2023-0720h\\\/#breadcrumb\",\"itemListElement\":[{\"@type\":\"ListItem\",\"position\":1,\"name\":\"Portada\",\"item\":\"https:\\\/\\\/www.copealcoy.es\\\/es\\\/\"},{\"@type\":\"ListItem\",\"position\":2,\"name\":\"Informativo matinal lunes 8 de mayo 2023 (07:20h)\"}]},{\"@type\":\"WebSite\",\"@id\":\"https:\\\/\\\/www.copealcoy.es\\\/es\\\/#website\",\"url\":\"https:\\\/\\\/www.copealcoy.es\\\/es\\\/\",\"name\":\"COPE Alcoy\",\"description\":\"Emisora COPE de radio local con emisi\u00f3n online. Pont de Sant Jordi 8-10 03803 Alcoy\",\"potentialAction\":[{\"@type\":\"SearchAction\",\"target\":{\"@type\":\"EntryPoint\",\"urlTemplate\":\"https:\\\/\\\/www.copealcoy.es\\\/es\\\/?s={search_term_string}\"},\"query-input\":{\"@type\":\"PropertyValueSpecification\",\"valueRequired\":true,\"valueName\":\"search_term_string\"}}],\"inLanguage\":\"es\"},{\"@type\":\"Person\",\"@id\":\"https:\\\/\\\/www.copealcoy.es\\\/es\\\/#\\\/schema\\\/person\\\/e777c87fa024e57d40170af9df39882c\",\"name\":\"Cope Alcoy\",\"image\":{\"@type\":\"ImageObject\",\"inLanguage\":\"es\",\"@id\":\"https:\\\/\\\/secure.gravatar.com\\\/avatar\\\/bb65d0283347e303893ba14f0692005417c1e0e690a325a4c5d8bb2b3943ee14?s=96&d=mm&r=g\",\"url\":\"https:\\\/\\\/secure.gravatar.com\\\/avatar\\\/bb65d0283347e303893ba14f0692005417c1e0e690a325a4c5d8bb2b3943ee14?s=96&d=mm&r=g\",\"contentUrl\":\"https:\\\/\\\/secure.gravatar.com\\\/avatar\\\/bb65d0283347e303893ba14f0692005417c1e0e690a325a4c5d8bb2b3943ee14?s=96&d=mm&r=g\",\"caption\":\"Cope Alcoy\"}}]}<\/script>\n<!-- \/ Yoast SEO plugin. -->","yoast_head_json":{"title":"Informativo matinal lunes 8 de mayo 2023 (07:20h) - COPE Alcoy","description":"Los retrasos en la aprobaci\u00f3n de los Presupuestos Municipales de 2023, que sigue pendiente, y la petici\u00f3n un\u00e1nime de los partidos al Ministerio para que aumenten las frecuencias de la l\u00ednea de tren Alcoi-X\u00e0tiva, son algunas de las noticias destacadas de este 8 de mayo de 2023.","robots":{"index":"index","follow":"follow","max-snippet":"max-snippet:-1","max-image-preview":"max-image-preview:large","max-video-preview":"max-video-preview:-1"},"canonical":"https:\/\/www.copealcoy.es\/es\/informativo-matinal-lunes-8-de-mayo-2023-0720h\/","og_locale":"es_ES","og_type":"article","og_title":"Informativo matinal lunes 8 de mayo 2023 (07:20h) - COPE Alcoy","og_description":"Los retrasos en la aprobaci\u00f3n de los Presupuestos Municipales de 2023, que sigue pendiente, y la petici\u00f3n un\u00e1nime de los partidos al Ministerio para que aumenten las frecuencias de la l\u00ednea de tren Alcoi-X\u00e0tiva, son algunas de las noticias destacadas de este 8 de mayo de 2023.","og_url":"https:\/\/www.copealcoy.es\/es\/informativo-matinal-lunes-8-de-mayo-2023-0720h\/","og_site_name":"COPE Alcoy","article_published_time":"2023-05-08T05:38:34+00:00","article_modified_time":"2023-05-09T05:11:30+00:00","og_image":[{"width":357,"height":290,"url":"https:\/\/www.copealcoy.es\/wp-content\/uploads\/2023\/02\/Herrera-en-COPE-Alcoy-4.png","type":"image\/png"}],"author":"Cope Alcoy","twitter_misc":{"Escrito por":"Cope Alcoy","Tiempo de lectura":"2 minutos"},"schema":{"@context":"https:\/\/schema.org","@graph":[{"@type":"Article","@id":"https:\/\/www.copealcoy.es\/es\/informativo-matinal-lunes-8-de-mayo-2023-0720h\/#article","isPartOf":{"@id":"https:\/\/www.copealcoy.es\/es\/informativo-matinal-lunes-8-de-mayo-2023-0720h\/"},"author":{"name":"Cope Alcoy","@id":"https:\/\/www.copealcoy.es\/es\/#\/schema\/person\/e777c87fa024e57d40170af9df39882c"},"headline":"Informativo matinal lunes 8 de mayo 2023 (07:20h)","datePublished":"2023-05-08T05:38:34+00:00","dateModified":"2023-05-09T05:11:30+00:00","mainEntityOfPage":{"@id":"https:\/\/www.copealcoy.es\/es\/informativo-matinal-lunes-8-de-mayo-2023-0720h\/"},"wordCount":389,"commentCount":0,"image":{"@id":"https:\/\/www.copealcoy.es\/es\/informativo-matinal-lunes-8-de-mayo-2023-0720h\/#primaryimage"},"thumbnailUrl":"https:\/\/www.copealcoy.es\/wp-content\/uploads\/2023\/02\/Herrera-en-COPE-Alcoy-4.png","articleSection":["Actualidad","Audios de los programas","Informativos"],"inLanguage":"es"},{"@type":"WebPage","@id":"https:\/\/www.copealcoy.es\/es\/informativo-matinal-lunes-8-de-mayo-2023-0720h\/","url":"https:\/\/www.copealcoy.es\/es\/informativo-matinal-lunes-8-de-mayo-2023-0720h\/","name":"Informativo matinal lunes 8 de mayo 2023 (07:20h) - COPE Alcoy","isPartOf":{"@id":"https:\/\/www.copealcoy.es\/es\/#website"},"primaryImageOfPage":{"@id":"https:\/\/www.copealcoy.es\/es\/informativo-matinal-lunes-8-de-mayo-2023-0720h\/#primaryimage"},"image":{"@id":"https:\/\/www.copealcoy.es\/es\/informativo-matinal-lunes-8-de-mayo-2023-0720h\/#primaryimage"},"thumbnailUrl":"https:\/\/www.copealcoy.es\/wp-content\/uploads\/2023\/02\/Herrera-en-COPE-Alcoy-4.png","datePublished":"2023-05-08T05:38:34+00:00","dateModified":"2023-05-09T05:11:30+00:00","author":{"@id":"https:\/\/www.copealcoy.es\/es\/#\/schema\/person\/e777c87fa024e57d40170af9df39882c"},"description":"Los retrasos en la aprobaci\u00f3n de los Presupuestos Municipales de 2023, que sigue pendiente, y la petici\u00f3n un\u00e1nime de los partidos al Ministerio para que aumenten las frecuencias de la l\u00ednea de tren Alcoi-X\u00e0tiva, son algunas de las noticias destacadas de este 8 de mayo de 2023.","breadcrumb":{"@id":"https:\/\/www.copealcoy.es\/es\/informativo-matinal-lunes-8-de-mayo-2023-0720h\/#breadcrumb"},"inLanguage":"es","potentialAction":[{"@type":"ReadAction","target":["https:\/\/www.copealcoy.es\/es\/informativo-matinal-lunes-8-de-mayo-2023-0720h\/"]}]},{"@type":"ImageObject","inLanguage":"es","@id":"https:\/\/www.copealcoy.es\/es\/informativo-matinal-lunes-8-de-mayo-2023-0720h\/#primaryimage","url":"https:\/\/www.copealcoy.es\/wp-content\/uploads\/2023\/02\/Herrera-en-COPE-Alcoy-4.png","contentUrl":"https:\/\/www.copealcoy.es\/wp-content\/uploads\/2023\/02\/Herrera-en-COPE-Alcoy-4.png","width":357,"height":290},{"@type":"BreadcrumbList","@id":"https:\/\/www.copealcoy.es\/es\/informativo-matinal-lunes-8-de-mayo-2023-0720h\/#breadcrumb","itemListElement":[{"@type":"ListItem","position":1,"name":"Portada","item":"https:\/\/www.copealcoy.es\/es\/"},{"@type":"ListItem","position":2,"name":"Informativo matinal lunes 8 de mayo 2023 (07:20h)"}]},{"@type":"WebSite","@id":"https:\/\/www.copealcoy.es\/es\/#website","url":"https:\/\/www.copealcoy.es\/es\/","name":"COPE Alcoy","description":"Emisora COPE de radio local con emisi\u00f3n online. Pont de Sant Jordi 8-10 03803 Alcoy","potentialAction":[{"@type":"SearchAction","target":{"@type":"EntryPoint","urlTemplate":"https:\/\/www.copealcoy.es\/es\/?s={search_term_string}"},"query-input":{"@type":"PropertyValueSpecification","valueRequired":true,"valueName":"search_term_string"}}],"inLanguage":"es"},{"@type":"Person","@id":"https:\/\/www.copealcoy.es\/es\/#\/schema\/person\/e777c87fa024e57d40170af9df39882c","name":"Cope Alcoy","image":{"@type":"ImageObject","inLanguage":"es","@id":"https:\/\/secure.gravatar.com\/avatar\/bb65d0283347e303893ba14f0692005417c1e0e690a325a4c5d8bb2b3943ee14?s=96&d=mm&r=g","url":"https:\/\/secure.gravatar.com\/avatar\/bb65d0283347e303893ba14f0692005417c1e0e690a325a4c5d8bb2b3943ee14?s=96&d=mm&r=g","contentUrl":"https:\/\/secure.gravatar.com\/avatar\/bb65d0283347e303893ba14f0692005417c1e0e690a325a4c5d8bb2b3943ee14?s=96&d=mm&r=g","caption":"Cope Alcoy"}}]}},"_links":{"self":[{"href":"https:\/\/www.copealcoy.es\/es\/wp-json\/wp\/v2\/posts\/115320","targetHints":{"allow":["GET"]}}],"collection":[{"href":"https:\/\/www.copealcoy.es\/es\/wp-json\/wp\/v2\/posts"}],"about":[{"href":"https:\/\/www.copealcoy.es\/es\/wp-json\/wp\/v2\/types\/post"}],"author":[{"embeddable":true,"href":"https:\/\/www.copealcoy.es\/es\/wp-json\/wp\/v2\/users\/1"}],"replies":[{"embeddable":true,"href":"https:\/\/www.copealcoy.es\/es\/wp-json\/wp\/v2\/comments?post=115320"}],"version-history":[{"count":0,"href":"https:\/\/www.copealcoy.es\/es\/wp-json\/wp\/v2\/posts\/115320\/revisions"}],"wp:featuredmedia":[{"embeddable":true,"href":"https:\/\/www.copealcoy.es\/es\/wp-json\/wp\/v2\/media\/110612"}],"wp:attachment":[{"href":"https:\/\/www.copealcoy.es\/es\/wp-json\/wp\/v2\/media?parent=115320"}],"wp:term":[{"taxonomy":"category","embeddable":true,"href":"https:\/\/www.copealcoy.es\/es\/wp-json\/wp\/v2\/categories?post=115320"},{"taxonomy":"post_tag","embeddable":true,"href":"https:\/\/www.copealcoy.es\/es\/wp-json\/wp\/v2\/tags?post=115320"}],"curies":[{"name":"wp","href":"https:\/\/api.w.org\/{rel}","templated":true}]}}