{"id":11530,"date":"2015-03-22T20:53:18","date_gmt":"2015-03-22T20:53:18","guid":{"rendered":"http:\/\/copealcoi.es\/new\/?p=11530"},"modified":"2017-08-01T09:29:24","modified_gmt":"2017-08-01T09:29:24","slug":"estefania-blanes-candidata-de-guanyem-a-la-alcaldia","status":"publish","type":"post","link":"https:\/\/www.copealcoy.es\/es\/estefania-blanes-candidata-de-guanyem-a-la-alcaldia\/","title":{"rendered":"Estefan\u00eda Blanes, candidata de Guanyem a la alcald\u00eda de Alcoy"},"content":{"rendered":"<p style=\"text-align: justify;\">La actual portavoz de Esquerra Unida, Estefan\u00eda Blanes, ser\u00e1 la candidata de la plataforma Guanyem Alcoi a la alcald\u00eda en las pr\u00f3ximas elecciones municipales de mayo. As\u00ed se desprende de los resultados de las primarias abiertas en las que han participado 678 personas, 539 personas a trav\u00e9s de Internet, 139 presencialmente. En los comicios tambi\u00e9n se han elegido las personas que formar\u00e1n parte de la lista electoral, cuya media de edad tiene los 37&#8217;5, que quedar\u00e1 de la siguiente manera:<\/p>\n<p style=\"text-align: justify;\">1 Estefania Blanes Le\u00f3n<br \/>\n2 Cristian Santiago de Jes\u00fas<br \/>\n3 Naiara Dav\u00f3 Bernabeu<br \/>\n4 Francisco J. Paredes Torregros<br \/>\n5 Aleixandre Sanfrancisco Gim\u00e9nez<br \/>\n6 Vicky Ll\u00e0cer Anduix<br \/>\n7 Mauro Colomina Soler<br \/>\n8 Trini Rubio Sala<br \/>\n9 David Amador Cornago<br \/>\n10 Ver\u00f2nica Gisbert i Gr\u00e0cia<br \/>\n11 Jos\u00e9 Javier Mart\u00ednez Hern\u00e1ndez<br \/>\n13 Pablo Gonz\u00e0lez Gimeno<\/p>\n","protected":false},"excerpt":{"rendered":"<p>La actual portavoz de Esquerra Unida, Estefan\u00eda Blanes, ser\u00e1 la candidata de la plataforma Guanyem Alcoi a la alcald\u00eda en&#8230;<\/p>\n","protected":false},"author":1,"featured_media":11531,"comment_status":"open","ping_status":"open","sticky":false,"template":"","format":"standard","meta":{"footnotes":""},"categories":[744,75],"tags":[1494,865,241],"class_list":["post-11530","post","type-post","status-publish","format-standard","has-post-thumbnail","hentry","category-elecciones","category-noticias","tag-alcoy","tag-elecciones-municpales","tag-guanyem"],"yoast_head":"<!-- This site is optimized with the Yoast SEO plugin v27.3 - https:\/\/yoast.com\/product\/yoast-seo-wordpress\/ -->\n<title>Estefan\u00eda Blanes, candidata de Guanyem a la alcald\u00eda de Alcoy - COPE Alcoy<\/title>\n<meta name=\"robots\" content=\"index, follow, max-snippet:-1, max-image-preview:large, max-video-preview:-1\" \/>\n<link rel=\"canonical\" href=\"https:\/\/www.copealcoy.es\/es\/estefania-blanes-candidata-de-guanyem-a-la-alcaldia\/\" \/>\n<meta property=\"og:locale\" content=\"es_ES\" \/>\n<meta property=\"og:type\" content=\"article\" \/>\n<meta property=\"og:title\" content=\"Estefan\u00eda Blanes, candidata de Guanyem a la alcald\u00eda de Alcoy - COPE Alcoy\" \/>\n<meta property=\"og:description\" content=\"La actual portavoz de Esquerra Unida, Estefan\u00eda Blanes, ser\u00e1 la candidata de la plataforma Guanyem Alcoi a la alcald\u00eda en...\" \/>\n<meta property=\"og:url\" content=\"https:\/\/www.copealcoy.es\/es\/estefania-blanes-candidata-de-guanyem-a-la-alcaldia\/\" \/>\n<meta property=\"og:site_name\" content=\"COPE Alcoy\" \/>\n<meta property=\"article:published_time\" content=\"2015-03-22T20:53:18+00:00\" \/>\n<meta property=\"article:modified_time\" content=\"2017-08-01T09:29:24+00:00\" \/>\n<meta property=\"og:image\" content=\"https:\/\/www.copealcoy.es\/wp-content\/uploads\/2015\/03\/image61.jpg\" \/>\n\t<meta property=\"og:image:width\" content=\"1024\" \/>\n\t<meta property=\"og:image:height\" content=\"536\" \/>\n\t<meta property=\"og:image:type\" content=\"image\/jpeg\" \/>\n<meta name=\"author\" content=\"Cope Alcoy\" \/>\n<meta name=\"twitter:label1\" content=\"Escrito por\" \/>\n\t<meta name=\"twitter:data1\" content=\"Cope Alcoy\" \/>\n\t<meta name=\"twitter:label2\" content=\"Tiempo de lectura\" \/>\n\t<meta name=\"twitter:data2\" content=\"1 minuto\" \/>\n<script type=\"application\/ld+json\" class=\"yoast-schema-graph\">{\"@context\":\"https:\\\/\\\/schema.org\",\"@graph\":[{\"@type\":\"Article\",\"@id\":\"https:\\\/\\\/www.copealcoy.es\\\/es\\\/estefania-blanes-candidata-de-guanyem-a-la-alcaldia\\\/#article\",\"isPartOf\":{\"@id\":\"https:\\\/\\\/www.copealcoy.es\\\/es\\\/estefania-blanes-candidata-de-guanyem-a-la-alcaldia\\\/\"},\"author\":{\"name\":\"Cope Alcoy\",\"@id\":\"https:\\\/\\\/www.copealcoy.es\\\/es\\\/#\\\/schema\\\/person\\\/e777c87fa024e57d40170af9df39882c\"},\"headline\":\"Estefan\u00eda Blanes, candidata de Guanyem a la alcald\u00eda de Alcoy\",\"datePublished\":\"2015-03-22T20:53:18+00:00\",\"dateModified\":\"2017-08-01T09:29:24+00:00\",\"mainEntityOfPage\":{\"@id\":\"https:\\\/\\\/www.copealcoy.es\\\/es\\\/estefania-blanes-candidata-de-guanyem-a-la-alcaldia\\\/\"},\"wordCount\":143,\"commentCount\":0,\"image\":{\"@id\":\"https:\\\/\\\/www.copealcoy.es\\\/es\\\/estefania-blanes-candidata-de-guanyem-a-la-alcaldia\\\/#primaryimage\"},\"thumbnailUrl\":\"https:\\\/\\\/www.copealcoy.es\\\/wp-content\\\/uploads\\\/2015\\\/03\\\/image61.jpg\",\"keywords\":[\"Alcoy\",\"Elecciones Municpales\",\"Guanyem\"],\"articleSection\":[\"Elecciones\",\"Noticias\"],\"inLanguage\":\"es\"},{\"@type\":\"WebPage\",\"@id\":\"https:\\\/\\\/www.copealcoy.es\\\/es\\\/estefania-blanes-candidata-de-guanyem-a-la-alcaldia\\\/\",\"url\":\"https:\\\/\\\/www.copealcoy.es\\\/es\\\/estefania-blanes-candidata-de-guanyem-a-la-alcaldia\\\/\",\"name\":\"Estefan\u00eda Blanes, candidata de Guanyem a la alcald\u00eda de Alcoy - COPE Alcoy\",\"isPartOf\":{\"@id\":\"https:\\\/\\\/www.copealcoy.es\\\/es\\\/#website\"},\"primaryImageOfPage\":{\"@id\":\"https:\\\/\\\/www.copealcoy.es\\\/es\\\/estefania-blanes-candidata-de-guanyem-a-la-alcaldia\\\/#primaryimage\"},\"image\":{\"@id\":\"https:\\\/\\\/www.copealcoy.es\\\/es\\\/estefania-blanes-candidata-de-guanyem-a-la-alcaldia\\\/#primaryimage\"},\"thumbnailUrl\":\"https:\\\/\\\/www.copealcoy.es\\\/wp-content\\\/uploads\\\/2015\\\/03\\\/image61.jpg\",\"datePublished\":\"2015-03-22T20:53:18+00:00\",\"dateModified\":\"2017-08-01T09:29:24+00:00\",\"author\":{\"@id\":\"https:\\\/\\\/www.copealcoy.es\\\/es\\\/#\\\/schema\\\/person\\\/e777c87fa024e57d40170af9df39882c\"},\"breadcrumb\":{\"@id\":\"https:\\\/\\\/www.copealcoy.es\\\/es\\\/estefania-blanes-candidata-de-guanyem-a-la-alcaldia\\\/#breadcrumb\"},\"inLanguage\":\"es\",\"potentialAction\":[{\"@type\":\"ReadAction\",\"target\":[\"https:\\\/\\\/www.copealcoy.es\\\/es\\\/estefania-blanes-candidata-de-guanyem-a-la-alcaldia\\\/\"]}]},{\"@type\":\"ImageObject\",\"inLanguage\":\"es\",\"@id\":\"https:\\\/\\\/www.copealcoy.es\\\/es\\\/estefania-blanes-candidata-de-guanyem-a-la-alcaldia\\\/#primaryimage\",\"url\":\"https:\\\/\\\/www.copealcoy.es\\\/wp-content\\\/uploads\\\/2015\\\/03\\\/image61.jpg\",\"contentUrl\":\"https:\\\/\\\/www.copealcoy.es\\\/wp-content\\\/uploads\\\/2015\\\/03\\\/image61.jpg\",\"width\":1024,\"height\":536,\"caption\":\"Estefan\u00eda Blanes, portavoz de Guanyar Alcoi\"},{\"@type\":\"BreadcrumbList\",\"@id\":\"https:\\\/\\\/www.copealcoy.es\\\/es\\\/estefania-blanes-candidata-de-guanyem-a-la-alcaldia\\\/#breadcrumb\",\"itemListElement\":[{\"@type\":\"ListItem\",\"position\":1,\"name\":\"Portada\",\"item\":\"https:\\\/\\\/www.copealcoy.es\\\/es\\\/\"},{\"@type\":\"ListItem\",\"position\":2,\"name\":\"Estefan\u00eda Blanes, candidata de Guanyem a la alcald\u00eda de Alcoy\"}]},{\"@type\":\"WebSite\",\"@id\":\"https:\\\/\\\/www.copealcoy.es\\\/es\\\/#website\",\"url\":\"https:\\\/\\\/www.copealcoy.es\\\/es\\\/\",\"name\":\"COPE Alcoy\",\"description\":\"Emisora COPE de radio local con emisi\u00f3n online. Pont de Sant Jordi 8-10 03803 Alcoy\",\"potentialAction\":[{\"@type\":\"SearchAction\",\"target\":{\"@type\":\"EntryPoint\",\"urlTemplate\":\"https:\\\/\\\/www.copealcoy.es\\\/es\\\/?s={search_term_string}\"},\"query-input\":{\"@type\":\"PropertyValueSpecification\",\"valueRequired\":true,\"valueName\":\"search_term_string\"}}],\"inLanguage\":\"es\"},{\"@type\":\"Person\",\"@id\":\"https:\\\/\\\/www.copealcoy.es\\\/es\\\/#\\\/schema\\\/person\\\/e777c87fa024e57d40170af9df39882c\",\"name\":\"Cope Alcoy\",\"image\":{\"@type\":\"ImageObject\",\"inLanguage\":\"es\",\"@id\":\"https:\\\/\\\/secure.gravatar.com\\\/avatar\\\/bb65d0283347e303893ba14f0692005417c1e0e690a325a4c5d8bb2b3943ee14?s=96&d=mm&r=g\",\"url\":\"https:\\\/\\\/secure.gravatar.com\\\/avatar\\\/bb65d0283347e303893ba14f0692005417c1e0e690a325a4c5d8bb2b3943ee14?s=96&d=mm&r=g\",\"contentUrl\":\"https:\\\/\\\/secure.gravatar.com\\\/avatar\\\/bb65d0283347e303893ba14f0692005417c1e0e690a325a4c5d8bb2b3943ee14?s=96&d=mm&r=g\",\"caption\":\"Cope Alcoy\"}}]}<\/script>\n<!-- \/ Yoast SEO plugin. -->","yoast_head_json":{"title":"Estefan\u00eda Blanes, candidata de Guanyem a la alcald\u00eda de Alcoy - COPE Alcoy","robots":{"index":"index","follow":"follow","max-snippet":"max-snippet:-1","max-image-preview":"max-image-preview:large","max-video-preview":"max-video-preview:-1"},"canonical":"https:\/\/www.copealcoy.es\/es\/estefania-blanes-candidata-de-guanyem-a-la-alcaldia\/","og_locale":"es_ES","og_type":"article","og_title":"Estefan\u00eda Blanes, candidata de Guanyem a la alcald\u00eda de Alcoy - COPE Alcoy","og_description":"La actual portavoz de Esquerra Unida, Estefan\u00eda Blanes, ser\u00e1 la candidata de la plataforma Guanyem Alcoi a la alcald\u00eda en...","og_url":"https:\/\/www.copealcoy.es\/es\/estefania-blanes-candidata-de-guanyem-a-la-alcaldia\/","og_site_name":"COPE Alcoy","article_published_time":"2015-03-22T20:53:18+00:00","article_modified_time":"2017-08-01T09:29:24+00:00","og_image":[{"width":1024,"height":536,"url":"https:\/\/www.copealcoy.es\/wp-content\/uploads\/2015\/03\/image61.jpg","type":"image\/jpeg"}],"author":"Cope Alcoy","twitter_misc":{"Escrito por":"Cope Alcoy","Tiempo de lectura":"1 minuto"},"schema":{"@context":"https:\/\/schema.org","@graph":[{"@type":"Article","@id":"https:\/\/www.copealcoy.es\/es\/estefania-blanes-candidata-de-guanyem-a-la-alcaldia\/#article","isPartOf":{"@id":"https:\/\/www.copealcoy.es\/es\/estefania-blanes-candidata-de-guanyem-a-la-alcaldia\/"},"author":{"name":"Cope Alcoy","@id":"https:\/\/www.copealcoy.es\/es\/#\/schema\/person\/e777c87fa024e57d40170af9df39882c"},"headline":"Estefan\u00eda Blanes, candidata de Guanyem a la alcald\u00eda de Alcoy","datePublished":"2015-03-22T20:53:18+00:00","dateModified":"2017-08-01T09:29:24+00:00","mainEntityOfPage":{"@id":"https:\/\/www.copealcoy.es\/es\/estefania-blanes-candidata-de-guanyem-a-la-alcaldia\/"},"wordCount":143,"commentCount":0,"image":{"@id":"https:\/\/www.copealcoy.es\/es\/estefania-blanes-candidata-de-guanyem-a-la-alcaldia\/#primaryimage"},"thumbnailUrl":"https:\/\/www.copealcoy.es\/wp-content\/uploads\/2015\/03\/image61.jpg","keywords":["Alcoy","Elecciones Municpales","Guanyem"],"articleSection":["Elecciones","Noticias"],"inLanguage":"es"},{"@type":"WebPage","@id":"https:\/\/www.copealcoy.es\/es\/estefania-blanes-candidata-de-guanyem-a-la-alcaldia\/","url":"https:\/\/www.copealcoy.es\/es\/estefania-blanes-candidata-de-guanyem-a-la-alcaldia\/","name":"Estefan\u00eda Blanes, candidata de Guanyem a la alcald\u00eda de Alcoy - COPE Alcoy","isPartOf":{"@id":"https:\/\/www.copealcoy.es\/es\/#website"},"primaryImageOfPage":{"@id":"https:\/\/www.copealcoy.es\/es\/estefania-blanes-candidata-de-guanyem-a-la-alcaldia\/#primaryimage"},"image":{"@id":"https:\/\/www.copealcoy.es\/es\/estefania-blanes-candidata-de-guanyem-a-la-alcaldia\/#primaryimage"},"thumbnailUrl":"https:\/\/www.copealcoy.es\/wp-content\/uploads\/2015\/03\/image61.jpg","datePublished":"2015-03-22T20:53:18+00:00","dateModified":"2017-08-01T09:29:24+00:00","author":{"@id":"https:\/\/www.copealcoy.es\/es\/#\/schema\/person\/e777c87fa024e57d40170af9df39882c"},"breadcrumb":{"@id":"https:\/\/www.copealcoy.es\/es\/estefania-blanes-candidata-de-guanyem-a-la-alcaldia\/#breadcrumb"},"inLanguage":"es","potentialAction":[{"@type":"ReadAction","target":["https:\/\/www.copealcoy.es\/es\/estefania-blanes-candidata-de-guanyem-a-la-alcaldia\/"]}]},{"@type":"ImageObject","inLanguage":"es","@id":"https:\/\/www.copealcoy.es\/es\/estefania-blanes-candidata-de-guanyem-a-la-alcaldia\/#primaryimage","url":"https:\/\/www.copealcoy.es\/wp-content\/uploads\/2015\/03\/image61.jpg","contentUrl":"https:\/\/www.copealcoy.es\/wp-content\/uploads\/2015\/03\/image61.jpg","width":1024,"height":536,"caption":"Estefan\u00eda Blanes, portavoz de Guanyar Alcoi"},{"@type":"BreadcrumbList","@id":"https:\/\/www.copealcoy.es\/es\/estefania-blanes-candidata-de-guanyem-a-la-alcaldia\/#breadcrumb","itemListElement":[{"@type":"ListItem","position":1,"name":"Portada","item":"https:\/\/www.copealcoy.es\/es\/"},{"@type":"ListItem","position":2,"name":"Estefan\u00eda Blanes, candidata de Guanyem a la alcald\u00eda de Alcoy"}]},{"@type":"WebSite","@id":"https:\/\/www.copealcoy.es\/es\/#website","url":"https:\/\/www.copealcoy.es\/es\/","name":"COPE Alcoy","description":"Emisora COPE de radio local con emisi\u00f3n online. Pont de Sant Jordi 8-10 03803 Alcoy","potentialAction":[{"@type":"SearchAction","target":{"@type":"EntryPoint","urlTemplate":"https:\/\/www.copealcoy.es\/es\/?s={search_term_string}"},"query-input":{"@type":"PropertyValueSpecification","valueRequired":true,"valueName":"search_term_string"}}],"inLanguage":"es"},{"@type":"Person","@id":"https:\/\/www.copealcoy.es\/es\/#\/schema\/person\/e777c87fa024e57d40170af9df39882c","name":"Cope Alcoy","image":{"@type":"ImageObject","inLanguage":"es","@id":"https:\/\/secure.gravatar.com\/avatar\/bb65d0283347e303893ba14f0692005417c1e0e690a325a4c5d8bb2b3943ee14?s=96&d=mm&r=g","url":"https:\/\/secure.gravatar.com\/avatar\/bb65d0283347e303893ba14f0692005417c1e0e690a325a4c5d8bb2b3943ee14?s=96&d=mm&r=g","contentUrl":"https:\/\/secure.gravatar.com\/avatar\/bb65d0283347e303893ba14f0692005417c1e0e690a325a4c5d8bb2b3943ee14?s=96&d=mm&r=g","caption":"Cope Alcoy"}}]}},"_links":{"self":[{"href":"https:\/\/www.copealcoy.es\/es\/wp-json\/wp\/v2\/posts\/11530","targetHints":{"allow":["GET"]}}],"collection":[{"href":"https:\/\/www.copealcoy.es\/es\/wp-json\/wp\/v2\/posts"}],"about":[{"href":"https:\/\/www.copealcoy.es\/es\/wp-json\/wp\/v2\/types\/post"}],"author":[{"embeddable":true,"href":"https:\/\/www.copealcoy.es\/es\/wp-json\/wp\/v2\/users\/1"}],"replies":[{"embeddable":true,"href":"https:\/\/www.copealcoy.es\/es\/wp-json\/wp\/v2\/comments?post=11530"}],"version-history":[{"count":0,"href":"https:\/\/www.copealcoy.es\/es\/wp-json\/wp\/v2\/posts\/11530\/revisions"}],"wp:featuredmedia":[{"embeddable":true,"href":"https:\/\/www.copealcoy.es\/es\/wp-json\/wp\/v2\/media\/11531"}],"wp:attachment":[{"href":"https:\/\/www.copealcoy.es\/es\/wp-json\/wp\/v2\/media?parent=11530"}],"wp:term":[{"taxonomy":"category","embeddable":true,"href":"https:\/\/www.copealcoy.es\/es\/wp-json\/wp\/v2\/categories?post=11530"},{"taxonomy":"post_tag","embeddable":true,"href":"https:\/\/www.copealcoy.es\/es\/wp-json\/wp\/v2\/tags?post=11530"}],"curies":[{"name":"wp","href":"https:\/\/api.w.org\/{rel}","templated":true}]}}