{"id":115274,"date":"2023-05-05T07:43:15","date_gmt":"2023-05-05T06:43:15","guid":{"rendered":"https:\/\/www.copealcoy.es\/?p=115274"},"modified":"2023-05-05T11:01:16","modified_gmt":"2023-05-05T10:01:16","slug":"dos-intentos-de-okupacion-en-cocentaina-en-menos-de-15-dias","status":"publish","type":"post","link":"https:\/\/www.copealcoy.es\/es\/dos-intentos-de-okupacion-en-cocentaina-en-menos-de-15-dias\/","title":{"rendered":"Dos intentos de okupaci\u00f3n en Cocentaina en menos de 15 d\u00edas"},"content":{"rendered":"<p>La <strong>Polic\u00eda Local de Cocentaina<\/strong> lograba <strong>evitar esta semana la okupaci\u00f3n ilegal de un inmueble en la localidad<\/strong>. Concretamente, una vivienda en el centro hist\u00f3rico de la Villa Condal.<\/p>\n<p>Los hechos tuvieron lugar <strong>este martes<\/strong> y la actuaci\u00f3n policial fue posible <strong>gracias a la colaboraci\u00f3n ciudadana<\/strong>. Ante la alerta de una vecina del municipio, los agentes consiguieron impedir que la vivienda fuera okupada. Los presuntos autores trataron de huir del lugar de los hechos, pero consiguieron ser detenidos y han podido ser identificados.<\/p>\n<p>Se han instruido diligencias por un <strong>presunto delito de usurpaci\u00f3n de bien inmueble<\/strong>. Pero este no ha sido el \u00fanico intento de okupaci\u00f3n en Cocentaina en los \u00faltimos d\u00edas.<\/p>\n<p>El pasado <strong>viernes 21 de abril<\/strong>, la Polic\u00eda Local de la Villa Condal tuvo que proceder al <strong>desalojo de un okupa<\/strong> que hab\u00eda allanado una vivienda en una c\u00e9ntrica calle de la localidad del Comtat. En esta ocasi\u00f3n tambi\u00e9n se pudo ejecutar la acci\u00f3n policial gracias a que los vecinos alertaron a las autoridades inmediatamente, de manera que el okupa no pudo instalarse. El individuo fue desalojado del inmueble e identificado. Se le tramitaron diligencias penales por un delito leve tambi\u00e9n de usurpaci\u00f3n de inmueble.<\/p>\n<p>Posteriormente, los servicios municipales se encargaron de asegurar otra vez la vivienda.<\/p>\n<p>Seg\u00fan fuentes policiales, <strong>solo en los casos en los que se constata que los okupas acaban de entrar en la vivienda es posible expulsarles inmediatamente<\/strong>.<\/p>\n<p><strong>Casos puntuales<\/strong><\/p>\n<p>Desde la <strong>Concejal\u00eda de Seguridad<\/strong> de Cocentaina insisten en que no es necesario crear alarma entre la poblaci\u00f3n. &#8220;<strong>Son casos puntuales<\/strong>. S\u00ed que espaciado en el tiempo tenemos alg\u00fan caso. Pero s\u00ed que sabemos que hay algunas casas que est\u00e1n usurpadas. No es muy preocupante porque suelen ser siempre las mismas personas, que van rotando de unas casas a otras&#8221;, ha explicado <strong>Eugenia Miguel<\/strong>, concejala del departamento.<\/p>\n<p>Y resalta la importancia de la colaboraci\u00f3n ciudadana. &#8220;Lo importante es que el mismo vecindario, si detectan que hay un movimiento extra\u00f1o, avisen inmediatamente a la Polic\u00eda o\u00a0 a la Guardia Civil&#8221;.<\/p>\n<p>La edil insiste en que <strong>se diferencie entre usurpaci\u00f3n y okupaci\u00f3n<\/strong> de una primera o segunda vivienda. &#8220;Cuando hablamos de usurpaci\u00f3n nos referimos a viviendas que no est\u00e1n habitadas y cuyos propietarios son bancos o no est\u00e1n localizados y no pueden denunciar&#8221;. En los casos en que los propietarios s\u00ed se conocen, <strong>estos tienen que poner la denuncia para poder desalojar a esas personas<\/strong>.<\/p>\n","protected":false},"excerpt":{"rendered":"<p>La Polic\u00eda Local de Cocentaina lograba evitar esta semana la okupaci\u00f3n ilegal de un inmueble en la localidad. Concretamente, una&#8230;<\/p>\n","protected":false},"author":1,"featured_media":115281,"comment_status":"open","ping_status":"open","sticky":false,"template":"","format":"standard","meta":{"footnotes":""},"categories":[6909,97,75,80],"tags":[132,14679,846,14680],"class_list":["post-115274","post","type-post","status-publish","format-standard","has-post-thumbnail","hentry","category-actualidad","category-alcoy","category-noticias","category-sucesos","tag-cocentaina","tag-okupascion","tag-policia-local","tag-suceso"],"yoast_head":"<!-- This site is optimized with the Yoast SEO plugin v27.3 - https:\/\/yoast.com\/product\/yoast-seo-wordpress\/ -->\n<title>Dos intentos de okupaci\u00f3n en Cocentaina en menos de 15 d\u00edas - COPE Alcoy<\/title>\n<meta name=\"description\" content=\"La Polic\u00eda Local de Cocentaina lograba evitar esta semana la okupaci\u00f3n ilegal de un inmueble en la localidad. Concretamente, una vivienda en el centro hist\u00f3rico de la Villa Condal.\" \/>\n<meta name=\"robots\" content=\"index, follow, max-snippet:-1, max-image-preview:large, max-video-preview:-1\" \/>\n<link rel=\"canonical\" href=\"https:\/\/www.copealcoy.es\/es\/dos-intentos-de-okupacion-en-cocentaina-en-menos-de-15-dias\/\" \/>\n<meta property=\"og:locale\" content=\"es_ES\" \/>\n<meta property=\"og:type\" content=\"article\" \/>\n<meta property=\"og:title\" content=\"Dos intentos de okupaci\u00f3n en Cocentaina en menos de 15 d\u00edas - COPE Alcoy\" \/>\n<meta property=\"og:description\" content=\"La Polic\u00eda Local de Cocentaina lograba evitar esta semana la okupaci\u00f3n ilegal de un inmueble en la localidad. Concretamente, una vivienda en el centro hist\u00f3rico de la Villa Condal.\" \/>\n<meta property=\"og:url\" content=\"https:\/\/www.copealcoy.es\/es\/dos-intentos-de-okupacion-en-cocentaina-en-menos-de-15-dias\/\" \/>\n<meta property=\"og:site_name\" content=\"COPE Alcoy\" \/>\n<meta property=\"article:published_time\" content=\"2023-05-05T06:43:15+00:00\" \/>\n<meta property=\"article:modified_time\" content=\"2023-05-05T10:01:16+00:00\" \/>\n<meta property=\"og:image\" content=\"https:\/\/www.copealcoy.es\/wp-content\/uploads\/2023\/05\/343995560_789065872450216_1630615704997572019_n.jpg\" \/>\n\t<meta property=\"og:image:width\" content=\"960\" \/>\n\t<meta property=\"og:image:height\" content=\"772\" \/>\n\t<meta property=\"og:image:type\" content=\"image\/jpeg\" \/>\n<meta name=\"author\" content=\"Cope Alcoy\" \/>\n<meta name=\"twitter:label1\" content=\"Escrito por\" \/>\n\t<meta name=\"twitter:data1\" content=\"Cope Alcoy\" \/>\n\t<meta name=\"twitter:label2\" content=\"Tiempo de lectura\" \/>\n\t<meta name=\"twitter:data2\" content=\"2 minutos\" \/>\n<script type=\"application\/ld+json\" class=\"yoast-schema-graph\">{\"@context\":\"https:\\\/\\\/schema.org\",\"@graph\":[{\"@type\":\"Article\",\"@id\":\"https:\\\/\\\/www.copealcoy.es\\\/es\\\/dos-intentos-de-okupacion-en-cocentaina-en-menos-de-15-dias\\\/#article\",\"isPartOf\":{\"@id\":\"https:\\\/\\\/www.copealcoy.es\\\/es\\\/dos-intentos-de-okupacion-en-cocentaina-en-menos-de-15-dias\\\/\"},\"author\":{\"name\":\"Cope Alcoy\",\"@id\":\"https:\\\/\\\/www.copealcoy.es\\\/es\\\/#\\\/schema\\\/person\\\/e777c87fa024e57d40170af9df39882c\"},\"headline\":\"Dos intentos de okupaci\u00f3n en Cocentaina en menos de 15 d\u00edas\",\"datePublished\":\"2023-05-05T06:43:15+00:00\",\"dateModified\":\"2023-05-05T10:01:16+00:00\",\"mainEntityOfPage\":{\"@id\":\"https:\\\/\\\/www.copealcoy.es\\\/es\\\/dos-intentos-de-okupacion-en-cocentaina-en-menos-de-15-dias\\\/\"},\"wordCount\":439,\"commentCount\":0,\"image\":{\"@id\":\"https:\\\/\\\/www.copealcoy.es\\\/es\\\/dos-intentos-de-okupacion-en-cocentaina-en-menos-de-15-dias\\\/#primaryimage\"},\"thumbnailUrl\":\"https:\\\/\\\/www.copealcoy.es\\\/wp-content\\\/uploads\\\/2023\\\/05\\\/343995560_789065872450216_1630615704997572019_n.jpg\",\"keywords\":[\"Cocentaina\",\"okupasci\u00f3n\",\"Polic\u00eda Local\",\"suceso\"],\"articleSection\":[\"Actualidad\",\"Alcoy\",\"Noticias\",\"Sucesos\"],\"inLanguage\":\"es\"},{\"@type\":\"WebPage\",\"@id\":\"https:\\\/\\\/www.copealcoy.es\\\/es\\\/dos-intentos-de-okupacion-en-cocentaina-en-menos-de-15-dias\\\/\",\"url\":\"https:\\\/\\\/www.copealcoy.es\\\/es\\\/dos-intentos-de-okupacion-en-cocentaina-en-menos-de-15-dias\\\/\",\"name\":\"Dos intentos de okupaci\u00f3n en Cocentaina en menos de 15 d\u00edas - COPE Alcoy\",\"isPartOf\":{\"@id\":\"https:\\\/\\\/www.copealcoy.es\\\/es\\\/#website\"},\"primaryImageOfPage\":{\"@id\":\"https:\\\/\\\/www.copealcoy.es\\\/es\\\/dos-intentos-de-okupacion-en-cocentaina-en-menos-de-15-dias\\\/#primaryimage\"},\"image\":{\"@id\":\"https:\\\/\\\/www.copealcoy.es\\\/es\\\/dos-intentos-de-okupacion-en-cocentaina-en-menos-de-15-dias\\\/#primaryimage\"},\"thumbnailUrl\":\"https:\\\/\\\/www.copealcoy.es\\\/wp-content\\\/uploads\\\/2023\\\/05\\\/343995560_789065872450216_1630615704997572019_n.jpg\",\"datePublished\":\"2023-05-05T06:43:15+00:00\",\"dateModified\":\"2023-05-05T10:01:16+00:00\",\"author\":{\"@id\":\"https:\\\/\\\/www.copealcoy.es\\\/es\\\/#\\\/schema\\\/person\\\/e777c87fa024e57d40170af9df39882c\"},\"description\":\"La Polic\u00eda Local de Cocentaina lograba evitar esta semana la okupaci\u00f3n ilegal de un inmueble en la localidad. Concretamente, una vivienda en el centro hist\u00f3rico de la Villa Condal.\",\"breadcrumb\":{\"@id\":\"https:\\\/\\\/www.copealcoy.es\\\/es\\\/dos-intentos-de-okupacion-en-cocentaina-en-menos-de-15-dias\\\/#breadcrumb\"},\"inLanguage\":\"es\",\"potentialAction\":[{\"@type\":\"ReadAction\",\"target\":[\"https:\\\/\\\/www.copealcoy.es\\\/es\\\/dos-intentos-de-okupacion-en-cocentaina-en-menos-de-15-dias\\\/\"]}]},{\"@type\":\"ImageObject\",\"inLanguage\":\"es\",\"@id\":\"https:\\\/\\\/www.copealcoy.es\\\/es\\\/dos-intentos-de-okupacion-en-cocentaina-en-menos-de-15-dias\\\/#primaryimage\",\"url\":\"https:\\\/\\\/www.copealcoy.es\\\/wp-content\\\/uploads\\\/2023\\\/05\\\/343995560_789065872450216_1630615704997572019_n.jpg\",\"contentUrl\":\"https:\\\/\\\/www.copealcoy.es\\\/wp-content\\\/uploads\\\/2023\\\/05\\\/343995560_789065872450216_1630615704997572019_n.jpg\",\"width\":960,\"height\":772},{\"@type\":\"BreadcrumbList\",\"@id\":\"https:\\\/\\\/www.copealcoy.es\\\/es\\\/dos-intentos-de-okupacion-en-cocentaina-en-menos-de-15-dias\\\/#breadcrumb\",\"itemListElement\":[{\"@type\":\"ListItem\",\"position\":1,\"name\":\"Portada\",\"item\":\"https:\\\/\\\/www.copealcoy.es\\\/es\\\/\"},{\"@type\":\"ListItem\",\"position\":2,\"name\":\"Dos intentos de okupaci\u00f3n en Cocentaina en menos de 15 d\u00edas\"}]},{\"@type\":\"WebSite\",\"@id\":\"https:\\\/\\\/www.copealcoy.es\\\/es\\\/#website\",\"url\":\"https:\\\/\\\/www.copealcoy.es\\\/es\\\/\",\"name\":\"COPE Alcoy\",\"description\":\"Emisora COPE de radio local con emisi\u00f3n online. Pont de Sant Jordi 8-10 03803 Alcoy\",\"potentialAction\":[{\"@type\":\"SearchAction\",\"target\":{\"@type\":\"EntryPoint\",\"urlTemplate\":\"https:\\\/\\\/www.copealcoy.es\\\/es\\\/?s={search_term_string}\"},\"query-input\":{\"@type\":\"PropertyValueSpecification\",\"valueRequired\":true,\"valueName\":\"search_term_string\"}}],\"inLanguage\":\"es\"},{\"@type\":\"Person\",\"@id\":\"https:\\\/\\\/www.copealcoy.es\\\/es\\\/#\\\/schema\\\/person\\\/e777c87fa024e57d40170af9df39882c\",\"name\":\"Cope Alcoy\",\"image\":{\"@type\":\"ImageObject\",\"inLanguage\":\"es\",\"@id\":\"https:\\\/\\\/secure.gravatar.com\\\/avatar\\\/bb65d0283347e303893ba14f0692005417c1e0e690a325a4c5d8bb2b3943ee14?s=96&d=mm&r=g\",\"url\":\"https:\\\/\\\/secure.gravatar.com\\\/avatar\\\/bb65d0283347e303893ba14f0692005417c1e0e690a325a4c5d8bb2b3943ee14?s=96&d=mm&r=g\",\"contentUrl\":\"https:\\\/\\\/secure.gravatar.com\\\/avatar\\\/bb65d0283347e303893ba14f0692005417c1e0e690a325a4c5d8bb2b3943ee14?s=96&d=mm&r=g\",\"caption\":\"Cope Alcoy\"}}]}<\/script>\n<!-- \/ Yoast SEO plugin. -->","yoast_head_json":{"title":"Dos intentos de okupaci\u00f3n en Cocentaina en menos de 15 d\u00edas - COPE Alcoy","description":"La Polic\u00eda Local de Cocentaina lograba evitar esta semana la okupaci\u00f3n ilegal de un inmueble en la localidad. Concretamente, una vivienda en el centro hist\u00f3rico de la Villa Condal.","robots":{"index":"index","follow":"follow","max-snippet":"max-snippet:-1","max-image-preview":"max-image-preview:large","max-video-preview":"max-video-preview:-1"},"canonical":"https:\/\/www.copealcoy.es\/es\/dos-intentos-de-okupacion-en-cocentaina-en-menos-de-15-dias\/","og_locale":"es_ES","og_type":"article","og_title":"Dos intentos de okupaci\u00f3n en Cocentaina en menos de 15 d\u00edas - COPE Alcoy","og_description":"La Polic\u00eda Local de Cocentaina lograba evitar esta semana la okupaci\u00f3n ilegal de un inmueble en la localidad. Concretamente, una vivienda en el centro hist\u00f3rico de la Villa Condal.","og_url":"https:\/\/www.copealcoy.es\/es\/dos-intentos-de-okupacion-en-cocentaina-en-menos-de-15-dias\/","og_site_name":"COPE Alcoy","article_published_time":"2023-05-05T06:43:15+00:00","article_modified_time":"2023-05-05T10:01:16+00:00","og_image":[{"width":960,"height":772,"url":"https:\/\/www.copealcoy.es\/wp-content\/uploads\/2023\/05\/343995560_789065872450216_1630615704997572019_n.jpg","type":"image\/jpeg"}],"author":"Cope Alcoy","twitter_misc":{"Escrito por":"Cope Alcoy","Tiempo de lectura":"2 minutos"},"schema":{"@context":"https:\/\/schema.org","@graph":[{"@type":"Article","@id":"https:\/\/www.copealcoy.es\/es\/dos-intentos-de-okupacion-en-cocentaina-en-menos-de-15-dias\/#article","isPartOf":{"@id":"https:\/\/www.copealcoy.es\/es\/dos-intentos-de-okupacion-en-cocentaina-en-menos-de-15-dias\/"},"author":{"name":"Cope Alcoy","@id":"https:\/\/www.copealcoy.es\/es\/#\/schema\/person\/e777c87fa024e57d40170af9df39882c"},"headline":"Dos intentos de okupaci\u00f3n en Cocentaina en menos de 15 d\u00edas","datePublished":"2023-05-05T06:43:15+00:00","dateModified":"2023-05-05T10:01:16+00:00","mainEntityOfPage":{"@id":"https:\/\/www.copealcoy.es\/es\/dos-intentos-de-okupacion-en-cocentaina-en-menos-de-15-dias\/"},"wordCount":439,"commentCount":0,"image":{"@id":"https:\/\/www.copealcoy.es\/es\/dos-intentos-de-okupacion-en-cocentaina-en-menos-de-15-dias\/#primaryimage"},"thumbnailUrl":"https:\/\/www.copealcoy.es\/wp-content\/uploads\/2023\/05\/343995560_789065872450216_1630615704997572019_n.jpg","keywords":["Cocentaina","okupasci\u00f3n","Polic\u00eda Local","suceso"],"articleSection":["Actualidad","Alcoy","Noticias","Sucesos"],"inLanguage":"es"},{"@type":"WebPage","@id":"https:\/\/www.copealcoy.es\/es\/dos-intentos-de-okupacion-en-cocentaina-en-menos-de-15-dias\/","url":"https:\/\/www.copealcoy.es\/es\/dos-intentos-de-okupacion-en-cocentaina-en-menos-de-15-dias\/","name":"Dos intentos de okupaci\u00f3n en Cocentaina en menos de 15 d\u00edas - COPE Alcoy","isPartOf":{"@id":"https:\/\/www.copealcoy.es\/es\/#website"},"primaryImageOfPage":{"@id":"https:\/\/www.copealcoy.es\/es\/dos-intentos-de-okupacion-en-cocentaina-en-menos-de-15-dias\/#primaryimage"},"image":{"@id":"https:\/\/www.copealcoy.es\/es\/dos-intentos-de-okupacion-en-cocentaina-en-menos-de-15-dias\/#primaryimage"},"thumbnailUrl":"https:\/\/www.copealcoy.es\/wp-content\/uploads\/2023\/05\/343995560_789065872450216_1630615704997572019_n.jpg","datePublished":"2023-05-05T06:43:15+00:00","dateModified":"2023-05-05T10:01:16+00:00","author":{"@id":"https:\/\/www.copealcoy.es\/es\/#\/schema\/person\/e777c87fa024e57d40170af9df39882c"},"description":"La Polic\u00eda Local de Cocentaina lograba evitar esta semana la okupaci\u00f3n ilegal de un inmueble en la localidad. Concretamente, una vivienda en el centro hist\u00f3rico de la Villa Condal.","breadcrumb":{"@id":"https:\/\/www.copealcoy.es\/es\/dos-intentos-de-okupacion-en-cocentaina-en-menos-de-15-dias\/#breadcrumb"},"inLanguage":"es","potentialAction":[{"@type":"ReadAction","target":["https:\/\/www.copealcoy.es\/es\/dos-intentos-de-okupacion-en-cocentaina-en-menos-de-15-dias\/"]}]},{"@type":"ImageObject","inLanguage":"es","@id":"https:\/\/www.copealcoy.es\/es\/dos-intentos-de-okupacion-en-cocentaina-en-menos-de-15-dias\/#primaryimage","url":"https:\/\/www.copealcoy.es\/wp-content\/uploads\/2023\/05\/343995560_789065872450216_1630615704997572019_n.jpg","contentUrl":"https:\/\/www.copealcoy.es\/wp-content\/uploads\/2023\/05\/343995560_789065872450216_1630615704997572019_n.jpg","width":960,"height":772},{"@type":"BreadcrumbList","@id":"https:\/\/www.copealcoy.es\/es\/dos-intentos-de-okupacion-en-cocentaina-en-menos-de-15-dias\/#breadcrumb","itemListElement":[{"@type":"ListItem","position":1,"name":"Portada","item":"https:\/\/www.copealcoy.es\/es\/"},{"@type":"ListItem","position":2,"name":"Dos intentos de okupaci\u00f3n en Cocentaina en menos de 15 d\u00edas"}]},{"@type":"WebSite","@id":"https:\/\/www.copealcoy.es\/es\/#website","url":"https:\/\/www.copealcoy.es\/es\/","name":"COPE Alcoy","description":"Emisora COPE de radio local con emisi\u00f3n online. Pont de Sant Jordi 8-10 03803 Alcoy","potentialAction":[{"@type":"SearchAction","target":{"@type":"EntryPoint","urlTemplate":"https:\/\/www.copealcoy.es\/es\/?s={search_term_string}"},"query-input":{"@type":"PropertyValueSpecification","valueRequired":true,"valueName":"search_term_string"}}],"inLanguage":"es"},{"@type":"Person","@id":"https:\/\/www.copealcoy.es\/es\/#\/schema\/person\/e777c87fa024e57d40170af9df39882c","name":"Cope Alcoy","image":{"@type":"ImageObject","inLanguage":"es","@id":"https:\/\/secure.gravatar.com\/avatar\/bb65d0283347e303893ba14f0692005417c1e0e690a325a4c5d8bb2b3943ee14?s=96&d=mm&r=g","url":"https:\/\/secure.gravatar.com\/avatar\/bb65d0283347e303893ba14f0692005417c1e0e690a325a4c5d8bb2b3943ee14?s=96&d=mm&r=g","contentUrl":"https:\/\/secure.gravatar.com\/avatar\/bb65d0283347e303893ba14f0692005417c1e0e690a325a4c5d8bb2b3943ee14?s=96&d=mm&r=g","caption":"Cope Alcoy"}}]}},"_links":{"self":[{"href":"https:\/\/www.copealcoy.es\/es\/wp-json\/wp\/v2\/posts\/115274","targetHints":{"allow":["GET"]}}],"collection":[{"href":"https:\/\/www.copealcoy.es\/es\/wp-json\/wp\/v2\/posts"}],"about":[{"href":"https:\/\/www.copealcoy.es\/es\/wp-json\/wp\/v2\/types\/post"}],"author":[{"embeddable":true,"href":"https:\/\/www.copealcoy.es\/es\/wp-json\/wp\/v2\/users\/1"}],"replies":[{"embeddable":true,"href":"https:\/\/www.copealcoy.es\/es\/wp-json\/wp\/v2\/comments?post=115274"}],"version-history":[{"count":0,"href":"https:\/\/www.copealcoy.es\/es\/wp-json\/wp\/v2\/posts\/115274\/revisions"}],"wp:featuredmedia":[{"embeddable":true,"href":"https:\/\/www.copealcoy.es\/es\/wp-json\/wp\/v2\/media\/115281"}],"wp:attachment":[{"href":"https:\/\/www.copealcoy.es\/es\/wp-json\/wp\/v2\/media?parent=115274"}],"wp:term":[{"taxonomy":"category","embeddable":true,"href":"https:\/\/www.copealcoy.es\/es\/wp-json\/wp\/v2\/categories?post=115274"},{"taxonomy":"post_tag","embeddable":true,"href":"https:\/\/www.copealcoy.es\/es\/wp-json\/wp\/v2\/tags?post=115274"}],"curies":[{"name":"wp","href":"https:\/\/api.w.org\/{rel}","templated":true}]}}