{"id":115272,"date":"2023-05-05T08:00:30","date_gmt":"2023-05-05T07:00:30","guid":{"rendered":"https:\/\/www.copealcoy.es\/?p=115272"},"modified":"2023-05-05T22:13:48","modified_gmt":"2023-05-05T21:13:48","slug":"abierto-en-alcoy-el-plazo-de-presentacion-de-candidaturas-para-ser-sant-jordiet","status":"publish","type":"post","link":"https:\/\/www.copealcoy.es\/es\/abierto-en-alcoy-el-plazo-de-presentacion-de-candidaturas-para-ser-sant-jordiet\/","title":{"rendered":"Abierto en Alcoy el plazo de presentaci\u00f3n de candidaturas para ser Sant Jordiet"},"content":{"rendered":"<p style=\"text-align: justify;\">La <strong>Asociaci\u00f3n de San Jorge<\/strong> ha abierto el plazo para<strong> la presentaci\u00f3n de candidaturas de cara a ser Sant Jordiet en las pr\u00f3ximas Fiestas de Moros y Cristianos del 2024<\/strong>. El elegido relevar\u00e1 en el cargo a <strong>Nicol\u00e1s S\u00e1nchez Linares<\/strong>, el cual ha desempe\u00f1ado este a\u00f1o <strong>uno de los papeles m\u00e1s importantes de nuestra trilog\u00eda<\/strong> en honor a San Jorge acompa\u00f1ado por toda la Fil\u00e0 Contrabandistas a la que pertenece.<\/p>\n<p style=\"text-align: justify;\">Los candidatos, seg\u00fan la informaci\u00f3n facilitada desde el Casal, <strong>tienen que ser ni\u00f1os nacidos entre los a\u00f1os 2015 y 2016<\/strong>. Adem\u00e1s <strong>han de cumplir una serie de requisitos<\/strong> como que alguno de sus padres sea asociado de la Asociaci\u00f3n de San Jorge o que el aspirante est\u00e9 plenamente identificado con los &#8220;<em>valores tradicionales, la coherencia hist\u00f3rica y el criterio eclesial del personaje al cual representa<\/em>&#8220;, afirma la m\u00e1xima entidad festera en un comunicado. Las <strong>citadas candidaturas<\/strong> se pueden presentar, auspiciadas por un asociado o una Fil\u00e0, hasta el d\u00eda 6 de junio a las 20:00h de la tarde. Ser\u00e1 <strong>dos d\u00edas antes de un sorteo que tendr\u00e1 lugar el jueves 8 de junio<\/strong> en el transcurso de la Asamblea General de la Asociaci\u00f3n de San Jorge que se celebrar\u00e1 durante esa tarde. Se\u00f1alar que <a href=\"https:\/\/www.asjordi.org\/upload\/files\/fiestas\/Candidatura%20Sant%20Jordiet%202024.pdf\" target=\"_blank\" rel=\"noopener\"><strong><span style=\"color: #0000ff;\">la solicitud<\/span><\/strong><\/a> para ser Sant Jordiet se tiene que presentar escrita, y de forma presencial, en el Casal de Sant Jordi. El ni\u00f1o que resulte agraciado para ser Sant Jordiet, junto a su familia, <strong>tienen que asumir tambi\u00e9n una serie de requisitos y responsabilidades<\/strong> que la misma Asociaci\u00f3n de San Jorge ha dado a conocer en <a href=\"https:\/\/www.asjordi.org\/upload\/files\/fiestas\/SANT%20JORDIET%202024%20AVISO%20GENERAL.pdf\" target=\"_blank\" rel=\"noopener\"><span style=\"color: #0000ff;\"><strong>su p\u00e1gina web<\/strong><\/span><\/a>.<\/p>\n<div class=\"content col-70\">\n<div class=\"editor_content\">\n<p style=\"text-align: justify;\">El peque\u00f1o elegido para encarnar a nuestro patr\u00f3n <strong>tendr\u00e1 su primer acto oficial en la procesi\u00f3n del Corpus Christi<\/strong> que saldr\u00e1 a las calles de Alcoy en la tarde del domingo 11 de junio. Despu\u00e9s en octubre ser\u00e1 presentado oficialmente como Sant Jordiet <strong>en el transcurso de los actos centrales del Mig Any<\/strong> y ya <strong>en abril<\/strong> tendr\u00e1 un especial protagonismo en las Fiestas de Moros y Cristianos.<\/p>\n<\/div>\n<\/div>\n","protected":false},"excerpt":{"rendered":"<p>La Asociaci\u00f3n de San Jorge ha abierto el plazo para la presentaci\u00f3n de candidaturas de cara a ser Sant Jordiet&#8230;<\/p>\n","protected":false},"author":1,"featured_media":93221,"comment_status":"open","ping_status":"open","sticky":false,"template":"","format":"standard","meta":{"footnotes":""},"categories":[6909,97,78,75],"tags":[1494,4165,565,609,876,461],"class_list":["post-115272","post","type-post","status-publish","format-standard","has-post-thumbnail","hentry","category-actualidad","category-alcoy","category-fiestaycultura","category-noticias","tag-alcoy","tag-candidaturas","tag-fiestas","tag-moros-y-cristianos","tag-san-jorge","tag-sant-jordiet"],"yoast_head":"<!-- This site is optimized with the Yoast SEO plugin v27.3 - https:\/\/yoast.com\/product\/yoast-seo-wordpress\/ -->\n<title>Abierto en Alcoy el plazo de presentaci\u00f3n de candidaturas para ser Sant Jordiet - COPE Alcoy<\/title>\n<meta name=\"description\" content=\"La Asociaci\u00f3n de San Jorge ha abierto el plazo para la presentaci\u00f3n de candidaturas de cara a ser Sant Jordiet en las pr\u00f3ximas Fiestas\" \/>\n<meta name=\"robots\" content=\"index, follow, max-snippet:-1, max-image-preview:large, max-video-preview:-1\" \/>\n<link rel=\"canonical\" href=\"https:\/\/www.copealcoy.es\/es\/abierto-en-alcoy-el-plazo-de-presentacion-de-candidaturas-para-ser-sant-jordiet\/\" \/>\n<meta property=\"og:locale\" content=\"es_ES\" \/>\n<meta property=\"og:type\" content=\"article\" \/>\n<meta property=\"og:title\" content=\"Abierto en Alcoy el plazo de presentaci\u00f3n de candidaturas para ser Sant Jordiet - COPE Alcoy\" \/>\n<meta property=\"og:description\" content=\"La Asociaci\u00f3n de San Jorge ha abierto el plazo para la presentaci\u00f3n de candidaturas de cara a ser Sant Jordiet en las pr\u00f3ximas Fiestas\" \/>\n<meta property=\"og:url\" content=\"https:\/\/www.copealcoy.es\/es\/abierto-en-alcoy-el-plazo-de-presentacion-de-candidaturas-para-ser-sant-jordiet\/\" \/>\n<meta property=\"og:site_name\" content=\"COPE Alcoy\" \/>\n<meta property=\"article:published_time\" content=\"2023-05-05T07:00:30+00:00\" \/>\n<meta property=\"article:modified_time\" content=\"2023-05-05T21:13:48+00:00\" \/>\n<meta property=\"og:image\" content=\"https:\/\/www.copealcoy.es\/wp-content\/uploads\/2022\/10\/312565542_480171450810052_472663118541828548_n-e1666365438249.jpg\" \/>\n\t<meta property=\"og:image:width\" content=\"640\" \/>\n\t<meta property=\"og:image:height\" content=\"481\" \/>\n\t<meta property=\"og:image:type\" content=\"image\/jpeg\" \/>\n<meta name=\"author\" content=\"Cope Alcoy\" \/>\n<meta name=\"twitter:label1\" content=\"Escrito por\" \/>\n\t<meta name=\"twitter:data1\" content=\"Cope Alcoy\" \/>\n\t<meta name=\"twitter:label2\" content=\"Tiempo de lectura\" \/>\n\t<meta name=\"twitter:data2\" content=\"2 minutos\" \/>\n<script type=\"application\/ld+json\" class=\"yoast-schema-graph\">{\"@context\":\"https:\\\/\\\/schema.org\",\"@graph\":[{\"@type\":\"Article\",\"@id\":\"https:\\\/\\\/www.copealcoy.es\\\/es\\\/abierto-en-alcoy-el-plazo-de-presentacion-de-candidaturas-para-ser-sant-jordiet\\\/#article\",\"isPartOf\":{\"@id\":\"https:\\\/\\\/www.copealcoy.es\\\/es\\\/abierto-en-alcoy-el-plazo-de-presentacion-de-candidaturas-para-ser-sant-jordiet\\\/\"},\"author\":{\"name\":\"Cope Alcoy\",\"@id\":\"https:\\\/\\\/www.copealcoy.es\\\/es\\\/#\\\/schema\\\/person\\\/e777c87fa024e57d40170af9df39882c\"},\"headline\":\"Abierto en Alcoy el plazo de presentaci\u00f3n de candidaturas para ser Sant Jordiet\",\"datePublished\":\"2023-05-05T07:00:30+00:00\",\"dateModified\":\"2023-05-05T21:13:48+00:00\",\"mainEntityOfPage\":{\"@id\":\"https:\\\/\\\/www.copealcoy.es\\\/es\\\/abierto-en-alcoy-el-plazo-de-presentacion-de-candidaturas-para-ser-sant-jordiet\\\/\"},\"wordCount\":369,\"commentCount\":0,\"image\":{\"@id\":\"https:\\\/\\\/www.copealcoy.es\\\/es\\\/abierto-en-alcoy-el-plazo-de-presentacion-de-candidaturas-para-ser-sant-jordiet\\\/#primaryimage\"},\"thumbnailUrl\":\"https:\\\/\\\/www.copealcoy.es\\\/wp-content\\\/uploads\\\/2022\\\/10\\\/312565542_480171450810052_472663118541828548_n-e1666365438249.jpg\",\"keywords\":[\"Alcoy\",\"candidaturas\",\"Fiestas\",\"Moros Y Cristianos\",\"San Jorge\",\"Sant Jordiet\"],\"articleSection\":[\"Actualidad\",\"Alcoy\",\"Fiesta y Cultura\",\"Noticias\"],\"inLanguage\":\"es\"},{\"@type\":\"WebPage\",\"@id\":\"https:\\\/\\\/www.copealcoy.es\\\/es\\\/abierto-en-alcoy-el-plazo-de-presentacion-de-candidaturas-para-ser-sant-jordiet\\\/\",\"url\":\"https:\\\/\\\/www.copealcoy.es\\\/es\\\/abierto-en-alcoy-el-plazo-de-presentacion-de-candidaturas-para-ser-sant-jordiet\\\/\",\"name\":\"Abierto en Alcoy el plazo de presentaci\u00f3n de candidaturas para ser Sant Jordiet - COPE Alcoy\",\"isPartOf\":{\"@id\":\"https:\\\/\\\/www.copealcoy.es\\\/es\\\/#website\"},\"primaryImageOfPage\":{\"@id\":\"https:\\\/\\\/www.copealcoy.es\\\/es\\\/abierto-en-alcoy-el-plazo-de-presentacion-de-candidaturas-para-ser-sant-jordiet\\\/#primaryimage\"},\"image\":{\"@id\":\"https:\\\/\\\/www.copealcoy.es\\\/es\\\/abierto-en-alcoy-el-plazo-de-presentacion-de-candidaturas-para-ser-sant-jordiet\\\/#primaryimage\"},\"thumbnailUrl\":\"https:\\\/\\\/www.copealcoy.es\\\/wp-content\\\/uploads\\\/2022\\\/10\\\/312565542_480171450810052_472663118541828548_n-e1666365438249.jpg\",\"datePublished\":\"2023-05-05T07:00:30+00:00\",\"dateModified\":\"2023-05-05T21:13:48+00:00\",\"author\":{\"@id\":\"https:\\\/\\\/www.copealcoy.es\\\/es\\\/#\\\/schema\\\/person\\\/e777c87fa024e57d40170af9df39882c\"},\"description\":\"La Asociaci\u00f3n de San Jorge ha abierto el plazo para la presentaci\u00f3n de candidaturas de cara a ser Sant Jordiet en las pr\u00f3ximas Fiestas\",\"breadcrumb\":{\"@id\":\"https:\\\/\\\/www.copealcoy.es\\\/es\\\/abierto-en-alcoy-el-plazo-de-presentacion-de-candidaturas-para-ser-sant-jordiet\\\/#breadcrumb\"},\"inLanguage\":\"es\",\"potentialAction\":[{\"@type\":\"ReadAction\",\"target\":[\"https:\\\/\\\/www.copealcoy.es\\\/es\\\/abierto-en-alcoy-el-plazo-de-presentacion-de-candidaturas-para-ser-sant-jordiet\\\/\"]}]},{\"@type\":\"ImageObject\",\"inLanguage\":\"es\",\"@id\":\"https:\\\/\\\/www.copealcoy.es\\\/es\\\/abierto-en-alcoy-el-plazo-de-presentacion-de-candidaturas-para-ser-sant-jordiet\\\/#primaryimage\",\"url\":\"https:\\\/\\\/www.copealcoy.es\\\/wp-content\\\/uploads\\\/2022\\\/10\\\/312565542_480171450810052_472663118541828548_n-e1666365438249.jpg\",\"contentUrl\":\"https:\\\/\\\/www.copealcoy.es\\\/wp-content\\\/uploads\\\/2022\\\/10\\\/312565542_480171450810052_472663118541828548_n-e1666365438249.jpg\",\"width\":640,\"height\":481,\"caption\":\"Presentaci\u00f3 Sant Jordiet 2023\"},{\"@type\":\"BreadcrumbList\",\"@id\":\"https:\\\/\\\/www.copealcoy.es\\\/es\\\/abierto-en-alcoy-el-plazo-de-presentacion-de-candidaturas-para-ser-sant-jordiet\\\/#breadcrumb\",\"itemListElement\":[{\"@type\":\"ListItem\",\"position\":1,\"name\":\"Portada\",\"item\":\"https:\\\/\\\/www.copealcoy.es\\\/es\\\/\"},{\"@type\":\"ListItem\",\"position\":2,\"name\":\"Abierto en Alcoy el plazo de presentaci\u00f3n de candidaturas para ser Sant Jordiet\"}]},{\"@type\":\"WebSite\",\"@id\":\"https:\\\/\\\/www.copealcoy.es\\\/es\\\/#website\",\"url\":\"https:\\\/\\\/www.copealcoy.es\\\/es\\\/\",\"name\":\"COPE Alcoy\",\"description\":\"Emisora COPE de radio local con emisi\u00f3n online. Pont de Sant Jordi 8-10 03803 Alcoy\",\"potentialAction\":[{\"@type\":\"SearchAction\",\"target\":{\"@type\":\"EntryPoint\",\"urlTemplate\":\"https:\\\/\\\/www.copealcoy.es\\\/es\\\/?s={search_term_string}\"},\"query-input\":{\"@type\":\"PropertyValueSpecification\",\"valueRequired\":true,\"valueName\":\"search_term_string\"}}],\"inLanguage\":\"es\"},{\"@type\":\"Person\",\"@id\":\"https:\\\/\\\/www.copealcoy.es\\\/es\\\/#\\\/schema\\\/person\\\/e777c87fa024e57d40170af9df39882c\",\"name\":\"Cope Alcoy\",\"image\":{\"@type\":\"ImageObject\",\"inLanguage\":\"es\",\"@id\":\"https:\\\/\\\/secure.gravatar.com\\\/avatar\\\/bb65d0283347e303893ba14f0692005417c1e0e690a325a4c5d8bb2b3943ee14?s=96&d=mm&r=g\",\"url\":\"https:\\\/\\\/secure.gravatar.com\\\/avatar\\\/bb65d0283347e303893ba14f0692005417c1e0e690a325a4c5d8bb2b3943ee14?s=96&d=mm&r=g\",\"contentUrl\":\"https:\\\/\\\/secure.gravatar.com\\\/avatar\\\/bb65d0283347e303893ba14f0692005417c1e0e690a325a4c5d8bb2b3943ee14?s=96&d=mm&r=g\",\"caption\":\"Cope Alcoy\"}}]}<\/script>\n<!-- \/ Yoast SEO plugin. -->","yoast_head_json":{"title":"Abierto en Alcoy el plazo de presentaci\u00f3n de candidaturas para ser Sant Jordiet - COPE Alcoy","description":"La Asociaci\u00f3n de San Jorge ha abierto el plazo para la presentaci\u00f3n de candidaturas de cara a ser Sant Jordiet en las pr\u00f3ximas Fiestas","robots":{"index":"index","follow":"follow","max-snippet":"max-snippet:-1","max-image-preview":"max-image-preview:large","max-video-preview":"max-video-preview:-1"},"canonical":"https:\/\/www.copealcoy.es\/es\/abierto-en-alcoy-el-plazo-de-presentacion-de-candidaturas-para-ser-sant-jordiet\/","og_locale":"es_ES","og_type":"article","og_title":"Abierto en Alcoy el plazo de presentaci\u00f3n de candidaturas para ser Sant Jordiet - COPE Alcoy","og_description":"La Asociaci\u00f3n de San Jorge ha abierto el plazo para la presentaci\u00f3n de candidaturas de cara a ser Sant Jordiet en las pr\u00f3ximas Fiestas","og_url":"https:\/\/www.copealcoy.es\/es\/abierto-en-alcoy-el-plazo-de-presentacion-de-candidaturas-para-ser-sant-jordiet\/","og_site_name":"COPE Alcoy","article_published_time":"2023-05-05T07:00:30+00:00","article_modified_time":"2023-05-05T21:13:48+00:00","og_image":[{"width":640,"height":481,"url":"https:\/\/www.copealcoy.es\/wp-content\/uploads\/2022\/10\/312565542_480171450810052_472663118541828548_n-e1666365438249.jpg","type":"image\/jpeg"}],"author":"Cope Alcoy","twitter_misc":{"Escrito por":"Cope Alcoy","Tiempo de lectura":"2 minutos"},"schema":{"@context":"https:\/\/schema.org","@graph":[{"@type":"Article","@id":"https:\/\/www.copealcoy.es\/es\/abierto-en-alcoy-el-plazo-de-presentacion-de-candidaturas-para-ser-sant-jordiet\/#article","isPartOf":{"@id":"https:\/\/www.copealcoy.es\/es\/abierto-en-alcoy-el-plazo-de-presentacion-de-candidaturas-para-ser-sant-jordiet\/"},"author":{"name":"Cope Alcoy","@id":"https:\/\/www.copealcoy.es\/es\/#\/schema\/person\/e777c87fa024e57d40170af9df39882c"},"headline":"Abierto en Alcoy el plazo de presentaci\u00f3n de candidaturas para ser Sant Jordiet","datePublished":"2023-05-05T07:00:30+00:00","dateModified":"2023-05-05T21:13:48+00:00","mainEntityOfPage":{"@id":"https:\/\/www.copealcoy.es\/es\/abierto-en-alcoy-el-plazo-de-presentacion-de-candidaturas-para-ser-sant-jordiet\/"},"wordCount":369,"commentCount":0,"image":{"@id":"https:\/\/www.copealcoy.es\/es\/abierto-en-alcoy-el-plazo-de-presentacion-de-candidaturas-para-ser-sant-jordiet\/#primaryimage"},"thumbnailUrl":"https:\/\/www.copealcoy.es\/wp-content\/uploads\/2022\/10\/312565542_480171450810052_472663118541828548_n-e1666365438249.jpg","keywords":["Alcoy","candidaturas","Fiestas","Moros Y Cristianos","San Jorge","Sant Jordiet"],"articleSection":["Actualidad","Alcoy","Fiesta y Cultura","Noticias"],"inLanguage":"es"},{"@type":"WebPage","@id":"https:\/\/www.copealcoy.es\/es\/abierto-en-alcoy-el-plazo-de-presentacion-de-candidaturas-para-ser-sant-jordiet\/","url":"https:\/\/www.copealcoy.es\/es\/abierto-en-alcoy-el-plazo-de-presentacion-de-candidaturas-para-ser-sant-jordiet\/","name":"Abierto en Alcoy el plazo de presentaci\u00f3n de candidaturas para ser Sant Jordiet - COPE Alcoy","isPartOf":{"@id":"https:\/\/www.copealcoy.es\/es\/#website"},"primaryImageOfPage":{"@id":"https:\/\/www.copealcoy.es\/es\/abierto-en-alcoy-el-plazo-de-presentacion-de-candidaturas-para-ser-sant-jordiet\/#primaryimage"},"image":{"@id":"https:\/\/www.copealcoy.es\/es\/abierto-en-alcoy-el-plazo-de-presentacion-de-candidaturas-para-ser-sant-jordiet\/#primaryimage"},"thumbnailUrl":"https:\/\/www.copealcoy.es\/wp-content\/uploads\/2022\/10\/312565542_480171450810052_472663118541828548_n-e1666365438249.jpg","datePublished":"2023-05-05T07:00:30+00:00","dateModified":"2023-05-05T21:13:48+00:00","author":{"@id":"https:\/\/www.copealcoy.es\/es\/#\/schema\/person\/e777c87fa024e57d40170af9df39882c"},"description":"La Asociaci\u00f3n de San Jorge ha abierto el plazo para la presentaci\u00f3n de candidaturas de cara a ser Sant Jordiet en las pr\u00f3ximas Fiestas","breadcrumb":{"@id":"https:\/\/www.copealcoy.es\/es\/abierto-en-alcoy-el-plazo-de-presentacion-de-candidaturas-para-ser-sant-jordiet\/#breadcrumb"},"inLanguage":"es","potentialAction":[{"@type":"ReadAction","target":["https:\/\/www.copealcoy.es\/es\/abierto-en-alcoy-el-plazo-de-presentacion-de-candidaturas-para-ser-sant-jordiet\/"]}]},{"@type":"ImageObject","inLanguage":"es","@id":"https:\/\/www.copealcoy.es\/es\/abierto-en-alcoy-el-plazo-de-presentacion-de-candidaturas-para-ser-sant-jordiet\/#primaryimage","url":"https:\/\/www.copealcoy.es\/wp-content\/uploads\/2022\/10\/312565542_480171450810052_472663118541828548_n-e1666365438249.jpg","contentUrl":"https:\/\/www.copealcoy.es\/wp-content\/uploads\/2022\/10\/312565542_480171450810052_472663118541828548_n-e1666365438249.jpg","width":640,"height":481,"caption":"Presentaci\u00f3 Sant Jordiet 2023"},{"@type":"BreadcrumbList","@id":"https:\/\/www.copealcoy.es\/es\/abierto-en-alcoy-el-plazo-de-presentacion-de-candidaturas-para-ser-sant-jordiet\/#breadcrumb","itemListElement":[{"@type":"ListItem","position":1,"name":"Portada","item":"https:\/\/www.copealcoy.es\/es\/"},{"@type":"ListItem","position":2,"name":"Abierto en Alcoy el plazo de presentaci\u00f3n de candidaturas para ser Sant Jordiet"}]},{"@type":"WebSite","@id":"https:\/\/www.copealcoy.es\/es\/#website","url":"https:\/\/www.copealcoy.es\/es\/","name":"COPE Alcoy","description":"Emisora COPE de radio local con emisi\u00f3n online. Pont de Sant Jordi 8-10 03803 Alcoy","potentialAction":[{"@type":"SearchAction","target":{"@type":"EntryPoint","urlTemplate":"https:\/\/www.copealcoy.es\/es\/?s={search_term_string}"},"query-input":{"@type":"PropertyValueSpecification","valueRequired":true,"valueName":"search_term_string"}}],"inLanguage":"es"},{"@type":"Person","@id":"https:\/\/www.copealcoy.es\/es\/#\/schema\/person\/e777c87fa024e57d40170af9df39882c","name":"Cope Alcoy","image":{"@type":"ImageObject","inLanguage":"es","@id":"https:\/\/secure.gravatar.com\/avatar\/bb65d0283347e303893ba14f0692005417c1e0e690a325a4c5d8bb2b3943ee14?s=96&d=mm&r=g","url":"https:\/\/secure.gravatar.com\/avatar\/bb65d0283347e303893ba14f0692005417c1e0e690a325a4c5d8bb2b3943ee14?s=96&d=mm&r=g","contentUrl":"https:\/\/secure.gravatar.com\/avatar\/bb65d0283347e303893ba14f0692005417c1e0e690a325a4c5d8bb2b3943ee14?s=96&d=mm&r=g","caption":"Cope Alcoy"}}]}},"_links":{"self":[{"href":"https:\/\/www.copealcoy.es\/es\/wp-json\/wp\/v2\/posts\/115272","targetHints":{"allow":["GET"]}}],"collection":[{"href":"https:\/\/www.copealcoy.es\/es\/wp-json\/wp\/v2\/posts"}],"about":[{"href":"https:\/\/www.copealcoy.es\/es\/wp-json\/wp\/v2\/types\/post"}],"author":[{"embeddable":true,"href":"https:\/\/www.copealcoy.es\/es\/wp-json\/wp\/v2\/users\/1"}],"replies":[{"embeddable":true,"href":"https:\/\/www.copealcoy.es\/es\/wp-json\/wp\/v2\/comments?post=115272"}],"version-history":[{"count":0,"href":"https:\/\/www.copealcoy.es\/es\/wp-json\/wp\/v2\/posts\/115272\/revisions"}],"wp:featuredmedia":[{"embeddable":true,"href":"https:\/\/www.copealcoy.es\/es\/wp-json\/wp\/v2\/media\/93221"}],"wp:attachment":[{"href":"https:\/\/www.copealcoy.es\/es\/wp-json\/wp\/v2\/media?parent=115272"}],"wp:term":[{"taxonomy":"category","embeddable":true,"href":"https:\/\/www.copealcoy.es\/es\/wp-json\/wp\/v2\/categories?post=115272"},{"taxonomy":"post_tag","embeddable":true,"href":"https:\/\/www.copealcoy.es\/es\/wp-json\/wp\/v2\/tags?post=115272"}],"curies":[{"name":"wp","href":"https:\/\/api.w.org\/{rel}","templated":true}]}}