{"id":115209,"date":"2023-05-04T11:26:54","date_gmt":"2023-05-04T10:26:54","guid":{"rendered":"https:\/\/www.copealcoy.es\/?p=115209"},"modified":"2023-05-05T05:21:23","modified_gmt":"2023-05-05T04:21:23","slug":"estrechar-un-carril-y-doble-sentido-para-bicis-la-propuesta-del-ayuntamiento-para-los-puentes","status":"publish","type":"post","link":"https:\/\/www.copealcoy.es\/es\/estrechar-un-carril-y-doble-sentido-para-bicis-la-propuesta-del-ayuntamiento-para-los-puentes\/","title":{"rendered":"Estrechar un carril y doble sentido para bicis, la propuesta del Ayuntamiento para los puentes"},"content":{"rendered":"<p>Son <strong>dos las opciones que baraja el Ayuntamiento de Alcoy para solucionar el problema del <span style=\"color: #000080;\"><a style=\"color: #000080;\" href=\"https:\/\/www.copealcoy.es\/el-ayuntamiento-de-alcoy-prepara-otro-proyecto-de-carril-bici\/\" target=\"_blank\" rel=\"noopener\">carril bici en los puentes<\/a><\/span><\/strong>. Aunque de momento solo son eso, propuestas, ya que para este tipo de actuaciones <strong>es necesario un informe favorable de Cultura<\/strong>.<\/p>\n<p><strong>Jordi Mart\u00ednez<\/strong>, vicealcalde y concejal de Obras y servicios, ha presentado este jueves las dos opciones para los <strong>puentes de San Roque y La Petxina<\/strong>.<\/p>\n<p>La propuesta por la que m\u00e1s apuesta el equipo de Gobierno es hacer un <strong>carril bici de dos sentidos y dejar tambi\u00e9n dos carriles de tr\u00e1nsito<\/strong>. Sin embargo, el de la izquierda ser\u00eda un poco m\u00e1s estrecho que el de la derecha. &#8220;Lo obtendr\u00edamos eliminando los pretiles actuales de hormig\u00f3n, que tienen una superficie bajo de unos 40 o 50 cent\u00edmetros a cada lado, y sustituy\u00e9ndolos por otro modelo m\u00e1s estrecho y m\u00e1s seguro&#8221;, ha explicado Mart\u00ednez.<\/p>\n<audio class=\"wp-audio-shortcode\" id=\"audio-115209-1\" preload=\"none\" style=\"width: 100%;\" controls=\"controls\"><source type=\"audio\/mpeg\" src=\"https:\/\/www.copealcoy.es\/wp-content\/uploads\/2023\/05\/JORDI-MARTINEZ-PUENTE.mp3?_=1\" \/><a href=\"https:\/\/www.copealcoy.es\/wp-content\/uploads\/2023\/05\/JORDI-MARTINEZ-PUENTE.mp3\">https:\/\/www.copealcoy.es\/wp-content\/uploads\/2023\/05\/JORDI-MARTINEZ-PUENTE.mp3<\/a><\/audio>\n<p>&nbsp;<\/p>\n<p>La otra opci\u00f3n es <strong>permitir la circulaci\u00f3n por el carril de tr\u00e1nsito y crear un circuito a contra direcci\u00f3n protegido<\/strong> de la calzada para las bicis que vayan desde la Zona Norte hasta San Roque.<\/p>\n<p>Por el momento, <strong>el proyecto no est\u00e1 redactado<\/strong>. Solo se ha hecho una consulta verbal a Cultura y a\u00fan no se ha enviado ning\u00fan documento. El objetivo del Ayuntamiento es que las <strong>obras est\u00e9n finalizadas antes de acabar el a\u00f1o<\/strong>. Sin embargo, es dif\u00edcil hacer c\u00e1lculos. Y por eso mismo no se incluyeron estos tramos en el primer proyecto, el que ahora est\u00e1 en marcha. &#8220;<strong>En Cultura no se nos garantiza el plazo<\/strong>. Podemos hablar de proyectos actuales que a\u00fan est\u00e1n pendientes de ese informe y no pod\u00edamos arriesgarnos a perder un mill\u00f3n de euros porque el expediente no estuviera listo&#8221;. Por esta misma raz\u00f3n, tampoco se puede asegurar que la obra est\u00e9 antes de que termine el 2023.<\/p>\n<p>Hasta que haya una soluci\u00f3n definitiva, en los puentes -una vez abierto el carril bici- se circular\u00e1 como estaba previsto: la bici se incorporar\u00e1 a la circulaci\u00f3n con el resto de veh\u00edculos -eso s\u00ed, tendr\u00e1 prioridad- y si se llega en sentido contrario habr\u00e1 que bajar de la bici y cruzar el puente por la acera.<\/p>\n<p><strong>En funcionamiento en dos semanas<\/strong><\/p>\n<p>Adem\u00e1s, Mart\u00ednez ha aprovechado para anunciar que uno de los tramos que actualmente est\u00e1 en obras y parece pr\u00e1cticamente finalizado, el que va desde Cervantes hasta La Rosaleda, <strong>podr\u00eda estar en funcionamiento en &#8216;una o dos semanas&#8217;<\/strong>.<\/p>\n","protected":false},"excerpt":{"rendered":"<p>Son dos las opciones que baraja el Ayuntamiento de Alcoy para solucionar el problema del carril bici en los puentes&#8230;.<\/p>\n","protected":false},"author":1,"featured_media":115216,"comment_status":"open","ping_status":"open","sticky":false,"template":"","format":"standard","meta":{"footnotes":""},"categories":[6909,97,75,79],"tags":[1494,5050,927,6491],"class_list":["post-115209","post","type-post","status-publish","format-standard","has-post-thumbnail","hentry","category-actualidad","category-alcoy","category-noticias","category-politicayeconomia","tag-alcoy","tag-carril-bici","tag-jordi-martinez","tag-puentes"],"yoast_head":"<!-- This site is optimized with the Yoast SEO plugin v27.3 - https:\/\/yoast.com\/product\/yoast-seo-wordpress\/ -->\n<title>Estrechar un carril y doble sentido para bicis, la propuesta del Ayuntamiento para los puentes - COPE Alcoy<\/title>\n<meta name=\"description\" content=\"Son dos las opciones que baraja el Ayuntamiento de Alcoy para solucionar el problema del carril bici en los puentes. Aunque de momento solo son eso, propuestas, ya que para este tipo de actuaciones es necesario un informe favorable de Cultura.\" \/>\n<meta name=\"robots\" content=\"index, follow, max-snippet:-1, max-image-preview:large, max-video-preview:-1\" \/>\n<link rel=\"canonical\" href=\"https:\/\/www.copealcoy.es\/es\/estrechar-un-carril-y-doble-sentido-para-bicis-la-propuesta-del-ayuntamiento-para-los-puentes\/\" \/>\n<meta property=\"og:locale\" content=\"es_ES\" \/>\n<meta property=\"og:type\" content=\"article\" \/>\n<meta property=\"og:title\" content=\"Estrechar un carril y doble sentido para bicis, la propuesta del Ayuntamiento para los puentes - COPE Alcoy\" \/>\n<meta property=\"og:description\" content=\"Son dos las opciones que baraja el Ayuntamiento de Alcoy para solucionar el problema del carril bici en los puentes. Aunque de momento solo son eso, propuestas, ya que para este tipo de actuaciones es necesario un informe favorable de Cultura.\" \/>\n<meta property=\"og:url\" content=\"https:\/\/www.copealcoy.es\/es\/estrechar-un-carril-y-doble-sentido-para-bicis-la-propuesta-del-ayuntamiento-para-los-puentes\/\" \/>\n<meta property=\"og:site_name\" content=\"COPE Alcoy\" \/>\n<meta property=\"article:published_time\" content=\"2023-05-04T10:26:54+00:00\" \/>\n<meta property=\"article:modified_time\" content=\"2023-05-05T04:21:23+00:00\" \/>\n<meta property=\"og:image\" content=\"https:\/\/www.copealcoy.es\/wp-content\/uploads\/2023\/05\/IMG_7032.jpg\" \/>\n\t<meta property=\"og:image:width\" content=\"640\" \/>\n\t<meta property=\"og:image:height\" content=\"480\" \/>\n\t<meta property=\"og:image:type\" content=\"image\/jpeg\" \/>\n<meta name=\"author\" content=\"Cope Alcoy\" \/>\n<meta name=\"twitter:label1\" content=\"Escrito por\" \/>\n\t<meta name=\"twitter:data1\" content=\"Cope Alcoy\" \/>\n\t<meta name=\"twitter:label2\" content=\"Tiempo de lectura\" \/>\n\t<meta name=\"twitter:data2\" content=\"2 minutos\" \/>\n<script type=\"application\/ld+json\" class=\"yoast-schema-graph\">{\"@context\":\"https:\\\/\\\/schema.org\",\"@graph\":[{\"@type\":\"Article\",\"@id\":\"https:\\\/\\\/www.copealcoy.es\\\/es\\\/estrechar-un-carril-y-doble-sentido-para-bicis-la-propuesta-del-ayuntamiento-para-los-puentes\\\/#article\",\"isPartOf\":{\"@id\":\"https:\\\/\\\/www.copealcoy.es\\\/es\\\/estrechar-un-carril-y-doble-sentido-para-bicis-la-propuesta-del-ayuntamiento-para-los-puentes\\\/\"},\"author\":{\"name\":\"Cope Alcoy\",\"@id\":\"https:\\\/\\\/www.copealcoy.es\\\/es\\\/#\\\/schema\\\/person\\\/e777c87fa024e57d40170af9df39882c\"},\"headline\":\"Estrechar un carril y doble sentido para bicis, la propuesta del Ayuntamiento para los puentes\",\"datePublished\":\"2023-05-04T10:26:54+00:00\",\"dateModified\":\"2023-05-05T04:21:23+00:00\",\"mainEntityOfPage\":{\"@id\":\"https:\\\/\\\/www.copealcoy.es\\\/es\\\/estrechar-un-carril-y-doble-sentido-para-bicis-la-propuesta-del-ayuntamiento-para-los-puentes\\\/\"},\"wordCount\":454,\"commentCount\":0,\"image\":{\"@id\":\"https:\\\/\\\/www.copealcoy.es\\\/es\\\/estrechar-un-carril-y-doble-sentido-para-bicis-la-propuesta-del-ayuntamiento-para-los-puentes\\\/#primaryimage\"},\"thumbnailUrl\":\"https:\\\/\\\/www.copealcoy.es\\\/wp-content\\\/uploads\\\/2023\\\/05\\\/IMG_7032.jpg\",\"keywords\":[\"Alcoy\",\"carril bici\",\"Jordi Mart\u00ednez\",\"puentes\"],\"articleSection\":[\"Actualidad\",\"Alcoy\",\"Noticias\",\"Pol\u00edtica y Econom\u00eda\"],\"inLanguage\":\"es\"},{\"@type\":\"WebPage\",\"@id\":\"https:\\\/\\\/www.copealcoy.es\\\/es\\\/estrechar-un-carril-y-doble-sentido-para-bicis-la-propuesta-del-ayuntamiento-para-los-puentes\\\/\",\"url\":\"https:\\\/\\\/www.copealcoy.es\\\/es\\\/estrechar-un-carril-y-doble-sentido-para-bicis-la-propuesta-del-ayuntamiento-para-los-puentes\\\/\",\"name\":\"Estrechar un carril y doble sentido para bicis, la propuesta del Ayuntamiento para los puentes - COPE Alcoy\",\"isPartOf\":{\"@id\":\"https:\\\/\\\/www.copealcoy.es\\\/es\\\/#website\"},\"primaryImageOfPage\":{\"@id\":\"https:\\\/\\\/www.copealcoy.es\\\/es\\\/estrechar-un-carril-y-doble-sentido-para-bicis-la-propuesta-del-ayuntamiento-para-los-puentes\\\/#primaryimage\"},\"image\":{\"@id\":\"https:\\\/\\\/www.copealcoy.es\\\/es\\\/estrechar-un-carril-y-doble-sentido-para-bicis-la-propuesta-del-ayuntamiento-para-los-puentes\\\/#primaryimage\"},\"thumbnailUrl\":\"https:\\\/\\\/www.copealcoy.es\\\/wp-content\\\/uploads\\\/2023\\\/05\\\/IMG_7032.jpg\",\"datePublished\":\"2023-05-04T10:26:54+00:00\",\"dateModified\":\"2023-05-05T04:21:23+00:00\",\"author\":{\"@id\":\"https:\\\/\\\/www.copealcoy.es\\\/es\\\/#\\\/schema\\\/person\\\/e777c87fa024e57d40170af9df39882c\"},\"description\":\"Son dos las opciones que baraja el Ayuntamiento de Alcoy para solucionar el problema del carril bici en los puentes. Aunque de momento solo son eso, propuestas, ya que para este tipo de actuaciones es necesario un informe favorable de Cultura.\",\"breadcrumb\":{\"@id\":\"https:\\\/\\\/www.copealcoy.es\\\/es\\\/estrechar-un-carril-y-doble-sentido-para-bicis-la-propuesta-del-ayuntamiento-para-los-puentes\\\/#breadcrumb\"},\"inLanguage\":\"es\",\"potentialAction\":[{\"@type\":\"ReadAction\",\"target\":[\"https:\\\/\\\/www.copealcoy.es\\\/es\\\/estrechar-un-carril-y-doble-sentido-para-bicis-la-propuesta-del-ayuntamiento-para-los-puentes\\\/\"]}]},{\"@type\":\"ImageObject\",\"inLanguage\":\"es\",\"@id\":\"https:\\\/\\\/www.copealcoy.es\\\/es\\\/estrechar-un-carril-y-doble-sentido-para-bicis-la-propuesta-del-ayuntamiento-para-los-puentes\\\/#primaryimage\",\"url\":\"https:\\\/\\\/www.copealcoy.es\\\/wp-content\\\/uploads\\\/2023\\\/05\\\/IMG_7032.jpg\",\"contentUrl\":\"https:\\\/\\\/www.copealcoy.es\\\/wp-content\\\/uploads\\\/2023\\\/05\\\/IMG_7032.jpg\",\"width\":640,\"height\":480},{\"@type\":\"BreadcrumbList\",\"@id\":\"https:\\\/\\\/www.copealcoy.es\\\/es\\\/estrechar-un-carril-y-doble-sentido-para-bicis-la-propuesta-del-ayuntamiento-para-los-puentes\\\/#breadcrumb\",\"itemListElement\":[{\"@type\":\"ListItem\",\"position\":1,\"name\":\"Portada\",\"item\":\"https:\\\/\\\/www.copealcoy.es\\\/es\\\/\"},{\"@type\":\"ListItem\",\"position\":2,\"name\":\"Estrechar un carril y doble sentido para bicis, la propuesta del Ayuntamiento para los puentes\"}]},{\"@type\":\"WebSite\",\"@id\":\"https:\\\/\\\/www.copealcoy.es\\\/es\\\/#website\",\"url\":\"https:\\\/\\\/www.copealcoy.es\\\/es\\\/\",\"name\":\"COPE Alcoy\",\"description\":\"Emisora COPE de radio local con emisi\u00f3n online. Pont de Sant Jordi 8-10 03803 Alcoy\",\"potentialAction\":[{\"@type\":\"SearchAction\",\"target\":{\"@type\":\"EntryPoint\",\"urlTemplate\":\"https:\\\/\\\/www.copealcoy.es\\\/es\\\/?s={search_term_string}\"},\"query-input\":{\"@type\":\"PropertyValueSpecification\",\"valueRequired\":true,\"valueName\":\"search_term_string\"}}],\"inLanguage\":\"es\"},{\"@type\":\"Person\",\"@id\":\"https:\\\/\\\/www.copealcoy.es\\\/es\\\/#\\\/schema\\\/person\\\/e777c87fa024e57d40170af9df39882c\",\"name\":\"Cope Alcoy\",\"image\":{\"@type\":\"ImageObject\",\"inLanguage\":\"es\",\"@id\":\"https:\\\/\\\/secure.gravatar.com\\\/avatar\\\/bb65d0283347e303893ba14f0692005417c1e0e690a325a4c5d8bb2b3943ee14?s=96&d=mm&r=g\",\"url\":\"https:\\\/\\\/secure.gravatar.com\\\/avatar\\\/bb65d0283347e303893ba14f0692005417c1e0e690a325a4c5d8bb2b3943ee14?s=96&d=mm&r=g\",\"contentUrl\":\"https:\\\/\\\/secure.gravatar.com\\\/avatar\\\/bb65d0283347e303893ba14f0692005417c1e0e690a325a4c5d8bb2b3943ee14?s=96&d=mm&r=g\",\"caption\":\"Cope Alcoy\"}}]}<\/script>\n<!-- \/ Yoast SEO plugin. -->","yoast_head_json":{"title":"Estrechar un carril y doble sentido para bicis, la propuesta del Ayuntamiento para los puentes - COPE Alcoy","description":"Son dos las opciones que baraja el Ayuntamiento de Alcoy para solucionar el problema del carril bici en los puentes. Aunque de momento solo son eso, propuestas, ya que para este tipo de actuaciones es necesario un informe favorable de Cultura.","robots":{"index":"index","follow":"follow","max-snippet":"max-snippet:-1","max-image-preview":"max-image-preview:large","max-video-preview":"max-video-preview:-1"},"canonical":"https:\/\/www.copealcoy.es\/es\/estrechar-un-carril-y-doble-sentido-para-bicis-la-propuesta-del-ayuntamiento-para-los-puentes\/","og_locale":"es_ES","og_type":"article","og_title":"Estrechar un carril y doble sentido para bicis, la propuesta del Ayuntamiento para los puentes - COPE Alcoy","og_description":"Son dos las opciones que baraja el Ayuntamiento de Alcoy para solucionar el problema del carril bici en los puentes. Aunque de momento solo son eso, propuestas, ya que para este tipo de actuaciones es necesario un informe favorable de Cultura.","og_url":"https:\/\/www.copealcoy.es\/es\/estrechar-un-carril-y-doble-sentido-para-bicis-la-propuesta-del-ayuntamiento-para-los-puentes\/","og_site_name":"COPE Alcoy","article_published_time":"2023-05-04T10:26:54+00:00","article_modified_time":"2023-05-05T04:21:23+00:00","og_image":[{"width":640,"height":480,"url":"https:\/\/www.copealcoy.es\/wp-content\/uploads\/2023\/05\/IMG_7032.jpg","type":"image\/jpeg"}],"author":"Cope Alcoy","twitter_misc":{"Escrito por":"Cope Alcoy","Tiempo de lectura":"2 minutos"},"schema":{"@context":"https:\/\/schema.org","@graph":[{"@type":"Article","@id":"https:\/\/www.copealcoy.es\/es\/estrechar-un-carril-y-doble-sentido-para-bicis-la-propuesta-del-ayuntamiento-para-los-puentes\/#article","isPartOf":{"@id":"https:\/\/www.copealcoy.es\/es\/estrechar-un-carril-y-doble-sentido-para-bicis-la-propuesta-del-ayuntamiento-para-los-puentes\/"},"author":{"name":"Cope Alcoy","@id":"https:\/\/www.copealcoy.es\/es\/#\/schema\/person\/e777c87fa024e57d40170af9df39882c"},"headline":"Estrechar un carril y doble sentido para bicis, la propuesta del Ayuntamiento para los puentes","datePublished":"2023-05-04T10:26:54+00:00","dateModified":"2023-05-05T04:21:23+00:00","mainEntityOfPage":{"@id":"https:\/\/www.copealcoy.es\/es\/estrechar-un-carril-y-doble-sentido-para-bicis-la-propuesta-del-ayuntamiento-para-los-puentes\/"},"wordCount":454,"commentCount":0,"image":{"@id":"https:\/\/www.copealcoy.es\/es\/estrechar-un-carril-y-doble-sentido-para-bicis-la-propuesta-del-ayuntamiento-para-los-puentes\/#primaryimage"},"thumbnailUrl":"https:\/\/www.copealcoy.es\/wp-content\/uploads\/2023\/05\/IMG_7032.jpg","keywords":["Alcoy","carril bici","Jordi Mart\u00ednez","puentes"],"articleSection":["Actualidad","Alcoy","Noticias","Pol\u00edtica y Econom\u00eda"],"inLanguage":"es"},{"@type":"WebPage","@id":"https:\/\/www.copealcoy.es\/es\/estrechar-un-carril-y-doble-sentido-para-bicis-la-propuesta-del-ayuntamiento-para-los-puentes\/","url":"https:\/\/www.copealcoy.es\/es\/estrechar-un-carril-y-doble-sentido-para-bicis-la-propuesta-del-ayuntamiento-para-los-puentes\/","name":"Estrechar un carril y doble sentido para bicis, la propuesta del Ayuntamiento para los puentes - COPE Alcoy","isPartOf":{"@id":"https:\/\/www.copealcoy.es\/es\/#website"},"primaryImageOfPage":{"@id":"https:\/\/www.copealcoy.es\/es\/estrechar-un-carril-y-doble-sentido-para-bicis-la-propuesta-del-ayuntamiento-para-los-puentes\/#primaryimage"},"image":{"@id":"https:\/\/www.copealcoy.es\/es\/estrechar-un-carril-y-doble-sentido-para-bicis-la-propuesta-del-ayuntamiento-para-los-puentes\/#primaryimage"},"thumbnailUrl":"https:\/\/www.copealcoy.es\/wp-content\/uploads\/2023\/05\/IMG_7032.jpg","datePublished":"2023-05-04T10:26:54+00:00","dateModified":"2023-05-05T04:21:23+00:00","author":{"@id":"https:\/\/www.copealcoy.es\/es\/#\/schema\/person\/e777c87fa024e57d40170af9df39882c"},"description":"Son dos las opciones que baraja el Ayuntamiento de Alcoy para solucionar el problema del carril bici en los puentes. Aunque de momento solo son eso, propuestas, ya que para este tipo de actuaciones es necesario un informe favorable de Cultura.","breadcrumb":{"@id":"https:\/\/www.copealcoy.es\/es\/estrechar-un-carril-y-doble-sentido-para-bicis-la-propuesta-del-ayuntamiento-para-los-puentes\/#breadcrumb"},"inLanguage":"es","potentialAction":[{"@type":"ReadAction","target":["https:\/\/www.copealcoy.es\/es\/estrechar-un-carril-y-doble-sentido-para-bicis-la-propuesta-del-ayuntamiento-para-los-puentes\/"]}]},{"@type":"ImageObject","inLanguage":"es","@id":"https:\/\/www.copealcoy.es\/es\/estrechar-un-carril-y-doble-sentido-para-bicis-la-propuesta-del-ayuntamiento-para-los-puentes\/#primaryimage","url":"https:\/\/www.copealcoy.es\/wp-content\/uploads\/2023\/05\/IMG_7032.jpg","contentUrl":"https:\/\/www.copealcoy.es\/wp-content\/uploads\/2023\/05\/IMG_7032.jpg","width":640,"height":480},{"@type":"BreadcrumbList","@id":"https:\/\/www.copealcoy.es\/es\/estrechar-un-carril-y-doble-sentido-para-bicis-la-propuesta-del-ayuntamiento-para-los-puentes\/#breadcrumb","itemListElement":[{"@type":"ListItem","position":1,"name":"Portada","item":"https:\/\/www.copealcoy.es\/es\/"},{"@type":"ListItem","position":2,"name":"Estrechar un carril y doble sentido para bicis, la propuesta del Ayuntamiento para los puentes"}]},{"@type":"WebSite","@id":"https:\/\/www.copealcoy.es\/es\/#website","url":"https:\/\/www.copealcoy.es\/es\/","name":"COPE Alcoy","description":"Emisora COPE de radio local con emisi\u00f3n online. Pont de Sant Jordi 8-10 03803 Alcoy","potentialAction":[{"@type":"SearchAction","target":{"@type":"EntryPoint","urlTemplate":"https:\/\/www.copealcoy.es\/es\/?s={search_term_string}"},"query-input":{"@type":"PropertyValueSpecification","valueRequired":true,"valueName":"search_term_string"}}],"inLanguage":"es"},{"@type":"Person","@id":"https:\/\/www.copealcoy.es\/es\/#\/schema\/person\/e777c87fa024e57d40170af9df39882c","name":"Cope Alcoy","image":{"@type":"ImageObject","inLanguage":"es","@id":"https:\/\/secure.gravatar.com\/avatar\/bb65d0283347e303893ba14f0692005417c1e0e690a325a4c5d8bb2b3943ee14?s=96&d=mm&r=g","url":"https:\/\/secure.gravatar.com\/avatar\/bb65d0283347e303893ba14f0692005417c1e0e690a325a4c5d8bb2b3943ee14?s=96&d=mm&r=g","contentUrl":"https:\/\/secure.gravatar.com\/avatar\/bb65d0283347e303893ba14f0692005417c1e0e690a325a4c5d8bb2b3943ee14?s=96&d=mm&r=g","caption":"Cope Alcoy"}}]}},"_links":{"self":[{"href":"https:\/\/www.copealcoy.es\/es\/wp-json\/wp\/v2\/posts\/115209","targetHints":{"allow":["GET"]}}],"collection":[{"href":"https:\/\/www.copealcoy.es\/es\/wp-json\/wp\/v2\/posts"}],"about":[{"href":"https:\/\/www.copealcoy.es\/es\/wp-json\/wp\/v2\/types\/post"}],"author":[{"embeddable":true,"href":"https:\/\/www.copealcoy.es\/es\/wp-json\/wp\/v2\/users\/1"}],"replies":[{"embeddable":true,"href":"https:\/\/www.copealcoy.es\/es\/wp-json\/wp\/v2\/comments?post=115209"}],"version-history":[{"count":0,"href":"https:\/\/www.copealcoy.es\/es\/wp-json\/wp\/v2\/posts\/115209\/revisions"}],"wp:featuredmedia":[{"embeddable":true,"href":"https:\/\/www.copealcoy.es\/es\/wp-json\/wp\/v2\/media\/115216"}],"wp:attachment":[{"href":"https:\/\/www.copealcoy.es\/es\/wp-json\/wp\/v2\/media?parent=115209"}],"wp:term":[{"taxonomy":"category","embeddable":true,"href":"https:\/\/www.copealcoy.es\/es\/wp-json\/wp\/v2\/categories?post=115209"},{"taxonomy":"post_tag","embeddable":true,"href":"https:\/\/www.copealcoy.es\/es\/wp-json\/wp\/v2\/tags?post=115209"}],"curies":[{"name":"wp","href":"https:\/\/api.w.org\/{rel}","templated":true}]}}