{"id":115199,"date":"2023-05-04T10:36:32","date_gmt":"2023-05-04T09:36:32","guid":{"rendered":"https:\/\/www.copealcoy.es\/?p=115199"},"modified":"2023-05-04T17:42:35","modified_gmt":"2023-05-04T16:42:35","slug":"la-primera-fase-de-la-riba-permitira-crear-100-plazas-de-aparcamiento-en-alcoy","status":"publish","type":"post","link":"https:\/\/www.copealcoy.es\/es\/la-primera-fase-de-la-riba-permitira-crear-100-plazas-de-aparcamiento-en-alcoy\/","title":{"rendered":"La primera fase de La Riba permitir\u00e1 crear 100 plazas de aparcamiento en Alcoy"},"content":{"rendered":"<p style=\"text-align: justify;\">Han comenzado ya las obras para<strong> la construcci\u00f3n del aparcamiento de La Riba<\/strong>, un proyecto que busca dar cierta soluci\u00f3n a cuestiones como <strong>la falta de estacionamiento que sufre el Centro de Alcoy<\/strong>. La actuaci\u00f3n <strong>cuenta con un presupuesto de 445.000 euros<\/strong> y <strong>est\u00e1 financiada al 90% por los Fondos Europeos Next Generation<\/strong> a trav\u00e9s de las ayudas dirigidas a la implantaci\u00f3n de zonas de bajas emisiones.<\/p>\n<p style=\"text-align: justify;\">La intervenci\u00f3n en La Riba, seg\u00fan explican desde <a href=\"https:\/\/www.alcoi.org\/ca\/portal\/index.html\" target=\"_blank\" rel=\"noopener\"><strong><span style=\"color: #0000ff;\">el Ayuntamiento<\/span><\/strong><\/a>, consiste en <strong>la adecuaci\u00f3n de un solar para convertirlo en aparcamiento<\/strong>. Est\u00e1 previsto que en <strong>la primera fase<\/strong> se construyan <strong>entre 100 y 120 plazas<\/strong> que despu\u00e9s se podr\u00e1n ampliar con otras actuaciones que se hagan en la zona. Adem\u00e1s <strong>se crear\u00e1n nuevos puntos de alumbrado p\u00fablico y se tratar\u00e1 de recuperar la zona verde<\/strong> &#8220;<em>con la habilitaci\u00f3n de este aparcamiento se dar\u00e1 servicio tanto al vecindario de la zona, como a quienes acudan al Centro para ir a los comercios as\u00ed como a los numerosos servicios que hay en dicho barrio<\/em>&#8220;, aseguran desde el Consistorio.<\/p>\n<p><strong><span style=\"color: #0000ff;\">Los vecinos del Centro las ven insuficientes<\/span><\/strong><\/p>\n<p style=\"text-align: justify;\">Para los vecinos del Centro es positivo que se creen plazas de aparcamiento, ante la gran demanda de estacionamiento que sufre la barriada, pero\u00a0<strong>consideran que la medida no es suficiente<\/strong>. Insisten en que\u00a0<strong>hay que seguir trabajando para conseguir nuevas plazas<\/strong>\u00a0\u00ab<em>existen muchos solares vac\u00edos que, si se negociara con sus propietarios para la limpieza o adecuaci\u00f3n, se podr\u00eda conseguir dotar al barrio de un servicio que necesitamos casi de manera urgente<\/em>\u00ab; sentenciaba semanas atr\u00e1s en COPE ALCOY <strong>Circe Amorrortu<\/strong>, la presidenta de la Asociaci\u00f3n de Vecinos.<\/p>\n<p style=\"text-align: justify;\">Las obras del aparcamiento de La Riba <strong>no generar\u00e1n complicaciones en el tr\u00e1fico rodado<\/strong> tal y como explican desde el mismo Gobierno Local. Est\u00e1 previsto que los trabajos <strong>tengan un plazo de ejecuci\u00f3n de cuatro meses<\/strong>.<\/p>\n","protected":false},"excerpt":{"rendered":"<p>Han comenzado ya las obras para la construcci\u00f3n del aparcamiento de La Riba, un proyecto que busca dar cierta soluci\u00f3n&#8230;<\/p>\n","protected":false},"author":1,"featured_media":115204,"comment_status":"open","ping_status":"open","sticky":false,"template":"","format":"standard","meta":{"footnotes":""},"categories":[6909,97,75,79],"tags":[1494,146,8125,145,4761],"class_list":["post-115199","post","type-post","status-publish","format-standard","has-post-thumbnail","hentry","category-actualidad","category-alcoy","category-noticias","category-politicayeconomia","tag-alcoy","tag-aparcamiento","tag-la-riba","tag-obras","tag-primera-fase"],"yoast_head":"<!-- This site is optimized with the Yoast SEO plugin v27.3 - https:\/\/yoast.com\/product\/yoast-seo-wordpress\/ -->\n<title>La primera fase de La Riba permitir\u00e1 crear 100 plazas de aparcamiento en Alcoy - COPE Alcoy<\/title>\n<meta name=\"description\" content=\"Han comenzado ya las obras para la construcci\u00f3n del aparcamiento de La Riba que dar\u00e1 soluci\u00f3n a la falta de estacionamiento en el Centro\" \/>\n<meta name=\"robots\" content=\"index, follow, max-snippet:-1, max-image-preview:large, max-video-preview:-1\" \/>\n<link rel=\"canonical\" href=\"https:\/\/www.copealcoy.es\/es\/la-primera-fase-de-la-riba-permitira-crear-100-plazas-de-aparcamiento-en-alcoy\/\" \/>\n<meta property=\"og:locale\" content=\"es_ES\" \/>\n<meta property=\"og:type\" content=\"article\" \/>\n<meta property=\"og:title\" content=\"La primera fase de La Riba permitir\u00e1 crear 100 plazas de aparcamiento en Alcoy - COPE Alcoy\" \/>\n<meta property=\"og:description\" content=\"Han comenzado ya las obras para la construcci\u00f3n del aparcamiento de La Riba que dar\u00e1 soluci\u00f3n a la falta de estacionamiento en el Centro\" \/>\n<meta property=\"og:url\" content=\"https:\/\/www.copealcoy.es\/es\/la-primera-fase-de-la-riba-permitira-crear-100-plazas-de-aparcamiento-en-alcoy\/\" \/>\n<meta property=\"og:site_name\" content=\"COPE Alcoy\" \/>\n<meta property=\"article:published_time\" content=\"2023-05-04T09:36:32+00:00\" \/>\n<meta property=\"article:modified_time\" content=\"2023-05-04T16:42:35+00:00\" \/>\n<meta property=\"og:image\" content=\"https:\/\/www.copealcoy.es\/wp-content\/uploads\/2023\/05\/A7DTT5RGQZAODMZ36HJVS7YPVQ-1.jpg\" \/>\n\t<meta property=\"og:image:width\" content=\"1024\" \/>\n\t<meta property=\"og:image:height\" content=\"648\" \/>\n\t<meta property=\"og:image:type\" content=\"image\/jpeg\" \/>\n<meta name=\"author\" content=\"Cope Alcoy\" \/>\n<meta name=\"twitter:label1\" content=\"Escrito por\" \/>\n\t<meta name=\"twitter:data1\" content=\"Cope Alcoy\" \/>\n\t<meta name=\"twitter:label2\" content=\"Tiempo de lectura\" \/>\n\t<meta name=\"twitter:data2\" content=\"2 minutos\" \/>\n<script type=\"application\/ld+json\" class=\"yoast-schema-graph\">{\"@context\":\"https:\\\/\\\/schema.org\",\"@graph\":[{\"@type\":\"Article\",\"@id\":\"https:\\\/\\\/www.copealcoy.es\\\/es\\\/la-primera-fase-de-la-riba-permitira-crear-100-plazas-de-aparcamiento-en-alcoy\\\/#article\",\"isPartOf\":{\"@id\":\"https:\\\/\\\/www.copealcoy.es\\\/es\\\/la-primera-fase-de-la-riba-permitira-crear-100-plazas-de-aparcamiento-en-alcoy\\\/\"},\"author\":{\"name\":\"Cope Alcoy\",\"@id\":\"https:\\\/\\\/www.copealcoy.es\\\/es\\\/#\\\/schema\\\/person\\\/e777c87fa024e57d40170af9df39882c\"},\"headline\":\"La primera fase de La Riba permitir\u00e1 crear 100 plazas de aparcamiento en Alcoy\",\"datePublished\":\"2023-05-04T09:36:32+00:00\",\"dateModified\":\"2023-05-04T16:42:35+00:00\",\"mainEntityOfPage\":{\"@id\":\"https:\\\/\\\/www.copealcoy.es\\\/es\\\/la-primera-fase-de-la-riba-permitira-crear-100-plazas-de-aparcamiento-en-alcoy\\\/\"},\"wordCount\":335,\"commentCount\":0,\"image\":{\"@id\":\"https:\\\/\\\/www.copealcoy.es\\\/es\\\/la-primera-fase-de-la-riba-permitira-crear-100-plazas-de-aparcamiento-en-alcoy\\\/#primaryimage\"},\"thumbnailUrl\":\"https:\\\/\\\/www.copealcoy.es\\\/wp-content\\\/uploads\\\/2023\\\/05\\\/A7DTT5RGQZAODMZ36HJVS7YPVQ-1.jpg\",\"keywords\":[\"Alcoy\",\"Aparcamiento\",\"La Riba\",\"Obras\",\"primera fase\"],\"articleSection\":[\"Actualidad\",\"Alcoy\",\"Noticias\",\"Pol\u00edtica y Econom\u00eda\"],\"inLanguage\":\"es\"},{\"@type\":\"WebPage\",\"@id\":\"https:\\\/\\\/www.copealcoy.es\\\/es\\\/la-primera-fase-de-la-riba-permitira-crear-100-plazas-de-aparcamiento-en-alcoy\\\/\",\"url\":\"https:\\\/\\\/www.copealcoy.es\\\/es\\\/la-primera-fase-de-la-riba-permitira-crear-100-plazas-de-aparcamiento-en-alcoy\\\/\",\"name\":\"La primera fase de La Riba permitir\u00e1 crear 100 plazas de aparcamiento en Alcoy - COPE Alcoy\",\"isPartOf\":{\"@id\":\"https:\\\/\\\/www.copealcoy.es\\\/es\\\/#website\"},\"primaryImageOfPage\":{\"@id\":\"https:\\\/\\\/www.copealcoy.es\\\/es\\\/la-primera-fase-de-la-riba-permitira-crear-100-plazas-de-aparcamiento-en-alcoy\\\/#primaryimage\"},\"image\":{\"@id\":\"https:\\\/\\\/www.copealcoy.es\\\/es\\\/la-primera-fase-de-la-riba-permitira-crear-100-plazas-de-aparcamiento-en-alcoy\\\/#primaryimage\"},\"thumbnailUrl\":\"https:\\\/\\\/www.copealcoy.es\\\/wp-content\\\/uploads\\\/2023\\\/05\\\/A7DTT5RGQZAODMZ36HJVS7YPVQ-1.jpg\",\"datePublished\":\"2023-05-04T09:36:32+00:00\",\"dateModified\":\"2023-05-04T16:42:35+00:00\",\"author\":{\"@id\":\"https:\\\/\\\/www.copealcoy.es\\\/es\\\/#\\\/schema\\\/person\\\/e777c87fa024e57d40170af9df39882c\"},\"description\":\"Han comenzado ya las obras para la construcci\u00f3n del aparcamiento de La Riba que dar\u00e1 soluci\u00f3n a la falta de estacionamiento en el Centro\",\"breadcrumb\":{\"@id\":\"https:\\\/\\\/www.copealcoy.es\\\/es\\\/la-primera-fase-de-la-riba-permitira-crear-100-plazas-de-aparcamiento-en-alcoy\\\/#breadcrumb\"},\"inLanguage\":\"es\",\"potentialAction\":[{\"@type\":\"ReadAction\",\"target\":[\"https:\\\/\\\/www.copealcoy.es\\\/es\\\/la-primera-fase-de-la-riba-permitira-crear-100-plazas-de-aparcamiento-en-alcoy\\\/\"]}]},{\"@type\":\"ImageObject\",\"inLanguage\":\"es\",\"@id\":\"https:\\\/\\\/www.copealcoy.es\\\/es\\\/la-primera-fase-de-la-riba-permitira-crear-100-plazas-de-aparcamiento-en-alcoy\\\/#primaryimage\",\"url\":\"https:\\\/\\\/www.copealcoy.es\\\/wp-content\\\/uploads\\\/2023\\\/05\\\/A7DTT5RGQZAODMZ36HJVS7YPVQ-1.jpg\",\"contentUrl\":\"https:\\\/\\\/www.copealcoy.es\\\/wp-content\\\/uploads\\\/2023\\\/05\\\/A7DTT5RGQZAODMZ36HJVS7YPVQ-1.jpg\",\"width\":1024,\"height\":648},{\"@type\":\"BreadcrumbList\",\"@id\":\"https:\\\/\\\/www.copealcoy.es\\\/es\\\/la-primera-fase-de-la-riba-permitira-crear-100-plazas-de-aparcamiento-en-alcoy\\\/#breadcrumb\",\"itemListElement\":[{\"@type\":\"ListItem\",\"position\":1,\"name\":\"Portada\",\"item\":\"https:\\\/\\\/www.copealcoy.es\\\/es\\\/\"},{\"@type\":\"ListItem\",\"position\":2,\"name\":\"La primera fase de La Riba permitir\u00e1 crear 100 plazas de aparcamiento en Alcoy\"}]},{\"@type\":\"WebSite\",\"@id\":\"https:\\\/\\\/www.copealcoy.es\\\/es\\\/#website\",\"url\":\"https:\\\/\\\/www.copealcoy.es\\\/es\\\/\",\"name\":\"COPE Alcoy\",\"description\":\"Emisora COPE de radio local con emisi\u00f3n online. Pont de Sant Jordi 8-10 03803 Alcoy\",\"potentialAction\":[{\"@type\":\"SearchAction\",\"target\":{\"@type\":\"EntryPoint\",\"urlTemplate\":\"https:\\\/\\\/www.copealcoy.es\\\/es\\\/?s={search_term_string}\"},\"query-input\":{\"@type\":\"PropertyValueSpecification\",\"valueRequired\":true,\"valueName\":\"search_term_string\"}}],\"inLanguage\":\"es\"},{\"@type\":\"Person\",\"@id\":\"https:\\\/\\\/www.copealcoy.es\\\/es\\\/#\\\/schema\\\/person\\\/e777c87fa024e57d40170af9df39882c\",\"name\":\"Cope Alcoy\",\"image\":{\"@type\":\"ImageObject\",\"inLanguage\":\"es\",\"@id\":\"https:\\\/\\\/secure.gravatar.com\\\/avatar\\\/bb65d0283347e303893ba14f0692005417c1e0e690a325a4c5d8bb2b3943ee14?s=96&d=mm&r=g\",\"url\":\"https:\\\/\\\/secure.gravatar.com\\\/avatar\\\/bb65d0283347e303893ba14f0692005417c1e0e690a325a4c5d8bb2b3943ee14?s=96&d=mm&r=g\",\"contentUrl\":\"https:\\\/\\\/secure.gravatar.com\\\/avatar\\\/bb65d0283347e303893ba14f0692005417c1e0e690a325a4c5d8bb2b3943ee14?s=96&d=mm&r=g\",\"caption\":\"Cope Alcoy\"}}]}<\/script>\n<!-- \/ Yoast SEO plugin. -->","yoast_head_json":{"title":"La primera fase de La Riba permitir\u00e1 crear 100 plazas de aparcamiento en Alcoy - COPE Alcoy","description":"Han comenzado ya las obras para la construcci\u00f3n del aparcamiento de La Riba que dar\u00e1 soluci\u00f3n a la falta de estacionamiento en el Centro","robots":{"index":"index","follow":"follow","max-snippet":"max-snippet:-1","max-image-preview":"max-image-preview:large","max-video-preview":"max-video-preview:-1"},"canonical":"https:\/\/www.copealcoy.es\/es\/la-primera-fase-de-la-riba-permitira-crear-100-plazas-de-aparcamiento-en-alcoy\/","og_locale":"es_ES","og_type":"article","og_title":"La primera fase de La Riba permitir\u00e1 crear 100 plazas de aparcamiento en Alcoy - COPE Alcoy","og_description":"Han comenzado ya las obras para la construcci\u00f3n del aparcamiento de La Riba que dar\u00e1 soluci\u00f3n a la falta de estacionamiento en el Centro","og_url":"https:\/\/www.copealcoy.es\/es\/la-primera-fase-de-la-riba-permitira-crear-100-plazas-de-aparcamiento-en-alcoy\/","og_site_name":"COPE Alcoy","article_published_time":"2023-05-04T09:36:32+00:00","article_modified_time":"2023-05-04T16:42:35+00:00","og_image":[{"width":1024,"height":648,"url":"https:\/\/www.copealcoy.es\/wp-content\/uploads\/2023\/05\/A7DTT5RGQZAODMZ36HJVS7YPVQ-1.jpg","type":"image\/jpeg"}],"author":"Cope Alcoy","twitter_misc":{"Escrito por":"Cope Alcoy","Tiempo de lectura":"2 minutos"},"schema":{"@context":"https:\/\/schema.org","@graph":[{"@type":"Article","@id":"https:\/\/www.copealcoy.es\/es\/la-primera-fase-de-la-riba-permitira-crear-100-plazas-de-aparcamiento-en-alcoy\/#article","isPartOf":{"@id":"https:\/\/www.copealcoy.es\/es\/la-primera-fase-de-la-riba-permitira-crear-100-plazas-de-aparcamiento-en-alcoy\/"},"author":{"name":"Cope Alcoy","@id":"https:\/\/www.copealcoy.es\/es\/#\/schema\/person\/e777c87fa024e57d40170af9df39882c"},"headline":"La primera fase de La Riba permitir\u00e1 crear 100 plazas de aparcamiento en Alcoy","datePublished":"2023-05-04T09:36:32+00:00","dateModified":"2023-05-04T16:42:35+00:00","mainEntityOfPage":{"@id":"https:\/\/www.copealcoy.es\/es\/la-primera-fase-de-la-riba-permitira-crear-100-plazas-de-aparcamiento-en-alcoy\/"},"wordCount":335,"commentCount":0,"image":{"@id":"https:\/\/www.copealcoy.es\/es\/la-primera-fase-de-la-riba-permitira-crear-100-plazas-de-aparcamiento-en-alcoy\/#primaryimage"},"thumbnailUrl":"https:\/\/www.copealcoy.es\/wp-content\/uploads\/2023\/05\/A7DTT5RGQZAODMZ36HJVS7YPVQ-1.jpg","keywords":["Alcoy","Aparcamiento","La Riba","Obras","primera fase"],"articleSection":["Actualidad","Alcoy","Noticias","Pol\u00edtica y Econom\u00eda"],"inLanguage":"es"},{"@type":"WebPage","@id":"https:\/\/www.copealcoy.es\/es\/la-primera-fase-de-la-riba-permitira-crear-100-plazas-de-aparcamiento-en-alcoy\/","url":"https:\/\/www.copealcoy.es\/es\/la-primera-fase-de-la-riba-permitira-crear-100-plazas-de-aparcamiento-en-alcoy\/","name":"La primera fase de La Riba permitir\u00e1 crear 100 plazas de aparcamiento en Alcoy - COPE Alcoy","isPartOf":{"@id":"https:\/\/www.copealcoy.es\/es\/#website"},"primaryImageOfPage":{"@id":"https:\/\/www.copealcoy.es\/es\/la-primera-fase-de-la-riba-permitira-crear-100-plazas-de-aparcamiento-en-alcoy\/#primaryimage"},"image":{"@id":"https:\/\/www.copealcoy.es\/es\/la-primera-fase-de-la-riba-permitira-crear-100-plazas-de-aparcamiento-en-alcoy\/#primaryimage"},"thumbnailUrl":"https:\/\/www.copealcoy.es\/wp-content\/uploads\/2023\/05\/A7DTT5RGQZAODMZ36HJVS7YPVQ-1.jpg","datePublished":"2023-05-04T09:36:32+00:00","dateModified":"2023-05-04T16:42:35+00:00","author":{"@id":"https:\/\/www.copealcoy.es\/es\/#\/schema\/person\/e777c87fa024e57d40170af9df39882c"},"description":"Han comenzado ya las obras para la construcci\u00f3n del aparcamiento de La Riba que dar\u00e1 soluci\u00f3n a la falta de estacionamiento en el Centro","breadcrumb":{"@id":"https:\/\/www.copealcoy.es\/es\/la-primera-fase-de-la-riba-permitira-crear-100-plazas-de-aparcamiento-en-alcoy\/#breadcrumb"},"inLanguage":"es","potentialAction":[{"@type":"ReadAction","target":["https:\/\/www.copealcoy.es\/es\/la-primera-fase-de-la-riba-permitira-crear-100-plazas-de-aparcamiento-en-alcoy\/"]}]},{"@type":"ImageObject","inLanguage":"es","@id":"https:\/\/www.copealcoy.es\/es\/la-primera-fase-de-la-riba-permitira-crear-100-plazas-de-aparcamiento-en-alcoy\/#primaryimage","url":"https:\/\/www.copealcoy.es\/wp-content\/uploads\/2023\/05\/A7DTT5RGQZAODMZ36HJVS7YPVQ-1.jpg","contentUrl":"https:\/\/www.copealcoy.es\/wp-content\/uploads\/2023\/05\/A7DTT5RGQZAODMZ36HJVS7YPVQ-1.jpg","width":1024,"height":648},{"@type":"BreadcrumbList","@id":"https:\/\/www.copealcoy.es\/es\/la-primera-fase-de-la-riba-permitira-crear-100-plazas-de-aparcamiento-en-alcoy\/#breadcrumb","itemListElement":[{"@type":"ListItem","position":1,"name":"Portada","item":"https:\/\/www.copealcoy.es\/es\/"},{"@type":"ListItem","position":2,"name":"La primera fase de La Riba permitir\u00e1 crear 100 plazas de aparcamiento en Alcoy"}]},{"@type":"WebSite","@id":"https:\/\/www.copealcoy.es\/es\/#website","url":"https:\/\/www.copealcoy.es\/es\/","name":"COPE Alcoy","description":"Emisora COPE de radio local con emisi\u00f3n online. Pont de Sant Jordi 8-10 03803 Alcoy","potentialAction":[{"@type":"SearchAction","target":{"@type":"EntryPoint","urlTemplate":"https:\/\/www.copealcoy.es\/es\/?s={search_term_string}"},"query-input":{"@type":"PropertyValueSpecification","valueRequired":true,"valueName":"search_term_string"}}],"inLanguage":"es"},{"@type":"Person","@id":"https:\/\/www.copealcoy.es\/es\/#\/schema\/person\/e777c87fa024e57d40170af9df39882c","name":"Cope Alcoy","image":{"@type":"ImageObject","inLanguage":"es","@id":"https:\/\/secure.gravatar.com\/avatar\/bb65d0283347e303893ba14f0692005417c1e0e690a325a4c5d8bb2b3943ee14?s=96&d=mm&r=g","url":"https:\/\/secure.gravatar.com\/avatar\/bb65d0283347e303893ba14f0692005417c1e0e690a325a4c5d8bb2b3943ee14?s=96&d=mm&r=g","contentUrl":"https:\/\/secure.gravatar.com\/avatar\/bb65d0283347e303893ba14f0692005417c1e0e690a325a4c5d8bb2b3943ee14?s=96&d=mm&r=g","caption":"Cope Alcoy"}}]}},"_links":{"self":[{"href":"https:\/\/www.copealcoy.es\/es\/wp-json\/wp\/v2\/posts\/115199","targetHints":{"allow":["GET"]}}],"collection":[{"href":"https:\/\/www.copealcoy.es\/es\/wp-json\/wp\/v2\/posts"}],"about":[{"href":"https:\/\/www.copealcoy.es\/es\/wp-json\/wp\/v2\/types\/post"}],"author":[{"embeddable":true,"href":"https:\/\/www.copealcoy.es\/es\/wp-json\/wp\/v2\/users\/1"}],"replies":[{"embeddable":true,"href":"https:\/\/www.copealcoy.es\/es\/wp-json\/wp\/v2\/comments?post=115199"}],"version-history":[{"count":0,"href":"https:\/\/www.copealcoy.es\/es\/wp-json\/wp\/v2\/posts\/115199\/revisions"}],"wp:featuredmedia":[{"embeddable":true,"href":"https:\/\/www.copealcoy.es\/es\/wp-json\/wp\/v2\/media\/115204"}],"wp:attachment":[{"href":"https:\/\/www.copealcoy.es\/es\/wp-json\/wp\/v2\/media?parent=115199"}],"wp:term":[{"taxonomy":"category","embeddable":true,"href":"https:\/\/www.copealcoy.es\/es\/wp-json\/wp\/v2\/categories?post=115199"},{"taxonomy":"post_tag","embeddable":true,"href":"https:\/\/www.copealcoy.es\/es\/wp-json\/wp\/v2\/tags?post=115199"}],"curies":[{"name":"wp","href":"https:\/\/api.w.org\/{rel}","templated":true}]}}