{"id":115178,"date":"2023-05-04T09:15:52","date_gmt":"2023-05-04T08:15:52","guid":{"rendered":"https:\/\/www.copealcoy.es\/?p=115178"},"modified":"2023-05-04T17:45:03","modified_gmt":"2023-05-04T16:45:03","slug":"aitex-iniciara-el-traslado-a-las-nuevas-instalaciones-a-finales-del-mes-de-mayo","status":"publish","type":"post","link":"https:\/\/www.copealcoy.es\/es\/aitex-iniciara-el-traslado-a-las-nuevas-instalaciones-a-finales-del-mes-de-mayo\/","title":{"rendered":"AITEX iniciar\u00e1 el traslado a las nuevas instalaciones a finales del mes de mayo"},"content":{"rendered":"<p style=\"text-align: justify;\"><a href=\"https:\/\/www.aitex.es\/\" target=\"_blank\" rel=\"noopener\"><strong><span style=\"color: #0000ff;\">AITEX<\/span><\/strong><\/a> prev\u00e9 iniciar a finales de este mes de mayo <strong>el traslado desde las instalaciones actuales que ocupa en el centro de Alcoy hasta la nueva edificaci\u00f3n que se est\u00e1 terminando de construir en el barrio de Batoy<\/strong>. As\u00ed lo avanz\u00f3 ayer mi\u00e9rcoles <strong>el director del Centro de Investigaci\u00f3n e Innovaci\u00f3n Textil<\/strong> durante la visita que hicieron a las citadas nuevas instalaciones<strong> tanto la Vicepresidenta Aitana Mas como el Conseller Rafael Climent<\/strong>.<\/p>\n<p style=\"text-align: justify;\">Blanes explic\u00f3 que <strong>el proceso de cambio de dependencias comenzar\u00e1 el pr\u00f3ximo 26 de mayo<\/strong>, si no hay contratiempos de \u00faltima hora, y aclar\u00f3 que el mencionado traslado <strong>se har\u00e1 de forma progresiva<\/strong>. El objetivo es que <strong>todos los laboratorios y dependencias puedan estar ya listos a principios del a\u00f1o que viene<\/strong> &#8220;<em>lo vamos a hacer por semanas, sin dejar de atender a la gente y manteniendo nuestro compromiso con todas las empresas que trabajan con nosotros<\/em>&#8220;, signific\u00f3 el director de AITEX.<\/p>\n<p style=\"text-align: justify;\">Por su parte <strong>la vicepresidenta del Consell manifest\u00f3 el compromiso del gobierno auton\u00f3mico para apoyar a los sectores productivos de la Comunitat Valenciana<\/strong>. <strong>Aitana M\u00e1s<\/strong> dijo que si hay ejecutivo del Bot\u00e0nic tras las Elecciones del pr\u00f3ximo 28 de mayo <strong>se destinar\u00e1n 800.000 euros<\/strong> &#8220;<em>para continuar en algo que para nosotros es imprescindible, la innovaci\u00f3n y la transici\u00f3n ecol\u00f3gica de nuestras empresas<\/em>&#8220;, dijo. Tambi\u00e9n el Conseller Climent destac\u00f3 la inversi\u00f3n hecha para reflotar a los institutos tecnol\u00f3gicos de la regi\u00f3n &#8220;<em>despu\u00e9s de la complicada situaci\u00f3n econ\u00f3mica en la que se encontraban debido a la gesti\u00f3n del anterior ejecutivo auton\u00f3mico del PP<\/em>&#8220;, concluy\u00f3.<\/p>\n<p style=\"text-align: justify;\">Las nuevas dependencias de AITEX <strong>se concentrar\u00e1n en cerca de 30.000 metros<\/strong>. El proyecto est\u00e1 pr\u00e1cticamente terminado y <strong>las obras avanzan a muy buen ritmo<\/strong> estando previsto que finalicen hac\u00eda el primer trimestre de 2024.<\/p>\n","protected":false},"excerpt":{"rendered":"<p>AITEX prev\u00e9 iniciar a finales de este mes de mayo el traslado desde las instalaciones actuales que ocupa en el&#8230;<\/p>\n","protected":false},"author":1,"featured_media":115227,"comment_status":"open","ping_status":"open","sticky":false,"template":"","format":"standard","meta":{"footnotes":""},"categories":[6909,97,75,79],"tags":[771,1494,4938,5223,145],"class_list":["post-115178","post","type-post","status-publish","format-standard","has-post-thumbnail","hentry","category-actualidad","category-alcoy","category-noticias","category-politicayeconomia","tag-aitex","tag-alcoy","tag-instalaciones","tag-nueva-sede","tag-obras"],"yoast_head":"<!-- This site is optimized with the Yoast SEO plugin v27.3 - https:\/\/yoast.com\/product\/yoast-seo-wordpress\/ -->\n<title>AITEX iniciar\u00e1 el traslado a las nuevas instalaciones a finales del mes de mayo - COPE Alcoy<\/title>\n<meta name=\"description\" content=\"AITEX prev\u00e9 iniciar a finales de este mes de mayo el traslado a sus nuevas instalaciones ubicadas en el barrio de Batoy\" \/>\n<meta name=\"robots\" content=\"index, follow, max-snippet:-1, max-image-preview:large, max-video-preview:-1\" \/>\n<link rel=\"canonical\" href=\"https:\/\/www.copealcoy.es\/es\/aitex-iniciara-el-traslado-a-las-nuevas-instalaciones-a-finales-del-mes-de-mayo\/\" \/>\n<meta property=\"og:locale\" content=\"es_ES\" \/>\n<meta property=\"og:type\" content=\"article\" \/>\n<meta property=\"og:title\" content=\"AITEX iniciar\u00e1 el traslado a las nuevas instalaciones a finales del mes de mayo - COPE Alcoy\" \/>\n<meta property=\"og:description\" content=\"AITEX prev\u00e9 iniciar a finales de este mes de mayo el traslado a sus nuevas instalaciones ubicadas en el barrio de Batoy\" \/>\n<meta property=\"og:url\" content=\"https:\/\/www.copealcoy.es\/es\/aitex-iniciara-el-traslado-a-las-nuevas-instalaciones-a-finales-del-mes-de-mayo\/\" \/>\n<meta property=\"og:site_name\" content=\"COPE Alcoy\" \/>\n<meta property=\"article:published_time\" content=\"2023-05-04T08:15:52+00:00\" \/>\n<meta property=\"article:modified_time\" content=\"2023-05-04T16:45:03+00:00\" \/>\n<meta property=\"og:image\" content=\"https:\/\/www.copealcoy.es\/wp-content\/uploads\/2023\/05\/344803014_593733646048303_837037293016757990_n.jpg\" \/>\n\t<meta property=\"og:image:width\" content=\"1620\" \/>\n\t<meta property=\"og:image:height\" content=\"1080\" \/>\n\t<meta property=\"og:image:type\" content=\"image\/jpeg\" \/>\n<meta name=\"author\" content=\"Cope Alcoy\" \/>\n<meta name=\"twitter:label1\" content=\"Escrito por\" \/>\n\t<meta name=\"twitter:data1\" content=\"Cope Alcoy\" \/>\n\t<meta name=\"twitter:label2\" content=\"Tiempo de lectura\" \/>\n\t<meta name=\"twitter:data2\" content=\"2 minutos\" \/>\n<script type=\"application\/ld+json\" class=\"yoast-schema-graph\">{\"@context\":\"https:\\\/\\\/schema.org\",\"@graph\":[{\"@type\":\"Article\",\"@id\":\"https:\\\/\\\/www.copealcoy.es\\\/es\\\/aitex-iniciara-el-traslado-a-las-nuevas-instalaciones-a-finales-del-mes-de-mayo\\\/#article\",\"isPartOf\":{\"@id\":\"https:\\\/\\\/www.copealcoy.es\\\/es\\\/aitex-iniciara-el-traslado-a-las-nuevas-instalaciones-a-finales-del-mes-de-mayo\\\/\"},\"author\":{\"name\":\"Cope Alcoy\",\"@id\":\"https:\\\/\\\/www.copealcoy.es\\\/es\\\/#\\\/schema\\\/person\\\/e777c87fa024e57d40170af9df39882c\"},\"headline\":\"AITEX iniciar\u00e1 el traslado a las nuevas instalaciones a finales del mes de mayo\",\"datePublished\":\"2023-05-04T08:15:52+00:00\",\"dateModified\":\"2023-05-04T16:45:03+00:00\",\"mainEntityOfPage\":{\"@id\":\"https:\\\/\\\/www.copealcoy.es\\\/es\\\/aitex-iniciara-el-traslado-a-las-nuevas-instalaciones-a-finales-del-mes-de-mayo\\\/\"},\"wordCount\":326,\"commentCount\":0,\"image\":{\"@id\":\"https:\\\/\\\/www.copealcoy.es\\\/es\\\/aitex-iniciara-el-traslado-a-las-nuevas-instalaciones-a-finales-del-mes-de-mayo\\\/#primaryimage\"},\"thumbnailUrl\":\"https:\\\/\\\/www.copealcoy.es\\\/wp-content\\\/uploads\\\/2023\\\/05\\\/344803014_593733646048303_837037293016757990_n.jpg\",\"keywords\":[\"Aitex\",\"Alcoy\",\"instalaciones\",\"nueva sede\",\"Obras\"],\"articleSection\":[\"Actualidad\",\"Alcoy\",\"Noticias\",\"Pol\u00edtica y Econom\u00eda\"],\"inLanguage\":\"es\"},{\"@type\":\"WebPage\",\"@id\":\"https:\\\/\\\/www.copealcoy.es\\\/es\\\/aitex-iniciara-el-traslado-a-las-nuevas-instalaciones-a-finales-del-mes-de-mayo\\\/\",\"url\":\"https:\\\/\\\/www.copealcoy.es\\\/es\\\/aitex-iniciara-el-traslado-a-las-nuevas-instalaciones-a-finales-del-mes-de-mayo\\\/\",\"name\":\"AITEX iniciar\u00e1 el traslado a las nuevas instalaciones a finales del mes de mayo - COPE Alcoy\",\"isPartOf\":{\"@id\":\"https:\\\/\\\/www.copealcoy.es\\\/es\\\/#website\"},\"primaryImageOfPage\":{\"@id\":\"https:\\\/\\\/www.copealcoy.es\\\/es\\\/aitex-iniciara-el-traslado-a-las-nuevas-instalaciones-a-finales-del-mes-de-mayo\\\/#primaryimage\"},\"image\":{\"@id\":\"https:\\\/\\\/www.copealcoy.es\\\/es\\\/aitex-iniciara-el-traslado-a-las-nuevas-instalaciones-a-finales-del-mes-de-mayo\\\/#primaryimage\"},\"thumbnailUrl\":\"https:\\\/\\\/www.copealcoy.es\\\/wp-content\\\/uploads\\\/2023\\\/05\\\/344803014_593733646048303_837037293016757990_n.jpg\",\"datePublished\":\"2023-05-04T08:15:52+00:00\",\"dateModified\":\"2023-05-04T16:45:03+00:00\",\"author\":{\"@id\":\"https:\\\/\\\/www.copealcoy.es\\\/es\\\/#\\\/schema\\\/person\\\/e777c87fa024e57d40170af9df39882c\"},\"description\":\"AITEX prev\u00e9 iniciar a finales de este mes de mayo el traslado a sus nuevas instalaciones ubicadas en el barrio de Batoy\",\"breadcrumb\":{\"@id\":\"https:\\\/\\\/www.copealcoy.es\\\/es\\\/aitex-iniciara-el-traslado-a-las-nuevas-instalaciones-a-finales-del-mes-de-mayo\\\/#breadcrumb\"},\"inLanguage\":\"es\",\"potentialAction\":[{\"@type\":\"ReadAction\",\"target\":[\"https:\\\/\\\/www.copealcoy.es\\\/es\\\/aitex-iniciara-el-traslado-a-las-nuevas-instalaciones-a-finales-del-mes-de-mayo\\\/\"]}]},{\"@type\":\"ImageObject\",\"inLanguage\":\"es\",\"@id\":\"https:\\\/\\\/www.copealcoy.es\\\/es\\\/aitex-iniciara-el-traslado-a-las-nuevas-instalaciones-a-finales-del-mes-de-mayo\\\/#primaryimage\",\"url\":\"https:\\\/\\\/www.copealcoy.es\\\/wp-content\\\/uploads\\\/2023\\\/05\\\/344803014_593733646048303_837037293016757990_n.jpg\",\"contentUrl\":\"https:\\\/\\\/www.copealcoy.es\\\/wp-content\\\/uploads\\\/2023\\\/05\\\/344803014_593733646048303_837037293016757990_n.jpg\",\"width\":1620,\"height\":1080},{\"@type\":\"BreadcrumbList\",\"@id\":\"https:\\\/\\\/www.copealcoy.es\\\/es\\\/aitex-iniciara-el-traslado-a-las-nuevas-instalaciones-a-finales-del-mes-de-mayo\\\/#breadcrumb\",\"itemListElement\":[{\"@type\":\"ListItem\",\"position\":1,\"name\":\"Portada\",\"item\":\"https:\\\/\\\/www.copealcoy.es\\\/es\\\/\"},{\"@type\":\"ListItem\",\"position\":2,\"name\":\"AITEX iniciar\u00e1 el traslado a las nuevas instalaciones a finales del mes de mayo\"}]},{\"@type\":\"WebSite\",\"@id\":\"https:\\\/\\\/www.copealcoy.es\\\/es\\\/#website\",\"url\":\"https:\\\/\\\/www.copealcoy.es\\\/es\\\/\",\"name\":\"COPE Alcoy\",\"description\":\"Emisora COPE de radio local con emisi\u00f3n online. Pont de Sant Jordi 8-10 03803 Alcoy\",\"potentialAction\":[{\"@type\":\"SearchAction\",\"target\":{\"@type\":\"EntryPoint\",\"urlTemplate\":\"https:\\\/\\\/www.copealcoy.es\\\/es\\\/?s={search_term_string}\"},\"query-input\":{\"@type\":\"PropertyValueSpecification\",\"valueRequired\":true,\"valueName\":\"search_term_string\"}}],\"inLanguage\":\"es\"},{\"@type\":\"Person\",\"@id\":\"https:\\\/\\\/www.copealcoy.es\\\/es\\\/#\\\/schema\\\/person\\\/e777c87fa024e57d40170af9df39882c\",\"name\":\"Cope Alcoy\",\"image\":{\"@type\":\"ImageObject\",\"inLanguage\":\"es\",\"@id\":\"https:\\\/\\\/secure.gravatar.com\\\/avatar\\\/bb65d0283347e303893ba14f0692005417c1e0e690a325a4c5d8bb2b3943ee14?s=96&d=mm&r=g\",\"url\":\"https:\\\/\\\/secure.gravatar.com\\\/avatar\\\/bb65d0283347e303893ba14f0692005417c1e0e690a325a4c5d8bb2b3943ee14?s=96&d=mm&r=g\",\"contentUrl\":\"https:\\\/\\\/secure.gravatar.com\\\/avatar\\\/bb65d0283347e303893ba14f0692005417c1e0e690a325a4c5d8bb2b3943ee14?s=96&d=mm&r=g\",\"caption\":\"Cope Alcoy\"}}]}<\/script>\n<!-- \/ Yoast SEO plugin. -->","yoast_head_json":{"title":"AITEX iniciar\u00e1 el traslado a las nuevas instalaciones a finales del mes de mayo - COPE Alcoy","description":"AITEX prev\u00e9 iniciar a finales de este mes de mayo el traslado a sus nuevas instalaciones ubicadas en el barrio de Batoy","robots":{"index":"index","follow":"follow","max-snippet":"max-snippet:-1","max-image-preview":"max-image-preview:large","max-video-preview":"max-video-preview:-1"},"canonical":"https:\/\/www.copealcoy.es\/es\/aitex-iniciara-el-traslado-a-las-nuevas-instalaciones-a-finales-del-mes-de-mayo\/","og_locale":"es_ES","og_type":"article","og_title":"AITEX iniciar\u00e1 el traslado a las nuevas instalaciones a finales del mes de mayo - COPE Alcoy","og_description":"AITEX prev\u00e9 iniciar a finales de este mes de mayo el traslado a sus nuevas instalaciones ubicadas en el barrio de Batoy","og_url":"https:\/\/www.copealcoy.es\/es\/aitex-iniciara-el-traslado-a-las-nuevas-instalaciones-a-finales-del-mes-de-mayo\/","og_site_name":"COPE Alcoy","article_published_time":"2023-05-04T08:15:52+00:00","article_modified_time":"2023-05-04T16:45:03+00:00","og_image":[{"width":1620,"height":1080,"url":"https:\/\/www.copealcoy.es\/wp-content\/uploads\/2023\/05\/344803014_593733646048303_837037293016757990_n.jpg","type":"image\/jpeg"}],"author":"Cope Alcoy","twitter_misc":{"Escrito por":"Cope Alcoy","Tiempo de lectura":"2 minutos"},"schema":{"@context":"https:\/\/schema.org","@graph":[{"@type":"Article","@id":"https:\/\/www.copealcoy.es\/es\/aitex-iniciara-el-traslado-a-las-nuevas-instalaciones-a-finales-del-mes-de-mayo\/#article","isPartOf":{"@id":"https:\/\/www.copealcoy.es\/es\/aitex-iniciara-el-traslado-a-las-nuevas-instalaciones-a-finales-del-mes-de-mayo\/"},"author":{"name":"Cope Alcoy","@id":"https:\/\/www.copealcoy.es\/es\/#\/schema\/person\/e777c87fa024e57d40170af9df39882c"},"headline":"AITEX iniciar\u00e1 el traslado a las nuevas instalaciones a finales del mes de mayo","datePublished":"2023-05-04T08:15:52+00:00","dateModified":"2023-05-04T16:45:03+00:00","mainEntityOfPage":{"@id":"https:\/\/www.copealcoy.es\/es\/aitex-iniciara-el-traslado-a-las-nuevas-instalaciones-a-finales-del-mes-de-mayo\/"},"wordCount":326,"commentCount":0,"image":{"@id":"https:\/\/www.copealcoy.es\/es\/aitex-iniciara-el-traslado-a-las-nuevas-instalaciones-a-finales-del-mes-de-mayo\/#primaryimage"},"thumbnailUrl":"https:\/\/www.copealcoy.es\/wp-content\/uploads\/2023\/05\/344803014_593733646048303_837037293016757990_n.jpg","keywords":["Aitex","Alcoy","instalaciones","nueva sede","Obras"],"articleSection":["Actualidad","Alcoy","Noticias","Pol\u00edtica y Econom\u00eda"],"inLanguage":"es"},{"@type":"WebPage","@id":"https:\/\/www.copealcoy.es\/es\/aitex-iniciara-el-traslado-a-las-nuevas-instalaciones-a-finales-del-mes-de-mayo\/","url":"https:\/\/www.copealcoy.es\/es\/aitex-iniciara-el-traslado-a-las-nuevas-instalaciones-a-finales-del-mes-de-mayo\/","name":"AITEX iniciar\u00e1 el traslado a las nuevas instalaciones a finales del mes de mayo - COPE Alcoy","isPartOf":{"@id":"https:\/\/www.copealcoy.es\/es\/#website"},"primaryImageOfPage":{"@id":"https:\/\/www.copealcoy.es\/es\/aitex-iniciara-el-traslado-a-las-nuevas-instalaciones-a-finales-del-mes-de-mayo\/#primaryimage"},"image":{"@id":"https:\/\/www.copealcoy.es\/es\/aitex-iniciara-el-traslado-a-las-nuevas-instalaciones-a-finales-del-mes-de-mayo\/#primaryimage"},"thumbnailUrl":"https:\/\/www.copealcoy.es\/wp-content\/uploads\/2023\/05\/344803014_593733646048303_837037293016757990_n.jpg","datePublished":"2023-05-04T08:15:52+00:00","dateModified":"2023-05-04T16:45:03+00:00","author":{"@id":"https:\/\/www.copealcoy.es\/es\/#\/schema\/person\/e777c87fa024e57d40170af9df39882c"},"description":"AITEX prev\u00e9 iniciar a finales de este mes de mayo el traslado a sus nuevas instalaciones ubicadas en el barrio de Batoy","breadcrumb":{"@id":"https:\/\/www.copealcoy.es\/es\/aitex-iniciara-el-traslado-a-las-nuevas-instalaciones-a-finales-del-mes-de-mayo\/#breadcrumb"},"inLanguage":"es","potentialAction":[{"@type":"ReadAction","target":["https:\/\/www.copealcoy.es\/es\/aitex-iniciara-el-traslado-a-las-nuevas-instalaciones-a-finales-del-mes-de-mayo\/"]}]},{"@type":"ImageObject","inLanguage":"es","@id":"https:\/\/www.copealcoy.es\/es\/aitex-iniciara-el-traslado-a-las-nuevas-instalaciones-a-finales-del-mes-de-mayo\/#primaryimage","url":"https:\/\/www.copealcoy.es\/wp-content\/uploads\/2023\/05\/344803014_593733646048303_837037293016757990_n.jpg","contentUrl":"https:\/\/www.copealcoy.es\/wp-content\/uploads\/2023\/05\/344803014_593733646048303_837037293016757990_n.jpg","width":1620,"height":1080},{"@type":"BreadcrumbList","@id":"https:\/\/www.copealcoy.es\/es\/aitex-iniciara-el-traslado-a-las-nuevas-instalaciones-a-finales-del-mes-de-mayo\/#breadcrumb","itemListElement":[{"@type":"ListItem","position":1,"name":"Portada","item":"https:\/\/www.copealcoy.es\/es\/"},{"@type":"ListItem","position":2,"name":"AITEX iniciar\u00e1 el traslado a las nuevas instalaciones a finales del mes de mayo"}]},{"@type":"WebSite","@id":"https:\/\/www.copealcoy.es\/es\/#website","url":"https:\/\/www.copealcoy.es\/es\/","name":"COPE Alcoy","description":"Emisora COPE de radio local con emisi\u00f3n online. Pont de Sant Jordi 8-10 03803 Alcoy","potentialAction":[{"@type":"SearchAction","target":{"@type":"EntryPoint","urlTemplate":"https:\/\/www.copealcoy.es\/es\/?s={search_term_string}"},"query-input":{"@type":"PropertyValueSpecification","valueRequired":true,"valueName":"search_term_string"}}],"inLanguage":"es"},{"@type":"Person","@id":"https:\/\/www.copealcoy.es\/es\/#\/schema\/person\/e777c87fa024e57d40170af9df39882c","name":"Cope Alcoy","image":{"@type":"ImageObject","inLanguage":"es","@id":"https:\/\/secure.gravatar.com\/avatar\/bb65d0283347e303893ba14f0692005417c1e0e690a325a4c5d8bb2b3943ee14?s=96&d=mm&r=g","url":"https:\/\/secure.gravatar.com\/avatar\/bb65d0283347e303893ba14f0692005417c1e0e690a325a4c5d8bb2b3943ee14?s=96&d=mm&r=g","contentUrl":"https:\/\/secure.gravatar.com\/avatar\/bb65d0283347e303893ba14f0692005417c1e0e690a325a4c5d8bb2b3943ee14?s=96&d=mm&r=g","caption":"Cope Alcoy"}}]}},"_links":{"self":[{"href":"https:\/\/www.copealcoy.es\/es\/wp-json\/wp\/v2\/posts\/115178","targetHints":{"allow":["GET"]}}],"collection":[{"href":"https:\/\/www.copealcoy.es\/es\/wp-json\/wp\/v2\/posts"}],"about":[{"href":"https:\/\/www.copealcoy.es\/es\/wp-json\/wp\/v2\/types\/post"}],"author":[{"embeddable":true,"href":"https:\/\/www.copealcoy.es\/es\/wp-json\/wp\/v2\/users\/1"}],"replies":[{"embeddable":true,"href":"https:\/\/www.copealcoy.es\/es\/wp-json\/wp\/v2\/comments?post=115178"}],"version-history":[{"count":0,"href":"https:\/\/www.copealcoy.es\/es\/wp-json\/wp\/v2\/posts\/115178\/revisions"}],"wp:featuredmedia":[{"embeddable":true,"href":"https:\/\/www.copealcoy.es\/es\/wp-json\/wp\/v2\/media\/115227"}],"wp:attachment":[{"href":"https:\/\/www.copealcoy.es\/es\/wp-json\/wp\/v2\/media?parent=115178"}],"wp:term":[{"taxonomy":"category","embeddable":true,"href":"https:\/\/www.copealcoy.es\/es\/wp-json\/wp\/v2\/categories?post=115178"},{"taxonomy":"post_tag","embeddable":true,"href":"https:\/\/www.copealcoy.es\/es\/wp-json\/wp\/v2\/tags?post=115178"}],"curies":[{"name":"wp","href":"https:\/\/api.w.org\/{rel}","templated":true}]}}