{"id":115125,"date":"2023-05-03T12:36:09","date_gmt":"2023-05-03T11:36:09","guid":{"rendered":"https:\/\/www.copealcoy.es\/?p=115125"},"modified":"2023-05-03T16:54:26","modified_gmt":"2023-05-03T15:54:26","slug":"sigue-sin-conocerse-el-proyecto-de-carril-bici-para-los-puentes-en-alcoy","status":"publish","type":"post","link":"https:\/\/www.copealcoy.es\/es\/sigue-sin-conocerse-el-proyecto-de-carril-bici-para-los-puentes-en-alcoy\/","title":{"rendered":"Sigue sin conocerse el proyecto de carril bici para los puentes en Alcoy"},"content":{"rendered":"<p style=\"text-align: justify;\">Las <strong>obras del carril bici<\/strong> que unir\u00e1 Cervantes con la Zona Norte avanzan a buen ritmo. Algunos tramos, como el de la Alameda, parecen estar pr\u00e1cticamente finalizados. Sin embargo, <strong>sigue sin quedar claro c\u00f3mo ser\u00e1 la circulaci\u00f3n en los puentes<\/strong>.<\/p>\n<p style=\"text-align: justify;\">Por el momento, seg\u00fan est\u00e1 previsto en el proyecto actual, cuando se llegue a los puentes el ciclista debe incorporarse a la circulaci\u00f3n con el resto de veh\u00edculos. Sin embargo, solo puede hacerlo si sigue el sentido del tr\u00e1nsito. Si llega en direcci\u00f3n contraria, debe bajar de la bici y cruzar el puente por la acera.<\/p>\n<p style=\"text-align: justify;\">A\u00fan as\u00ed, tal y como anunci\u00f3 <strong>Jordi Mart\u00ednez<\/strong>, vicealcalde y concejal de movilidad Sostenible, en el debate organizado por <strong>Cope Alcoy<\/strong> hace unas semanas, <span style=\"color: #000080;\"><a style=\"color: #000080;\" href=\"https:\/\/www.copealcoy.es\/el-ayuntamiento-de-alcoy-prepara-otro-proyecto-de-carril-bici\/\" target=\"_blank\" rel=\"noopener\">el Consistorio trabaja en otro proyecto para permitir que en los puentes haya tambi\u00e9n un doble sentido de la circulaci\u00f3n<\/a><\/span>. Desde <strong>el Partido Popular critican la demora en este proyecto<\/strong> e insisten en la inseguridad que generar\u00eda que el carril bici se inaugurara y no hubiera proyecto para los puentes.<\/p>\n<p style=\"text-align: justify;\">&#8220;Algo tan importante como es <strong>el acceso del ciclista al puente no est\u00e1 todav\u00eda dise\u00f1ado<\/strong>. Posiblemente ha empezado a pensarse porque va a ser otro proyecto, pero otro proyecto que todav\u00eda no est\u00e1 ni siquiera redactado&#8221;, ha lamentado en rueda de prensa <strong>Lirios Garc\u00eda<\/strong>, edil popular y n\u00famero 4 en la candidatura de <strong>Carlos Pastor<\/strong> a la alcald\u00eda.<\/p>\n<p style=\"text-align: justify;\">Y es que para llevar a cabo este proyecto, <strong>hay que realizar obras<\/strong>. Y los puentes son elementos protegidos. Por ello, el Ayuntamiento se encuentra a la espera del informe de Cultura que d\u00e9 el visto bueno a estas actuaciones.<\/p>\n<p style=\"text-align: justify;\">Garc\u00eda insiste en que han solicitado la informaci\u00f3n pertinente al Consistorio y este les ha enviado 360 documentos, de los cuales en ninguno se hace referencia a las posibles actuaciones para crear un carril bici de doble sentido en los puentes. &#8220;Que en la ciudad de los puentes no haya soluci\u00f3n para los puentes, me parece una burla a los vecinos, a los comerciantes y a toda la ciudadan\u00eda&#8221;, ha manifestado <strong>Santi Carbonell<\/strong>, portavoz de campa\u00f1a del PP.<\/p>\n<p style=\"text-align: justify;\">Por su parte, el Ayuntamiento todav\u00eda no ha respondido a estas cr\u00edticas del Partido Popular.<\/p>\n","protected":false},"excerpt":{"rendered":"<p>Las obras del carril bici que unir\u00e1 Cervantes con la Zona Norte avanzan a buen ritmo. Algunos tramos, como el&#8230;<\/p>\n","protected":false},"author":1,"featured_media":115127,"comment_status":"open","ping_status":"open","sticky":false,"template":"","format":"standard","meta":{"footnotes":""},"categories":[6909,97,75,79],"tags":[1494,5050,448,6491],"class_list":["post-115125","post","type-post","status-publish","format-standard","has-post-thumbnail","hentry","category-actualidad","category-alcoy","category-noticias","category-politicayeconomia","tag-alcoy","tag-carril-bici","tag-partido-popular","tag-puentes"],"yoast_head":"<!-- This site is optimized with the Yoast SEO plugin v27.3 - https:\/\/yoast.com\/product\/yoast-seo-wordpress\/ -->\n<title>Sigue sin conocerse el proyecto de carril bici para los puentes en Alcoy - COPE Alcoy<\/title>\n<meta name=\"description\" content=\"Las obras del carril bici que unir\u00e1 Cervantes con la Zona Norte avanzan a buen ritmo. Algunos tramos, como el de la Alameda, parecen estar pr\u00e1cticamente finalizados. Sin embargo, sigue sin quedar claro c\u00f3mo ser\u00e1 la circulaci\u00f3n en los puentes.\" \/>\n<meta name=\"robots\" content=\"index, follow, max-snippet:-1, max-image-preview:large, max-video-preview:-1\" \/>\n<link rel=\"canonical\" href=\"https:\/\/www.copealcoy.es\/es\/sigue-sin-conocerse-el-proyecto-de-carril-bici-para-los-puentes-en-alcoy\/\" \/>\n<meta property=\"og:locale\" content=\"es_ES\" \/>\n<meta property=\"og:type\" content=\"article\" \/>\n<meta property=\"og:title\" content=\"Sigue sin conocerse el proyecto de carril bici para los puentes en Alcoy - COPE Alcoy\" \/>\n<meta property=\"og:description\" content=\"Las obras del carril bici que unir\u00e1 Cervantes con la Zona Norte avanzan a buen ritmo. Algunos tramos, como el de la Alameda, parecen estar pr\u00e1cticamente finalizados. Sin embargo, sigue sin quedar claro c\u00f3mo ser\u00e1 la circulaci\u00f3n en los puentes.\" \/>\n<meta property=\"og:url\" content=\"https:\/\/www.copealcoy.es\/es\/sigue-sin-conocerse-el-proyecto-de-carril-bici-para-los-puentes-en-alcoy\/\" \/>\n<meta property=\"og:site_name\" content=\"COPE Alcoy\" \/>\n<meta property=\"article:published_time\" content=\"2023-05-03T11:36:09+00:00\" \/>\n<meta property=\"article:modified_time\" content=\"2023-05-03T15:54:26+00:00\" \/>\n<meta property=\"og:image\" content=\"https:\/\/www.copealcoy.es\/wp-content\/uploads\/2023\/05\/IMG_7015.jpg\" \/>\n\t<meta property=\"og:image:width\" content=\"640\" \/>\n\t<meta property=\"og:image:height\" content=\"480\" \/>\n\t<meta property=\"og:image:type\" content=\"image\/jpeg\" \/>\n<meta name=\"author\" content=\"Cope Alcoy\" \/>\n<meta name=\"twitter:label1\" content=\"Escrito por\" \/>\n\t<meta name=\"twitter:data1\" content=\"Cope Alcoy\" \/>\n\t<meta name=\"twitter:label2\" content=\"Tiempo de lectura\" \/>\n\t<meta name=\"twitter:data2\" content=\"2 minutos\" \/>\n<script type=\"application\/ld+json\" class=\"yoast-schema-graph\">{\"@context\":\"https:\\\/\\\/schema.org\",\"@graph\":[{\"@type\":\"Article\",\"@id\":\"https:\\\/\\\/www.copealcoy.es\\\/es\\\/sigue-sin-conocerse-el-proyecto-de-carril-bici-para-los-puentes-en-alcoy\\\/#article\",\"isPartOf\":{\"@id\":\"https:\\\/\\\/www.copealcoy.es\\\/es\\\/sigue-sin-conocerse-el-proyecto-de-carril-bici-para-los-puentes-en-alcoy\\\/\"},\"author\":{\"name\":\"Cope Alcoy\",\"@id\":\"https:\\\/\\\/www.copealcoy.es\\\/es\\\/#\\\/schema\\\/person\\\/e777c87fa024e57d40170af9df39882c\"},\"headline\":\"Sigue sin conocerse el proyecto de carril bici para los puentes en Alcoy\",\"datePublished\":\"2023-05-03T11:36:09+00:00\",\"dateModified\":\"2023-05-03T15:54:26+00:00\",\"mainEntityOfPage\":{\"@id\":\"https:\\\/\\\/www.copealcoy.es\\\/es\\\/sigue-sin-conocerse-el-proyecto-de-carril-bici-para-los-puentes-en-alcoy\\\/\"},\"wordCount\":398,\"commentCount\":0,\"image\":{\"@id\":\"https:\\\/\\\/www.copealcoy.es\\\/es\\\/sigue-sin-conocerse-el-proyecto-de-carril-bici-para-los-puentes-en-alcoy\\\/#primaryimage\"},\"thumbnailUrl\":\"https:\\\/\\\/www.copealcoy.es\\\/wp-content\\\/uploads\\\/2023\\\/05\\\/IMG_7015.jpg\",\"keywords\":[\"Alcoy\",\"carril bici\",\"Partido Popular\",\"puentes\"],\"articleSection\":[\"Actualidad\",\"Alcoy\",\"Noticias\",\"Pol\u00edtica y Econom\u00eda\"],\"inLanguage\":\"es\"},{\"@type\":\"WebPage\",\"@id\":\"https:\\\/\\\/www.copealcoy.es\\\/es\\\/sigue-sin-conocerse-el-proyecto-de-carril-bici-para-los-puentes-en-alcoy\\\/\",\"url\":\"https:\\\/\\\/www.copealcoy.es\\\/es\\\/sigue-sin-conocerse-el-proyecto-de-carril-bici-para-los-puentes-en-alcoy\\\/\",\"name\":\"Sigue sin conocerse el proyecto de carril bici para los puentes en Alcoy - COPE Alcoy\",\"isPartOf\":{\"@id\":\"https:\\\/\\\/www.copealcoy.es\\\/es\\\/#website\"},\"primaryImageOfPage\":{\"@id\":\"https:\\\/\\\/www.copealcoy.es\\\/es\\\/sigue-sin-conocerse-el-proyecto-de-carril-bici-para-los-puentes-en-alcoy\\\/#primaryimage\"},\"image\":{\"@id\":\"https:\\\/\\\/www.copealcoy.es\\\/es\\\/sigue-sin-conocerse-el-proyecto-de-carril-bici-para-los-puentes-en-alcoy\\\/#primaryimage\"},\"thumbnailUrl\":\"https:\\\/\\\/www.copealcoy.es\\\/wp-content\\\/uploads\\\/2023\\\/05\\\/IMG_7015.jpg\",\"datePublished\":\"2023-05-03T11:36:09+00:00\",\"dateModified\":\"2023-05-03T15:54:26+00:00\",\"author\":{\"@id\":\"https:\\\/\\\/www.copealcoy.es\\\/es\\\/#\\\/schema\\\/person\\\/e777c87fa024e57d40170af9df39882c\"},\"description\":\"Las obras del carril bici que unir\u00e1 Cervantes con la Zona Norte avanzan a buen ritmo. Algunos tramos, como el de la Alameda, parecen estar pr\u00e1cticamente finalizados. Sin embargo, sigue sin quedar claro c\u00f3mo ser\u00e1 la circulaci\u00f3n en los puentes.\",\"breadcrumb\":{\"@id\":\"https:\\\/\\\/www.copealcoy.es\\\/es\\\/sigue-sin-conocerse-el-proyecto-de-carril-bici-para-los-puentes-en-alcoy\\\/#breadcrumb\"},\"inLanguage\":\"es\",\"potentialAction\":[{\"@type\":\"ReadAction\",\"target\":[\"https:\\\/\\\/www.copealcoy.es\\\/es\\\/sigue-sin-conocerse-el-proyecto-de-carril-bici-para-los-puentes-en-alcoy\\\/\"]}]},{\"@type\":\"ImageObject\",\"inLanguage\":\"es\",\"@id\":\"https:\\\/\\\/www.copealcoy.es\\\/es\\\/sigue-sin-conocerse-el-proyecto-de-carril-bici-para-los-puentes-en-alcoy\\\/#primaryimage\",\"url\":\"https:\\\/\\\/www.copealcoy.es\\\/wp-content\\\/uploads\\\/2023\\\/05\\\/IMG_7015.jpg\",\"contentUrl\":\"https:\\\/\\\/www.copealcoy.es\\\/wp-content\\\/uploads\\\/2023\\\/05\\\/IMG_7015.jpg\",\"width\":640,\"height\":480},{\"@type\":\"BreadcrumbList\",\"@id\":\"https:\\\/\\\/www.copealcoy.es\\\/es\\\/sigue-sin-conocerse-el-proyecto-de-carril-bici-para-los-puentes-en-alcoy\\\/#breadcrumb\",\"itemListElement\":[{\"@type\":\"ListItem\",\"position\":1,\"name\":\"Portada\",\"item\":\"https:\\\/\\\/www.copealcoy.es\\\/es\\\/\"},{\"@type\":\"ListItem\",\"position\":2,\"name\":\"Sigue sin conocerse el proyecto de carril bici para los puentes en Alcoy\"}]},{\"@type\":\"WebSite\",\"@id\":\"https:\\\/\\\/www.copealcoy.es\\\/es\\\/#website\",\"url\":\"https:\\\/\\\/www.copealcoy.es\\\/es\\\/\",\"name\":\"COPE Alcoy\",\"description\":\"Emisora COPE de radio local con emisi\u00f3n online. Pont de Sant Jordi 8-10 03803 Alcoy\",\"potentialAction\":[{\"@type\":\"SearchAction\",\"target\":{\"@type\":\"EntryPoint\",\"urlTemplate\":\"https:\\\/\\\/www.copealcoy.es\\\/es\\\/?s={search_term_string}\"},\"query-input\":{\"@type\":\"PropertyValueSpecification\",\"valueRequired\":true,\"valueName\":\"search_term_string\"}}],\"inLanguage\":\"es\"},{\"@type\":\"Person\",\"@id\":\"https:\\\/\\\/www.copealcoy.es\\\/es\\\/#\\\/schema\\\/person\\\/e777c87fa024e57d40170af9df39882c\",\"name\":\"Cope Alcoy\",\"image\":{\"@type\":\"ImageObject\",\"inLanguage\":\"es\",\"@id\":\"https:\\\/\\\/secure.gravatar.com\\\/avatar\\\/bb65d0283347e303893ba14f0692005417c1e0e690a325a4c5d8bb2b3943ee14?s=96&d=mm&r=g\",\"url\":\"https:\\\/\\\/secure.gravatar.com\\\/avatar\\\/bb65d0283347e303893ba14f0692005417c1e0e690a325a4c5d8bb2b3943ee14?s=96&d=mm&r=g\",\"contentUrl\":\"https:\\\/\\\/secure.gravatar.com\\\/avatar\\\/bb65d0283347e303893ba14f0692005417c1e0e690a325a4c5d8bb2b3943ee14?s=96&d=mm&r=g\",\"caption\":\"Cope Alcoy\"}}]}<\/script>\n<!-- \/ Yoast SEO plugin. -->","yoast_head_json":{"title":"Sigue sin conocerse el proyecto de carril bici para los puentes en Alcoy - COPE Alcoy","description":"Las obras del carril bici que unir\u00e1 Cervantes con la Zona Norte avanzan a buen ritmo. Algunos tramos, como el de la Alameda, parecen estar pr\u00e1cticamente finalizados. Sin embargo, sigue sin quedar claro c\u00f3mo ser\u00e1 la circulaci\u00f3n en los puentes.","robots":{"index":"index","follow":"follow","max-snippet":"max-snippet:-1","max-image-preview":"max-image-preview:large","max-video-preview":"max-video-preview:-1"},"canonical":"https:\/\/www.copealcoy.es\/es\/sigue-sin-conocerse-el-proyecto-de-carril-bici-para-los-puentes-en-alcoy\/","og_locale":"es_ES","og_type":"article","og_title":"Sigue sin conocerse el proyecto de carril bici para los puentes en Alcoy - COPE Alcoy","og_description":"Las obras del carril bici que unir\u00e1 Cervantes con la Zona Norte avanzan a buen ritmo. Algunos tramos, como el de la Alameda, parecen estar pr\u00e1cticamente finalizados. Sin embargo, sigue sin quedar claro c\u00f3mo ser\u00e1 la circulaci\u00f3n en los puentes.","og_url":"https:\/\/www.copealcoy.es\/es\/sigue-sin-conocerse-el-proyecto-de-carril-bici-para-los-puentes-en-alcoy\/","og_site_name":"COPE Alcoy","article_published_time":"2023-05-03T11:36:09+00:00","article_modified_time":"2023-05-03T15:54:26+00:00","og_image":[{"width":640,"height":480,"url":"https:\/\/www.copealcoy.es\/wp-content\/uploads\/2023\/05\/IMG_7015.jpg","type":"image\/jpeg"}],"author":"Cope Alcoy","twitter_misc":{"Escrito por":"Cope Alcoy","Tiempo de lectura":"2 minutos"},"schema":{"@context":"https:\/\/schema.org","@graph":[{"@type":"Article","@id":"https:\/\/www.copealcoy.es\/es\/sigue-sin-conocerse-el-proyecto-de-carril-bici-para-los-puentes-en-alcoy\/#article","isPartOf":{"@id":"https:\/\/www.copealcoy.es\/es\/sigue-sin-conocerse-el-proyecto-de-carril-bici-para-los-puentes-en-alcoy\/"},"author":{"name":"Cope Alcoy","@id":"https:\/\/www.copealcoy.es\/es\/#\/schema\/person\/e777c87fa024e57d40170af9df39882c"},"headline":"Sigue sin conocerse el proyecto de carril bici para los puentes en Alcoy","datePublished":"2023-05-03T11:36:09+00:00","dateModified":"2023-05-03T15:54:26+00:00","mainEntityOfPage":{"@id":"https:\/\/www.copealcoy.es\/es\/sigue-sin-conocerse-el-proyecto-de-carril-bici-para-los-puentes-en-alcoy\/"},"wordCount":398,"commentCount":0,"image":{"@id":"https:\/\/www.copealcoy.es\/es\/sigue-sin-conocerse-el-proyecto-de-carril-bici-para-los-puentes-en-alcoy\/#primaryimage"},"thumbnailUrl":"https:\/\/www.copealcoy.es\/wp-content\/uploads\/2023\/05\/IMG_7015.jpg","keywords":["Alcoy","carril bici","Partido Popular","puentes"],"articleSection":["Actualidad","Alcoy","Noticias","Pol\u00edtica y Econom\u00eda"],"inLanguage":"es"},{"@type":"WebPage","@id":"https:\/\/www.copealcoy.es\/es\/sigue-sin-conocerse-el-proyecto-de-carril-bici-para-los-puentes-en-alcoy\/","url":"https:\/\/www.copealcoy.es\/es\/sigue-sin-conocerse-el-proyecto-de-carril-bici-para-los-puentes-en-alcoy\/","name":"Sigue sin conocerse el proyecto de carril bici para los puentes en Alcoy - COPE Alcoy","isPartOf":{"@id":"https:\/\/www.copealcoy.es\/es\/#website"},"primaryImageOfPage":{"@id":"https:\/\/www.copealcoy.es\/es\/sigue-sin-conocerse-el-proyecto-de-carril-bici-para-los-puentes-en-alcoy\/#primaryimage"},"image":{"@id":"https:\/\/www.copealcoy.es\/es\/sigue-sin-conocerse-el-proyecto-de-carril-bici-para-los-puentes-en-alcoy\/#primaryimage"},"thumbnailUrl":"https:\/\/www.copealcoy.es\/wp-content\/uploads\/2023\/05\/IMG_7015.jpg","datePublished":"2023-05-03T11:36:09+00:00","dateModified":"2023-05-03T15:54:26+00:00","author":{"@id":"https:\/\/www.copealcoy.es\/es\/#\/schema\/person\/e777c87fa024e57d40170af9df39882c"},"description":"Las obras del carril bici que unir\u00e1 Cervantes con la Zona Norte avanzan a buen ritmo. Algunos tramos, como el de la Alameda, parecen estar pr\u00e1cticamente finalizados. Sin embargo, sigue sin quedar claro c\u00f3mo ser\u00e1 la circulaci\u00f3n en los puentes.","breadcrumb":{"@id":"https:\/\/www.copealcoy.es\/es\/sigue-sin-conocerse-el-proyecto-de-carril-bici-para-los-puentes-en-alcoy\/#breadcrumb"},"inLanguage":"es","potentialAction":[{"@type":"ReadAction","target":["https:\/\/www.copealcoy.es\/es\/sigue-sin-conocerse-el-proyecto-de-carril-bici-para-los-puentes-en-alcoy\/"]}]},{"@type":"ImageObject","inLanguage":"es","@id":"https:\/\/www.copealcoy.es\/es\/sigue-sin-conocerse-el-proyecto-de-carril-bici-para-los-puentes-en-alcoy\/#primaryimage","url":"https:\/\/www.copealcoy.es\/wp-content\/uploads\/2023\/05\/IMG_7015.jpg","contentUrl":"https:\/\/www.copealcoy.es\/wp-content\/uploads\/2023\/05\/IMG_7015.jpg","width":640,"height":480},{"@type":"BreadcrumbList","@id":"https:\/\/www.copealcoy.es\/es\/sigue-sin-conocerse-el-proyecto-de-carril-bici-para-los-puentes-en-alcoy\/#breadcrumb","itemListElement":[{"@type":"ListItem","position":1,"name":"Portada","item":"https:\/\/www.copealcoy.es\/es\/"},{"@type":"ListItem","position":2,"name":"Sigue sin conocerse el proyecto de carril bici para los puentes en Alcoy"}]},{"@type":"WebSite","@id":"https:\/\/www.copealcoy.es\/es\/#website","url":"https:\/\/www.copealcoy.es\/es\/","name":"COPE Alcoy","description":"Emisora COPE de radio local con emisi\u00f3n online. Pont de Sant Jordi 8-10 03803 Alcoy","potentialAction":[{"@type":"SearchAction","target":{"@type":"EntryPoint","urlTemplate":"https:\/\/www.copealcoy.es\/es\/?s={search_term_string}"},"query-input":{"@type":"PropertyValueSpecification","valueRequired":true,"valueName":"search_term_string"}}],"inLanguage":"es"},{"@type":"Person","@id":"https:\/\/www.copealcoy.es\/es\/#\/schema\/person\/e777c87fa024e57d40170af9df39882c","name":"Cope Alcoy","image":{"@type":"ImageObject","inLanguage":"es","@id":"https:\/\/secure.gravatar.com\/avatar\/bb65d0283347e303893ba14f0692005417c1e0e690a325a4c5d8bb2b3943ee14?s=96&d=mm&r=g","url":"https:\/\/secure.gravatar.com\/avatar\/bb65d0283347e303893ba14f0692005417c1e0e690a325a4c5d8bb2b3943ee14?s=96&d=mm&r=g","contentUrl":"https:\/\/secure.gravatar.com\/avatar\/bb65d0283347e303893ba14f0692005417c1e0e690a325a4c5d8bb2b3943ee14?s=96&d=mm&r=g","caption":"Cope Alcoy"}}]}},"_links":{"self":[{"href":"https:\/\/www.copealcoy.es\/es\/wp-json\/wp\/v2\/posts\/115125","targetHints":{"allow":["GET"]}}],"collection":[{"href":"https:\/\/www.copealcoy.es\/es\/wp-json\/wp\/v2\/posts"}],"about":[{"href":"https:\/\/www.copealcoy.es\/es\/wp-json\/wp\/v2\/types\/post"}],"author":[{"embeddable":true,"href":"https:\/\/www.copealcoy.es\/es\/wp-json\/wp\/v2\/users\/1"}],"replies":[{"embeddable":true,"href":"https:\/\/www.copealcoy.es\/es\/wp-json\/wp\/v2\/comments?post=115125"}],"version-history":[{"count":0,"href":"https:\/\/www.copealcoy.es\/es\/wp-json\/wp\/v2\/posts\/115125\/revisions"}],"wp:featuredmedia":[{"embeddable":true,"href":"https:\/\/www.copealcoy.es\/es\/wp-json\/wp\/v2\/media\/115127"}],"wp:attachment":[{"href":"https:\/\/www.copealcoy.es\/es\/wp-json\/wp\/v2\/media?parent=115125"}],"wp:term":[{"taxonomy":"category","embeddable":true,"href":"https:\/\/www.copealcoy.es\/es\/wp-json\/wp\/v2\/categories?post=115125"},{"taxonomy":"post_tag","embeddable":true,"href":"https:\/\/www.copealcoy.es\/es\/wp-json\/wp\/v2\/tags?post=115125"}],"curies":[{"name":"wp","href":"https:\/\/api.w.org\/{rel}","templated":true}]}}