{"id":11508,"date":"2015-03-20T18:36:31","date_gmt":"2015-03-20T18:36:31","guid":{"rendered":"http:\/\/copealcoi.es\/new\/?p=11508"},"modified":"2015-03-20T18:38:39","modified_gmt":"2015-03-20T18:38:39","slug":"el-ayuntamiento-remite-al-tsj-el-proyecto-de-la-rosaleda","status":"publish","type":"post","link":"https:\/\/www.copealcoy.es\/es\/el-ayuntamiento-remite-al-tsj-el-proyecto-de-la-rosaleda\/","title":{"rendered":"El Ayuntamiento remite al TSJ el proyecto de la Rosaleda"},"content":{"rendered":"<p style=\"text-align: justify;\">El Ayuntamiento de Alcoy ya ha remitido al Tribunal Superior de Justicia (TSJ) el proyecto de reforma de la Rosaleda, avalado por los t\u00e9cnicos municipales, y que busca normalizar la situaci\u00f3n de la plaza tras la sentencia de 2005 que la declar\u00f3 ilegal. As\u00ed lo explic\u00f3 la pasada semana en La Ma\u00f1ana de Cope Alcoy el alcalde, Antonio Franc\u00e9s, quien se\u00f1al\u00f3 que ahora se ha abierto un proceso &#8220;para que la parte contraria, en este caso La Carrasca, pueda presentar las alegaciones que considere oportunas&#8221;, destaca.<\/p>\n<p style=\"text-align: justify;\">Hay que recordar que precisamente\u00a0La Colla La Carrasca se oposuso al dise\u00f1o planteado por el Consistorio e insisten en que este hace que algunos espacios sesn inaccesibles al mismo tiempo que no se consigue que la altura de la plaza quede a la misma rasante de la calle.\u00a0Adem\u00e1s, seg\u00fan recoge el Diario Informaci\u00f3n en su edici\u00f3n de este viernes la Carrasca y Ortiz alegan que el peso de la capa de tierra de la zona ajardinada que se propone es un peligro para el aparcamiento subterr\u00e1neo . Desde el propio Ayuntamiento defienden la actuaci\u00f3n y se apoyan en\u00a0las pruebas de carga realizadas en su d\u00eda y para las que llegaron a emplearse incluso contenedores con agua.<\/p>\n","protected":false},"excerpt":{"rendered":"<p>El Ayuntamiento de Alcoy ya ha remitido al Tribunal Superior de Justicia (TSJ) el proyecto de reforma de la Rosaleda,&#8230;<\/p>\n","protected":false},"author":1,"featured_media":10462,"comment_status":"open","ping_status":"open","sticky":false,"template":"","format":"standard","meta":{"footnotes":""},"categories":[97,75,125],"tags":[1494,229,863,145,144,658,633],"class_list":["post-11508","post","type-post","status-publish","format-standard","has-post-thumbnail","hentry","category-alcoy","category-noticias","category-portada","tag-alcoy","tag-ayuntamiento","tag-colla-la-carrasca","tag-obras","tag-rosaleda","tag-tsj","tag-urbanismo"],"yoast_head":"<!-- This site is optimized with the Yoast SEO plugin v27.3 - https:\/\/yoast.com\/product\/yoast-seo-wordpress\/ -->\n<title>El Ayuntamiento remite al TSJ el proyecto de la Rosaleda - COPE Alcoy<\/title>\n<meta name=\"robots\" content=\"index, follow, max-snippet:-1, max-image-preview:large, max-video-preview:-1\" \/>\n<link rel=\"canonical\" href=\"https:\/\/www.copealcoy.es\/es\/el-ayuntamiento-remite-al-tsj-el-proyecto-de-la-rosaleda\/\" \/>\n<meta property=\"og:locale\" content=\"es_ES\" \/>\n<meta property=\"og:type\" content=\"article\" \/>\n<meta property=\"og:title\" content=\"El Ayuntamiento remite al TSJ el proyecto de la Rosaleda - COPE Alcoy\" \/>\n<meta property=\"og:description\" content=\"El Ayuntamiento de Alcoy ya ha remitido al Tribunal Superior de Justicia (TSJ) el proyecto de reforma de la Rosaleda,...\" \/>\n<meta property=\"og:url\" content=\"https:\/\/www.copealcoy.es\/es\/el-ayuntamiento-remite-al-tsj-el-proyecto-de-la-rosaleda\/\" \/>\n<meta property=\"og:site_name\" content=\"COPE Alcoy\" \/>\n<meta property=\"article:published_time\" content=\"2015-03-20T18:36:31+00:00\" \/>\n<meta property=\"article:modified_time\" content=\"2015-03-20T18:38:39+00:00\" \/>\n<meta property=\"og:image\" content=\"https:\/\/www.copealcoy.es\/wp-content\/uploads\/2015\/02\/image23.jpg\" \/>\n\t<meta property=\"og:image:width\" content=\"640\" \/>\n\t<meta property=\"og:image:height\" content=\"480\" \/>\n\t<meta property=\"og:image:type\" content=\"image\/jpeg\" \/>\n<meta name=\"author\" content=\"Cope Alcoy\" \/>\n<meta name=\"twitter:label1\" content=\"Escrito por\" \/>\n\t<meta name=\"twitter:data1\" content=\"Cope Alcoy\" \/>\n\t<meta name=\"twitter:label2\" content=\"Tiempo de lectura\" \/>\n\t<meta name=\"twitter:data2\" content=\"1 minuto\" \/>\n<script type=\"application\/ld+json\" class=\"yoast-schema-graph\">{\"@context\":\"https:\\\/\\\/schema.org\",\"@graph\":[{\"@type\":\"Article\",\"@id\":\"https:\\\/\\\/www.copealcoy.es\\\/es\\\/el-ayuntamiento-remite-al-tsj-el-proyecto-de-la-rosaleda\\\/#article\",\"isPartOf\":{\"@id\":\"https:\\\/\\\/www.copealcoy.es\\\/es\\\/el-ayuntamiento-remite-al-tsj-el-proyecto-de-la-rosaleda\\\/\"},\"author\":{\"name\":\"Cope Alcoy\",\"@id\":\"https:\\\/\\\/www.copealcoy.es\\\/es\\\/#\\\/schema\\\/person\\\/e777c87fa024e57d40170af9df39882c\"},\"headline\":\"El Ayuntamiento remite al TSJ el proyecto de la Rosaleda\",\"datePublished\":\"2015-03-20T18:36:31+00:00\",\"dateModified\":\"2015-03-20T18:38:39+00:00\",\"mainEntityOfPage\":{\"@id\":\"https:\\\/\\\/www.copealcoy.es\\\/es\\\/el-ayuntamiento-remite-al-tsj-el-proyecto-de-la-rosaleda\\\/\"},\"wordCount\":226,\"commentCount\":0,\"image\":{\"@id\":\"https:\\\/\\\/www.copealcoy.es\\\/es\\\/el-ayuntamiento-remite-al-tsj-el-proyecto-de-la-rosaleda\\\/#primaryimage\"},\"thumbnailUrl\":\"https:\\\/\\\/www.copealcoy.es\\\/wp-content\\\/uploads\\\/2015\\\/02\\\/image23.jpg\",\"keywords\":[\"Alcoy\",\"Ayuntamiento\",\"Colla La Carrasca\",\"Obras\",\"Rosaleda\",\"TSJ\",\"Urbanismo\"],\"articleSection\":[\"Alcoy\",\"Noticias\",\"Portada\"],\"inLanguage\":\"es\"},{\"@type\":\"WebPage\",\"@id\":\"https:\\\/\\\/www.copealcoy.es\\\/es\\\/el-ayuntamiento-remite-al-tsj-el-proyecto-de-la-rosaleda\\\/\",\"url\":\"https:\\\/\\\/www.copealcoy.es\\\/es\\\/el-ayuntamiento-remite-al-tsj-el-proyecto-de-la-rosaleda\\\/\",\"name\":\"El Ayuntamiento remite al TSJ el proyecto de la Rosaleda - COPE Alcoy\",\"isPartOf\":{\"@id\":\"https:\\\/\\\/www.copealcoy.es\\\/es\\\/#website\"},\"primaryImageOfPage\":{\"@id\":\"https:\\\/\\\/www.copealcoy.es\\\/es\\\/el-ayuntamiento-remite-al-tsj-el-proyecto-de-la-rosaleda\\\/#primaryimage\"},\"image\":{\"@id\":\"https:\\\/\\\/www.copealcoy.es\\\/es\\\/el-ayuntamiento-remite-al-tsj-el-proyecto-de-la-rosaleda\\\/#primaryimage\"},\"thumbnailUrl\":\"https:\\\/\\\/www.copealcoy.es\\\/wp-content\\\/uploads\\\/2015\\\/02\\\/image23.jpg\",\"datePublished\":\"2015-03-20T18:36:31+00:00\",\"dateModified\":\"2015-03-20T18:38:39+00:00\",\"author\":{\"@id\":\"https:\\\/\\\/www.copealcoy.es\\\/es\\\/#\\\/schema\\\/person\\\/e777c87fa024e57d40170af9df39882c\"},\"breadcrumb\":{\"@id\":\"https:\\\/\\\/www.copealcoy.es\\\/es\\\/el-ayuntamiento-remite-al-tsj-el-proyecto-de-la-rosaleda\\\/#breadcrumb\"},\"inLanguage\":\"es\",\"potentialAction\":[{\"@type\":\"ReadAction\",\"target\":[\"https:\\\/\\\/www.copealcoy.es\\\/es\\\/el-ayuntamiento-remite-al-tsj-el-proyecto-de-la-rosaleda\\\/\"]}]},{\"@type\":\"ImageObject\",\"inLanguage\":\"es\",\"@id\":\"https:\\\/\\\/www.copealcoy.es\\\/es\\\/el-ayuntamiento-remite-al-tsj-el-proyecto-de-la-rosaleda\\\/#primaryimage\",\"url\":\"https:\\\/\\\/www.copealcoy.es\\\/wp-content\\\/uploads\\\/2015\\\/02\\\/image23.jpg\",\"contentUrl\":\"https:\\\/\\\/www.copealcoy.es\\\/wp-content\\\/uploads\\\/2015\\\/02\\\/image23.jpg\",\"width\":640,\"height\":480,\"caption\":\"El proyecto de la Rosaleda busca adaptar la plaza a la legalidad\"},{\"@type\":\"BreadcrumbList\",\"@id\":\"https:\\\/\\\/www.copealcoy.es\\\/es\\\/el-ayuntamiento-remite-al-tsj-el-proyecto-de-la-rosaleda\\\/#breadcrumb\",\"itemListElement\":[{\"@type\":\"ListItem\",\"position\":1,\"name\":\"Portada\",\"item\":\"https:\\\/\\\/www.copealcoy.es\\\/es\\\/\"},{\"@type\":\"ListItem\",\"position\":2,\"name\":\"El Ayuntamiento remite al TSJ el proyecto de la Rosaleda\"}]},{\"@type\":\"WebSite\",\"@id\":\"https:\\\/\\\/www.copealcoy.es\\\/es\\\/#website\",\"url\":\"https:\\\/\\\/www.copealcoy.es\\\/es\\\/\",\"name\":\"COPE Alcoy\",\"description\":\"Emisora COPE de radio local con emisi\u00f3n online. Pont de Sant Jordi 8-10 03803 Alcoy\",\"potentialAction\":[{\"@type\":\"SearchAction\",\"target\":{\"@type\":\"EntryPoint\",\"urlTemplate\":\"https:\\\/\\\/www.copealcoy.es\\\/es\\\/?s={search_term_string}\"},\"query-input\":{\"@type\":\"PropertyValueSpecification\",\"valueRequired\":true,\"valueName\":\"search_term_string\"}}],\"inLanguage\":\"es\"},{\"@type\":\"Person\",\"@id\":\"https:\\\/\\\/www.copealcoy.es\\\/es\\\/#\\\/schema\\\/person\\\/e777c87fa024e57d40170af9df39882c\",\"name\":\"Cope Alcoy\",\"image\":{\"@type\":\"ImageObject\",\"inLanguage\":\"es\",\"@id\":\"https:\\\/\\\/secure.gravatar.com\\\/avatar\\\/bb65d0283347e303893ba14f0692005417c1e0e690a325a4c5d8bb2b3943ee14?s=96&d=mm&r=g\",\"url\":\"https:\\\/\\\/secure.gravatar.com\\\/avatar\\\/bb65d0283347e303893ba14f0692005417c1e0e690a325a4c5d8bb2b3943ee14?s=96&d=mm&r=g\",\"contentUrl\":\"https:\\\/\\\/secure.gravatar.com\\\/avatar\\\/bb65d0283347e303893ba14f0692005417c1e0e690a325a4c5d8bb2b3943ee14?s=96&d=mm&r=g\",\"caption\":\"Cope Alcoy\"}}]}<\/script>\n<!-- \/ Yoast SEO plugin. -->","yoast_head_json":{"title":"El Ayuntamiento remite al TSJ el proyecto de la Rosaleda - COPE Alcoy","robots":{"index":"index","follow":"follow","max-snippet":"max-snippet:-1","max-image-preview":"max-image-preview:large","max-video-preview":"max-video-preview:-1"},"canonical":"https:\/\/www.copealcoy.es\/es\/el-ayuntamiento-remite-al-tsj-el-proyecto-de-la-rosaleda\/","og_locale":"es_ES","og_type":"article","og_title":"El Ayuntamiento remite al TSJ el proyecto de la Rosaleda - COPE Alcoy","og_description":"El Ayuntamiento de Alcoy ya ha remitido al Tribunal Superior de Justicia (TSJ) el proyecto de reforma de la Rosaleda,...","og_url":"https:\/\/www.copealcoy.es\/es\/el-ayuntamiento-remite-al-tsj-el-proyecto-de-la-rosaleda\/","og_site_name":"COPE Alcoy","article_published_time":"2015-03-20T18:36:31+00:00","article_modified_time":"2015-03-20T18:38:39+00:00","og_image":[{"width":640,"height":480,"url":"https:\/\/www.copealcoy.es\/wp-content\/uploads\/2015\/02\/image23.jpg","type":"image\/jpeg"}],"author":"Cope Alcoy","twitter_misc":{"Escrito por":"Cope Alcoy","Tiempo de lectura":"1 minuto"},"schema":{"@context":"https:\/\/schema.org","@graph":[{"@type":"Article","@id":"https:\/\/www.copealcoy.es\/es\/el-ayuntamiento-remite-al-tsj-el-proyecto-de-la-rosaleda\/#article","isPartOf":{"@id":"https:\/\/www.copealcoy.es\/es\/el-ayuntamiento-remite-al-tsj-el-proyecto-de-la-rosaleda\/"},"author":{"name":"Cope Alcoy","@id":"https:\/\/www.copealcoy.es\/es\/#\/schema\/person\/e777c87fa024e57d40170af9df39882c"},"headline":"El Ayuntamiento remite al TSJ el proyecto de la Rosaleda","datePublished":"2015-03-20T18:36:31+00:00","dateModified":"2015-03-20T18:38:39+00:00","mainEntityOfPage":{"@id":"https:\/\/www.copealcoy.es\/es\/el-ayuntamiento-remite-al-tsj-el-proyecto-de-la-rosaleda\/"},"wordCount":226,"commentCount":0,"image":{"@id":"https:\/\/www.copealcoy.es\/es\/el-ayuntamiento-remite-al-tsj-el-proyecto-de-la-rosaleda\/#primaryimage"},"thumbnailUrl":"https:\/\/www.copealcoy.es\/wp-content\/uploads\/2015\/02\/image23.jpg","keywords":["Alcoy","Ayuntamiento","Colla La Carrasca","Obras","Rosaleda","TSJ","Urbanismo"],"articleSection":["Alcoy","Noticias","Portada"],"inLanguage":"es"},{"@type":"WebPage","@id":"https:\/\/www.copealcoy.es\/es\/el-ayuntamiento-remite-al-tsj-el-proyecto-de-la-rosaleda\/","url":"https:\/\/www.copealcoy.es\/es\/el-ayuntamiento-remite-al-tsj-el-proyecto-de-la-rosaleda\/","name":"El Ayuntamiento remite al TSJ el proyecto de la Rosaleda - COPE Alcoy","isPartOf":{"@id":"https:\/\/www.copealcoy.es\/es\/#website"},"primaryImageOfPage":{"@id":"https:\/\/www.copealcoy.es\/es\/el-ayuntamiento-remite-al-tsj-el-proyecto-de-la-rosaleda\/#primaryimage"},"image":{"@id":"https:\/\/www.copealcoy.es\/es\/el-ayuntamiento-remite-al-tsj-el-proyecto-de-la-rosaleda\/#primaryimage"},"thumbnailUrl":"https:\/\/www.copealcoy.es\/wp-content\/uploads\/2015\/02\/image23.jpg","datePublished":"2015-03-20T18:36:31+00:00","dateModified":"2015-03-20T18:38:39+00:00","author":{"@id":"https:\/\/www.copealcoy.es\/es\/#\/schema\/person\/e777c87fa024e57d40170af9df39882c"},"breadcrumb":{"@id":"https:\/\/www.copealcoy.es\/es\/el-ayuntamiento-remite-al-tsj-el-proyecto-de-la-rosaleda\/#breadcrumb"},"inLanguage":"es","potentialAction":[{"@type":"ReadAction","target":["https:\/\/www.copealcoy.es\/es\/el-ayuntamiento-remite-al-tsj-el-proyecto-de-la-rosaleda\/"]}]},{"@type":"ImageObject","inLanguage":"es","@id":"https:\/\/www.copealcoy.es\/es\/el-ayuntamiento-remite-al-tsj-el-proyecto-de-la-rosaleda\/#primaryimage","url":"https:\/\/www.copealcoy.es\/wp-content\/uploads\/2015\/02\/image23.jpg","contentUrl":"https:\/\/www.copealcoy.es\/wp-content\/uploads\/2015\/02\/image23.jpg","width":640,"height":480,"caption":"El proyecto de la Rosaleda busca adaptar la plaza a la legalidad"},{"@type":"BreadcrumbList","@id":"https:\/\/www.copealcoy.es\/es\/el-ayuntamiento-remite-al-tsj-el-proyecto-de-la-rosaleda\/#breadcrumb","itemListElement":[{"@type":"ListItem","position":1,"name":"Portada","item":"https:\/\/www.copealcoy.es\/es\/"},{"@type":"ListItem","position":2,"name":"El Ayuntamiento remite al TSJ el proyecto de la Rosaleda"}]},{"@type":"WebSite","@id":"https:\/\/www.copealcoy.es\/es\/#website","url":"https:\/\/www.copealcoy.es\/es\/","name":"COPE Alcoy","description":"Emisora COPE de radio local con emisi\u00f3n online. Pont de Sant Jordi 8-10 03803 Alcoy","potentialAction":[{"@type":"SearchAction","target":{"@type":"EntryPoint","urlTemplate":"https:\/\/www.copealcoy.es\/es\/?s={search_term_string}"},"query-input":{"@type":"PropertyValueSpecification","valueRequired":true,"valueName":"search_term_string"}}],"inLanguage":"es"},{"@type":"Person","@id":"https:\/\/www.copealcoy.es\/es\/#\/schema\/person\/e777c87fa024e57d40170af9df39882c","name":"Cope Alcoy","image":{"@type":"ImageObject","inLanguage":"es","@id":"https:\/\/secure.gravatar.com\/avatar\/bb65d0283347e303893ba14f0692005417c1e0e690a325a4c5d8bb2b3943ee14?s=96&d=mm&r=g","url":"https:\/\/secure.gravatar.com\/avatar\/bb65d0283347e303893ba14f0692005417c1e0e690a325a4c5d8bb2b3943ee14?s=96&d=mm&r=g","contentUrl":"https:\/\/secure.gravatar.com\/avatar\/bb65d0283347e303893ba14f0692005417c1e0e690a325a4c5d8bb2b3943ee14?s=96&d=mm&r=g","caption":"Cope Alcoy"}}]}},"_links":{"self":[{"href":"https:\/\/www.copealcoy.es\/es\/wp-json\/wp\/v2\/posts\/11508","targetHints":{"allow":["GET"]}}],"collection":[{"href":"https:\/\/www.copealcoy.es\/es\/wp-json\/wp\/v2\/posts"}],"about":[{"href":"https:\/\/www.copealcoy.es\/es\/wp-json\/wp\/v2\/types\/post"}],"author":[{"embeddable":true,"href":"https:\/\/www.copealcoy.es\/es\/wp-json\/wp\/v2\/users\/1"}],"replies":[{"embeddable":true,"href":"https:\/\/www.copealcoy.es\/es\/wp-json\/wp\/v2\/comments?post=11508"}],"version-history":[{"count":0,"href":"https:\/\/www.copealcoy.es\/es\/wp-json\/wp\/v2\/posts\/11508\/revisions"}],"wp:featuredmedia":[{"embeddable":true,"href":"https:\/\/www.copealcoy.es\/es\/wp-json\/wp\/v2\/media\/10462"}],"wp:attachment":[{"href":"https:\/\/www.copealcoy.es\/es\/wp-json\/wp\/v2\/media?parent=11508"}],"wp:term":[{"taxonomy":"category","embeddable":true,"href":"https:\/\/www.copealcoy.es\/es\/wp-json\/wp\/v2\/categories?post=11508"},{"taxonomy":"post_tag","embeddable":true,"href":"https:\/\/www.copealcoy.es\/es\/wp-json\/wp\/v2\/tags?post=11508"}],"curies":[{"name":"wp","href":"https:\/\/api.w.org\/{rel}","templated":true}]}}