{"id":114980,"date":"2023-05-02T05:00:53","date_gmt":"2023-05-02T04:00:53","guid":{"rendered":"https:\/\/www.copealcoy.es\/?p=114980"},"modified":"2023-05-02T19:01:18","modified_gmt":"2023-05-02T18:01:18","slug":"los-partidos-politicos-debaten-esta-semana-sobre-reto-demografico-en-cope-alcoy","status":"publish","type":"post","link":"https:\/\/www.copealcoy.es\/es\/los-partidos-politicos-debaten-esta-semana-sobre-reto-demografico-en-cope-alcoy\/","title":{"rendered":"Los partidos pol\u00edticos debaten esta semana sobre reto demogr\u00e1fico en Cope Alcoy"},"content":{"rendered":"<p>Cope<strong>\u00a0Alcoy<\/strong>\u00a0contin\u00faa con su\u00a0<strong>programaci\u00f3n electoral<\/strong>. Con la vista puesta en los\u00a0<strong>comicios municipales del pr\u00f3ximo 28 de mayo<\/strong>, es momento de dar voz a los representantes de los partidos pol\u00edticos que se presentan a la cita electoral. Y lo hacemos con nuestros\u00a0<strong>debates sectoriales<\/strong>.<\/p>\n<p>Esta semana toca hablar de <strong>reto demogr\u00e1fico<\/strong>. La p\u00e9rdida de poblaci\u00f3n de Alcoy, las posibles soluciones para que la gente joven opte por quedarse en la ciudad y la relaci\u00f3n entre demograf\u00eda y empleo son algunas de las cuestiones sobre las que se debatir\u00e1 en esta cita radiof\u00f3nica.<\/p>\n<p>El\u00a0<strong>martes 2 de mayo <\/strong>ser\u00e1 el turno para\u00a0<strong>PSOE<\/strong>,\u00a0<strong>PP<\/strong>\u00a0y\u00a0<strong>Comprom\u00eds<\/strong>. Y el\u00a0<strong>jueves 4 de mayo<\/strong>\u00a0los micros de Cope Alcoy contar\u00e1n con\u00a0<strong>Podem<\/strong>,\u00a0<strong>Guanyar Alcoi<\/strong>,\u00a0<strong>Vox, Ciudadanos<\/strong>\u00a0y\u00a0<strong>ADIN<\/strong>.<\/p>\n<p><strong>Los debates sectoriales<\/strong><\/p>\n<p><strong>A lo largo de seis semanas<\/strong>, hablaremos con los partidos pol\u00edticos con representaci\u00f3n municipal en nuestra ciudad de los temas que m\u00e1s preocupan a la ciudadan\u00eda alcoyana. Econom\u00eda, industria, cultura, movilidad, comunicaciones\u2026 Las formaciones tendr\u00e1n la oportunidad de debatir sobre la situaci\u00f3n de la ciudad y aportar propuestas, quejas y sugerencias.<\/p>\n<p>Los debates, que tendr\u00e1n lugar todos\u00a0<strong>los martes y jueves de las pr\u00f3ximas semanas<\/strong>, se podr\u00e1n escuchar\u00a0<strong>en directo de una a dos del mediod\u00eda<\/strong>. Y posteriormente\u00a0<strong>estar\u00e1n disponibles en nuestra web<\/strong>. Cada semana se abordar\u00e1 la situaci\u00f3n de un sector en concreto y, repartidos en dos d\u00edas, representantes de los distintos partidos debatir\u00e1n entre ellos, en un\u00a0<strong>encuentro moderado por Gabriel Pascual y Abril Peidro<\/strong>.<\/p>\n<p>Todo ello, con el objetivo de acercar a la ciudadan\u00eda la informaci\u00f3n sobre las distintas opciones pol\u00edticas que concurrir\u00e1n a las elecciones.<\/p>\n<p><strong>Candidatos a la alcald\u00eda<\/strong><\/p>\n<p><strong>Toni Franc\u00e9s<\/strong>, alcalde durante las tres \u00faltimas legislaturas, vuelve a presentarse por el PSOE a la reelecci\u00f3n. El Partido Popular, sin embargo, apuesta por la renovaci\u00f3n con la candidatura de\u00a0<strong>Carlos Pastor<\/strong>.<\/p>\n<p>Cambio de aires tambi\u00e9n en la izquierda. Guanyar Alcoi opta por\u00a0<strong>Sergi Rodr\u00edguez<\/strong>.\u00a0<strong>Trini Rubio<\/strong>\u00a0liderar\u00e1 la lista de Podem Alcoi y\u00a0<strong>\u00c1lex Cerradelo<\/strong>\u00a0da un paso adelante en Comprom\u00eds.<\/p>\n<p>En Vox\u00a0<strong>David Abad<\/strong>\u00a0repite como candidato y nace ADIN, un nuevo partido que concurre a las elecciones con\u00a0<strong>Marcos Mart\u00ednez<\/strong>\u00a0-actualmente concejal no adscrito- como cabeza de lista.<\/p>\n<p>En los \u00faltimos d\u00edas ha sido noticia que Ciudadanos se presentar\u00e1 finalmente a las elecciones y lo har\u00e1 con\u00a0<strong>Rafa Zamorano<\/strong>\u00a0como candidato.<\/p>\n","protected":false},"excerpt":{"rendered":"<p>Cope\u00a0Alcoy\u00a0contin\u00faa con su\u00a0programaci\u00f3n electoral. Con la vista puesta en los\u00a0comicios municipales del pr\u00f3ximo 28 de mayo, es momento de dar&#8230;<\/p>\n","protected":false},"author":1,"featured_media":115081,"comment_status":"open","ping_status":"open","sticky":false,"template":"","format":"standard","meta":{"footnotes":""},"categories":[6909,97,744,75,79],"tags":[1494,14476,721,422],"class_list":["post-114980","post","type-post","status-publish","format-standard","has-post-thumbnail","hentry","category-actualidad","category-alcoy","category-elecciones","category-noticias","category-politicayeconomia","tag-alcoy","tag-debate-sectorial","tag-elecciones-municipales","tag-politica"],"yoast_head":"<!-- This site is optimized with the Yoast SEO plugin v27.3 - https:\/\/yoast.com\/product\/yoast-seo-wordpress\/ -->\n<title>Los partidos pol\u00edticos debaten esta semana sobre reto demogr\u00e1fico en Cope Alcoy - COPE Alcoy<\/title>\n<meta name=\"description\" content=\"Cope\u00a0Alcoy\u00a0contin\u00faa con su\u00a0programaci\u00f3n electoral. Con la vista puesta en los\u00a0comicios municipales del pr\u00f3ximo 28 de mayo, es momento de dar voz a los representantes de los partidos pol\u00edticos que se presentan a la cita electoral. Y lo hacemos con nuestros\u00a0debates sectoriales.\" \/>\n<meta name=\"robots\" content=\"index, follow, max-snippet:-1, max-image-preview:large, max-video-preview:-1\" \/>\n<link rel=\"canonical\" href=\"https:\/\/www.copealcoy.es\/es\/los-partidos-politicos-debaten-esta-semana-sobre-reto-demografico-en-cope-alcoy\/\" \/>\n<meta property=\"og:locale\" content=\"es_ES\" \/>\n<meta property=\"og:type\" content=\"article\" \/>\n<meta property=\"og:title\" content=\"Los partidos pol\u00edticos debaten esta semana sobre reto demogr\u00e1fico en Cope Alcoy - COPE Alcoy\" \/>\n<meta property=\"og:description\" content=\"Cope\u00a0Alcoy\u00a0contin\u00faa con su\u00a0programaci\u00f3n electoral. Con la vista puesta en los\u00a0comicios municipales del pr\u00f3ximo 28 de mayo, es momento de dar voz a los representantes de los partidos pol\u00edticos que se presentan a la cita electoral. Y lo hacemos con nuestros\u00a0debates sectoriales.\" \/>\n<meta property=\"og:url\" content=\"https:\/\/www.copealcoy.es\/es\/los-partidos-politicos-debaten-esta-semana-sobre-reto-demografico-en-cope-alcoy\/\" \/>\n<meta property=\"og:site_name\" content=\"COPE Alcoy\" \/>\n<meta property=\"article:published_time\" content=\"2023-05-02T04:00:53+00:00\" \/>\n<meta property=\"article:modified_time\" content=\"2023-05-02T18:01:18+00:00\" \/>\n<meta property=\"og:image\" content=\"https:\/\/www.copealcoy.es\/wp-content\/uploads\/2023\/05\/Envia-mensajes-de-Whatsapp-imagenes-o-notas-de-voz-con-tus-quejas-y-sugerencias-24.png\" \/>\n\t<meta property=\"og:image:width\" content=\"357\" \/>\n\t<meta property=\"og:image:height\" content=\"290\" \/>\n\t<meta property=\"og:image:type\" content=\"image\/png\" \/>\n<meta name=\"author\" content=\"Cope Alcoy\" \/>\n<meta name=\"twitter:label1\" content=\"Escrito por\" \/>\n\t<meta name=\"twitter:data1\" content=\"Cope Alcoy\" \/>\n\t<meta name=\"twitter:label2\" content=\"Tiempo de lectura\" \/>\n\t<meta name=\"twitter:data2\" content=\"2 minutos\" \/>\n<script type=\"application\/ld+json\" class=\"yoast-schema-graph\">{\"@context\":\"https:\\\/\\\/schema.org\",\"@graph\":[{\"@type\":\"Article\",\"@id\":\"https:\\\/\\\/www.copealcoy.es\\\/es\\\/los-partidos-politicos-debaten-esta-semana-sobre-reto-demografico-en-cope-alcoy\\\/#article\",\"isPartOf\":{\"@id\":\"https:\\\/\\\/www.copealcoy.es\\\/es\\\/los-partidos-politicos-debaten-esta-semana-sobre-reto-demografico-en-cope-alcoy\\\/\"},\"author\":{\"name\":\"Cope Alcoy\",\"@id\":\"https:\\\/\\\/www.copealcoy.es\\\/es\\\/#\\\/schema\\\/person\\\/e777c87fa024e57d40170af9df39882c\"},\"headline\":\"Los partidos pol\u00edticos debaten esta semana sobre reto demogr\u00e1fico en Cope Alcoy\",\"datePublished\":\"2023-05-02T04:00:53+00:00\",\"dateModified\":\"2023-05-02T18:01:18+00:00\",\"mainEntityOfPage\":{\"@id\":\"https:\\\/\\\/www.copealcoy.es\\\/es\\\/los-partidos-politicos-debaten-esta-semana-sobre-reto-demografico-en-cope-alcoy\\\/\"},\"wordCount\":438,\"commentCount\":0,\"image\":{\"@id\":\"https:\\\/\\\/www.copealcoy.es\\\/es\\\/los-partidos-politicos-debaten-esta-semana-sobre-reto-demografico-en-cope-alcoy\\\/#primaryimage\"},\"thumbnailUrl\":\"https:\\\/\\\/www.copealcoy.es\\\/wp-content\\\/uploads\\\/2023\\\/05\\\/Envia-mensajes-de-Whatsapp-imagenes-o-notas-de-voz-con-tus-quejas-y-sugerencias-24.png\",\"keywords\":[\"Alcoy\",\"debate sectorial\",\"Elecciones Municipales\",\"Pol\u00edtica\"],\"articleSection\":[\"Actualidad\",\"Alcoy\",\"Elecciones\",\"Noticias\",\"Pol\u00edtica y Econom\u00eda\"],\"inLanguage\":\"es\"},{\"@type\":\"WebPage\",\"@id\":\"https:\\\/\\\/www.copealcoy.es\\\/es\\\/los-partidos-politicos-debaten-esta-semana-sobre-reto-demografico-en-cope-alcoy\\\/\",\"url\":\"https:\\\/\\\/www.copealcoy.es\\\/es\\\/los-partidos-politicos-debaten-esta-semana-sobre-reto-demografico-en-cope-alcoy\\\/\",\"name\":\"Los partidos pol\u00edticos debaten esta semana sobre reto demogr\u00e1fico en Cope Alcoy - COPE Alcoy\",\"isPartOf\":{\"@id\":\"https:\\\/\\\/www.copealcoy.es\\\/es\\\/#website\"},\"primaryImageOfPage\":{\"@id\":\"https:\\\/\\\/www.copealcoy.es\\\/es\\\/los-partidos-politicos-debaten-esta-semana-sobre-reto-demografico-en-cope-alcoy\\\/#primaryimage\"},\"image\":{\"@id\":\"https:\\\/\\\/www.copealcoy.es\\\/es\\\/los-partidos-politicos-debaten-esta-semana-sobre-reto-demografico-en-cope-alcoy\\\/#primaryimage\"},\"thumbnailUrl\":\"https:\\\/\\\/www.copealcoy.es\\\/wp-content\\\/uploads\\\/2023\\\/05\\\/Envia-mensajes-de-Whatsapp-imagenes-o-notas-de-voz-con-tus-quejas-y-sugerencias-24.png\",\"datePublished\":\"2023-05-02T04:00:53+00:00\",\"dateModified\":\"2023-05-02T18:01:18+00:00\",\"author\":{\"@id\":\"https:\\\/\\\/www.copealcoy.es\\\/es\\\/#\\\/schema\\\/person\\\/e777c87fa024e57d40170af9df39882c\"},\"description\":\"Cope\u00a0Alcoy\u00a0contin\u00faa con su\u00a0programaci\u00f3n electoral. Con la vista puesta en los\u00a0comicios municipales del pr\u00f3ximo 28 de mayo, es momento de dar voz a los representantes de los partidos pol\u00edticos que se presentan a la cita electoral. Y lo hacemos con nuestros\u00a0debates sectoriales.\",\"breadcrumb\":{\"@id\":\"https:\\\/\\\/www.copealcoy.es\\\/es\\\/los-partidos-politicos-debaten-esta-semana-sobre-reto-demografico-en-cope-alcoy\\\/#breadcrumb\"},\"inLanguage\":\"es\",\"potentialAction\":[{\"@type\":\"ReadAction\",\"target\":[\"https:\\\/\\\/www.copealcoy.es\\\/es\\\/los-partidos-politicos-debaten-esta-semana-sobre-reto-demografico-en-cope-alcoy\\\/\"]}]},{\"@type\":\"ImageObject\",\"inLanguage\":\"es\",\"@id\":\"https:\\\/\\\/www.copealcoy.es\\\/es\\\/los-partidos-politicos-debaten-esta-semana-sobre-reto-demografico-en-cope-alcoy\\\/#primaryimage\",\"url\":\"https:\\\/\\\/www.copealcoy.es\\\/wp-content\\\/uploads\\\/2023\\\/05\\\/Envia-mensajes-de-Whatsapp-imagenes-o-notas-de-voz-con-tus-quejas-y-sugerencias-24.png\",\"contentUrl\":\"https:\\\/\\\/www.copealcoy.es\\\/wp-content\\\/uploads\\\/2023\\\/05\\\/Envia-mensajes-de-Whatsapp-imagenes-o-notas-de-voz-con-tus-quejas-y-sugerencias-24.png\",\"width\":357,\"height\":290},{\"@type\":\"BreadcrumbList\",\"@id\":\"https:\\\/\\\/www.copealcoy.es\\\/es\\\/los-partidos-politicos-debaten-esta-semana-sobre-reto-demografico-en-cope-alcoy\\\/#breadcrumb\",\"itemListElement\":[{\"@type\":\"ListItem\",\"position\":1,\"name\":\"Portada\",\"item\":\"https:\\\/\\\/www.copealcoy.es\\\/es\\\/\"},{\"@type\":\"ListItem\",\"position\":2,\"name\":\"Los partidos pol\u00edticos debaten esta semana sobre reto demogr\u00e1fico en Cope Alcoy\"}]},{\"@type\":\"WebSite\",\"@id\":\"https:\\\/\\\/www.copealcoy.es\\\/es\\\/#website\",\"url\":\"https:\\\/\\\/www.copealcoy.es\\\/es\\\/\",\"name\":\"COPE Alcoy\",\"description\":\"Emisora COPE de radio local con emisi\u00f3n online. Pont de Sant Jordi 8-10 03803 Alcoy\",\"potentialAction\":[{\"@type\":\"SearchAction\",\"target\":{\"@type\":\"EntryPoint\",\"urlTemplate\":\"https:\\\/\\\/www.copealcoy.es\\\/es\\\/?s={search_term_string}\"},\"query-input\":{\"@type\":\"PropertyValueSpecification\",\"valueRequired\":true,\"valueName\":\"search_term_string\"}}],\"inLanguage\":\"es\"},{\"@type\":\"Person\",\"@id\":\"https:\\\/\\\/www.copealcoy.es\\\/es\\\/#\\\/schema\\\/person\\\/e777c87fa024e57d40170af9df39882c\",\"name\":\"Cope Alcoy\",\"image\":{\"@type\":\"ImageObject\",\"inLanguage\":\"es\",\"@id\":\"https:\\\/\\\/secure.gravatar.com\\\/avatar\\\/bb65d0283347e303893ba14f0692005417c1e0e690a325a4c5d8bb2b3943ee14?s=96&d=mm&r=g\",\"url\":\"https:\\\/\\\/secure.gravatar.com\\\/avatar\\\/bb65d0283347e303893ba14f0692005417c1e0e690a325a4c5d8bb2b3943ee14?s=96&d=mm&r=g\",\"contentUrl\":\"https:\\\/\\\/secure.gravatar.com\\\/avatar\\\/bb65d0283347e303893ba14f0692005417c1e0e690a325a4c5d8bb2b3943ee14?s=96&d=mm&r=g\",\"caption\":\"Cope Alcoy\"}}]}<\/script>\n<!-- \/ Yoast SEO plugin. -->","yoast_head_json":{"title":"Los partidos pol\u00edticos debaten esta semana sobre reto demogr\u00e1fico en Cope Alcoy - COPE Alcoy","description":"Cope\u00a0Alcoy\u00a0contin\u00faa con su\u00a0programaci\u00f3n electoral. Con la vista puesta en los\u00a0comicios municipales del pr\u00f3ximo 28 de mayo, es momento de dar voz a los representantes de los partidos pol\u00edticos que se presentan a la cita electoral. Y lo hacemos con nuestros\u00a0debates sectoriales.","robots":{"index":"index","follow":"follow","max-snippet":"max-snippet:-1","max-image-preview":"max-image-preview:large","max-video-preview":"max-video-preview:-1"},"canonical":"https:\/\/www.copealcoy.es\/es\/los-partidos-politicos-debaten-esta-semana-sobre-reto-demografico-en-cope-alcoy\/","og_locale":"es_ES","og_type":"article","og_title":"Los partidos pol\u00edticos debaten esta semana sobre reto demogr\u00e1fico en Cope Alcoy - COPE Alcoy","og_description":"Cope\u00a0Alcoy\u00a0contin\u00faa con su\u00a0programaci\u00f3n electoral. Con la vista puesta en los\u00a0comicios municipales del pr\u00f3ximo 28 de mayo, es momento de dar voz a los representantes de los partidos pol\u00edticos que se presentan a la cita electoral. Y lo hacemos con nuestros\u00a0debates sectoriales.","og_url":"https:\/\/www.copealcoy.es\/es\/los-partidos-politicos-debaten-esta-semana-sobre-reto-demografico-en-cope-alcoy\/","og_site_name":"COPE Alcoy","article_published_time":"2023-05-02T04:00:53+00:00","article_modified_time":"2023-05-02T18:01:18+00:00","og_image":[{"width":357,"height":290,"url":"https:\/\/www.copealcoy.es\/wp-content\/uploads\/2023\/05\/Envia-mensajes-de-Whatsapp-imagenes-o-notas-de-voz-con-tus-quejas-y-sugerencias-24.png","type":"image\/png"}],"author":"Cope Alcoy","twitter_misc":{"Escrito por":"Cope Alcoy","Tiempo de lectura":"2 minutos"},"schema":{"@context":"https:\/\/schema.org","@graph":[{"@type":"Article","@id":"https:\/\/www.copealcoy.es\/es\/los-partidos-politicos-debaten-esta-semana-sobre-reto-demografico-en-cope-alcoy\/#article","isPartOf":{"@id":"https:\/\/www.copealcoy.es\/es\/los-partidos-politicos-debaten-esta-semana-sobre-reto-demografico-en-cope-alcoy\/"},"author":{"name":"Cope Alcoy","@id":"https:\/\/www.copealcoy.es\/es\/#\/schema\/person\/e777c87fa024e57d40170af9df39882c"},"headline":"Los partidos pol\u00edticos debaten esta semana sobre reto demogr\u00e1fico en Cope Alcoy","datePublished":"2023-05-02T04:00:53+00:00","dateModified":"2023-05-02T18:01:18+00:00","mainEntityOfPage":{"@id":"https:\/\/www.copealcoy.es\/es\/los-partidos-politicos-debaten-esta-semana-sobre-reto-demografico-en-cope-alcoy\/"},"wordCount":438,"commentCount":0,"image":{"@id":"https:\/\/www.copealcoy.es\/es\/los-partidos-politicos-debaten-esta-semana-sobre-reto-demografico-en-cope-alcoy\/#primaryimage"},"thumbnailUrl":"https:\/\/www.copealcoy.es\/wp-content\/uploads\/2023\/05\/Envia-mensajes-de-Whatsapp-imagenes-o-notas-de-voz-con-tus-quejas-y-sugerencias-24.png","keywords":["Alcoy","debate sectorial","Elecciones Municipales","Pol\u00edtica"],"articleSection":["Actualidad","Alcoy","Elecciones","Noticias","Pol\u00edtica y Econom\u00eda"],"inLanguage":"es"},{"@type":"WebPage","@id":"https:\/\/www.copealcoy.es\/es\/los-partidos-politicos-debaten-esta-semana-sobre-reto-demografico-en-cope-alcoy\/","url":"https:\/\/www.copealcoy.es\/es\/los-partidos-politicos-debaten-esta-semana-sobre-reto-demografico-en-cope-alcoy\/","name":"Los partidos pol\u00edticos debaten esta semana sobre reto demogr\u00e1fico en Cope Alcoy - COPE Alcoy","isPartOf":{"@id":"https:\/\/www.copealcoy.es\/es\/#website"},"primaryImageOfPage":{"@id":"https:\/\/www.copealcoy.es\/es\/los-partidos-politicos-debaten-esta-semana-sobre-reto-demografico-en-cope-alcoy\/#primaryimage"},"image":{"@id":"https:\/\/www.copealcoy.es\/es\/los-partidos-politicos-debaten-esta-semana-sobre-reto-demografico-en-cope-alcoy\/#primaryimage"},"thumbnailUrl":"https:\/\/www.copealcoy.es\/wp-content\/uploads\/2023\/05\/Envia-mensajes-de-Whatsapp-imagenes-o-notas-de-voz-con-tus-quejas-y-sugerencias-24.png","datePublished":"2023-05-02T04:00:53+00:00","dateModified":"2023-05-02T18:01:18+00:00","author":{"@id":"https:\/\/www.copealcoy.es\/es\/#\/schema\/person\/e777c87fa024e57d40170af9df39882c"},"description":"Cope\u00a0Alcoy\u00a0contin\u00faa con su\u00a0programaci\u00f3n electoral. Con la vista puesta en los\u00a0comicios municipales del pr\u00f3ximo 28 de mayo, es momento de dar voz a los representantes de los partidos pol\u00edticos que se presentan a la cita electoral. Y lo hacemos con nuestros\u00a0debates sectoriales.","breadcrumb":{"@id":"https:\/\/www.copealcoy.es\/es\/los-partidos-politicos-debaten-esta-semana-sobre-reto-demografico-en-cope-alcoy\/#breadcrumb"},"inLanguage":"es","potentialAction":[{"@type":"ReadAction","target":["https:\/\/www.copealcoy.es\/es\/los-partidos-politicos-debaten-esta-semana-sobre-reto-demografico-en-cope-alcoy\/"]}]},{"@type":"ImageObject","inLanguage":"es","@id":"https:\/\/www.copealcoy.es\/es\/los-partidos-politicos-debaten-esta-semana-sobre-reto-demografico-en-cope-alcoy\/#primaryimage","url":"https:\/\/www.copealcoy.es\/wp-content\/uploads\/2023\/05\/Envia-mensajes-de-Whatsapp-imagenes-o-notas-de-voz-con-tus-quejas-y-sugerencias-24.png","contentUrl":"https:\/\/www.copealcoy.es\/wp-content\/uploads\/2023\/05\/Envia-mensajes-de-Whatsapp-imagenes-o-notas-de-voz-con-tus-quejas-y-sugerencias-24.png","width":357,"height":290},{"@type":"BreadcrumbList","@id":"https:\/\/www.copealcoy.es\/es\/los-partidos-politicos-debaten-esta-semana-sobre-reto-demografico-en-cope-alcoy\/#breadcrumb","itemListElement":[{"@type":"ListItem","position":1,"name":"Portada","item":"https:\/\/www.copealcoy.es\/es\/"},{"@type":"ListItem","position":2,"name":"Los partidos pol\u00edticos debaten esta semana sobre reto demogr\u00e1fico en Cope Alcoy"}]},{"@type":"WebSite","@id":"https:\/\/www.copealcoy.es\/es\/#website","url":"https:\/\/www.copealcoy.es\/es\/","name":"COPE Alcoy","description":"Emisora COPE de radio local con emisi\u00f3n online. Pont de Sant Jordi 8-10 03803 Alcoy","potentialAction":[{"@type":"SearchAction","target":{"@type":"EntryPoint","urlTemplate":"https:\/\/www.copealcoy.es\/es\/?s={search_term_string}"},"query-input":{"@type":"PropertyValueSpecification","valueRequired":true,"valueName":"search_term_string"}}],"inLanguage":"es"},{"@type":"Person","@id":"https:\/\/www.copealcoy.es\/es\/#\/schema\/person\/e777c87fa024e57d40170af9df39882c","name":"Cope Alcoy","image":{"@type":"ImageObject","inLanguage":"es","@id":"https:\/\/secure.gravatar.com\/avatar\/bb65d0283347e303893ba14f0692005417c1e0e690a325a4c5d8bb2b3943ee14?s=96&d=mm&r=g","url":"https:\/\/secure.gravatar.com\/avatar\/bb65d0283347e303893ba14f0692005417c1e0e690a325a4c5d8bb2b3943ee14?s=96&d=mm&r=g","contentUrl":"https:\/\/secure.gravatar.com\/avatar\/bb65d0283347e303893ba14f0692005417c1e0e690a325a4c5d8bb2b3943ee14?s=96&d=mm&r=g","caption":"Cope Alcoy"}}]}},"_links":{"self":[{"href":"https:\/\/www.copealcoy.es\/es\/wp-json\/wp\/v2\/posts\/114980","targetHints":{"allow":["GET"]}}],"collection":[{"href":"https:\/\/www.copealcoy.es\/es\/wp-json\/wp\/v2\/posts"}],"about":[{"href":"https:\/\/www.copealcoy.es\/es\/wp-json\/wp\/v2\/types\/post"}],"author":[{"embeddable":true,"href":"https:\/\/www.copealcoy.es\/es\/wp-json\/wp\/v2\/users\/1"}],"replies":[{"embeddable":true,"href":"https:\/\/www.copealcoy.es\/es\/wp-json\/wp\/v2\/comments?post=114980"}],"version-history":[{"count":0,"href":"https:\/\/www.copealcoy.es\/es\/wp-json\/wp\/v2\/posts\/114980\/revisions"}],"wp:featuredmedia":[{"embeddable":true,"href":"https:\/\/www.copealcoy.es\/es\/wp-json\/wp\/v2\/media\/115081"}],"wp:attachment":[{"href":"https:\/\/www.copealcoy.es\/es\/wp-json\/wp\/v2\/media?parent=114980"}],"wp:term":[{"taxonomy":"category","embeddable":true,"href":"https:\/\/www.copealcoy.es\/es\/wp-json\/wp\/v2\/categories?post=114980"},{"taxonomy":"post_tag","embeddable":true,"href":"https:\/\/www.copealcoy.es\/es\/wp-json\/wp\/v2\/tags?post=114980"}],"curies":[{"name":"wp","href":"https:\/\/api.w.org\/{rel}","templated":true}]}}