{"id":114934,"date":"2023-04-28T11:09:41","date_gmt":"2023-04-28T10:09:41","guid":{"rendered":"https:\/\/www.copealcoy.es\/?p=114934"},"modified":"2023-04-28T11:54:32","modified_gmt":"2023-04-28T10:54:32","slug":"aitex-celebra-que-alcoy-se-convierta-esta-semana-en-capital-de-la-moda","status":"publish","type":"post","link":"https:\/\/www.copealcoy.es\/es\/aitex-celebra-que-alcoy-se-convierta-esta-semana-en-capital-de-la-moda\/","title":{"rendered":"Aitex celebra que Alcoy se convierta esta semana en capital de la moda"},"content":{"rendered":"<p style=\"text-align: justify;\"><strong>Aitex<\/strong>, el Centro de Investigaci\u00f3n e Innovaci\u00f3n Textil y Cosm\u00e9tica, ha reivindicado este viernes la importancia de la moda en nuestra ciudad. Y lo ha hecho en la inauguraci\u00f3n de la<strong> I Semana de la Moda de Alcoy<\/strong>.<\/p>\n<p style=\"text-align: justify;\">El director general de Aitex, <strong>Vicente Blanes<\/strong>, ha destacado la importancia que para el instituto y para el tejido empresarial tiene un sector como este. &#8220;<strong>El vector de la moda es uno de los m\u00e1s importantes<\/strong> tanto en el instituto como en las empresas textiles para las que trabajamos. Ahora mismo son unas cinco mil empresas tanto en Espa\u00f1a como en el extranjero&#8221;.<\/p>\n<p style=\"text-align: justify;\">La Semana de la Moda otorgar\u00e1 <strong>todo el protagonismo a las creaciones<\/strong>, as\u00ed como a <strong>las nuevas apuestas en materia de moda<\/strong>, y que\u00a0<strong>culminar\u00e1 con un desfile<\/strong>\u00a0para conocer al mejor joven dise\u00f1ador de la Comunitat Valenciana.<\/p>\n<p style=\"text-align: justify;\">El <strong>cartel anunciador<\/strong> ha sido dise\u00f1ado para la ocasi\u00f3n por el fot\u00f3grafo <strong>Toni Miranda<\/strong>. Esta obra representa, entre otros aspectos,\u00a0<strong>la innovaci\u00f3n de AITEX<\/strong>\u00a0puesto que la instituci\u00f3n ha aportado un vestido hecho con procesos de tintura naturales, con microorganismos y plantas arom\u00e1ticas.<\/p>\n<p style=\"text-align: justify;\"><span style=\"color: #0000ff;\"><strong>Esta ser\u00e1 la programaci\u00f3n de la I Semana de la Moda<\/strong><\/span><\/p>\n<p style=\"text-align: justify;\">La Semana de la Moda\u00a0<strong>estar\u00e1 conformada de actividades que se desarrollar\u00e1n en diferentes espacios de Alcoy<\/strong>\u00a0y que estar\u00e1n dirigidas a todos los p\u00fablicos. Incluir\u00e1n tanto talleres infantiles para los m\u00e1s peque\u00f1os como charlas y formaciones para los futuros profesionales; estudiantes de las universidades y centros de dise\u00f1o.<\/p>\n<p style=\"text-align: justify;\">Entre las propuestas,\u00a0<strong>destacan<\/strong>\u00a0las conferencias y charlas sobre moda, dirigidas a estudiantes y profesionales, las exposiciones de creaciones y dise\u00f1os, los talleres educativos en colegios y zonas de ocio, los encuentros con dise\u00f1adores nacionales de reconocido prestigio, las acciones solidarias, la entrega del premio de dise\u00f1o infantil, o la celebraci\u00f3n del desfile de gala del que saldr\u00e1 elegido el mejor dise\u00f1ador joven de la Comunidad Valenciana, que representar\u00e1 a la regi\u00f3n en el certamen nacional. Toda la programaci\u00f3n al completo\u00a0<strong>la puedes leer <\/strong><span style=\"color: #0000ff;\"><a style=\"color: #0000ff;\" href=\"https:\/\/www.aitex.es\/semana-moda-alcoy\/\" target=\"_blank\" rel=\"noopener\"><strong>aqu\u00ed<\/strong><\/a><\/span>.<\/p>\n","protected":false},"excerpt":{"rendered":"<p>Aitex, el Centro de Investigaci\u00f3n e Innovaci\u00f3n Textil y Cosm\u00e9tica, ha reivindicado este viernes la importancia de la moda en&#8230;<\/p>\n","protected":false},"author":1,"featured_media":114941,"comment_status":"open","ping_status":"open","sticky":false,"template":"","format":"standard","meta":{"footnotes":""},"categories":[6909,97,75],"tags":[771,1494,14649,1429],"class_list":["post-114934","post","type-post","status-publish","format-standard","has-post-thumbnail","hentry","category-actualidad","category-alcoy","category-noticias","tag-aitex","tag-alcoy","tag-i-semana-de-la-moda","tag-textil"],"yoast_head":"<!-- This site is optimized with the Yoast SEO plugin v27.3 - https:\/\/yoast.com\/product\/yoast-seo-wordpress\/ -->\n<title>Aitex celebra que Alcoy se convierta esta semana en capital de la moda - COPE Alcoy<\/title>\n<meta name=\"description\" content=\"Aitex, el Centro de Investigaci\u00f3n e Innovaci\u00f3n Textil y Cosm\u00e9tica, ha reivindicado este viernes la importancia de la moda en nuestra ciudad. Y lo ha hecho en la inauguraci\u00f3n de la I Semana de la Moda de Alcoy.\" \/>\n<meta name=\"robots\" content=\"index, follow, max-snippet:-1, max-image-preview:large, max-video-preview:-1\" \/>\n<link rel=\"canonical\" href=\"https:\/\/www.copealcoy.es\/es\/aitex-celebra-que-alcoy-se-convierta-esta-semana-en-capital-de-la-moda\/\" \/>\n<meta property=\"og:locale\" content=\"es_ES\" \/>\n<meta property=\"og:type\" content=\"article\" \/>\n<meta property=\"og:title\" content=\"Aitex celebra que Alcoy se convierta esta semana en capital de la moda - COPE Alcoy\" \/>\n<meta property=\"og:description\" content=\"Aitex, el Centro de Investigaci\u00f3n e Innovaci\u00f3n Textil y Cosm\u00e9tica, ha reivindicado este viernes la importancia de la moda en nuestra ciudad. Y lo ha hecho en la inauguraci\u00f3n de la I Semana de la Moda de Alcoy.\" \/>\n<meta property=\"og:url\" content=\"https:\/\/www.copealcoy.es\/es\/aitex-celebra-que-alcoy-se-convierta-esta-semana-en-capital-de-la-moda\/\" \/>\n<meta property=\"og:site_name\" content=\"COPE Alcoy\" \/>\n<meta property=\"article:published_time\" content=\"2023-04-28T10:09:41+00:00\" \/>\n<meta property=\"article:modified_time\" content=\"2023-04-28T10:54:32+00:00\" \/>\n<meta property=\"og:image\" content=\"https:\/\/www.copealcoy.es\/wp-content\/uploads\/2023\/04\/IMG_6935.jpg\" \/>\n\t<meta property=\"og:image:width\" content=\"640\" \/>\n\t<meta property=\"og:image:height\" content=\"480\" \/>\n\t<meta property=\"og:image:type\" content=\"image\/jpeg\" \/>\n<meta name=\"author\" content=\"Cope Alcoy\" \/>\n<meta name=\"twitter:label1\" content=\"Escrito por\" \/>\n\t<meta name=\"twitter:data1\" content=\"Cope Alcoy\" \/>\n\t<meta name=\"twitter:label2\" content=\"Tiempo de lectura\" \/>\n\t<meta name=\"twitter:data2\" content=\"2 minutos\" \/>\n<script type=\"application\/ld+json\" class=\"yoast-schema-graph\">{\"@context\":\"https:\\\/\\\/schema.org\",\"@graph\":[{\"@type\":\"Article\",\"@id\":\"https:\\\/\\\/www.copealcoy.es\\\/es\\\/aitex-celebra-que-alcoy-se-convierta-esta-semana-en-capital-de-la-moda\\\/#article\",\"isPartOf\":{\"@id\":\"https:\\\/\\\/www.copealcoy.es\\\/es\\\/aitex-celebra-que-alcoy-se-convierta-esta-semana-en-capital-de-la-moda\\\/\"},\"author\":{\"name\":\"Cope Alcoy\",\"@id\":\"https:\\\/\\\/www.copealcoy.es\\\/es\\\/#\\\/schema\\\/person\\\/e777c87fa024e57d40170af9df39882c\"},\"headline\":\"Aitex celebra que Alcoy se convierta esta semana en capital de la moda\",\"datePublished\":\"2023-04-28T10:09:41+00:00\",\"dateModified\":\"2023-04-28T10:54:32+00:00\",\"mainEntityOfPage\":{\"@id\":\"https:\\\/\\\/www.copealcoy.es\\\/es\\\/aitex-celebra-que-alcoy-se-convierta-esta-semana-en-capital-de-la-moda\\\/\"},\"wordCount\":368,\"commentCount\":0,\"image\":{\"@id\":\"https:\\\/\\\/www.copealcoy.es\\\/es\\\/aitex-celebra-que-alcoy-se-convierta-esta-semana-en-capital-de-la-moda\\\/#primaryimage\"},\"thumbnailUrl\":\"https:\\\/\\\/www.copealcoy.es\\\/wp-content\\\/uploads\\\/2023\\\/04\\\/IMG_6935.jpg\",\"keywords\":[\"Aitex\",\"Alcoy\",\"I Semana de la Moda\",\"Textil\"],\"articleSection\":[\"Actualidad\",\"Alcoy\",\"Noticias\"],\"inLanguage\":\"es\"},{\"@type\":\"WebPage\",\"@id\":\"https:\\\/\\\/www.copealcoy.es\\\/es\\\/aitex-celebra-que-alcoy-se-convierta-esta-semana-en-capital-de-la-moda\\\/\",\"url\":\"https:\\\/\\\/www.copealcoy.es\\\/es\\\/aitex-celebra-que-alcoy-se-convierta-esta-semana-en-capital-de-la-moda\\\/\",\"name\":\"Aitex celebra que Alcoy se convierta esta semana en capital de la moda - COPE Alcoy\",\"isPartOf\":{\"@id\":\"https:\\\/\\\/www.copealcoy.es\\\/es\\\/#website\"},\"primaryImageOfPage\":{\"@id\":\"https:\\\/\\\/www.copealcoy.es\\\/es\\\/aitex-celebra-que-alcoy-se-convierta-esta-semana-en-capital-de-la-moda\\\/#primaryimage\"},\"image\":{\"@id\":\"https:\\\/\\\/www.copealcoy.es\\\/es\\\/aitex-celebra-que-alcoy-se-convierta-esta-semana-en-capital-de-la-moda\\\/#primaryimage\"},\"thumbnailUrl\":\"https:\\\/\\\/www.copealcoy.es\\\/wp-content\\\/uploads\\\/2023\\\/04\\\/IMG_6935.jpg\",\"datePublished\":\"2023-04-28T10:09:41+00:00\",\"dateModified\":\"2023-04-28T10:54:32+00:00\",\"author\":{\"@id\":\"https:\\\/\\\/www.copealcoy.es\\\/es\\\/#\\\/schema\\\/person\\\/e777c87fa024e57d40170af9df39882c\"},\"description\":\"Aitex, el Centro de Investigaci\u00f3n e Innovaci\u00f3n Textil y Cosm\u00e9tica, ha reivindicado este viernes la importancia de la moda en nuestra ciudad. Y lo ha hecho en la inauguraci\u00f3n de la I Semana de la Moda de Alcoy.\",\"breadcrumb\":{\"@id\":\"https:\\\/\\\/www.copealcoy.es\\\/es\\\/aitex-celebra-que-alcoy-se-convierta-esta-semana-en-capital-de-la-moda\\\/#breadcrumb\"},\"inLanguage\":\"es\",\"potentialAction\":[{\"@type\":\"ReadAction\",\"target\":[\"https:\\\/\\\/www.copealcoy.es\\\/es\\\/aitex-celebra-que-alcoy-se-convierta-esta-semana-en-capital-de-la-moda\\\/\"]}]},{\"@type\":\"ImageObject\",\"inLanguage\":\"es\",\"@id\":\"https:\\\/\\\/www.copealcoy.es\\\/es\\\/aitex-celebra-que-alcoy-se-convierta-esta-semana-en-capital-de-la-moda\\\/#primaryimage\",\"url\":\"https:\\\/\\\/www.copealcoy.es\\\/wp-content\\\/uploads\\\/2023\\\/04\\\/IMG_6935.jpg\",\"contentUrl\":\"https:\\\/\\\/www.copealcoy.es\\\/wp-content\\\/uploads\\\/2023\\\/04\\\/IMG_6935.jpg\",\"width\":640,\"height\":480},{\"@type\":\"BreadcrumbList\",\"@id\":\"https:\\\/\\\/www.copealcoy.es\\\/es\\\/aitex-celebra-que-alcoy-se-convierta-esta-semana-en-capital-de-la-moda\\\/#breadcrumb\",\"itemListElement\":[{\"@type\":\"ListItem\",\"position\":1,\"name\":\"Portada\",\"item\":\"https:\\\/\\\/www.copealcoy.es\\\/es\\\/\"},{\"@type\":\"ListItem\",\"position\":2,\"name\":\"Aitex celebra que Alcoy se convierta esta semana en capital de la moda\"}]},{\"@type\":\"WebSite\",\"@id\":\"https:\\\/\\\/www.copealcoy.es\\\/es\\\/#website\",\"url\":\"https:\\\/\\\/www.copealcoy.es\\\/es\\\/\",\"name\":\"COPE Alcoy\",\"description\":\"Emisora COPE de radio local con emisi\u00f3n online. Pont de Sant Jordi 8-10 03803 Alcoy\",\"potentialAction\":[{\"@type\":\"SearchAction\",\"target\":{\"@type\":\"EntryPoint\",\"urlTemplate\":\"https:\\\/\\\/www.copealcoy.es\\\/es\\\/?s={search_term_string}\"},\"query-input\":{\"@type\":\"PropertyValueSpecification\",\"valueRequired\":true,\"valueName\":\"search_term_string\"}}],\"inLanguage\":\"es\"},{\"@type\":\"Person\",\"@id\":\"https:\\\/\\\/www.copealcoy.es\\\/es\\\/#\\\/schema\\\/person\\\/e777c87fa024e57d40170af9df39882c\",\"name\":\"Cope Alcoy\",\"image\":{\"@type\":\"ImageObject\",\"inLanguage\":\"es\",\"@id\":\"https:\\\/\\\/secure.gravatar.com\\\/avatar\\\/bb65d0283347e303893ba14f0692005417c1e0e690a325a4c5d8bb2b3943ee14?s=96&d=mm&r=g\",\"url\":\"https:\\\/\\\/secure.gravatar.com\\\/avatar\\\/bb65d0283347e303893ba14f0692005417c1e0e690a325a4c5d8bb2b3943ee14?s=96&d=mm&r=g\",\"contentUrl\":\"https:\\\/\\\/secure.gravatar.com\\\/avatar\\\/bb65d0283347e303893ba14f0692005417c1e0e690a325a4c5d8bb2b3943ee14?s=96&d=mm&r=g\",\"caption\":\"Cope Alcoy\"}}]}<\/script>\n<!-- \/ Yoast SEO plugin. -->","yoast_head_json":{"title":"Aitex celebra que Alcoy se convierta esta semana en capital de la moda - COPE Alcoy","description":"Aitex, el Centro de Investigaci\u00f3n e Innovaci\u00f3n Textil y Cosm\u00e9tica, ha reivindicado este viernes la importancia de la moda en nuestra ciudad. Y lo ha hecho en la inauguraci\u00f3n de la I Semana de la Moda de Alcoy.","robots":{"index":"index","follow":"follow","max-snippet":"max-snippet:-1","max-image-preview":"max-image-preview:large","max-video-preview":"max-video-preview:-1"},"canonical":"https:\/\/www.copealcoy.es\/es\/aitex-celebra-que-alcoy-se-convierta-esta-semana-en-capital-de-la-moda\/","og_locale":"es_ES","og_type":"article","og_title":"Aitex celebra que Alcoy se convierta esta semana en capital de la moda - COPE Alcoy","og_description":"Aitex, el Centro de Investigaci\u00f3n e Innovaci\u00f3n Textil y Cosm\u00e9tica, ha reivindicado este viernes la importancia de la moda en nuestra ciudad. Y lo ha hecho en la inauguraci\u00f3n de la I Semana de la Moda de Alcoy.","og_url":"https:\/\/www.copealcoy.es\/es\/aitex-celebra-que-alcoy-se-convierta-esta-semana-en-capital-de-la-moda\/","og_site_name":"COPE Alcoy","article_published_time":"2023-04-28T10:09:41+00:00","article_modified_time":"2023-04-28T10:54:32+00:00","og_image":[{"width":640,"height":480,"url":"https:\/\/www.copealcoy.es\/wp-content\/uploads\/2023\/04\/IMG_6935.jpg","type":"image\/jpeg"}],"author":"Cope Alcoy","twitter_misc":{"Escrito por":"Cope Alcoy","Tiempo de lectura":"2 minutos"},"schema":{"@context":"https:\/\/schema.org","@graph":[{"@type":"Article","@id":"https:\/\/www.copealcoy.es\/es\/aitex-celebra-que-alcoy-se-convierta-esta-semana-en-capital-de-la-moda\/#article","isPartOf":{"@id":"https:\/\/www.copealcoy.es\/es\/aitex-celebra-que-alcoy-se-convierta-esta-semana-en-capital-de-la-moda\/"},"author":{"name":"Cope Alcoy","@id":"https:\/\/www.copealcoy.es\/es\/#\/schema\/person\/e777c87fa024e57d40170af9df39882c"},"headline":"Aitex celebra que Alcoy se convierta esta semana en capital de la moda","datePublished":"2023-04-28T10:09:41+00:00","dateModified":"2023-04-28T10:54:32+00:00","mainEntityOfPage":{"@id":"https:\/\/www.copealcoy.es\/es\/aitex-celebra-que-alcoy-se-convierta-esta-semana-en-capital-de-la-moda\/"},"wordCount":368,"commentCount":0,"image":{"@id":"https:\/\/www.copealcoy.es\/es\/aitex-celebra-que-alcoy-se-convierta-esta-semana-en-capital-de-la-moda\/#primaryimage"},"thumbnailUrl":"https:\/\/www.copealcoy.es\/wp-content\/uploads\/2023\/04\/IMG_6935.jpg","keywords":["Aitex","Alcoy","I Semana de la Moda","Textil"],"articleSection":["Actualidad","Alcoy","Noticias"],"inLanguage":"es"},{"@type":"WebPage","@id":"https:\/\/www.copealcoy.es\/es\/aitex-celebra-que-alcoy-se-convierta-esta-semana-en-capital-de-la-moda\/","url":"https:\/\/www.copealcoy.es\/es\/aitex-celebra-que-alcoy-se-convierta-esta-semana-en-capital-de-la-moda\/","name":"Aitex celebra que Alcoy se convierta esta semana en capital de la moda - COPE Alcoy","isPartOf":{"@id":"https:\/\/www.copealcoy.es\/es\/#website"},"primaryImageOfPage":{"@id":"https:\/\/www.copealcoy.es\/es\/aitex-celebra-que-alcoy-se-convierta-esta-semana-en-capital-de-la-moda\/#primaryimage"},"image":{"@id":"https:\/\/www.copealcoy.es\/es\/aitex-celebra-que-alcoy-se-convierta-esta-semana-en-capital-de-la-moda\/#primaryimage"},"thumbnailUrl":"https:\/\/www.copealcoy.es\/wp-content\/uploads\/2023\/04\/IMG_6935.jpg","datePublished":"2023-04-28T10:09:41+00:00","dateModified":"2023-04-28T10:54:32+00:00","author":{"@id":"https:\/\/www.copealcoy.es\/es\/#\/schema\/person\/e777c87fa024e57d40170af9df39882c"},"description":"Aitex, el Centro de Investigaci\u00f3n e Innovaci\u00f3n Textil y Cosm\u00e9tica, ha reivindicado este viernes la importancia de la moda en nuestra ciudad. Y lo ha hecho en la inauguraci\u00f3n de la I Semana de la Moda de Alcoy.","breadcrumb":{"@id":"https:\/\/www.copealcoy.es\/es\/aitex-celebra-que-alcoy-se-convierta-esta-semana-en-capital-de-la-moda\/#breadcrumb"},"inLanguage":"es","potentialAction":[{"@type":"ReadAction","target":["https:\/\/www.copealcoy.es\/es\/aitex-celebra-que-alcoy-se-convierta-esta-semana-en-capital-de-la-moda\/"]}]},{"@type":"ImageObject","inLanguage":"es","@id":"https:\/\/www.copealcoy.es\/es\/aitex-celebra-que-alcoy-se-convierta-esta-semana-en-capital-de-la-moda\/#primaryimage","url":"https:\/\/www.copealcoy.es\/wp-content\/uploads\/2023\/04\/IMG_6935.jpg","contentUrl":"https:\/\/www.copealcoy.es\/wp-content\/uploads\/2023\/04\/IMG_6935.jpg","width":640,"height":480},{"@type":"BreadcrumbList","@id":"https:\/\/www.copealcoy.es\/es\/aitex-celebra-que-alcoy-se-convierta-esta-semana-en-capital-de-la-moda\/#breadcrumb","itemListElement":[{"@type":"ListItem","position":1,"name":"Portada","item":"https:\/\/www.copealcoy.es\/es\/"},{"@type":"ListItem","position":2,"name":"Aitex celebra que Alcoy se convierta esta semana en capital de la moda"}]},{"@type":"WebSite","@id":"https:\/\/www.copealcoy.es\/es\/#website","url":"https:\/\/www.copealcoy.es\/es\/","name":"COPE Alcoy","description":"Emisora COPE de radio local con emisi\u00f3n online. Pont de Sant Jordi 8-10 03803 Alcoy","potentialAction":[{"@type":"SearchAction","target":{"@type":"EntryPoint","urlTemplate":"https:\/\/www.copealcoy.es\/es\/?s={search_term_string}"},"query-input":{"@type":"PropertyValueSpecification","valueRequired":true,"valueName":"search_term_string"}}],"inLanguage":"es"},{"@type":"Person","@id":"https:\/\/www.copealcoy.es\/es\/#\/schema\/person\/e777c87fa024e57d40170af9df39882c","name":"Cope Alcoy","image":{"@type":"ImageObject","inLanguage":"es","@id":"https:\/\/secure.gravatar.com\/avatar\/bb65d0283347e303893ba14f0692005417c1e0e690a325a4c5d8bb2b3943ee14?s=96&d=mm&r=g","url":"https:\/\/secure.gravatar.com\/avatar\/bb65d0283347e303893ba14f0692005417c1e0e690a325a4c5d8bb2b3943ee14?s=96&d=mm&r=g","contentUrl":"https:\/\/secure.gravatar.com\/avatar\/bb65d0283347e303893ba14f0692005417c1e0e690a325a4c5d8bb2b3943ee14?s=96&d=mm&r=g","caption":"Cope Alcoy"}}]}},"_links":{"self":[{"href":"https:\/\/www.copealcoy.es\/es\/wp-json\/wp\/v2\/posts\/114934","targetHints":{"allow":["GET"]}}],"collection":[{"href":"https:\/\/www.copealcoy.es\/es\/wp-json\/wp\/v2\/posts"}],"about":[{"href":"https:\/\/www.copealcoy.es\/es\/wp-json\/wp\/v2\/types\/post"}],"author":[{"embeddable":true,"href":"https:\/\/www.copealcoy.es\/es\/wp-json\/wp\/v2\/users\/1"}],"replies":[{"embeddable":true,"href":"https:\/\/www.copealcoy.es\/es\/wp-json\/wp\/v2\/comments?post=114934"}],"version-history":[{"count":0,"href":"https:\/\/www.copealcoy.es\/es\/wp-json\/wp\/v2\/posts\/114934\/revisions"}],"wp:featuredmedia":[{"embeddable":true,"href":"https:\/\/www.copealcoy.es\/es\/wp-json\/wp\/v2\/media\/114941"}],"wp:attachment":[{"href":"https:\/\/www.copealcoy.es\/es\/wp-json\/wp\/v2\/media?parent=114934"}],"wp:term":[{"taxonomy":"category","embeddable":true,"href":"https:\/\/www.copealcoy.es\/es\/wp-json\/wp\/v2\/categories?post=114934"},{"taxonomy":"post_tag","embeddable":true,"href":"https:\/\/www.copealcoy.es\/es\/wp-json\/wp\/v2\/tags?post=114934"}],"curies":[{"name":"wp","href":"https:\/\/api.w.org\/{rel}","templated":true}]}}