{"id":114906,"date":"2023-05-26T08:00:30","date_gmt":"2023-05-26T07:00:30","guid":{"rendered":"https:\/\/www.copealcoy.es\/?p=114906"},"modified":"2023-05-26T08:49:13","modified_gmt":"2023-05-26T07:49:13","slug":"estas-candidaturas-concurren-en-alcoy-a-las-elecciones-municipales","status":"publish","type":"post","link":"https:\/\/www.copealcoy.es\/es\/estas-candidaturas-concurren-en-alcoy-a-las-elecciones-municipales\/","title":{"rendered":"Estas candidaturas concurren en Alcoy a las Elecciones Municipales"},"content":{"rendered":"<p style=\"text-align: justify;\">El <a href=\"https:\/\/www.dip-alicante.es\/bop2\/pdftotal\/2023\/04\/26_80\/2023_003441.pdf\" target=\"_blank\" rel=\"noopener\"><span style=\"color: #0000ff;\"><strong>Bolet\u00edn Oficial de la Provincia de Alicante (BOP)<\/strong><\/span><\/a> publicaba a finales de abril <strong>las candidaturas que concurren a los comicios municipales del pr\u00f3ximo 28 de mayo<\/strong> en todas las localidades de las comarcas de l&#8217;Alcoi\u00e0 y el Comtat. En <strong>Alcoy<\/strong> <strong>ser\u00e1n un total de 9 las listas que se presentan<\/strong> y pr\u00e1cticamente son los mismos partidos de la cita electoral de 2019 aunque en esta ocasi\u00f3n se suma uno nuevo Acci\u00f3n Democr\u00e1tica Independiente (ADIN).<\/p>\n<p style=\"text-align: justify;\">En el <strong>Partido Socialista<\/strong> el actual alcalde, <strong>Toni Franc\u00e9s<\/strong>, es quien encabeza una lista en la que se combina la incorporaci\u00f3n de cara nuevas con la presencia de buena parte de los actuales ediles del Gobierno Municipal. La candidatura la integran Lorena Zamorano, Jordi Mart\u00ednez, Vanessa Molt\u00f3, Ignacio Trelis, Tere Sanju\u00e1n, Alberto Belda, Aroa Mira, Ra\u00fcl Llopis, Mar\u00eda Baca, Nando Moncho, Diana Cort\u00e9s, Jorge Gabriel Segura, Xesca Lloria, Mois\u00e9s Llopis, Carol Ortiz, Jordi Silvestre, Aranza de Gracia, H\u00e9ctor Climent, Andrea Vald\u00e9s, Adri\u00e1n Garc\u00eda, Sara Mej\u00edas, Rafa Cerd\u00e0, Andrea Mu\u00f1oz y Miguel Juan Reig.<\/p>\n<p style=\"text-align: justify;\">Por su parte <strong>Carlos Pastor<\/strong> est\u00e1 al frente del renovado proyecto del <strong>Partido Popular<\/strong>. A \u00e9l le siguen Gabriel Guillem, Amalia Pay\u00e0, Lirios Garc\u00eda, Kico Cant\u00f3, Santi Carbonell, Isabel Balaguer, Jorge Reig, Fuensanta Santa, Mauro Sanus, Mari Carmen Grau, Milagros Mengual, Jonathan Lluch, Jos\u00e9 Lu\u00eds Jover, Josele Pla, Rita Montaner, Alexis Moreno, Valent\u00edn Dom\u00ednguez, Bel\u00e9n Mataix, Neus \u00dabeda, Luisa Baena, Gregoria Contreras, Edu Tormo, Olga Trujillo y Tino Silvestre.<\/p>\n<p style=\"text-align: justify;\">En <strong>Comprom\u00eds Alcoi<\/strong> tienen a <strong>\u00c1lex Cerradelo<\/strong> como alcaldable y a la lista tambi\u00e9n llegan nuevas caras. La lista est\u00e1 integrada por Elisa Guillem, Carles Sansalvador, Bego\u00f1a Dom\u00e9nech, Pierre Hern\u00e1ndez, Julia Company, Samuel Medina, Anna Climent, Borja Clemente, Susana Gisbert, Paloma Abad, Roan Ll\u00e1cer, Rosana Valls, Camilo Llorca, Anunciaci\u00f3n Cascant, Joan Gisbert, Mar\u00eda Victoria Grau, Adri\u00e0 Momp\u00f3, Alban Sanju\u00e1n, Jaime Miquel Sebasti\u00e1n, Irene Faus, Criseida Garc\u00eda, Jordi Dav\u00f3, Rafael Terol y Paco Blay.<\/p>\n<p style=\"text-align: justify;\"><strong>Ciudadanos\u00a0<\/strong>ha optado finalmente por presentarse a las Elecciones Municipales con <strong>Rafa Zamorano<\/strong> como candidato a la alcald\u00eda. La candidatura est\u00e1 formada por Rafael P\u00e9rez, Pilar Herrero, Fulgencio S\u00e1nchez, Bel\u00e9n Orts, Mar\u00eda Mic\u00f3, Manuel Ar\u00e9valo, Lu\u00eds Nadal, Laura Monllor, Juan Ram\u00f3n S\u00e1nchez, Juli\u00e1n Lerma, Raquel Bernab\u00e9u, Juan Francisco Ar\u00e9valo, Enrique C\u00f3zar, Norma del Roc\u00edo, Jorge Verd\u00fa, Javier Vicente Ferr\u00e1ndiz, J\u00e9sica Vila, Sergio Gonz\u00e1lez, Yolanda Carrero, Manuel Ar\u00e9valo, Alfredo Rodr\u00edguez, Rosana Bernab\u00e9u, Adri\u00e1n Fern\u00e1ndez y Mar\u00eda del Pilar Franc\u00e9s.<\/p>\n<p style=\"text-align: justify;\">Tambi\u00e9n concurren a estos comicios <strong>Podem Alcoi<\/strong>, formaci\u00f3n que encabeza <strong>Trini Rubio<\/strong> como candidata a la alcald\u00eda. Junto a ella est\u00e1n Aar\u00f3n Ferr\u00e1ndiz, Andrea Mart\u00ednez, Andreu Bernab\u00e9u, Jorge Gabriel Giner, Carlos Gran, Paula Ll\u00e1cer Cort\u00e9s, Ra\u00fcl Jorge Rossage, Mar\u00eda Jos\u00e9 Ram\u00edrez, Sara Ma\u00edques, Rafael Moral, Irene Torres, Omar L\u00f3pez, Raquel Serrano, Felipe Hern\u00e1ndez, Cintia Ati\u00e9nzar, Nicolasa Francisca Gonz\u00e1lez, Antonio Rafael Olcina, Iv\u00e1n Garc\u00eda, Antonio Deltell, Aitana Morales, Carlos Albert Santonja, Juan Mario Cort\u00e9s, Naiara Dav\u00f3 y Cristian Santiago.<\/p>\n<p style=\"text-align: justify;\">En <strong>Guanyar Alcoi<\/strong> destaca <strong>Sergi Rodr\u00edguez<\/strong> como candidato a la alcald\u00eda. A \u00e9l le acompa\u00f1an Mari Carmen Paredes, Pablo Gonz\u00e1lez, Inma Belda, Diego Fern\u00e1ndez, Magda Arques, Jordi Santonja, Sof\u00eda Hern\u00e1ndez, Dani M\u00e9ndez, Beatriz Munt\u00f3, Lu\u00eds Catal\u00e1, Leonor Mu\u00f1oz, Angelina Ortiz, Ra\u00fcl Ortiz, Vicky Ll\u00e1cer, Tania Aznar, Mohamed, Fadel Hamoudi, Rebeca Sanju\u00e1n, Rosana Espin\u00f3s, Mauro Colomina, Amparo Camps, Paco Paredes, Marieta Rom\u00e0, Paco Agull\u00f3 y Sandra Obiol.<\/p>\n<p style=\"text-align: justify;\">A las Elecciones Municipales de 2023 tambi\u00e9n concurre <strong>VOX<\/strong> con <strong>David Abad<\/strong> como candidato a la alcald\u00eda de Alcoy. Su lista la forman Mar\u00eda Teresa Peidro, Carlos Jos\u00e9 Garc\u00eda, Julio Richart, Gema Inmaculada Garc\u00eda, Ernesto Beltr\u00e1n, Raquel Va\u00f1\u00f3, Pablo Joaqu\u00edn Garc\u00eda, Antonio Paterna, Mar\u00eda \u00c1ngeles Serrano, Crist\u00f3bal Polonio, Rafael Jover, Mar\u00eda Franc\u00e9s, Carolina Rubio-Quintanilla, Fernando Soler, Antonia Ruiz, Miguel Jes\u00fas Molina, Jorge Escoda, Noelia Peris, Jorge Miguel P\u00e9rez, Daniel Rodr\u00edguez, Celia Santos, Mar\u00eda Isabel Sabater, Ren\u00e9 Garc\u00eda y Jos\u00e9 Mariano Blanco.<\/p>\n<p style=\"text-align: justify;\">Una de las novedades es la presencia de <strong>Acci\u00f3n Democr\u00e1tica Independiente (ADIN)<\/strong>, partido que tiene a <strong>Marcos Mart\u00ednez<\/strong> como candidato a la alcald\u00eda. Al alcaldable se le unen Mar\u00eda Estela Abad, Ana Mar\u00eda Carmen Vega, Antonio Rafael Richart, Juan Gabriel Tom\u00e1s, Mar\u00eda de los \u00c1ngeles Fuentes, Pedro Garc\u00eda, M\u00f3nica Conca, Roc\u00edo Bustos, Antonio Garc\u00eda, Ildefonso Cerro, Mar\u00eda Luisa Recuerda, V\u00edctor Mart\u00ednez, Mar\u00eda Sanchis, Hugo Mart\u00ednez, Elena Vega, Aquilina Jim\u00e9nez, Francisco Javier Linares, Francisco Pascual Jim\u00e9nez, Miguel Rodr\u00edguez, Carlos Orta, Joaqu\u00edn Tapia, Bel\u00e9n Orta, Lorenzo Dom\u00e9nech y Antonia Guerrero.<\/p>\n<p style=\"text-align: justify;\">Finalmente vuelve a presentarse\u00a0<strong>Tercera Edad en Acci\u00f3n\u00a0<\/strong>con <strong>Juan Calero<\/strong> como alcaldable. Esta candidatura la forman Jos\u00e9 Francisco Alemany, Mar\u00eda Dolores Calero, Patricia Abad, Francisco Rafael Blasco, Asunci\u00f3n Calero, Jos\u00e9 Antonio Sanz, Ana Bel\u00e9n Blasco, Iv\u00e1n Company, Nuria Garc\u00eda, V\u00edctor \u00c1lvaro, Daniel Miki Mira, Julia Gil, Gaspar \u00dabeda, Daniel Balaguer, Juana Llorens, Jos\u00e9 Lu\u00eds Carmona, Rosario Copel, Jos\u00e9 Ignacio Vidal, Anunciaci\u00f3n Hell\u00edn, Zafar Iqbal Choudhry, Mar\u00eda Pla, Aziz Choukri, Juan Calero y Carlos Vidal.<\/p>\n","protected":false},"excerpt":{"rendered":"<p>El Bolet\u00edn Oficial de la Provincia de Alicante (BOP) publicaba a finales de abril las candidaturas que concurren a los&#8230;<\/p>\n","protected":false},"author":1,"featured_media":116296,"comment_status":"open","ping_status":"open","sticky":false,"template":"","format":"standard","meta":{"footnotes":""},"categories":[6909,97,75,79],"tags":[1494,4165,721,14646],"class_list":["post-114906","post","type-post","status-publish","format-standard","has-post-thumbnail","hentry","category-actualidad","category-alcoy","category-noticias","category-politicayeconomia","tag-alcoy","tag-candidaturas","tag-elecciones-municipales","tag-listas-electorales"],"yoast_head":"<!-- This site is optimized with the Yoast SEO plugin v27.3 - https:\/\/yoast.com\/product\/yoast-seo-wordpress\/ -->\n<title>Estas candidaturas concurren en Alcoy a las Elecciones Municipales - COPE Alcoy<\/title>\n<meta name=\"description\" content=\"El Bolet\u00edn Oficial de la Provincia de Alicante (BOP) ha publicado esta semana las candidaturas que concurren a los comicios municipales\" \/>\n<meta name=\"robots\" content=\"index, follow, max-snippet:-1, max-image-preview:large, max-video-preview:-1\" \/>\n<link rel=\"canonical\" href=\"https:\/\/www.copealcoy.es\/es\/estas-candidaturas-concurren-en-alcoy-a-las-elecciones-municipales\/\" \/>\n<meta property=\"og:locale\" content=\"es_ES\" \/>\n<meta property=\"og:type\" content=\"article\" \/>\n<meta property=\"og:title\" content=\"Estas candidaturas concurren en Alcoy a las Elecciones Municipales - COPE Alcoy\" \/>\n<meta property=\"og:description\" content=\"El Bolet\u00edn Oficial de la Provincia de Alicante (BOP) ha publicado esta semana las candidaturas que concurren a los comicios municipales\" \/>\n<meta property=\"og:url\" content=\"https:\/\/www.copealcoy.es\/es\/estas-candidaturas-concurren-en-alcoy-a-las-elecciones-municipales\/\" \/>\n<meta property=\"og:site_name\" content=\"COPE Alcoy\" \/>\n<meta property=\"article:published_time\" content=\"2023-05-26T07:00:30+00:00\" \/>\n<meta property=\"article:modified_time\" content=\"2023-05-26T07:49:13+00:00\" \/>\n<meta property=\"og:image\" content=\"https:\/\/www.copealcoy.es\/wp-content\/uploads\/2023\/05\/unnamed-2-7.jpg\" \/>\n\t<meta property=\"og:image:width\" content=\"745\" \/>\n\t<meta property=\"og:image:height\" content=\"605\" \/>\n\t<meta property=\"og:image:type\" content=\"image\/jpeg\" \/>\n<meta name=\"author\" content=\"Cope Alcoy\" \/>\n<meta name=\"twitter:label1\" content=\"Escrito por\" \/>\n\t<meta name=\"twitter:data1\" content=\"Cope Alcoy\" \/>\n\t<meta name=\"twitter:label2\" content=\"Tiempo de lectura\" \/>\n\t<meta name=\"twitter:data2\" content=\"4 minutos\" \/>\n<script type=\"application\/ld+json\" class=\"yoast-schema-graph\">{\"@context\":\"https:\\\/\\\/schema.org\",\"@graph\":[{\"@type\":\"Article\",\"@id\":\"https:\\\/\\\/www.copealcoy.es\\\/es\\\/estas-candidaturas-concurren-en-alcoy-a-las-elecciones-municipales\\\/#article\",\"isPartOf\":{\"@id\":\"https:\\\/\\\/www.copealcoy.es\\\/es\\\/estas-candidaturas-concurren-en-alcoy-a-las-elecciones-municipales\\\/\"},\"author\":{\"name\":\"Cope Alcoy\",\"@id\":\"https:\\\/\\\/www.copealcoy.es\\\/es\\\/#\\\/schema\\\/person\\\/e777c87fa024e57d40170af9df39882c\"},\"headline\":\"Estas candidaturas concurren en Alcoy a las Elecciones Municipales\",\"datePublished\":\"2023-05-26T07:00:30+00:00\",\"dateModified\":\"2023-05-26T07:49:13+00:00\",\"mainEntityOfPage\":{\"@id\":\"https:\\\/\\\/www.copealcoy.es\\\/es\\\/estas-candidaturas-concurren-en-alcoy-a-las-elecciones-municipales\\\/\"},\"wordCount\":929,\"commentCount\":0,\"image\":{\"@id\":\"https:\\\/\\\/www.copealcoy.es\\\/es\\\/estas-candidaturas-concurren-en-alcoy-a-las-elecciones-municipales\\\/#primaryimage\"},\"thumbnailUrl\":\"https:\\\/\\\/www.copealcoy.es\\\/wp-content\\\/uploads\\\/2023\\\/05\\\/unnamed-2-7.jpg\",\"keywords\":[\"Alcoy\",\"candidaturas\",\"Elecciones Municipales\",\"listas electorales\"],\"articleSection\":[\"Actualidad\",\"Alcoy\",\"Noticias\",\"Pol\u00edtica y Econom\u00eda\"],\"inLanguage\":\"es\"},{\"@type\":\"WebPage\",\"@id\":\"https:\\\/\\\/www.copealcoy.es\\\/es\\\/estas-candidaturas-concurren-en-alcoy-a-las-elecciones-municipales\\\/\",\"url\":\"https:\\\/\\\/www.copealcoy.es\\\/es\\\/estas-candidaturas-concurren-en-alcoy-a-las-elecciones-municipales\\\/\",\"name\":\"Estas candidaturas concurren en Alcoy a las Elecciones Municipales - COPE Alcoy\",\"isPartOf\":{\"@id\":\"https:\\\/\\\/www.copealcoy.es\\\/es\\\/#website\"},\"primaryImageOfPage\":{\"@id\":\"https:\\\/\\\/www.copealcoy.es\\\/es\\\/estas-candidaturas-concurren-en-alcoy-a-las-elecciones-municipales\\\/#primaryimage\"},\"image\":{\"@id\":\"https:\\\/\\\/www.copealcoy.es\\\/es\\\/estas-candidaturas-concurren-en-alcoy-a-las-elecciones-municipales\\\/#primaryimage\"},\"thumbnailUrl\":\"https:\\\/\\\/www.copealcoy.es\\\/wp-content\\\/uploads\\\/2023\\\/05\\\/unnamed-2-7.jpg\",\"datePublished\":\"2023-05-26T07:00:30+00:00\",\"dateModified\":\"2023-05-26T07:49:13+00:00\",\"author\":{\"@id\":\"https:\\\/\\\/www.copealcoy.es\\\/es\\\/#\\\/schema\\\/person\\\/e777c87fa024e57d40170af9df39882c\"},\"description\":\"El Bolet\u00edn Oficial de la Provincia de Alicante (BOP) ha publicado esta semana las candidaturas que concurren a los comicios municipales\",\"breadcrumb\":{\"@id\":\"https:\\\/\\\/www.copealcoy.es\\\/es\\\/estas-candidaturas-concurren-en-alcoy-a-las-elecciones-municipales\\\/#breadcrumb\"},\"inLanguage\":\"es\",\"potentialAction\":[{\"@type\":\"ReadAction\",\"target\":[\"https:\\\/\\\/www.copealcoy.es\\\/es\\\/estas-candidaturas-concurren-en-alcoy-a-las-elecciones-municipales\\\/\"]}]},{\"@type\":\"ImageObject\",\"inLanguage\":\"es\",\"@id\":\"https:\\\/\\\/www.copealcoy.es\\\/es\\\/estas-candidaturas-concurren-en-alcoy-a-las-elecciones-municipales\\\/#primaryimage\",\"url\":\"https:\\\/\\\/www.copealcoy.es\\\/wp-content\\\/uploads\\\/2023\\\/05\\\/unnamed-2-7.jpg\",\"contentUrl\":\"https:\\\/\\\/www.copealcoy.es\\\/wp-content\\\/uploads\\\/2023\\\/05\\\/unnamed-2-7.jpg\",\"width\":745,\"height\":605},{\"@type\":\"BreadcrumbList\",\"@id\":\"https:\\\/\\\/www.copealcoy.es\\\/es\\\/estas-candidaturas-concurren-en-alcoy-a-las-elecciones-municipales\\\/#breadcrumb\",\"itemListElement\":[{\"@type\":\"ListItem\",\"position\":1,\"name\":\"Portada\",\"item\":\"https:\\\/\\\/www.copealcoy.es\\\/es\\\/\"},{\"@type\":\"ListItem\",\"position\":2,\"name\":\"Estas candidaturas concurren en Alcoy a las Elecciones Municipales\"}]},{\"@type\":\"WebSite\",\"@id\":\"https:\\\/\\\/www.copealcoy.es\\\/es\\\/#website\",\"url\":\"https:\\\/\\\/www.copealcoy.es\\\/es\\\/\",\"name\":\"COPE Alcoy\",\"description\":\"Emisora COPE de radio local con emisi\u00f3n online. Pont de Sant Jordi 8-10 03803 Alcoy\",\"potentialAction\":[{\"@type\":\"SearchAction\",\"target\":{\"@type\":\"EntryPoint\",\"urlTemplate\":\"https:\\\/\\\/www.copealcoy.es\\\/es\\\/?s={search_term_string}\"},\"query-input\":{\"@type\":\"PropertyValueSpecification\",\"valueRequired\":true,\"valueName\":\"search_term_string\"}}],\"inLanguage\":\"es\"},{\"@type\":\"Person\",\"@id\":\"https:\\\/\\\/www.copealcoy.es\\\/es\\\/#\\\/schema\\\/person\\\/e777c87fa024e57d40170af9df39882c\",\"name\":\"Cope Alcoy\",\"image\":{\"@type\":\"ImageObject\",\"inLanguage\":\"es\",\"@id\":\"https:\\\/\\\/secure.gravatar.com\\\/avatar\\\/bb65d0283347e303893ba14f0692005417c1e0e690a325a4c5d8bb2b3943ee14?s=96&d=mm&r=g\",\"url\":\"https:\\\/\\\/secure.gravatar.com\\\/avatar\\\/bb65d0283347e303893ba14f0692005417c1e0e690a325a4c5d8bb2b3943ee14?s=96&d=mm&r=g\",\"contentUrl\":\"https:\\\/\\\/secure.gravatar.com\\\/avatar\\\/bb65d0283347e303893ba14f0692005417c1e0e690a325a4c5d8bb2b3943ee14?s=96&d=mm&r=g\",\"caption\":\"Cope Alcoy\"}}]}<\/script>\n<!-- \/ Yoast SEO plugin. -->","yoast_head_json":{"title":"Estas candidaturas concurren en Alcoy a las Elecciones Municipales - COPE Alcoy","description":"El Bolet\u00edn Oficial de la Provincia de Alicante (BOP) ha publicado esta semana las candidaturas que concurren a los comicios municipales","robots":{"index":"index","follow":"follow","max-snippet":"max-snippet:-1","max-image-preview":"max-image-preview:large","max-video-preview":"max-video-preview:-1"},"canonical":"https:\/\/www.copealcoy.es\/es\/estas-candidaturas-concurren-en-alcoy-a-las-elecciones-municipales\/","og_locale":"es_ES","og_type":"article","og_title":"Estas candidaturas concurren en Alcoy a las Elecciones Municipales - COPE Alcoy","og_description":"El Bolet\u00edn Oficial de la Provincia de Alicante (BOP) ha publicado esta semana las candidaturas que concurren a los comicios municipales","og_url":"https:\/\/www.copealcoy.es\/es\/estas-candidaturas-concurren-en-alcoy-a-las-elecciones-municipales\/","og_site_name":"COPE Alcoy","article_published_time":"2023-05-26T07:00:30+00:00","article_modified_time":"2023-05-26T07:49:13+00:00","og_image":[{"width":745,"height":605,"url":"https:\/\/www.copealcoy.es\/wp-content\/uploads\/2023\/05\/unnamed-2-7.jpg","type":"image\/jpeg"}],"author":"Cope Alcoy","twitter_misc":{"Escrito por":"Cope Alcoy","Tiempo de lectura":"4 minutos"},"schema":{"@context":"https:\/\/schema.org","@graph":[{"@type":"Article","@id":"https:\/\/www.copealcoy.es\/es\/estas-candidaturas-concurren-en-alcoy-a-las-elecciones-municipales\/#article","isPartOf":{"@id":"https:\/\/www.copealcoy.es\/es\/estas-candidaturas-concurren-en-alcoy-a-las-elecciones-municipales\/"},"author":{"name":"Cope Alcoy","@id":"https:\/\/www.copealcoy.es\/es\/#\/schema\/person\/e777c87fa024e57d40170af9df39882c"},"headline":"Estas candidaturas concurren en Alcoy a las Elecciones Municipales","datePublished":"2023-05-26T07:00:30+00:00","dateModified":"2023-05-26T07:49:13+00:00","mainEntityOfPage":{"@id":"https:\/\/www.copealcoy.es\/es\/estas-candidaturas-concurren-en-alcoy-a-las-elecciones-municipales\/"},"wordCount":929,"commentCount":0,"image":{"@id":"https:\/\/www.copealcoy.es\/es\/estas-candidaturas-concurren-en-alcoy-a-las-elecciones-municipales\/#primaryimage"},"thumbnailUrl":"https:\/\/www.copealcoy.es\/wp-content\/uploads\/2023\/05\/unnamed-2-7.jpg","keywords":["Alcoy","candidaturas","Elecciones Municipales","listas electorales"],"articleSection":["Actualidad","Alcoy","Noticias","Pol\u00edtica y Econom\u00eda"],"inLanguage":"es"},{"@type":"WebPage","@id":"https:\/\/www.copealcoy.es\/es\/estas-candidaturas-concurren-en-alcoy-a-las-elecciones-municipales\/","url":"https:\/\/www.copealcoy.es\/es\/estas-candidaturas-concurren-en-alcoy-a-las-elecciones-municipales\/","name":"Estas candidaturas concurren en Alcoy a las Elecciones Municipales - COPE Alcoy","isPartOf":{"@id":"https:\/\/www.copealcoy.es\/es\/#website"},"primaryImageOfPage":{"@id":"https:\/\/www.copealcoy.es\/es\/estas-candidaturas-concurren-en-alcoy-a-las-elecciones-municipales\/#primaryimage"},"image":{"@id":"https:\/\/www.copealcoy.es\/es\/estas-candidaturas-concurren-en-alcoy-a-las-elecciones-municipales\/#primaryimage"},"thumbnailUrl":"https:\/\/www.copealcoy.es\/wp-content\/uploads\/2023\/05\/unnamed-2-7.jpg","datePublished":"2023-05-26T07:00:30+00:00","dateModified":"2023-05-26T07:49:13+00:00","author":{"@id":"https:\/\/www.copealcoy.es\/es\/#\/schema\/person\/e777c87fa024e57d40170af9df39882c"},"description":"El Bolet\u00edn Oficial de la Provincia de Alicante (BOP) ha publicado esta semana las candidaturas que concurren a los comicios municipales","breadcrumb":{"@id":"https:\/\/www.copealcoy.es\/es\/estas-candidaturas-concurren-en-alcoy-a-las-elecciones-municipales\/#breadcrumb"},"inLanguage":"es","potentialAction":[{"@type":"ReadAction","target":["https:\/\/www.copealcoy.es\/es\/estas-candidaturas-concurren-en-alcoy-a-las-elecciones-municipales\/"]}]},{"@type":"ImageObject","inLanguage":"es","@id":"https:\/\/www.copealcoy.es\/es\/estas-candidaturas-concurren-en-alcoy-a-las-elecciones-municipales\/#primaryimage","url":"https:\/\/www.copealcoy.es\/wp-content\/uploads\/2023\/05\/unnamed-2-7.jpg","contentUrl":"https:\/\/www.copealcoy.es\/wp-content\/uploads\/2023\/05\/unnamed-2-7.jpg","width":745,"height":605},{"@type":"BreadcrumbList","@id":"https:\/\/www.copealcoy.es\/es\/estas-candidaturas-concurren-en-alcoy-a-las-elecciones-municipales\/#breadcrumb","itemListElement":[{"@type":"ListItem","position":1,"name":"Portada","item":"https:\/\/www.copealcoy.es\/es\/"},{"@type":"ListItem","position":2,"name":"Estas candidaturas concurren en Alcoy a las Elecciones Municipales"}]},{"@type":"WebSite","@id":"https:\/\/www.copealcoy.es\/es\/#website","url":"https:\/\/www.copealcoy.es\/es\/","name":"COPE Alcoy","description":"Emisora COPE de radio local con emisi\u00f3n online. Pont de Sant Jordi 8-10 03803 Alcoy","potentialAction":[{"@type":"SearchAction","target":{"@type":"EntryPoint","urlTemplate":"https:\/\/www.copealcoy.es\/es\/?s={search_term_string}"},"query-input":{"@type":"PropertyValueSpecification","valueRequired":true,"valueName":"search_term_string"}}],"inLanguage":"es"},{"@type":"Person","@id":"https:\/\/www.copealcoy.es\/es\/#\/schema\/person\/e777c87fa024e57d40170af9df39882c","name":"Cope Alcoy","image":{"@type":"ImageObject","inLanguage":"es","@id":"https:\/\/secure.gravatar.com\/avatar\/bb65d0283347e303893ba14f0692005417c1e0e690a325a4c5d8bb2b3943ee14?s=96&d=mm&r=g","url":"https:\/\/secure.gravatar.com\/avatar\/bb65d0283347e303893ba14f0692005417c1e0e690a325a4c5d8bb2b3943ee14?s=96&d=mm&r=g","contentUrl":"https:\/\/secure.gravatar.com\/avatar\/bb65d0283347e303893ba14f0692005417c1e0e690a325a4c5d8bb2b3943ee14?s=96&d=mm&r=g","caption":"Cope Alcoy"}}]}},"_links":{"self":[{"href":"https:\/\/www.copealcoy.es\/es\/wp-json\/wp\/v2\/posts\/114906","targetHints":{"allow":["GET"]}}],"collection":[{"href":"https:\/\/www.copealcoy.es\/es\/wp-json\/wp\/v2\/posts"}],"about":[{"href":"https:\/\/www.copealcoy.es\/es\/wp-json\/wp\/v2\/types\/post"}],"author":[{"embeddable":true,"href":"https:\/\/www.copealcoy.es\/es\/wp-json\/wp\/v2\/users\/1"}],"replies":[{"embeddable":true,"href":"https:\/\/www.copealcoy.es\/es\/wp-json\/wp\/v2\/comments?post=114906"}],"version-history":[{"count":0,"href":"https:\/\/www.copealcoy.es\/es\/wp-json\/wp\/v2\/posts\/114906\/revisions"}],"wp:featuredmedia":[{"embeddable":true,"href":"https:\/\/www.copealcoy.es\/es\/wp-json\/wp\/v2\/media\/116296"}],"wp:attachment":[{"href":"https:\/\/www.copealcoy.es\/es\/wp-json\/wp\/v2\/media?parent=114906"}],"wp:term":[{"taxonomy":"category","embeddable":true,"href":"https:\/\/www.copealcoy.es\/es\/wp-json\/wp\/v2\/categories?post=114906"},{"taxonomy":"post_tag","embeddable":true,"href":"https:\/\/www.copealcoy.es\/es\/wp-json\/wp\/v2\/tags?post=114906"}],"curies":[{"name":"wp","href":"https:\/\/api.w.org\/{rel}","templated":true}]}}