{"id":114903,"date":"2023-04-28T07:21:31","date_gmt":"2023-04-28T06:21:31","guid":{"rendered":"https:\/\/www.copealcoy.es\/?p=114903"},"modified":"2023-04-28T07:21:31","modified_gmt":"2023-04-28T06:21:31","slug":"informativo-matinal-viernes-28-de-abril-2023-0720h","status":"publish","type":"post","link":"https:\/\/www.copealcoy.es\/es\/informativo-matinal-viernes-28-de-abril-2023-0720h\/","title":{"rendered":"Informativo matinal viernes 28 de abril 2023 (07:20h)"},"content":{"rendered":"<p><iframe loading=\"lazy\" title=\"Informatiu Matinal Divendres 28 D&#039;Abril 2023 (07:20h)\" width=\"100%\" height=\"120\" src=\"https:\/\/www.mixcloud.com\/widget\/iframe\/?feed=https%3A%2F%2Fwww.mixcloud.com%2FCOPEAlcoy%2Finformatiu-matinal-divendres-28-dabril-2023-0720h%2F&amp;hide_cover=1\" frameborder=\"0\"><\/iframe><\/p>\n<p>La reivindicaci\u00f3n de algunos partidos para que <strong>aumente el n\u00famero de colegios p\u00fablicos<\/strong> en Alcoy y las recomendaciones de Educaci\u00f3n\u00a0 para <strong>hacer frente a la ola de calor en las aulas<\/strong> son algunas de las noticias destacadas de este 28 de abril de 2023.<\/p>\n<p>Temperaturas que pueden\u00a0<span style=\"color: #000080;\"><a style=\"color: #000080;\" href=\"https:\/\/www.copealcoy.es\/alcoy-vivira-la-semana-mas-calurosa-de-los-ultimos-anos-en-un-mes-de-abril\/\" target=\"_blank\" rel=\"noopener\"><strong>alcanzar los 35\u00baC este pr\u00f3ximo s\u00e1bado<\/strong><\/a><\/span>. Despediremos el mes de abril con una meteorolog\u00eda m\u00e1s propia del mes de julio que de la primavera.<\/p>\n<p>Altas temperaturas que tendr\u00e1n\u00a0<strong>especial incidencia en los centros educativos<\/strong>, por las caracter\u00edsticas que presentan. Desde el\u00a0<strong>sindicato STEPV<\/strong>\u00a0insisten en que esta es la nueva realidad hacia la que nos encaminamos. \u00abNos preocupa porque es un tema que ser\u00e1 recurrente. El cambio clim\u00e1tico nos afecta a todas y a todos y los centros educativos no se quedan detr\u00e1s en este asunto\u00bb, lamenta\u00a0<strong>Eva Cuesta<\/strong>, delegada de Salud Laboral del STEPV en l\u2019Alcoi\u00e0-Comtat, en declaraciones a\u00a0<strong>Cope Alcoy<\/strong>.<\/p>\n<p>Por ello, desde la\u00a0<strong>Conselleria de Educaci\u00f3n<\/strong>\u00a0se han enviado recomendaciones para poder hacer frente al calor en las aulas. Educaci\u00f3n deja en manos de los Ayuntamientos la\u00a0<strong>posibilidad de cerrar centros educativos por altas temperaturas<\/strong>. Esto se debe a que son las Administraciones locales las que tienen las competencias en Protecci\u00f3n Civil. Adem\u00e1s, se recomienda\u00a0<strong>impartir la asignatura de Educaci\u00f3n F\u00edsica a primera hora<\/strong>, antes de las horas de mayor incidencia del calor. Otra de las medidas es\u00a0<strong>evitar la exposici\u00f3n prolongada al sol<\/strong>\u00a0y se sugiere modificar los horarios del recreo si fuera necesario.<\/p>\n<p>Se recomienda tambi\u00e9n\u00a0<strong>mantener las persianas bajadas y las ventanas cerradas<\/strong>\u00a0mientras el sol incida de manera directa, y\u00a0<strong>modificar los men\u00fas escolares<\/strong>\u00a0con comidas m\u00e1s frescas.<\/p>\n<p><strong>Sin protocolo estructural<\/strong><\/p>\n<p>Sin embargo, el documento trasladado por la Conselleria de Educaci\u00f3n incluye \u00fanicamente una bater\u00eda de recomendaciones. A d\u00eda de hoy,\u00a0<strong>la Comunidad Valenciana no cuenta con un protocolo estructural de actuaci\u00f3n<\/strong>\u00a0y esa es una de las reivindicaciones del sindicato de trabajadores STEPV. Y es que hay otras autonom\u00edas, como Andaluc\u00eda, que ya cuentan con \u00e9l.<\/p>\n<p>\u00abSolicitamos un protocolo a nivel estructural a tener en cuenta al largo de todo el curso escolar, porque las bajas temperaturas tambi\u00e9n nos afectan\u00bb, ha explicado la responsable sindical. Y as\u00ed lo han trasladado a la Conselleria.<\/p>\n","protected":false},"excerpt":{"rendered":"<p>La reivindicaci\u00f3n de algunos partidos para que aumente el n\u00famero de colegios p\u00fablicos en Alcoy y las recomendaciones de Educaci\u00f3n\u00a0&#8230;<\/p>\n","protected":false},"author":1,"featured_media":110612,"comment_status":"open","ping_status":"open","sticky":false,"template":"","format":"standard","meta":{"footnotes":""},"categories":[6909,89,91],"tags":[],"class_list":["post-114903","post","type-post","status-publish","format-standard","has-post-thumbnail","hentry","category-actualidad","category-audiosdelosprogramas","category-informativos"],"yoast_head":"<!-- This site is optimized with the Yoast SEO plugin v27.3 - https:\/\/yoast.com\/product\/yoast-seo-wordpress\/ -->\n<title>Informativo matinal viernes 28 de abril 2023 (07:20h) - COPE Alcoy<\/title>\n<meta name=\"description\" content=\"La reivindicaci\u00f3n de algunos partidos para que aumente el n\u00famero de colegios p\u00fablicos en Alcoy y las recomendaciones de Educaci\u00f3n\u00a0 para hacer frente a la ola de calor en las aulas son algunas de las noticias destacadas de este 28 de abril de 2023.\" \/>\n<meta name=\"robots\" content=\"index, follow, max-snippet:-1, max-image-preview:large, max-video-preview:-1\" \/>\n<link rel=\"canonical\" href=\"https:\/\/www.copealcoy.es\/es\/informativo-matinal-viernes-28-de-abril-2023-0720h\/\" \/>\n<meta property=\"og:locale\" content=\"es_ES\" \/>\n<meta property=\"og:type\" content=\"article\" \/>\n<meta property=\"og:title\" content=\"Informativo matinal viernes 28 de abril 2023 (07:20h) - COPE Alcoy\" \/>\n<meta property=\"og:description\" content=\"La reivindicaci\u00f3n de algunos partidos para que aumente el n\u00famero de colegios p\u00fablicos en Alcoy y las recomendaciones de Educaci\u00f3n\u00a0 para hacer frente a la ola de calor en las aulas son algunas de las noticias destacadas de este 28 de abril de 2023.\" \/>\n<meta property=\"og:url\" content=\"https:\/\/www.copealcoy.es\/es\/informativo-matinal-viernes-28-de-abril-2023-0720h\/\" \/>\n<meta property=\"og:site_name\" content=\"COPE Alcoy\" \/>\n<meta property=\"article:published_time\" content=\"2023-04-28T06:21:31+00:00\" \/>\n<meta property=\"og:image\" content=\"https:\/\/www.copealcoy.es\/wp-content\/uploads\/2023\/02\/Herrera-en-COPE-Alcoy-4.png\" \/>\n\t<meta property=\"og:image:width\" content=\"357\" \/>\n\t<meta property=\"og:image:height\" content=\"290\" \/>\n\t<meta property=\"og:image:type\" content=\"image\/png\" \/>\n<meta name=\"author\" content=\"Cope Alcoy\" \/>\n<meta name=\"twitter:label1\" content=\"Escrito por\" \/>\n\t<meta name=\"twitter:data1\" content=\"Cope Alcoy\" \/>\n\t<meta name=\"twitter:label2\" content=\"Tiempo de lectura\" \/>\n\t<meta name=\"twitter:data2\" content=\"2 minutos\" \/>\n<script type=\"application\/ld+json\" class=\"yoast-schema-graph\">{\"@context\":\"https:\\\/\\\/schema.org\",\"@graph\":[{\"@type\":\"Article\",\"@id\":\"https:\\\/\\\/www.copealcoy.es\\\/es\\\/informativo-matinal-viernes-28-de-abril-2023-0720h\\\/#article\",\"isPartOf\":{\"@id\":\"https:\\\/\\\/www.copealcoy.es\\\/es\\\/informativo-matinal-viernes-28-de-abril-2023-0720h\\\/\"},\"author\":{\"name\":\"Cope Alcoy\",\"@id\":\"https:\\\/\\\/www.copealcoy.es\\\/es\\\/#\\\/schema\\\/person\\\/e777c87fa024e57d40170af9df39882c\"},\"headline\":\"Informativo matinal viernes 28 de abril 2023 (07:20h)\",\"datePublished\":\"2023-04-28T06:21:31+00:00\",\"mainEntityOfPage\":{\"@id\":\"https:\\\/\\\/www.copealcoy.es\\\/es\\\/informativo-matinal-viernes-28-de-abril-2023-0720h\\\/\"},\"wordCount\":412,\"commentCount\":0,\"image\":{\"@id\":\"https:\\\/\\\/www.copealcoy.es\\\/es\\\/informativo-matinal-viernes-28-de-abril-2023-0720h\\\/#primaryimage\"},\"thumbnailUrl\":\"https:\\\/\\\/www.copealcoy.es\\\/wp-content\\\/uploads\\\/2023\\\/02\\\/Herrera-en-COPE-Alcoy-4.png\",\"articleSection\":[\"Actualidad\",\"Audios de los programas\",\"Informativos\"],\"inLanguage\":\"es\"},{\"@type\":\"WebPage\",\"@id\":\"https:\\\/\\\/www.copealcoy.es\\\/es\\\/informativo-matinal-viernes-28-de-abril-2023-0720h\\\/\",\"url\":\"https:\\\/\\\/www.copealcoy.es\\\/es\\\/informativo-matinal-viernes-28-de-abril-2023-0720h\\\/\",\"name\":\"Informativo matinal viernes 28 de abril 2023 (07:20h) - COPE Alcoy\",\"isPartOf\":{\"@id\":\"https:\\\/\\\/www.copealcoy.es\\\/es\\\/#website\"},\"primaryImageOfPage\":{\"@id\":\"https:\\\/\\\/www.copealcoy.es\\\/es\\\/informativo-matinal-viernes-28-de-abril-2023-0720h\\\/#primaryimage\"},\"image\":{\"@id\":\"https:\\\/\\\/www.copealcoy.es\\\/es\\\/informativo-matinal-viernes-28-de-abril-2023-0720h\\\/#primaryimage\"},\"thumbnailUrl\":\"https:\\\/\\\/www.copealcoy.es\\\/wp-content\\\/uploads\\\/2023\\\/02\\\/Herrera-en-COPE-Alcoy-4.png\",\"datePublished\":\"2023-04-28T06:21:31+00:00\",\"author\":{\"@id\":\"https:\\\/\\\/www.copealcoy.es\\\/es\\\/#\\\/schema\\\/person\\\/e777c87fa024e57d40170af9df39882c\"},\"description\":\"La reivindicaci\u00f3n de algunos partidos para que aumente el n\u00famero de colegios p\u00fablicos en Alcoy y las recomendaciones de Educaci\u00f3n\u00a0 para hacer frente a la ola de calor en las aulas son algunas de las noticias destacadas de este 28 de abril de 2023.\",\"breadcrumb\":{\"@id\":\"https:\\\/\\\/www.copealcoy.es\\\/es\\\/informativo-matinal-viernes-28-de-abril-2023-0720h\\\/#breadcrumb\"},\"inLanguage\":\"es\",\"potentialAction\":[{\"@type\":\"ReadAction\",\"target\":[\"https:\\\/\\\/www.copealcoy.es\\\/es\\\/informativo-matinal-viernes-28-de-abril-2023-0720h\\\/\"]}]},{\"@type\":\"ImageObject\",\"inLanguage\":\"es\",\"@id\":\"https:\\\/\\\/www.copealcoy.es\\\/es\\\/informativo-matinal-viernes-28-de-abril-2023-0720h\\\/#primaryimage\",\"url\":\"https:\\\/\\\/www.copealcoy.es\\\/wp-content\\\/uploads\\\/2023\\\/02\\\/Herrera-en-COPE-Alcoy-4.png\",\"contentUrl\":\"https:\\\/\\\/www.copealcoy.es\\\/wp-content\\\/uploads\\\/2023\\\/02\\\/Herrera-en-COPE-Alcoy-4.png\",\"width\":357,\"height\":290},{\"@type\":\"BreadcrumbList\",\"@id\":\"https:\\\/\\\/www.copealcoy.es\\\/es\\\/informativo-matinal-viernes-28-de-abril-2023-0720h\\\/#breadcrumb\",\"itemListElement\":[{\"@type\":\"ListItem\",\"position\":1,\"name\":\"Portada\",\"item\":\"https:\\\/\\\/www.copealcoy.es\\\/es\\\/\"},{\"@type\":\"ListItem\",\"position\":2,\"name\":\"Informativo matinal viernes 28 de abril 2023 (07:20h)\"}]},{\"@type\":\"WebSite\",\"@id\":\"https:\\\/\\\/www.copealcoy.es\\\/es\\\/#website\",\"url\":\"https:\\\/\\\/www.copealcoy.es\\\/es\\\/\",\"name\":\"COPE Alcoy\",\"description\":\"Emisora COPE de radio local con emisi\u00f3n online. Pont de Sant Jordi 8-10 03803 Alcoy\",\"potentialAction\":[{\"@type\":\"SearchAction\",\"target\":{\"@type\":\"EntryPoint\",\"urlTemplate\":\"https:\\\/\\\/www.copealcoy.es\\\/es\\\/?s={search_term_string}\"},\"query-input\":{\"@type\":\"PropertyValueSpecification\",\"valueRequired\":true,\"valueName\":\"search_term_string\"}}],\"inLanguage\":\"es\"},{\"@type\":\"Person\",\"@id\":\"https:\\\/\\\/www.copealcoy.es\\\/es\\\/#\\\/schema\\\/person\\\/e777c87fa024e57d40170af9df39882c\",\"name\":\"Cope Alcoy\",\"image\":{\"@type\":\"ImageObject\",\"inLanguage\":\"es\",\"@id\":\"https:\\\/\\\/secure.gravatar.com\\\/avatar\\\/bb65d0283347e303893ba14f0692005417c1e0e690a325a4c5d8bb2b3943ee14?s=96&d=mm&r=g\",\"url\":\"https:\\\/\\\/secure.gravatar.com\\\/avatar\\\/bb65d0283347e303893ba14f0692005417c1e0e690a325a4c5d8bb2b3943ee14?s=96&d=mm&r=g\",\"contentUrl\":\"https:\\\/\\\/secure.gravatar.com\\\/avatar\\\/bb65d0283347e303893ba14f0692005417c1e0e690a325a4c5d8bb2b3943ee14?s=96&d=mm&r=g\",\"caption\":\"Cope Alcoy\"}}]}<\/script>\n<!-- \/ Yoast SEO plugin. -->","yoast_head_json":{"title":"Informativo matinal viernes 28 de abril 2023 (07:20h) - COPE Alcoy","description":"La reivindicaci\u00f3n de algunos partidos para que aumente el n\u00famero de colegios p\u00fablicos en Alcoy y las recomendaciones de Educaci\u00f3n\u00a0 para hacer frente a la ola de calor en las aulas son algunas de las noticias destacadas de este 28 de abril de 2023.","robots":{"index":"index","follow":"follow","max-snippet":"max-snippet:-1","max-image-preview":"max-image-preview:large","max-video-preview":"max-video-preview:-1"},"canonical":"https:\/\/www.copealcoy.es\/es\/informativo-matinal-viernes-28-de-abril-2023-0720h\/","og_locale":"es_ES","og_type":"article","og_title":"Informativo matinal viernes 28 de abril 2023 (07:20h) - COPE Alcoy","og_description":"La reivindicaci\u00f3n de algunos partidos para que aumente el n\u00famero de colegios p\u00fablicos en Alcoy y las recomendaciones de Educaci\u00f3n\u00a0 para hacer frente a la ola de calor en las aulas son algunas de las noticias destacadas de este 28 de abril de 2023.","og_url":"https:\/\/www.copealcoy.es\/es\/informativo-matinal-viernes-28-de-abril-2023-0720h\/","og_site_name":"COPE Alcoy","article_published_time":"2023-04-28T06:21:31+00:00","og_image":[{"width":357,"height":290,"url":"https:\/\/www.copealcoy.es\/wp-content\/uploads\/2023\/02\/Herrera-en-COPE-Alcoy-4.png","type":"image\/png"}],"author":"Cope Alcoy","twitter_misc":{"Escrito por":"Cope Alcoy","Tiempo de lectura":"2 minutos"},"schema":{"@context":"https:\/\/schema.org","@graph":[{"@type":"Article","@id":"https:\/\/www.copealcoy.es\/es\/informativo-matinal-viernes-28-de-abril-2023-0720h\/#article","isPartOf":{"@id":"https:\/\/www.copealcoy.es\/es\/informativo-matinal-viernes-28-de-abril-2023-0720h\/"},"author":{"name":"Cope Alcoy","@id":"https:\/\/www.copealcoy.es\/es\/#\/schema\/person\/e777c87fa024e57d40170af9df39882c"},"headline":"Informativo matinal viernes 28 de abril 2023 (07:20h)","datePublished":"2023-04-28T06:21:31+00:00","mainEntityOfPage":{"@id":"https:\/\/www.copealcoy.es\/es\/informativo-matinal-viernes-28-de-abril-2023-0720h\/"},"wordCount":412,"commentCount":0,"image":{"@id":"https:\/\/www.copealcoy.es\/es\/informativo-matinal-viernes-28-de-abril-2023-0720h\/#primaryimage"},"thumbnailUrl":"https:\/\/www.copealcoy.es\/wp-content\/uploads\/2023\/02\/Herrera-en-COPE-Alcoy-4.png","articleSection":["Actualidad","Audios de los programas","Informativos"],"inLanguage":"es"},{"@type":"WebPage","@id":"https:\/\/www.copealcoy.es\/es\/informativo-matinal-viernes-28-de-abril-2023-0720h\/","url":"https:\/\/www.copealcoy.es\/es\/informativo-matinal-viernes-28-de-abril-2023-0720h\/","name":"Informativo matinal viernes 28 de abril 2023 (07:20h) - COPE Alcoy","isPartOf":{"@id":"https:\/\/www.copealcoy.es\/es\/#website"},"primaryImageOfPage":{"@id":"https:\/\/www.copealcoy.es\/es\/informativo-matinal-viernes-28-de-abril-2023-0720h\/#primaryimage"},"image":{"@id":"https:\/\/www.copealcoy.es\/es\/informativo-matinal-viernes-28-de-abril-2023-0720h\/#primaryimage"},"thumbnailUrl":"https:\/\/www.copealcoy.es\/wp-content\/uploads\/2023\/02\/Herrera-en-COPE-Alcoy-4.png","datePublished":"2023-04-28T06:21:31+00:00","author":{"@id":"https:\/\/www.copealcoy.es\/es\/#\/schema\/person\/e777c87fa024e57d40170af9df39882c"},"description":"La reivindicaci\u00f3n de algunos partidos para que aumente el n\u00famero de colegios p\u00fablicos en Alcoy y las recomendaciones de Educaci\u00f3n\u00a0 para hacer frente a la ola de calor en las aulas son algunas de las noticias destacadas de este 28 de abril de 2023.","breadcrumb":{"@id":"https:\/\/www.copealcoy.es\/es\/informativo-matinal-viernes-28-de-abril-2023-0720h\/#breadcrumb"},"inLanguage":"es","potentialAction":[{"@type":"ReadAction","target":["https:\/\/www.copealcoy.es\/es\/informativo-matinal-viernes-28-de-abril-2023-0720h\/"]}]},{"@type":"ImageObject","inLanguage":"es","@id":"https:\/\/www.copealcoy.es\/es\/informativo-matinal-viernes-28-de-abril-2023-0720h\/#primaryimage","url":"https:\/\/www.copealcoy.es\/wp-content\/uploads\/2023\/02\/Herrera-en-COPE-Alcoy-4.png","contentUrl":"https:\/\/www.copealcoy.es\/wp-content\/uploads\/2023\/02\/Herrera-en-COPE-Alcoy-4.png","width":357,"height":290},{"@type":"BreadcrumbList","@id":"https:\/\/www.copealcoy.es\/es\/informativo-matinal-viernes-28-de-abril-2023-0720h\/#breadcrumb","itemListElement":[{"@type":"ListItem","position":1,"name":"Portada","item":"https:\/\/www.copealcoy.es\/es\/"},{"@type":"ListItem","position":2,"name":"Informativo matinal viernes 28 de abril 2023 (07:20h)"}]},{"@type":"WebSite","@id":"https:\/\/www.copealcoy.es\/es\/#website","url":"https:\/\/www.copealcoy.es\/es\/","name":"COPE Alcoy","description":"Emisora COPE de radio local con emisi\u00f3n online. Pont de Sant Jordi 8-10 03803 Alcoy","potentialAction":[{"@type":"SearchAction","target":{"@type":"EntryPoint","urlTemplate":"https:\/\/www.copealcoy.es\/es\/?s={search_term_string}"},"query-input":{"@type":"PropertyValueSpecification","valueRequired":true,"valueName":"search_term_string"}}],"inLanguage":"es"},{"@type":"Person","@id":"https:\/\/www.copealcoy.es\/es\/#\/schema\/person\/e777c87fa024e57d40170af9df39882c","name":"Cope Alcoy","image":{"@type":"ImageObject","inLanguage":"es","@id":"https:\/\/secure.gravatar.com\/avatar\/bb65d0283347e303893ba14f0692005417c1e0e690a325a4c5d8bb2b3943ee14?s=96&d=mm&r=g","url":"https:\/\/secure.gravatar.com\/avatar\/bb65d0283347e303893ba14f0692005417c1e0e690a325a4c5d8bb2b3943ee14?s=96&d=mm&r=g","contentUrl":"https:\/\/secure.gravatar.com\/avatar\/bb65d0283347e303893ba14f0692005417c1e0e690a325a4c5d8bb2b3943ee14?s=96&d=mm&r=g","caption":"Cope Alcoy"}}]}},"_links":{"self":[{"href":"https:\/\/www.copealcoy.es\/es\/wp-json\/wp\/v2\/posts\/114903","targetHints":{"allow":["GET"]}}],"collection":[{"href":"https:\/\/www.copealcoy.es\/es\/wp-json\/wp\/v2\/posts"}],"about":[{"href":"https:\/\/www.copealcoy.es\/es\/wp-json\/wp\/v2\/types\/post"}],"author":[{"embeddable":true,"href":"https:\/\/www.copealcoy.es\/es\/wp-json\/wp\/v2\/users\/1"}],"replies":[{"embeddable":true,"href":"https:\/\/www.copealcoy.es\/es\/wp-json\/wp\/v2\/comments?post=114903"}],"version-history":[{"count":0,"href":"https:\/\/www.copealcoy.es\/es\/wp-json\/wp\/v2\/posts\/114903\/revisions"}],"wp:featuredmedia":[{"embeddable":true,"href":"https:\/\/www.copealcoy.es\/es\/wp-json\/wp\/v2\/media\/110612"}],"wp:attachment":[{"href":"https:\/\/www.copealcoy.es\/es\/wp-json\/wp\/v2\/media?parent=114903"}],"wp:term":[{"taxonomy":"category","embeddable":true,"href":"https:\/\/www.copealcoy.es\/es\/wp-json\/wp\/v2\/categories?post=114903"},{"taxonomy":"post_tag","embeddable":true,"href":"https:\/\/www.copealcoy.es\/es\/wp-json\/wp\/v2\/tags?post=114903"}],"curies":[{"name":"wp","href":"https:\/\/api.w.org\/{rel}","templated":true}]}}