{"id":114859,"date":"2023-04-27T10:59:58","date_gmt":"2023-04-27T09:59:58","guid":{"rendered":"https:\/\/www.copealcoy.es\/?p=114859"},"modified":"2023-04-27T11:40:39","modified_gmt":"2023-04-27T10:40:39","slug":"detenidos-por-perpetrar-varios-robos-en-onil-y-castalla","status":"publish","type":"post","link":"https:\/\/www.copealcoy.es\/es\/detenidos-por-perpetrar-varios-robos-en-onil-y-castalla\/","title":{"rendered":"Detenidos por perpetrar varios robos en Onil y Castalla"},"content":{"rendered":"<p style=\"text-align: justify;\">La <strong>Guardia Civil de Alicante<\/strong> ha procedido a la\u00a0<strong>detenci\u00f3n de 7 personas, 6 hombres y una mujer<\/strong> de entre 20 y 45 a\u00f1os de edad, as\u00ed como de nacionalidad espa\u00f1ola. Ha sido en el marco de\u00a0la <strong>operaci\u00f3n Ropol <\/strong>iniciada tras la detecci\u00f3n de varios casos de\u00a0<strong>robos en interior de viviendas<\/strong>\u00a0en la localidad de\u00a0<strong>Novelda.\u00a0<\/strong><\/p>\n<p style=\"text-align: justify;\">Durante la <strong>primera fase de la investigaci\u00f3n<\/strong>, los mismos agentes de la Guardia Civil se percataron de que <strong>en Onil y Castalla<\/strong> los autores de los robos <strong>hab\u00edan tratado de acceder a las viviendas mediante la inutilizaci\u00f3n de las cerraduras de las puertas principales<\/strong>. Para ello, seg\u00fan la informaci\u00f3n facilitada, realizaban la inyecci\u00f3n de un compuesto qu\u00edmico altamente t\u00f3xico y corrosivo como es el \u00e1cido sulf\u00farico. Posteriormente <strong>se produjo un asalto a un recinto de culto religioso<\/strong>, donde se sustrajo material como un crucifijo, y el 15 de abril los agentes acuden a la escena de un nuevo robo <strong>encontrando precisamente uno de los crucifijos hurtados<\/strong>. Los ladrones, tal y como reitera la Guardia Civil, <strong>hab\u00edan empleado para romper la ventana en este asalto<\/strong>. Con este crucifijo pueden identificar a uno de los miembros del grupo, <strong>un joven de 20 a\u00f1os que vive en Castalla<\/strong>. Y cuando hacen el cacheo en su vivienda <strong>encuentran numerosos efectos de los robos<\/strong>, as\u00ed una botella de \u00e1cido sulf\u00farico, y cableado de cobre del alumbrado p\u00fablico.<\/p>\n<p style=\"text-align: justify;\">La <a href=\"https:\/\/www.guardiacivil.es\/es\/index.html\" target=\"_blank\" rel=\"noopener\"><strong><span style=\"color: #0000ff;\">Guardia Civil<\/span> <\/strong><\/a>cuenta que <strong>en una segunda fase de la investigaci\u00f3n<\/strong> se identifica al menos a 6 personas que han participado en los robos, todos espa\u00f1oles y de entre 20 y 45 a\u00f1os y que cuentan con numerosos antecedentes por hechos similares. Declararon ante el juez de Ibi, quien <strong>les dej\u00f3 en libertad con medidas cautelares hasta la celebraci\u00f3n del juicio<\/strong>. Se <strong>les acusa<\/strong> de pertenencia a grupo criminal, robo con fuerza, hurto y recaudaci\u00f3n.<\/p>\n<p style=\"text-align: justify;\">Desde la Guardia Civil explican que aunque se les achaca 10 robos,<strong> mantienen la investigaci\u00f3n abierta<\/strong> porque no descartan que hayan participado en m\u00e1s.<\/p>\n","protected":false},"excerpt":{"rendered":"<p>La Guardia Civil de Alicante ha procedido a la\u00a0detenci\u00f3n de 7 personas, 6 hombres y una mujer de entre 20&#8230;<\/p>\n","protected":false},"author":1,"featured_media":114860,"comment_status":"open","ping_status":"open","sticky":false,"template":"","format":"standard","meta":{"footnotes":""},"categories":[6909,98,75],"tags":[1619,14641,1393,2187,1661,1866],"class_list":["post-114859","post","type-post","status-publish","format-standard","has-post-thumbnail","hentry","category-actualidad","category-comarcas","category-noticias","tag-castalla","tag-delincuentes","tag-detencion","tag-guardia-civil","tag-onil","tag-robos"],"yoast_head":"<!-- This site is optimized with the Yoast SEO plugin v27.3 - https:\/\/yoast.com\/product\/yoast-seo-wordpress\/ -->\n<title>Detenidos por perpetrar varios robos en Onil y Castalla - COPE Alcoy<\/title>\n<meta name=\"description\" content=\"La Guardia Civil de Alicante ha procedido a la\u00a0detenci\u00f3n de 7 personas por perpetrar diferentes robos en Onil y Castalla\" \/>\n<meta name=\"robots\" content=\"index, follow, max-snippet:-1, max-image-preview:large, max-video-preview:-1\" \/>\n<link rel=\"canonical\" href=\"https:\/\/www.copealcoy.es\/es\/detenidos-por-perpetrar-varios-robos-en-onil-y-castalla\/\" \/>\n<meta property=\"og:locale\" content=\"es_ES\" \/>\n<meta property=\"og:type\" content=\"article\" \/>\n<meta property=\"og:title\" content=\"Detenidos por perpetrar varios robos en Onil y Castalla - COPE Alcoy\" \/>\n<meta property=\"og:description\" content=\"La Guardia Civil de Alicante ha procedido a la\u00a0detenci\u00f3n de 7 personas por perpetrar diferentes robos en Onil y Castalla\" \/>\n<meta property=\"og:url\" content=\"https:\/\/www.copealcoy.es\/es\/detenidos-por-perpetrar-varios-robos-en-onil-y-castalla\/\" \/>\n<meta property=\"og:site_name\" content=\"COPE Alcoy\" \/>\n<meta property=\"article:published_time\" content=\"2023-04-27T09:59:58+00:00\" \/>\n<meta property=\"article:modified_time\" content=\"2023-04-27T10:40:39+00:00\" \/>\n<meta property=\"og:image\" content=\"https:\/\/www.copealcoy.es\/wp-content\/uploads\/2023\/04\/detencion-robo-1.jpg\" \/>\n\t<meta property=\"og:image:width\" content=\"800\" \/>\n\t<meta property=\"og:image:height\" content=\"600\" \/>\n\t<meta property=\"og:image:type\" content=\"image\/jpeg\" \/>\n<meta name=\"author\" content=\"Cope Alcoy\" \/>\n<meta name=\"twitter:label1\" content=\"Escrito por\" \/>\n\t<meta name=\"twitter:data1\" content=\"Cope Alcoy\" \/>\n\t<meta name=\"twitter:label2\" content=\"Tiempo de lectura\" \/>\n\t<meta name=\"twitter:data2\" content=\"2 minutos\" \/>\n<script type=\"application\/ld+json\" class=\"yoast-schema-graph\">{\"@context\":\"https:\\\/\\\/schema.org\",\"@graph\":[{\"@type\":\"Article\",\"@id\":\"https:\\\/\\\/www.copealcoy.es\\\/es\\\/detenidos-por-perpetrar-varios-robos-en-onil-y-castalla\\\/#article\",\"isPartOf\":{\"@id\":\"https:\\\/\\\/www.copealcoy.es\\\/es\\\/detenidos-por-perpetrar-varios-robos-en-onil-y-castalla\\\/\"},\"author\":{\"name\":\"Cope Alcoy\",\"@id\":\"https:\\\/\\\/www.copealcoy.es\\\/es\\\/#\\\/schema\\\/person\\\/e777c87fa024e57d40170af9df39882c\"},\"headline\":\"Detenidos por perpetrar varios robos en Onil y Castalla\",\"datePublished\":\"2023-04-27T09:59:58+00:00\",\"dateModified\":\"2023-04-27T10:40:39+00:00\",\"mainEntityOfPage\":{\"@id\":\"https:\\\/\\\/www.copealcoy.es\\\/es\\\/detenidos-por-perpetrar-varios-robos-en-onil-y-castalla\\\/\"},\"wordCount\":354,\"commentCount\":0,\"image\":{\"@id\":\"https:\\\/\\\/www.copealcoy.es\\\/es\\\/detenidos-por-perpetrar-varios-robos-en-onil-y-castalla\\\/#primaryimage\"},\"thumbnailUrl\":\"https:\\\/\\\/www.copealcoy.es\\\/wp-content\\\/uploads\\\/2023\\\/04\\\/detencion-robo-1.jpg\",\"keywords\":[\"Castalla\",\"delincuentes\",\"detenci\u00f3n\",\"Guardia Civil\",\"Onil\",\"Robos\"],\"articleSection\":[\"Actualidad\",\"Comarcas\",\"Noticias\"],\"inLanguage\":\"es\"},{\"@type\":\"WebPage\",\"@id\":\"https:\\\/\\\/www.copealcoy.es\\\/es\\\/detenidos-por-perpetrar-varios-robos-en-onil-y-castalla\\\/\",\"url\":\"https:\\\/\\\/www.copealcoy.es\\\/es\\\/detenidos-por-perpetrar-varios-robos-en-onil-y-castalla\\\/\",\"name\":\"Detenidos por perpetrar varios robos en Onil y Castalla - COPE Alcoy\",\"isPartOf\":{\"@id\":\"https:\\\/\\\/www.copealcoy.es\\\/es\\\/#website\"},\"primaryImageOfPage\":{\"@id\":\"https:\\\/\\\/www.copealcoy.es\\\/es\\\/detenidos-por-perpetrar-varios-robos-en-onil-y-castalla\\\/#primaryimage\"},\"image\":{\"@id\":\"https:\\\/\\\/www.copealcoy.es\\\/es\\\/detenidos-por-perpetrar-varios-robos-en-onil-y-castalla\\\/#primaryimage\"},\"thumbnailUrl\":\"https:\\\/\\\/www.copealcoy.es\\\/wp-content\\\/uploads\\\/2023\\\/04\\\/detencion-robo-1.jpg\",\"datePublished\":\"2023-04-27T09:59:58+00:00\",\"dateModified\":\"2023-04-27T10:40:39+00:00\",\"author\":{\"@id\":\"https:\\\/\\\/www.copealcoy.es\\\/es\\\/#\\\/schema\\\/person\\\/e777c87fa024e57d40170af9df39882c\"},\"description\":\"La Guardia Civil de Alicante ha procedido a la\u00a0detenci\u00f3n de 7 personas por perpetrar diferentes robos en Onil y Castalla\",\"breadcrumb\":{\"@id\":\"https:\\\/\\\/www.copealcoy.es\\\/es\\\/detenidos-por-perpetrar-varios-robos-en-onil-y-castalla\\\/#breadcrumb\"},\"inLanguage\":\"es\",\"potentialAction\":[{\"@type\":\"ReadAction\",\"target\":[\"https:\\\/\\\/www.copealcoy.es\\\/es\\\/detenidos-por-perpetrar-varios-robos-en-onil-y-castalla\\\/\"]}]},{\"@type\":\"ImageObject\",\"inLanguage\":\"es\",\"@id\":\"https:\\\/\\\/www.copealcoy.es\\\/es\\\/detenidos-por-perpetrar-varios-robos-en-onil-y-castalla\\\/#primaryimage\",\"url\":\"https:\\\/\\\/www.copealcoy.es\\\/wp-content\\\/uploads\\\/2023\\\/04\\\/detencion-robo-1.jpg\",\"contentUrl\":\"https:\\\/\\\/www.copealcoy.es\\\/wp-content\\\/uploads\\\/2023\\\/04\\\/detencion-robo-1.jpg\",\"width\":800,\"height\":600},{\"@type\":\"BreadcrumbList\",\"@id\":\"https:\\\/\\\/www.copealcoy.es\\\/es\\\/detenidos-por-perpetrar-varios-robos-en-onil-y-castalla\\\/#breadcrumb\",\"itemListElement\":[{\"@type\":\"ListItem\",\"position\":1,\"name\":\"Portada\",\"item\":\"https:\\\/\\\/www.copealcoy.es\\\/es\\\/\"},{\"@type\":\"ListItem\",\"position\":2,\"name\":\"Detenidos por perpetrar varios robos en Onil y Castalla\"}]},{\"@type\":\"WebSite\",\"@id\":\"https:\\\/\\\/www.copealcoy.es\\\/es\\\/#website\",\"url\":\"https:\\\/\\\/www.copealcoy.es\\\/es\\\/\",\"name\":\"COPE Alcoy\",\"description\":\"Emisora COPE de radio local con emisi\u00f3n online. Pont de Sant Jordi 8-10 03803 Alcoy\",\"potentialAction\":[{\"@type\":\"SearchAction\",\"target\":{\"@type\":\"EntryPoint\",\"urlTemplate\":\"https:\\\/\\\/www.copealcoy.es\\\/es\\\/?s={search_term_string}\"},\"query-input\":{\"@type\":\"PropertyValueSpecification\",\"valueRequired\":true,\"valueName\":\"search_term_string\"}}],\"inLanguage\":\"es\"},{\"@type\":\"Person\",\"@id\":\"https:\\\/\\\/www.copealcoy.es\\\/es\\\/#\\\/schema\\\/person\\\/e777c87fa024e57d40170af9df39882c\",\"name\":\"Cope Alcoy\",\"image\":{\"@type\":\"ImageObject\",\"inLanguage\":\"es\",\"@id\":\"https:\\\/\\\/secure.gravatar.com\\\/avatar\\\/bb65d0283347e303893ba14f0692005417c1e0e690a325a4c5d8bb2b3943ee14?s=96&d=mm&r=g\",\"url\":\"https:\\\/\\\/secure.gravatar.com\\\/avatar\\\/bb65d0283347e303893ba14f0692005417c1e0e690a325a4c5d8bb2b3943ee14?s=96&d=mm&r=g\",\"contentUrl\":\"https:\\\/\\\/secure.gravatar.com\\\/avatar\\\/bb65d0283347e303893ba14f0692005417c1e0e690a325a4c5d8bb2b3943ee14?s=96&d=mm&r=g\",\"caption\":\"Cope Alcoy\"}}]}<\/script>\n<!-- \/ Yoast SEO plugin. -->","yoast_head_json":{"title":"Detenidos por perpetrar varios robos en Onil y Castalla - COPE Alcoy","description":"La Guardia Civil de Alicante ha procedido a la\u00a0detenci\u00f3n de 7 personas por perpetrar diferentes robos en Onil y Castalla","robots":{"index":"index","follow":"follow","max-snippet":"max-snippet:-1","max-image-preview":"max-image-preview:large","max-video-preview":"max-video-preview:-1"},"canonical":"https:\/\/www.copealcoy.es\/es\/detenidos-por-perpetrar-varios-robos-en-onil-y-castalla\/","og_locale":"es_ES","og_type":"article","og_title":"Detenidos por perpetrar varios robos en Onil y Castalla - COPE Alcoy","og_description":"La Guardia Civil de Alicante ha procedido a la\u00a0detenci\u00f3n de 7 personas por perpetrar diferentes robos en Onil y Castalla","og_url":"https:\/\/www.copealcoy.es\/es\/detenidos-por-perpetrar-varios-robos-en-onil-y-castalla\/","og_site_name":"COPE Alcoy","article_published_time":"2023-04-27T09:59:58+00:00","article_modified_time":"2023-04-27T10:40:39+00:00","og_image":[{"width":800,"height":600,"url":"https:\/\/www.copealcoy.es\/wp-content\/uploads\/2023\/04\/detencion-robo-1.jpg","type":"image\/jpeg"}],"author":"Cope Alcoy","twitter_misc":{"Escrito por":"Cope Alcoy","Tiempo de lectura":"2 minutos"},"schema":{"@context":"https:\/\/schema.org","@graph":[{"@type":"Article","@id":"https:\/\/www.copealcoy.es\/es\/detenidos-por-perpetrar-varios-robos-en-onil-y-castalla\/#article","isPartOf":{"@id":"https:\/\/www.copealcoy.es\/es\/detenidos-por-perpetrar-varios-robos-en-onil-y-castalla\/"},"author":{"name":"Cope Alcoy","@id":"https:\/\/www.copealcoy.es\/es\/#\/schema\/person\/e777c87fa024e57d40170af9df39882c"},"headline":"Detenidos por perpetrar varios robos en Onil y Castalla","datePublished":"2023-04-27T09:59:58+00:00","dateModified":"2023-04-27T10:40:39+00:00","mainEntityOfPage":{"@id":"https:\/\/www.copealcoy.es\/es\/detenidos-por-perpetrar-varios-robos-en-onil-y-castalla\/"},"wordCount":354,"commentCount":0,"image":{"@id":"https:\/\/www.copealcoy.es\/es\/detenidos-por-perpetrar-varios-robos-en-onil-y-castalla\/#primaryimage"},"thumbnailUrl":"https:\/\/www.copealcoy.es\/wp-content\/uploads\/2023\/04\/detencion-robo-1.jpg","keywords":["Castalla","delincuentes","detenci\u00f3n","Guardia Civil","Onil","Robos"],"articleSection":["Actualidad","Comarcas","Noticias"],"inLanguage":"es"},{"@type":"WebPage","@id":"https:\/\/www.copealcoy.es\/es\/detenidos-por-perpetrar-varios-robos-en-onil-y-castalla\/","url":"https:\/\/www.copealcoy.es\/es\/detenidos-por-perpetrar-varios-robos-en-onil-y-castalla\/","name":"Detenidos por perpetrar varios robos en Onil y Castalla - COPE Alcoy","isPartOf":{"@id":"https:\/\/www.copealcoy.es\/es\/#website"},"primaryImageOfPage":{"@id":"https:\/\/www.copealcoy.es\/es\/detenidos-por-perpetrar-varios-robos-en-onil-y-castalla\/#primaryimage"},"image":{"@id":"https:\/\/www.copealcoy.es\/es\/detenidos-por-perpetrar-varios-robos-en-onil-y-castalla\/#primaryimage"},"thumbnailUrl":"https:\/\/www.copealcoy.es\/wp-content\/uploads\/2023\/04\/detencion-robo-1.jpg","datePublished":"2023-04-27T09:59:58+00:00","dateModified":"2023-04-27T10:40:39+00:00","author":{"@id":"https:\/\/www.copealcoy.es\/es\/#\/schema\/person\/e777c87fa024e57d40170af9df39882c"},"description":"La Guardia Civil de Alicante ha procedido a la\u00a0detenci\u00f3n de 7 personas por perpetrar diferentes robos en Onil y Castalla","breadcrumb":{"@id":"https:\/\/www.copealcoy.es\/es\/detenidos-por-perpetrar-varios-robos-en-onil-y-castalla\/#breadcrumb"},"inLanguage":"es","potentialAction":[{"@type":"ReadAction","target":["https:\/\/www.copealcoy.es\/es\/detenidos-por-perpetrar-varios-robos-en-onil-y-castalla\/"]}]},{"@type":"ImageObject","inLanguage":"es","@id":"https:\/\/www.copealcoy.es\/es\/detenidos-por-perpetrar-varios-robos-en-onil-y-castalla\/#primaryimage","url":"https:\/\/www.copealcoy.es\/wp-content\/uploads\/2023\/04\/detencion-robo-1.jpg","contentUrl":"https:\/\/www.copealcoy.es\/wp-content\/uploads\/2023\/04\/detencion-robo-1.jpg","width":800,"height":600},{"@type":"BreadcrumbList","@id":"https:\/\/www.copealcoy.es\/es\/detenidos-por-perpetrar-varios-robos-en-onil-y-castalla\/#breadcrumb","itemListElement":[{"@type":"ListItem","position":1,"name":"Portada","item":"https:\/\/www.copealcoy.es\/es\/"},{"@type":"ListItem","position":2,"name":"Detenidos por perpetrar varios robos en Onil y Castalla"}]},{"@type":"WebSite","@id":"https:\/\/www.copealcoy.es\/es\/#website","url":"https:\/\/www.copealcoy.es\/es\/","name":"COPE Alcoy","description":"Emisora COPE de radio local con emisi\u00f3n online. Pont de Sant Jordi 8-10 03803 Alcoy","potentialAction":[{"@type":"SearchAction","target":{"@type":"EntryPoint","urlTemplate":"https:\/\/www.copealcoy.es\/es\/?s={search_term_string}"},"query-input":{"@type":"PropertyValueSpecification","valueRequired":true,"valueName":"search_term_string"}}],"inLanguage":"es"},{"@type":"Person","@id":"https:\/\/www.copealcoy.es\/es\/#\/schema\/person\/e777c87fa024e57d40170af9df39882c","name":"Cope Alcoy","image":{"@type":"ImageObject","inLanguage":"es","@id":"https:\/\/secure.gravatar.com\/avatar\/bb65d0283347e303893ba14f0692005417c1e0e690a325a4c5d8bb2b3943ee14?s=96&d=mm&r=g","url":"https:\/\/secure.gravatar.com\/avatar\/bb65d0283347e303893ba14f0692005417c1e0e690a325a4c5d8bb2b3943ee14?s=96&d=mm&r=g","contentUrl":"https:\/\/secure.gravatar.com\/avatar\/bb65d0283347e303893ba14f0692005417c1e0e690a325a4c5d8bb2b3943ee14?s=96&d=mm&r=g","caption":"Cope Alcoy"}}]}},"_links":{"self":[{"href":"https:\/\/www.copealcoy.es\/es\/wp-json\/wp\/v2\/posts\/114859","targetHints":{"allow":["GET"]}}],"collection":[{"href":"https:\/\/www.copealcoy.es\/es\/wp-json\/wp\/v2\/posts"}],"about":[{"href":"https:\/\/www.copealcoy.es\/es\/wp-json\/wp\/v2\/types\/post"}],"author":[{"embeddable":true,"href":"https:\/\/www.copealcoy.es\/es\/wp-json\/wp\/v2\/users\/1"}],"replies":[{"embeddable":true,"href":"https:\/\/www.copealcoy.es\/es\/wp-json\/wp\/v2\/comments?post=114859"}],"version-history":[{"count":0,"href":"https:\/\/www.copealcoy.es\/es\/wp-json\/wp\/v2\/posts\/114859\/revisions"}],"wp:featuredmedia":[{"embeddable":true,"href":"https:\/\/www.copealcoy.es\/es\/wp-json\/wp\/v2\/media\/114860"}],"wp:attachment":[{"href":"https:\/\/www.copealcoy.es\/es\/wp-json\/wp\/v2\/media?parent=114859"}],"wp:term":[{"taxonomy":"category","embeddable":true,"href":"https:\/\/www.copealcoy.es\/es\/wp-json\/wp\/v2\/categories?post=114859"},{"taxonomy":"post_tag","embeddable":true,"href":"https:\/\/www.copealcoy.es\/es\/wp-json\/wp\/v2\/tags?post=114859"}],"curies":[{"name":"wp","href":"https:\/\/api.w.org\/{rel}","templated":true}]}}