{"id":114851,"date":"2023-04-27T10:16:50","date_gmt":"2023-04-27T09:16:50","guid":{"rendered":"https:\/\/www.copealcoy.es\/?p=114851"},"modified":"2023-04-27T10:33:22","modified_gmt":"2023-04-27T09:33:22","slug":"las-fiestas-dejan-minimas-incidencias-en-alcoy","status":"publish","type":"post","link":"https:\/\/www.copealcoy.es\/es\/las-fiestas-dejan-minimas-incidencias-en-alcoy\/","title":{"rendered":"Las Fiestas dejan m\u00ednimas incidencias en Alcoy"},"content":{"rendered":"<p style=\"text-align: justify;\">Las <strong>Fiestas de Moros y Cristianos de Alcoy<\/strong> apenas han dejado incidencias rese\u00f1ables en la ciudad durante este 2023. As\u00ed se desprende del <strong>balance final que hace el Ayuntamiento de nuestra ciudad<\/strong> tras casi cuatro intensas jornadas en las que los alcoyanos y las alcoyanas <strong>hemos rendido homenaje a nuestro patr\u00f3n San Jorge<\/strong> con unos actos festivos que resultaron ser multitudinarios.<\/p>\n<p style=\"text-align: justify;\">Desde el <a href=\"https:\/\/www.alcoi.org\/ca\/portal\/index.html\" target=\"_blank\" rel=\"noopener\"><strong><span style=\"color: #0000ff;\">Consistorio alcoyano<\/span> <\/strong><\/a>detallan que <strong>la Polic\u00eda Local hizo un total de 184 actuaciones<\/strong> en temas como petardos e incendios provocados por estos \u00faltimos en varios puntos de Alcoy. Tambi\u00e9n los agentes prestaron ayuda en temas sanitarios, tr\u00e1fico, y seguridad ciudadana; entre otros. Adem\u00e1s, a lo largo de los cuatro d\u00edas, <strong>se registraron 3 incidencias relacionadas con agresiones sexistas<\/strong> de las cuales se avis\u00f3 a la Polic\u00eda Local ocup\u00e1ndose de ello r\u00e1pidamente &#8220;<em>pese a la gran afluencia que registr\u00f3 Alcoy en jornadas como la de las Entradas, las Fiestas transcurrieron en general con normalidad y no hubo que lamentar ning\u00fan incidente de gravedad. Hay que felicitar a todos los que estuvieron trabajando en el operativo que permiti\u00f3 tener una trilog\u00eda totalmente segura<\/em>&#8220;, comentaba en COPE ALCOY <strong>Ra\u00fcl Llopis<\/strong>; edil de Seguridad.<\/p>\n<p><span style=\"color: #0000ff;\"><strong>M\u00e1s cifras que dejan las Fiestas\u00a0<\/strong><\/span><\/p>\n<p style=\"text-align: justify;\">Los Moros y Crisitanos de Alcoy de este a\u00f1o <strong>tambi\u00e9n dejan otras cifras que muestran la gran magnitud<\/strong> que han tenido unas celebraciones desarrolladas ya con plena normalidad tras la pandemia. Por ejemplo, <strong>la Tourist Info<\/strong> registr\u00f3 un n\u00famero similar de visitantes en los a\u00f1os anteriores a la pandemia, en total 2.687 personas de los cuales 291 eras extranjeras. En cuanto al <strong>autob\u00fas lanzadera<\/strong> ha aumentado mucho el n\u00famero de usuarios, de 482 personas de fuera de Alcoy en 2022 a las 705 de este a\u00f1o. Por \u00faltimo <strong>fueron m\u00e1s de 100 los periodistas acreditados<\/strong> para cubrir los festejos en honor a San Jorge tanto de medios tanto locales como auton\u00f3micos y nacionales.<\/p>\n","protected":false},"excerpt":{"rendered":"<p>Las Fiestas de Moros y Cristianos de Alcoy apenas han dejado incidencias rese\u00f1ables en la ciudad durante este 2023. As\u00ed&#8230;<\/p>\n","protected":false},"author":1,"featured_media":114657,"comment_status":"open","ping_status":"open","sticky":false,"template":"","format":"standard","meta":{"footnotes":""},"categories":[6909,97,78,75],"tags":[1494,430,565,6996,609,1856,367],"class_list":["post-114851","post","type-post","status-publish","format-standard","has-post-thumbnail","hentry","category-actualidad","category-alcoy","category-fiestaycultura","category-noticias","tag-alcoy","tag-balance","tag-fiestas","tag-incidencias","tag-moros-y-cristianos","tag-raul-llopis","tag-seguridad"],"yoast_head":"<!-- This site is optimized with the Yoast SEO plugin v27.3 - https:\/\/yoast.com\/product\/yoast-seo-wordpress\/ -->\n<title>Las Fiestas dejan m\u00ednimas incidencias en Alcoy - COPE Alcoy<\/title>\n<meta name=\"description\" content=\"Las Fiestas de Moros y Cristianos de Alcoy apenas han dejado incidencias rese\u00f1ables en la ciudad durante este 2023\" \/>\n<meta name=\"robots\" content=\"index, follow, max-snippet:-1, max-image-preview:large, max-video-preview:-1\" \/>\n<link rel=\"canonical\" href=\"https:\/\/www.copealcoy.es\/es\/las-fiestas-dejan-minimas-incidencias-en-alcoy\/\" \/>\n<meta property=\"og:locale\" content=\"es_ES\" \/>\n<meta property=\"og:type\" content=\"article\" \/>\n<meta property=\"og:title\" content=\"Las Fiestas dejan m\u00ednimas incidencias en Alcoy - COPE Alcoy\" \/>\n<meta property=\"og:description\" content=\"Las Fiestas de Moros y Cristianos de Alcoy apenas han dejado incidencias rese\u00f1ables en la ciudad durante este 2023\" \/>\n<meta property=\"og:url\" content=\"https:\/\/www.copealcoy.es\/es\/las-fiestas-dejan-minimas-incidencias-en-alcoy\/\" \/>\n<meta property=\"og:site_name\" content=\"COPE Alcoy\" \/>\n<meta property=\"article:published_time\" content=\"2023-04-27T09:16:50+00:00\" \/>\n<meta property=\"article:modified_time\" content=\"2023-04-27T09:33:22+00:00\" \/>\n<meta property=\"og:image\" content=\"https:\/\/www.copealcoy.es\/wp-content\/uploads\/2023\/04\/342621912_796650971476726_6426097250505578290_n.jpg\" \/>\n\t<meta property=\"og:image:width\" content=\"914\" \/>\n\t<meta property=\"og:image:height\" content=\"609\" \/>\n\t<meta property=\"og:image:type\" content=\"image\/jpeg\" \/>\n<meta name=\"author\" content=\"Cope Alcoy\" \/>\n<meta name=\"twitter:label1\" content=\"Escrito por\" \/>\n\t<meta name=\"twitter:data1\" content=\"Cope Alcoy\" \/>\n\t<meta name=\"twitter:label2\" content=\"Tiempo de lectura\" \/>\n\t<meta name=\"twitter:data2\" content=\"2 minutos\" \/>\n<script type=\"application\/ld+json\" class=\"yoast-schema-graph\">{\"@context\":\"https:\\\/\\\/schema.org\",\"@graph\":[{\"@type\":\"Article\",\"@id\":\"https:\\\/\\\/www.copealcoy.es\\\/es\\\/las-fiestas-dejan-minimas-incidencias-en-alcoy\\\/#article\",\"isPartOf\":{\"@id\":\"https:\\\/\\\/www.copealcoy.es\\\/es\\\/las-fiestas-dejan-minimas-incidencias-en-alcoy\\\/\"},\"author\":{\"name\":\"Cope Alcoy\",\"@id\":\"https:\\\/\\\/www.copealcoy.es\\\/es\\\/#\\\/schema\\\/person\\\/e777c87fa024e57d40170af9df39882c\"},\"headline\":\"Las Fiestas dejan m\u00ednimas incidencias en Alcoy\",\"datePublished\":\"2023-04-27T09:16:50+00:00\",\"dateModified\":\"2023-04-27T09:33:22+00:00\",\"mainEntityOfPage\":{\"@id\":\"https:\\\/\\\/www.copealcoy.es\\\/es\\\/las-fiestas-dejan-minimas-incidencias-en-alcoy\\\/\"},\"wordCount\":334,\"commentCount\":0,\"image\":{\"@id\":\"https:\\\/\\\/www.copealcoy.es\\\/es\\\/las-fiestas-dejan-minimas-incidencias-en-alcoy\\\/#primaryimage\"},\"thumbnailUrl\":\"https:\\\/\\\/www.copealcoy.es\\\/wp-content\\\/uploads\\\/2023\\\/04\\\/342621912_796650971476726_6426097250505578290_n.jpg\",\"keywords\":[\"Alcoy\",\"Balance\",\"Fiestas\",\"incidencias\",\"Moros Y Cristianos\",\"Ra\u00fcl Llopis\",\"Seguridad\"],\"articleSection\":[\"Actualidad\",\"Alcoy\",\"Fiesta y Cultura\",\"Noticias\"],\"inLanguage\":\"es\"},{\"@type\":\"WebPage\",\"@id\":\"https:\\\/\\\/www.copealcoy.es\\\/es\\\/las-fiestas-dejan-minimas-incidencias-en-alcoy\\\/\",\"url\":\"https:\\\/\\\/www.copealcoy.es\\\/es\\\/las-fiestas-dejan-minimas-incidencias-en-alcoy\\\/\",\"name\":\"Las Fiestas dejan m\u00ednimas incidencias en Alcoy - COPE Alcoy\",\"isPartOf\":{\"@id\":\"https:\\\/\\\/www.copealcoy.es\\\/es\\\/#website\"},\"primaryImageOfPage\":{\"@id\":\"https:\\\/\\\/www.copealcoy.es\\\/es\\\/las-fiestas-dejan-minimas-incidencias-en-alcoy\\\/#primaryimage\"},\"image\":{\"@id\":\"https:\\\/\\\/www.copealcoy.es\\\/es\\\/las-fiestas-dejan-minimas-incidencias-en-alcoy\\\/#primaryimage\"},\"thumbnailUrl\":\"https:\\\/\\\/www.copealcoy.es\\\/wp-content\\\/uploads\\\/2023\\\/04\\\/342621912_796650971476726_6426097250505578290_n.jpg\",\"datePublished\":\"2023-04-27T09:16:50+00:00\",\"dateModified\":\"2023-04-27T09:33:22+00:00\",\"author\":{\"@id\":\"https:\\\/\\\/www.copealcoy.es\\\/es\\\/#\\\/schema\\\/person\\\/e777c87fa024e57d40170af9df39882c\"},\"description\":\"Las Fiestas de Moros y Cristianos de Alcoy apenas han dejado incidencias rese\u00f1ables en la ciudad durante este 2023\",\"breadcrumb\":{\"@id\":\"https:\\\/\\\/www.copealcoy.es\\\/es\\\/las-fiestas-dejan-minimas-incidencias-en-alcoy\\\/#breadcrumb\"},\"inLanguage\":\"es\",\"potentialAction\":[{\"@type\":\"ReadAction\",\"target\":[\"https:\\\/\\\/www.copealcoy.es\\\/es\\\/las-fiestas-dejan-minimas-incidencias-en-alcoy\\\/\"]}]},{\"@type\":\"ImageObject\",\"inLanguage\":\"es\",\"@id\":\"https:\\\/\\\/www.copealcoy.es\\\/es\\\/las-fiestas-dejan-minimas-incidencias-en-alcoy\\\/#primaryimage\",\"url\":\"https:\\\/\\\/www.copealcoy.es\\\/wp-content\\\/uploads\\\/2023\\\/04\\\/342621912_796650971476726_6426097250505578290_n.jpg\",\"contentUrl\":\"https:\\\/\\\/www.copealcoy.es\\\/wp-content\\\/uploads\\\/2023\\\/04\\\/342621912_796650971476726_6426097250505578290_n.jpg\",\"width\":914,\"height\":609},{\"@type\":\"BreadcrumbList\",\"@id\":\"https:\\\/\\\/www.copealcoy.es\\\/es\\\/las-fiestas-dejan-minimas-incidencias-en-alcoy\\\/#breadcrumb\",\"itemListElement\":[{\"@type\":\"ListItem\",\"position\":1,\"name\":\"Portada\",\"item\":\"https:\\\/\\\/www.copealcoy.es\\\/es\\\/\"},{\"@type\":\"ListItem\",\"position\":2,\"name\":\"Las Fiestas dejan m\u00ednimas incidencias en Alcoy\"}]},{\"@type\":\"WebSite\",\"@id\":\"https:\\\/\\\/www.copealcoy.es\\\/es\\\/#website\",\"url\":\"https:\\\/\\\/www.copealcoy.es\\\/es\\\/\",\"name\":\"COPE Alcoy\",\"description\":\"Emisora COPE de radio local con emisi\u00f3n online. Pont de Sant Jordi 8-10 03803 Alcoy\",\"potentialAction\":[{\"@type\":\"SearchAction\",\"target\":{\"@type\":\"EntryPoint\",\"urlTemplate\":\"https:\\\/\\\/www.copealcoy.es\\\/es\\\/?s={search_term_string}\"},\"query-input\":{\"@type\":\"PropertyValueSpecification\",\"valueRequired\":true,\"valueName\":\"search_term_string\"}}],\"inLanguage\":\"es\"},{\"@type\":\"Person\",\"@id\":\"https:\\\/\\\/www.copealcoy.es\\\/es\\\/#\\\/schema\\\/person\\\/e777c87fa024e57d40170af9df39882c\",\"name\":\"Cope Alcoy\",\"image\":{\"@type\":\"ImageObject\",\"inLanguage\":\"es\",\"@id\":\"https:\\\/\\\/secure.gravatar.com\\\/avatar\\\/bb65d0283347e303893ba14f0692005417c1e0e690a325a4c5d8bb2b3943ee14?s=96&d=mm&r=g\",\"url\":\"https:\\\/\\\/secure.gravatar.com\\\/avatar\\\/bb65d0283347e303893ba14f0692005417c1e0e690a325a4c5d8bb2b3943ee14?s=96&d=mm&r=g\",\"contentUrl\":\"https:\\\/\\\/secure.gravatar.com\\\/avatar\\\/bb65d0283347e303893ba14f0692005417c1e0e690a325a4c5d8bb2b3943ee14?s=96&d=mm&r=g\",\"caption\":\"Cope Alcoy\"}}]}<\/script>\n<!-- \/ Yoast SEO plugin. -->","yoast_head_json":{"title":"Las Fiestas dejan m\u00ednimas incidencias en Alcoy - COPE Alcoy","description":"Las Fiestas de Moros y Cristianos de Alcoy apenas han dejado incidencias rese\u00f1ables en la ciudad durante este 2023","robots":{"index":"index","follow":"follow","max-snippet":"max-snippet:-1","max-image-preview":"max-image-preview:large","max-video-preview":"max-video-preview:-1"},"canonical":"https:\/\/www.copealcoy.es\/es\/las-fiestas-dejan-minimas-incidencias-en-alcoy\/","og_locale":"es_ES","og_type":"article","og_title":"Las Fiestas dejan m\u00ednimas incidencias en Alcoy - COPE Alcoy","og_description":"Las Fiestas de Moros y Cristianos de Alcoy apenas han dejado incidencias rese\u00f1ables en la ciudad durante este 2023","og_url":"https:\/\/www.copealcoy.es\/es\/las-fiestas-dejan-minimas-incidencias-en-alcoy\/","og_site_name":"COPE Alcoy","article_published_time":"2023-04-27T09:16:50+00:00","article_modified_time":"2023-04-27T09:33:22+00:00","og_image":[{"width":914,"height":609,"url":"https:\/\/www.copealcoy.es\/wp-content\/uploads\/2023\/04\/342621912_796650971476726_6426097250505578290_n.jpg","type":"image\/jpeg"}],"author":"Cope Alcoy","twitter_misc":{"Escrito por":"Cope Alcoy","Tiempo de lectura":"2 minutos"},"schema":{"@context":"https:\/\/schema.org","@graph":[{"@type":"Article","@id":"https:\/\/www.copealcoy.es\/es\/las-fiestas-dejan-minimas-incidencias-en-alcoy\/#article","isPartOf":{"@id":"https:\/\/www.copealcoy.es\/es\/las-fiestas-dejan-minimas-incidencias-en-alcoy\/"},"author":{"name":"Cope Alcoy","@id":"https:\/\/www.copealcoy.es\/es\/#\/schema\/person\/e777c87fa024e57d40170af9df39882c"},"headline":"Las Fiestas dejan m\u00ednimas incidencias en Alcoy","datePublished":"2023-04-27T09:16:50+00:00","dateModified":"2023-04-27T09:33:22+00:00","mainEntityOfPage":{"@id":"https:\/\/www.copealcoy.es\/es\/las-fiestas-dejan-minimas-incidencias-en-alcoy\/"},"wordCount":334,"commentCount":0,"image":{"@id":"https:\/\/www.copealcoy.es\/es\/las-fiestas-dejan-minimas-incidencias-en-alcoy\/#primaryimage"},"thumbnailUrl":"https:\/\/www.copealcoy.es\/wp-content\/uploads\/2023\/04\/342621912_796650971476726_6426097250505578290_n.jpg","keywords":["Alcoy","Balance","Fiestas","incidencias","Moros Y Cristianos","Ra\u00fcl Llopis","Seguridad"],"articleSection":["Actualidad","Alcoy","Fiesta y Cultura","Noticias"],"inLanguage":"es"},{"@type":"WebPage","@id":"https:\/\/www.copealcoy.es\/es\/las-fiestas-dejan-minimas-incidencias-en-alcoy\/","url":"https:\/\/www.copealcoy.es\/es\/las-fiestas-dejan-minimas-incidencias-en-alcoy\/","name":"Las Fiestas dejan m\u00ednimas incidencias en Alcoy - COPE Alcoy","isPartOf":{"@id":"https:\/\/www.copealcoy.es\/es\/#website"},"primaryImageOfPage":{"@id":"https:\/\/www.copealcoy.es\/es\/las-fiestas-dejan-minimas-incidencias-en-alcoy\/#primaryimage"},"image":{"@id":"https:\/\/www.copealcoy.es\/es\/las-fiestas-dejan-minimas-incidencias-en-alcoy\/#primaryimage"},"thumbnailUrl":"https:\/\/www.copealcoy.es\/wp-content\/uploads\/2023\/04\/342621912_796650971476726_6426097250505578290_n.jpg","datePublished":"2023-04-27T09:16:50+00:00","dateModified":"2023-04-27T09:33:22+00:00","author":{"@id":"https:\/\/www.copealcoy.es\/es\/#\/schema\/person\/e777c87fa024e57d40170af9df39882c"},"description":"Las Fiestas de Moros y Cristianos de Alcoy apenas han dejado incidencias rese\u00f1ables en la ciudad durante este 2023","breadcrumb":{"@id":"https:\/\/www.copealcoy.es\/es\/las-fiestas-dejan-minimas-incidencias-en-alcoy\/#breadcrumb"},"inLanguage":"es","potentialAction":[{"@type":"ReadAction","target":["https:\/\/www.copealcoy.es\/es\/las-fiestas-dejan-minimas-incidencias-en-alcoy\/"]}]},{"@type":"ImageObject","inLanguage":"es","@id":"https:\/\/www.copealcoy.es\/es\/las-fiestas-dejan-minimas-incidencias-en-alcoy\/#primaryimage","url":"https:\/\/www.copealcoy.es\/wp-content\/uploads\/2023\/04\/342621912_796650971476726_6426097250505578290_n.jpg","contentUrl":"https:\/\/www.copealcoy.es\/wp-content\/uploads\/2023\/04\/342621912_796650971476726_6426097250505578290_n.jpg","width":914,"height":609},{"@type":"BreadcrumbList","@id":"https:\/\/www.copealcoy.es\/es\/las-fiestas-dejan-minimas-incidencias-en-alcoy\/#breadcrumb","itemListElement":[{"@type":"ListItem","position":1,"name":"Portada","item":"https:\/\/www.copealcoy.es\/es\/"},{"@type":"ListItem","position":2,"name":"Las Fiestas dejan m\u00ednimas incidencias en Alcoy"}]},{"@type":"WebSite","@id":"https:\/\/www.copealcoy.es\/es\/#website","url":"https:\/\/www.copealcoy.es\/es\/","name":"COPE Alcoy","description":"Emisora COPE de radio local con emisi\u00f3n online. Pont de Sant Jordi 8-10 03803 Alcoy","potentialAction":[{"@type":"SearchAction","target":{"@type":"EntryPoint","urlTemplate":"https:\/\/www.copealcoy.es\/es\/?s={search_term_string}"},"query-input":{"@type":"PropertyValueSpecification","valueRequired":true,"valueName":"search_term_string"}}],"inLanguage":"es"},{"@type":"Person","@id":"https:\/\/www.copealcoy.es\/es\/#\/schema\/person\/e777c87fa024e57d40170af9df39882c","name":"Cope Alcoy","image":{"@type":"ImageObject","inLanguage":"es","@id":"https:\/\/secure.gravatar.com\/avatar\/bb65d0283347e303893ba14f0692005417c1e0e690a325a4c5d8bb2b3943ee14?s=96&d=mm&r=g","url":"https:\/\/secure.gravatar.com\/avatar\/bb65d0283347e303893ba14f0692005417c1e0e690a325a4c5d8bb2b3943ee14?s=96&d=mm&r=g","contentUrl":"https:\/\/secure.gravatar.com\/avatar\/bb65d0283347e303893ba14f0692005417c1e0e690a325a4c5d8bb2b3943ee14?s=96&d=mm&r=g","caption":"Cope Alcoy"}}]}},"_links":{"self":[{"href":"https:\/\/www.copealcoy.es\/es\/wp-json\/wp\/v2\/posts\/114851","targetHints":{"allow":["GET"]}}],"collection":[{"href":"https:\/\/www.copealcoy.es\/es\/wp-json\/wp\/v2\/posts"}],"about":[{"href":"https:\/\/www.copealcoy.es\/es\/wp-json\/wp\/v2\/types\/post"}],"author":[{"embeddable":true,"href":"https:\/\/www.copealcoy.es\/es\/wp-json\/wp\/v2\/users\/1"}],"replies":[{"embeddable":true,"href":"https:\/\/www.copealcoy.es\/es\/wp-json\/wp\/v2\/comments?post=114851"}],"version-history":[{"count":0,"href":"https:\/\/www.copealcoy.es\/es\/wp-json\/wp\/v2\/posts\/114851\/revisions"}],"wp:featuredmedia":[{"embeddable":true,"href":"https:\/\/www.copealcoy.es\/es\/wp-json\/wp\/v2\/media\/114657"}],"wp:attachment":[{"href":"https:\/\/www.copealcoy.es\/es\/wp-json\/wp\/v2\/media?parent=114851"}],"wp:term":[{"taxonomy":"category","embeddable":true,"href":"https:\/\/www.copealcoy.es\/es\/wp-json\/wp\/v2\/categories?post=114851"},{"taxonomy":"post_tag","embeddable":true,"href":"https:\/\/www.copealcoy.es\/es\/wp-json\/wp\/v2\/tags?post=114851"}],"curies":[{"name":"wp","href":"https:\/\/api.w.org\/{rel}","templated":true}]}}