{"id":114683,"date":"2023-04-26T11:43:05","date_gmt":"2023-04-26T10:43:05","guid":{"rendered":"https:\/\/www.copealcoy.es\/?p=114683"},"modified":"2023-04-26T11:52:50","modified_gmt":"2023-04-26T10:52:50","slug":"alcoy-vivira-la-semana-mas-calurosa-de-los-ultimos-anos-en-un-mes-de-abril","status":"publish","type":"post","link":"https:\/\/www.copealcoy.es\/es\/alcoy-vivira-la-semana-mas-calurosa-de-los-ultimos-anos-en-un-mes-de-abril\/","title":{"rendered":"Alcoy vivir\u00e1 la semana m\u00e1s calurosa de los \u00faltimos a\u00f1os en un mes de abril"},"content":{"rendered":"<p style=\"text-align: justify;\">Alcoy se encaminar\u00e1 esta semana hacia el mes de mayo con <strong>unas temperaturas excepcionalmente altas<\/strong> para la \u00e9poca del a\u00f1o en la que nos encontramos. Ser\u00e1 en el marco d<strong>el episodio m\u00e1s c\u00e1lido registrado en un mes de abril en la Comunitat Valenciana<\/strong> desde, al menos, 1950, en un abril ya de por s\u00ed seco y, de hecho, <strong>en uno de los que menos ha llovido<\/strong> en la regi\u00f3n desde que se tienen datos.<\/p>\n<p style=\"text-align: justify;\">La previsi\u00f3n de la <a href=\"https:\/\/www.aemet.es\/es\/eltiempo\/prediccion\/municipios\/alcoy-alcoi-id03009\" target=\"_blank\" rel=\"noopener\"><strong><span style=\"color: #0000ff;\">Agencia Estatal de Meteorolog\u00eda<\/span><\/strong><\/a> apunta a que en nuestra ciudad lucir\u00e1 el sol <strong>hoy mi\u00e9rcoles<\/strong> con cielos despejados con unas m\u00e1ximas que rozar\u00e1n los 29 grados. A partir del <strong>jueves<\/strong> las temperaturas ir\u00e1n en ascenso pasando ma\u00f1ana a los 31 grados mientras que el viernes ascender\u00e1n ya hasta los 33 grados. La situaci\u00f3n climatol\u00f3gica seguir\u00e1 siendo similar con cielos despejados, predominio del sol e incremento de las nubes de cara a las tardes. El <strong>s\u00e1bado<\/strong> 29 de abril ser\u00e1 quiz\u00e1s la jornada m\u00e1s calurosa de esta primera ola de altas temperaturas en un d\u00eda que comenzar\u00e1 con cielos cubiertos, seg\u00fan esa previsi\u00f3n de la AEMET, que se ir\u00e1n despejando a medida que avance la jornada. En este d\u00eda <strong>las m\u00e1ximas llegar\u00e1n a los 35 grados, un hecho que es m\u00e1s propio de julio que del ecuador de primavera<\/strong> &#8220;<em>estamos ante una ola de calor excepcional, con un incremento de temperaturas excepcionalmente alto por una masa de aire c\u00e1lido que llega de \u00c1frica, y que va a provocar estos d\u00edas registros levados que son impropios<\/em>&#8220;, reiteraba en COPE ALCOY <strong>Jorge Olcina<\/strong>; catedr\u00e1tico de climatolog\u00eda de la UA.<\/p>\n<p><strong><span style=\"color: #0000ff;\">Recomendaciones desde salud p\u00fablica para hacer frente al calor\u00a0<\/span><\/strong><\/p>\n<p style=\"text-align: justify;\">Desde <strong>el Departamento de Salud P\u00fablica de nuestra ciudad se recomienda<\/strong> beber l\u00edquidos con frecuencia pero evitar las bebidas alcoh\u00f3licas, muy azucaradas o con cafe\u00edna. Insisten en que hay que pasar el mayor tiempo posible en lugares frescos y reducir la actividad f\u00edsica o el deporte en las horas centrales del d\u00eda, adem\u00e1s de utilizar ropa ligera, mantener las medicinas en un lugar fresco y no realizar comidas copiosas.\u00a0 Tambi\u00e9n se debe prestar especial atenci\u00f3n a las personas mayores o enfermas, beb\u00e9s y lactantes, as\u00ed como a las mujeres gestantes o los animales de compa\u00f1\u00eda. En ning\u00fan caso debemos dejar a nadie en un veh\u00edculo estacionado y cerrado. Por otra parte, ante cualquier s\u00edntoma compatible con un golpe de calor que se prolongue durante m\u00e1s de una hora, hay que consultar a los profesionales sanitarios.<\/p>\n","protected":false},"excerpt":{"rendered":"<p>Alcoy se encaminar\u00e1 esta semana hacia el mes de mayo con unas temperaturas excepcionalmente altas para la \u00e9poca del a\u00f1o&#8230;<\/p>\n","protected":false},"author":1,"featured_media":79143,"comment_status":"open","ping_status":"open","sticky":false,"template":"","format":"standard","meta":{"footnotes":""},"categories":[6909,97,75,125],"tags":[160,14613,7815,11554,14614,14196],"class_list":["post-114683","post","type-post","status-publish","format-standard","has-post-thumbnail","hentry","category-actualidad","category-alcoy","category-noticias","category-portada","tag-alcoi","tag-altas-tempetaturas","tag-calor","tag-ola-de-calor","tag-recomendaciones","tag-sol"],"yoast_head":"<!-- This site is optimized with the Yoast SEO plugin v27.3 - https:\/\/yoast.com\/product\/yoast-seo-wordpress\/ -->\n<title>Alcoy vivir\u00e1 la semana m\u00e1s calurosa de los \u00faltimos a\u00f1os en un mes de abril - COPE Alcoy<\/title>\n<meta name=\"description\" content=\"Alcoy se encaminar\u00e1 esta semana hacia el mes de mayo con unas temperaturas excepcionalmente altas para esta \u00e9poca del a\u00f1o\" \/>\n<meta name=\"robots\" content=\"index, follow, max-snippet:-1, max-image-preview:large, max-video-preview:-1\" \/>\n<link rel=\"canonical\" href=\"https:\/\/www.copealcoy.es\/es\/alcoy-vivira-la-semana-mas-calurosa-de-los-ultimos-anos-en-un-mes-de-abril\/\" \/>\n<meta property=\"og:locale\" content=\"es_ES\" \/>\n<meta property=\"og:type\" content=\"article\" \/>\n<meta property=\"og:title\" content=\"Alcoy vivir\u00e1 la semana m\u00e1s calurosa de los \u00faltimos a\u00f1os en un mes de abril - COPE Alcoy\" \/>\n<meta property=\"og:description\" content=\"Alcoy se encaminar\u00e1 esta semana hacia el mes de mayo con unas temperaturas excepcionalmente altas para esta \u00e9poca del a\u00f1o\" \/>\n<meta property=\"og:url\" content=\"https:\/\/www.copealcoy.es\/es\/alcoy-vivira-la-semana-mas-calurosa-de-los-ultimos-anos-en-un-mes-de-abril\/\" \/>\n<meta property=\"og:site_name\" content=\"COPE Alcoy\" \/>\n<meta property=\"article:published_time\" content=\"2023-04-26T10:43:05+00:00\" \/>\n<meta property=\"article:modified_time\" content=\"2023-04-26T10:52:50+00:00\" \/>\n<meta property=\"og:image\" content=\"https:\/\/www.copealcoy.es\/wp-content\/uploads\/2021\/10\/20953213_1166561813487302_6556833204035267945_n-e1634567170535.jpg\" \/>\n\t<meta property=\"og:image:width\" content=\"685\" \/>\n\t<meta property=\"og:image:height\" content=\"457\" \/>\n\t<meta property=\"og:image:type\" content=\"image\/jpeg\" \/>\n<meta name=\"author\" content=\"Cope Alcoy\" \/>\n<meta name=\"twitter:label1\" content=\"Escrito por\" \/>\n\t<meta name=\"twitter:data1\" content=\"Cope Alcoy\" \/>\n\t<meta name=\"twitter:label2\" content=\"Tiempo de lectura\" \/>\n\t<meta name=\"twitter:data2\" content=\"2 minutos\" \/>\n<script type=\"application\/ld+json\" class=\"yoast-schema-graph\">{\"@context\":\"https:\\\/\\\/schema.org\",\"@graph\":[{\"@type\":\"Article\",\"@id\":\"https:\\\/\\\/www.copealcoy.es\\\/es\\\/alcoy-vivira-la-semana-mas-calurosa-de-los-ultimos-anos-en-un-mes-de-abril\\\/#article\",\"isPartOf\":{\"@id\":\"https:\\\/\\\/www.copealcoy.es\\\/es\\\/alcoy-vivira-la-semana-mas-calurosa-de-los-ultimos-anos-en-un-mes-de-abril\\\/\"},\"author\":{\"name\":\"Cope Alcoy\",\"@id\":\"https:\\\/\\\/www.copealcoy.es\\\/es\\\/#\\\/schema\\\/person\\\/e777c87fa024e57d40170af9df39882c\"},\"headline\":\"Alcoy vivir\u00e1 la semana m\u00e1s calurosa de los \u00faltimos a\u00f1os en un mes de abril\",\"datePublished\":\"2023-04-26T10:43:05+00:00\",\"dateModified\":\"2023-04-26T10:52:50+00:00\",\"mainEntityOfPage\":{\"@id\":\"https:\\\/\\\/www.copealcoy.es\\\/es\\\/alcoy-vivira-la-semana-mas-calurosa-de-los-ultimos-anos-en-un-mes-de-abril\\\/\"},\"wordCount\":464,\"commentCount\":0,\"image\":{\"@id\":\"https:\\\/\\\/www.copealcoy.es\\\/es\\\/alcoy-vivira-la-semana-mas-calurosa-de-los-ultimos-anos-en-un-mes-de-abril\\\/#primaryimage\"},\"thumbnailUrl\":\"https:\\\/\\\/www.copealcoy.es\\\/wp-content\\\/uploads\\\/2021\\\/10\\\/20953213_1166561813487302_6556833204035267945_n-e1634567170535.jpg\",\"keywords\":[\"Alcoi\",\"altas tempetaturas\",\"calor\",\"ola de calor\",\"recomendaciones\",\"sol\"],\"articleSection\":[\"Actualidad\",\"Alcoy\",\"Noticias\",\"Portada\"],\"inLanguage\":\"es\"},{\"@type\":\"WebPage\",\"@id\":\"https:\\\/\\\/www.copealcoy.es\\\/es\\\/alcoy-vivira-la-semana-mas-calurosa-de-los-ultimos-anos-en-un-mes-de-abril\\\/\",\"url\":\"https:\\\/\\\/www.copealcoy.es\\\/es\\\/alcoy-vivira-la-semana-mas-calurosa-de-los-ultimos-anos-en-un-mes-de-abril\\\/\",\"name\":\"Alcoy vivir\u00e1 la semana m\u00e1s calurosa de los \u00faltimos a\u00f1os en un mes de abril - COPE Alcoy\",\"isPartOf\":{\"@id\":\"https:\\\/\\\/www.copealcoy.es\\\/es\\\/#website\"},\"primaryImageOfPage\":{\"@id\":\"https:\\\/\\\/www.copealcoy.es\\\/es\\\/alcoy-vivira-la-semana-mas-calurosa-de-los-ultimos-anos-en-un-mes-de-abril\\\/#primaryimage\"},\"image\":{\"@id\":\"https:\\\/\\\/www.copealcoy.es\\\/es\\\/alcoy-vivira-la-semana-mas-calurosa-de-los-ultimos-anos-en-un-mes-de-abril\\\/#primaryimage\"},\"thumbnailUrl\":\"https:\\\/\\\/www.copealcoy.es\\\/wp-content\\\/uploads\\\/2021\\\/10\\\/20953213_1166561813487302_6556833204035267945_n-e1634567170535.jpg\",\"datePublished\":\"2023-04-26T10:43:05+00:00\",\"dateModified\":\"2023-04-26T10:52:50+00:00\",\"author\":{\"@id\":\"https:\\\/\\\/www.copealcoy.es\\\/es\\\/#\\\/schema\\\/person\\\/e777c87fa024e57d40170af9df39882c\"},\"description\":\"Alcoy se encaminar\u00e1 esta semana hacia el mes de mayo con unas temperaturas excepcionalmente altas para esta \u00e9poca del a\u00f1o\",\"breadcrumb\":{\"@id\":\"https:\\\/\\\/www.copealcoy.es\\\/es\\\/alcoy-vivira-la-semana-mas-calurosa-de-los-ultimos-anos-en-un-mes-de-abril\\\/#breadcrumb\"},\"inLanguage\":\"es\",\"potentialAction\":[{\"@type\":\"ReadAction\",\"target\":[\"https:\\\/\\\/www.copealcoy.es\\\/es\\\/alcoy-vivira-la-semana-mas-calurosa-de-los-ultimos-anos-en-un-mes-de-abril\\\/\"]}]},{\"@type\":\"ImageObject\",\"inLanguage\":\"es\",\"@id\":\"https:\\\/\\\/www.copealcoy.es\\\/es\\\/alcoy-vivira-la-semana-mas-calurosa-de-los-ultimos-anos-en-un-mes-de-abril\\\/#primaryimage\",\"url\":\"https:\\\/\\\/www.copealcoy.es\\\/wp-content\\\/uploads\\\/2021\\\/10\\\/20953213_1166561813487302_6556833204035267945_n-e1634567170535.jpg\",\"contentUrl\":\"https:\\\/\\\/www.copealcoy.es\\\/wp-content\\\/uploads\\\/2021\\\/10\\\/20953213_1166561813487302_6556833204035267945_n-e1634567170535.jpg\",\"width\":685,\"height\":457},{\"@type\":\"BreadcrumbList\",\"@id\":\"https:\\\/\\\/www.copealcoy.es\\\/es\\\/alcoy-vivira-la-semana-mas-calurosa-de-los-ultimos-anos-en-un-mes-de-abril\\\/#breadcrumb\",\"itemListElement\":[{\"@type\":\"ListItem\",\"position\":1,\"name\":\"Portada\",\"item\":\"https:\\\/\\\/www.copealcoy.es\\\/es\\\/\"},{\"@type\":\"ListItem\",\"position\":2,\"name\":\"Alcoy vivir\u00e1 la semana m\u00e1s calurosa de los \u00faltimos a\u00f1os en un mes de abril\"}]},{\"@type\":\"WebSite\",\"@id\":\"https:\\\/\\\/www.copealcoy.es\\\/es\\\/#website\",\"url\":\"https:\\\/\\\/www.copealcoy.es\\\/es\\\/\",\"name\":\"COPE Alcoy\",\"description\":\"Emisora COPE de radio local con emisi\u00f3n online. Pont de Sant Jordi 8-10 03803 Alcoy\",\"potentialAction\":[{\"@type\":\"SearchAction\",\"target\":{\"@type\":\"EntryPoint\",\"urlTemplate\":\"https:\\\/\\\/www.copealcoy.es\\\/es\\\/?s={search_term_string}\"},\"query-input\":{\"@type\":\"PropertyValueSpecification\",\"valueRequired\":true,\"valueName\":\"search_term_string\"}}],\"inLanguage\":\"es\"},{\"@type\":\"Person\",\"@id\":\"https:\\\/\\\/www.copealcoy.es\\\/es\\\/#\\\/schema\\\/person\\\/e777c87fa024e57d40170af9df39882c\",\"name\":\"Cope Alcoy\",\"image\":{\"@type\":\"ImageObject\",\"inLanguage\":\"es\",\"@id\":\"https:\\\/\\\/secure.gravatar.com\\\/avatar\\\/bb65d0283347e303893ba14f0692005417c1e0e690a325a4c5d8bb2b3943ee14?s=96&d=mm&r=g\",\"url\":\"https:\\\/\\\/secure.gravatar.com\\\/avatar\\\/bb65d0283347e303893ba14f0692005417c1e0e690a325a4c5d8bb2b3943ee14?s=96&d=mm&r=g\",\"contentUrl\":\"https:\\\/\\\/secure.gravatar.com\\\/avatar\\\/bb65d0283347e303893ba14f0692005417c1e0e690a325a4c5d8bb2b3943ee14?s=96&d=mm&r=g\",\"caption\":\"Cope Alcoy\"}}]}<\/script>\n<!-- \/ Yoast SEO plugin. -->","yoast_head_json":{"title":"Alcoy vivir\u00e1 la semana m\u00e1s calurosa de los \u00faltimos a\u00f1os en un mes de abril - COPE Alcoy","description":"Alcoy se encaminar\u00e1 esta semana hacia el mes de mayo con unas temperaturas excepcionalmente altas para esta \u00e9poca del a\u00f1o","robots":{"index":"index","follow":"follow","max-snippet":"max-snippet:-1","max-image-preview":"max-image-preview:large","max-video-preview":"max-video-preview:-1"},"canonical":"https:\/\/www.copealcoy.es\/es\/alcoy-vivira-la-semana-mas-calurosa-de-los-ultimos-anos-en-un-mes-de-abril\/","og_locale":"es_ES","og_type":"article","og_title":"Alcoy vivir\u00e1 la semana m\u00e1s calurosa de los \u00faltimos a\u00f1os en un mes de abril - COPE Alcoy","og_description":"Alcoy se encaminar\u00e1 esta semana hacia el mes de mayo con unas temperaturas excepcionalmente altas para esta \u00e9poca del a\u00f1o","og_url":"https:\/\/www.copealcoy.es\/es\/alcoy-vivira-la-semana-mas-calurosa-de-los-ultimos-anos-en-un-mes-de-abril\/","og_site_name":"COPE Alcoy","article_published_time":"2023-04-26T10:43:05+00:00","article_modified_time":"2023-04-26T10:52:50+00:00","og_image":[{"width":685,"height":457,"url":"https:\/\/www.copealcoy.es\/wp-content\/uploads\/2021\/10\/20953213_1166561813487302_6556833204035267945_n-e1634567170535.jpg","type":"image\/jpeg"}],"author":"Cope Alcoy","twitter_misc":{"Escrito por":"Cope Alcoy","Tiempo de lectura":"2 minutos"},"schema":{"@context":"https:\/\/schema.org","@graph":[{"@type":"Article","@id":"https:\/\/www.copealcoy.es\/es\/alcoy-vivira-la-semana-mas-calurosa-de-los-ultimos-anos-en-un-mes-de-abril\/#article","isPartOf":{"@id":"https:\/\/www.copealcoy.es\/es\/alcoy-vivira-la-semana-mas-calurosa-de-los-ultimos-anos-en-un-mes-de-abril\/"},"author":{"name":"Cope Alcoy","@id":"https:\/\/www.copealcoy.es\/es\/#\/schema\/person\/e777c87fa024e57d40170af9df39882c"},"headline":"Alcoy vivir\u00e1 la semana m\u00e1s calurosa de los \u00faltimos a\u00f1os en un mes de abril","datePublished":"2023-04-26T10:43:05+00:00","dateModified":"2023-04-26T10:52:50+00:00","mainEntityOfPage":{"@id":"https:\/\/www.copealcoy.es\/es\/alcoy-vivira-la-semana-mas-calurosa-de-los-ultimos-anos-en-un-mes-de-abril\/"},"wordCount":464,"commentCount":0,"image":{"@id":"https:\/\/www.copealcoy.es\/es\/alcoy-vivira-la-semana-mas-calurosa-de-los-ultimos-anos-en-un-mes-de-abril\/#primaryimage"},"thumbnailUrl":"https:\/\/www.copealcoy.es\/wp-content\/uploads\/2021\/10\/20953213_1166561813487302_6556833204035267945_n-e1634567170535.jpg","keywords":["Alcoi","altas tempetaturas","calor","ola de calor","recomendaciones","sol"],"articleSection":["Actualidad","Alcoy","Noticias","Portada"],"inLanguage":"es"},{"@type":"WebPage","@id":"https:\/\/www.copealcoy.es\/es\/alcoy-vivira-la-semana-mas-calurosa-de-los-ultimos-anos-en-un-mes-de-abril\/","url":"https:\/\/www.copealcoy.es\/es\/alcoy-vivira-la-semana-mas-calurosa-de-los-ultimos-anos-en-un-mes-de-abril\/","name":"Alcoy vivir\u00e1 la semana m\u00e1s calurosa de los \u00faltimos a\u00f1os en un mes de abril - COPE Alcoy","isPartOf":{"@id":"https:\/\/www.copealcoy.es\/es\/#website"},"primaryImageOfPage":{"@id":"https:\/\/www.copealcoy.es\/es\/alcoy-vivira-la-semana-mas-calurosa-de-los-ultimos-anos-en-un-mes-de-abril\/#primaryimage"},"image":{"@id":"https:\/\/www.copealcoy.es\/es\/alcoy-vivira-la-semana-mas-calurosa-de-los-ultimos-anos-en-un-mes-de-abril\/#primaryimage"},"thumbnailUrl":"https:\/\/www.copealcoy.es\/wp-content\/uploads\/2021\/10\/20953213_1166561813487302_6556833204035267945_n-e1634567170535.jpg","datePublished":"2023-04-26T10:43:05+00:00","dateModified":"2023-04-26T10:52:50+00:00","author":{"@id":"https:\/\/www.copealcoy.es\/es\/#\/schema\/person\/e777c87fa024e57d40170af9df39882c"},"description":"Alcoy se encaminar\u00e1 esta semana hacia el mes de mayo con unas temperaturas excepcionalmente altas para esta \u00e9poca del a\u00f1o","breadcrumb":{"@id":"https:\/\/www.copealcoy.es\/es\/alcoy-vivira-la-semana-mas-calurosa-de-los-ultimos-anos-en-un-mes-de-abril\/#breadcrumb"},"inLanguage":"es","potentialAction":[{"@type":"ReadAction","target":["https:\/\/www.copealcoy.es\/es\/alcoy-vivira-la-semana-mas-calurosa-de-los-ultimos-anos-en-un-mes-de-abril\/"]}]},{"@type":"ImageObject","inLanguage":"es","@id":"https:\/\/www.copealcoy.es\/es\/alcoy-vivira-la-semana-mas-calurosa-de-los-ultimos-anos-en-un-mes-de-abril\/#primaryimage","url":"https:\/\/www.copealcoy.es\/wp-content\/uploads\/2021\/10\/20953213_1166561813487302_6556833204035267945_n-e1634567170535.jpg","contentUrl":"https:\/\/www.copealcoy.es\/wp-content\/uploads\/2021\/10\/20953213_1166561813487302_6556833204035267945_n-e1634567170535.jpg","width":685,"height":457},{"@type":"BreadcrumbList","@id":"https:\/\/www.copealcoy.es\/es\/alcoy-vivira-la-semana-mas-calurosa-de-los-ultimos-anos-en-un-mes-de-abril\/#breadcrumb","itemListElement":[{"@type":"ListItem","position":1,"name":"Portada","item":"https:\/\/www.copealcoy.es\/es\/"},{"@type":"ListItem","position":2,"name":"Alcoy vivir\u00e1 la semana m\u00e1s calurosa de los \u00faltimos a\u00f1os en un mes de abril"}]},{"@type":"WebSite","@id":"https:\/\/www.copealcoy.es\/es\/#website","url":"https:\/\/www.copealcoy.es\/es\/","name":"COPE Alcoy","description":"Emisora COPE de radio local con emisi\u00f3n online. Pont de Sant Jordi 8-10 03803 Alcoy","potentialAction":[{"@type":"SearchAction","target":{"@type":"EntryPoint","urlTemplate":"https:\/\/www.copealcoy.es\/es\/?s={search_term_string}"},"query-input":{"@type":"PropertyValueSpecification","valueRequired":true,"valueName":"search_term_string"}}],"inLanguage":"es"},{"@type":"Person","@id":"https:\/\/www.copealcoy.es\/es\/#\/schema\/person\/e777c87fa024e57d40170af9df39882c","name":"Cope Alcoy","image":{"@type":"ImageObject","inLanguage":"es","@id":"https:\/\/secure.gravatar.com\/avatar\/bb65d0283347e303893ba14f0692005417c1e0e690a325a4c5d8bb2b3943ee14?s=96&d=mm&r=g","url":"https:\/\/secure.gravatar.com\/avatar\/bb65d0283347e303893ba14f0692005417c1e0e690a325a4c5d8bb2b3943ee14?s=96&d=mm&r=g","contentUrl":"https:\/\/secure.gravatar.com\/avatar\/bb65d0283347e303893ba14f0692005417c1e0e690a325a4c5d8bb2b3943ee14?s=96&d=mm&r=g","caption":"Cope Alcoy"}}]}},"_links":{"self":[{"href":"https:\/\/www.copealcoy.es\/es\/wp-json\/wp\/v2\/posts\/114683","targetHints":{"allow":["GET"]}}],"collection":[{"href":"https:\/\/www.copealcoy.es\/es\/wp-json\/wp\/v2\/posts"}],"about":[{"href":"https:\/\/www.copealcoy.es\/es\/wp-json\/wp\/v2\/types\/post"}],"author":[{"embeddable":true,"href":"https:\/\/www.copealcoy.es\/es\/wp-json\/wp\/v2\/users\/1"}],"replies":[{"embeddable":true,"href":"https:\/\/www.copealcoy.es\/es\/wp-json\/wp\/v2\/comments?post=114683"}],"version-history":[{"count":0,"href":"https:\/\/www.copealcoy.es\/es\/wp-json\/wp\/v2\/posts\/114683\/revisions"}],"wp:featuredmedia":[{"embeddable":true,"href":"https:\/\/www.copealcoy.es\/es\/wp-json\/wp\/v2\/media\/79143"}],"wp:attachment":[{"href":"https:\/\/www.copealcoy.es\/es\/wp-json\/wp\/v2\/media?parent=114683"}],"wp:term":[{"taxonomy":"category","embeddable":true,"href":"https:\/\/www.copealcoy.es\/es\/wp-json\/wp\/v2\/categories?post=114683"},{"taxonomy":"post_tag","embeddable":true,"href":"https:\/\/www.copealcoy.es\/es\/wp-json\/wp\/v2\/tags?post=114683"}],"curies":[{"name":"wp","href":"https:\/\/api.w.org\/{rel}","templated":true}]}}