{"id":114647,"date":"2023-04-26T09:56:35","date_gmt":"2023-04-26T08:56:35","guid":{"rendered":"https:\/\/www.copealcoy.es\/?p=114647"},"modified":"2023-04-26T09:56:35","modified_gmt":"2023-04-26T08:56:35","slug":"el-pp-de-alcoy-da-a-conocer-la-lista-con-la-que-concurrira-a-las-municipales","status":"publish","type":"post","link":"https:\/\/www.copealcoy.es\/es\/el-pp-de-alcoy-da-a-conocer-la-lista-con-la-que-concurrira-a-las-municipales\/","title":{"rendered":"El PP de Alcoy da a conocer la lista con la que concurrir\u00e1 a las municipales"},"content":{"rendered":"<p style=\"text-align: justify;\">Los <strong>partidos pol\u00edticos de Alcoy<\/strong> ultiman la maquinaria <strong>de cara a las Elecciones Municipales que se celebrar\u00e1n el pr\u00f3ximo 28 de mayo<\/strong>. Las candidaturas ya se han cerrado y formaciones como el <a href=\"https:\/\/www.facebook.com\/populares.alcoy\" target=\"_blank\" rel=\"noopener\"><strong><span style=\"color: #0000ff;\">Partido Popular<\/span> <\/strong><\/a><strong>han dado a conocer ya al resto de personas de la lista<\/strong> que el alcaldable, Carlos Pastor, anunci\u00f3 a principios de abril.<\/p>\n<p style=\"text-align: justify;\">Pastor insiste precisamente en que la citada lista <strong>est\u00e1 formada por caras nuevas, gente joven preparada y personas que destacan por un perfil profesional y t\u00e9cnico en sus \u00e1mbitos profesionales<\/strong>. Tambi\u00e9n <strong>se mantienen tres de los ediles que forman parte actualmente del Grupo Municipal Popular en el Ayuntamiento<\/strong> y que aportan su experiencia en la gesti\u00f3n municipal al proyecto que lideran los populares de cara a los comicios que se acercan &#8220;<em>es una lista que est\u00e1 pensada y hecha para, no solo ganar, si no para gobernar. Conjuga experiencia pol\u00edtica en el Ayuntamiento de Alcoy, experiencia en la administraci\u00f3n p\u00fablica, y experiencia profesional en distintos \u00e1mbitos econ\u00f3micos. Cuento con una lista con una alta renovaci\u00f3n que va aportar su experiencia profesional. Son personas que vienen a la pol\u00edtica para servir a la ciudad de Alcoy y una lista con la que el Partido Popular gobernar\u00e1 en Alcoy. Es la lista que necesita Alcoy para avanzar<\/em>&#8220;, afirma el propio <strong>Carlos Pastor<\/strong>.<\/p>\n<p style=\"text-align: justify;\">As\u00ed es como queda la lista completa de los populares, l<strong>os 25 candidatos y los 3 suplentes<\/strong>. Como suplentes est\u00e1n <strong>Pablo Cano Vercet, Isaac Mart\u00ednez Moreno y Carla de la Encarnaci\u00f3n Garc\u00ed<\/strong>a. La candidatura queda configurada as\u00ed:<\/p>\n<p>Carlos Pastor Ventura<br \/>\nGabriel Guillem Garc\u00eda<br \/>\nAmalia Paya Arsis<br \/>\nLirios Garc\u00eda Gonz\u00e1lez<br \/>\nQuico Cant\u00f3 Coloma<br \/>\nSantiago Carbonell Quesado<br \/>\nIsabel Balaguer Cano<br \/>\nJordi Reig Verd\u00fa<br \/>\nFuensanta Santa D\u00edaz<br \/>\nMauro Sanus Pastor<br \/>\nCarmina Grau<br \/>\nMila Mengual Cortell<br \/>\nJohnatan Lluch Puig<br \/>\nJos\u00e9 Luis Jover Pinillos<br \/>\nJosele Pla Cort\u00e9s<br \/>\nRita Montaner Mart\u00ednez<br \/>\nAlexis Moreno Richarte<br \/>\nValent\u00edn Dom\u00ednguez Lucas<br \/>\nBel\u00e9n Mataix Barrachina<br \/>\nNeus \u00dabeda Hidalgo<br \/>\nLuisa Baena Fern\u00e1ndez<br \/>\nGrego Contreras Mesa<br \/>\nEduardo Tormo Matarredona<br \/>\nOlga Trujillo Ivars<br \/>\nAgust\u00edn Silvestre Soler<\/p>\n","protected":false},"excerpt":{"rendered":"<p>Los partidos pol\u00edticos de Alcoy ultiman la maquinaria de cara a las Elecciones Municipales que se celebrar\u00e1n el pr\u00f3ximo 28&#8230;<\/p>\n","protected":false},"author":1,"featured_media":112630,"comment_status":"open","ping_status":"open","sticky":false,"template":"","format":"standard","meta":{"footnotes":""},"categories":[6909,97,75,79],"tags":[1494,5263,13235,721,448],"class_list":["post-114647","post","type-post","status-publish","format-standard","has-post-thumbnail","hentry","category-actualidad","category-alcoy","category-noticias","category-politicayeconomia","tag-alcoy","tag-candidatura","tag-carlos-pastor","tag-elecciones-municipales","tag-partido-popular"],"yoast_head":"<!-- This site is optimized with the Yoast SEO plugin v27.3 - https:\/\/yoast.com\/product\/yoast-seo-wordpress\/ -->\n<title>El PP de Alcoy da a conocer la lista con la que concurrir\u00e1 a las municipales - COPE Alcoy<\/title>\n<meta name=\"description\" content=\"El Partido Popular de Alcoy ha dado a conocer la lista completa con la que concurrir\u00e1 a los comicios municipales del 28M\" \/>\n<meta name=\"robots\" content=\"index, follow, max-snippet:-1, max-image-preview:large, max-video-preview:-1\" \/>\n<link rel=\"canonical\" href=\"https:\/\/www.copealcoy.es\/es\/el-pp-de-alcoy-da-a-conocer-la-lista-con-la-que-concurrira-a-las-municipales\/\" \/>\n<meta property=\"og:locale\" content=\"es_ES\" \/>\n<meta property=\"og:type\" content=\"article\" \/>\n<meta property=\"og:title\" content=\"El PP de Alcoy da a conocer la lista con la que concurrir\u00e1 a las municipales - COPE Alcoy\" \/>\n<meta property=\"og:description\" content=\"El Partido Popular de Alcoy ha dado a conocer la lista completa con la que concurrir\u00e1 a los comicios municipales del 28M\" \/>\n<meta property=\"og:url\" content=\"https:\/\/www.copealcoy.es\/es\/el-pp-de-alcoy-da-a-conocer-la-lista-con-la-que-concurrira-a-las-municipales\/\" \/>\n<meta property=\"og:site_name\" content=\"COPE Alcoy\" \/>\n<meta property=\"article:published_time\" content=\"2023-04-26T08:56:35+00:00\" \/>\n<meta property=\"og:image\" content=\"https:\/\/www.copealcoy.es\/wp-content\/uploads\/2023\/03\/unnamed-1-9-scaled-e1679569392926.jpg\" \/>\n\t<meta property=\"og:image:width\" content=\"640\" \/>\n\t<meta property=\"og:image:height\" content=\"422\" \/>\n\t<meta property=\"og:image:type\" content=\"image\/jpeg\" \/>\n<meta name=\"author\" content=\"Cope Alcoy\" \/>\n<meta name=\"twitter:label1\" content=\"Escrito por\" \/>\n\t<meta name=\"twitter:data1\" content=\"Cope Alcoy\" \/>\n\t<meta name=\"twitter:label2\" content=\"Tiempo de lectura\" \/>\n\t<meta name=\"twitter:data2\" content=\"2 minutos\" \/>\n<script type=\"application\/ld+json\" class=\"yoast-schema-graph\">{\"@context\":\"https:\\\/\\\/schema.org\",\"@graph\":[{\"@type\":\"Article\",\"@id\":\"https:\\\/\\\/www.copealcoy.es\\\/es\\\/el-pp-de-alcoy-da-a-conocer-la-lista-con-la-que-concurrira-a-las-municipales\\\/#article\",\"isPartOf\":{\"@id\":\"https:\\\/\\\/www.copealcoy.es\\\/es\\\/el-pp-de-alcoy-da-a-conocer-la-lista-con-la-que-concurrira-a-las-municipales\\\/\"},\"author\":{\"name\":\"Cope Alcoy\",\"@id\":\"https:\\\/\\\/www.copealcoy.es\\\/es\\\/#\\\/schema\\\/person\\\/e777c87fa024e57d40170af9df39882c\"},\"headline\":\"El PP de Alcoy da a conocer la lista con la que concurrir\u00e1 a las municipales\",\"datePublished\":\"2023-04-26T08:56:35+00:00\",\"mainEntityOfPage\":{\"@id\":\"https:\\\/\\\/www.copealcoy.es\\\/es\\\/el-pp-de-alcoy-da-a-conocer-la-lista-con-la-que-concurrira-a-las-municipales\\\/\"},\"wordCount\":368,\"commentCount\":0,\"image\":{\"@id\":\"https:\\\/\\\/www.copealcoy.es\\\/es\\\/el-pp-de-alcoy-da-a-conocer-la-lista-con-la-que-concurrira-a-las-municipales\\\/#primaryimage\"},\"thumbnailUrl\":\"https:\\\/\\\/www.copealcoy.es\\\/wp-content\\\/uploads\\\/2023\\\/03\\\/unnamed-1-9-scaled-e1679569392926.jpg\",\"keywords\":[\"Alcoy\",\"Candidatura\",\"Carlos Pastor\",\"Elecciones Municipales\",\"Partido Popular\"],\"articleSection\":[\"Actualidad\",\"Alcoy\",\"Noticias\",\"Pol\u00edtica y Econom\u00eda\"],\"inLanguage\":\"es\"},{\"@type\":\"WebPage\",\"@id\":\"https:\\\/\\\/www.copealcoy.es\\\/es\\\/el-pp-de-alcoy-da-a-conocer-la-lista-con-la-que-concurrira-a-las-municipales\\\/\",\"url\":\"https:\\\/\\\/www.copealcoy.es\\\/es\\\/el-pp-de-alcoy-da-a-conocer-la-lista-con-la-que-concurrira-a-las-municipales\\\/\",\"name\":\"El PP de Alcoy da a conocer la lista con la que concurrir\u00e1 a las municipales - COPE Alcoy\",\"isPartOf\":{\"@id\":\"https:\\\/\\\/www.copealcoy.es\\\/es\\\/#website\"},\"primaryImageOfPage\":{\"@id\":\"https:\\\/\\\/www.copealcoy.es\\\/es\\\/el-pp-de-alcoy-da-a-conocer-la-lista-con-la-que-concurrira-a-las-municipales\\\/#primaryimage\"},\"image\":{\"@id\":\"https:\\\/\\\/www.copealcoy.es\\\/es\\\/el-pp-de-alcoy-da-a-conocer-la-lista-con-la-que-concurrira-a-las-municipales\\\/#primaryimage\"},\"thumbnailUrl\":\"https:\\\/\\\/www.copealcoy.es\\\/wp-content\\\/uploads\\\/2023\\\/03\\\/unnamed-1-9-scaled-e1679569392926.jpg\",\"datePublished\":\"2023-04-26T08:56:35+00:00\",\"author\":{\"@id\":\"https:\\\/\\\/www.copealcoy.es\\\/es\\\/#\\\/schema\\\/person\\\/e777c87fa024e57d40170af9df39882c\"},\"description\":\"El Partido Popular de Alcoy ha dado a conocer la lista completa con la que concurrir\u00e1 a los comicios municipales del 28M\",\"breadcrumb\":{\"@id\":\"https:\\\/\\\/www.copealcoy.es\\\/es\\\/el-pp-de-alcoy-da-a-conocer-la-lista-con-la-que-concurrira-a-las-municipales\\\/#breadcrumb\"},\"inLanguage\":\"es\",\"potentialAction\":[{\"@type\":\"ReadAction\",\"target\":[\"https:\\\/\\\/www.copealcoy.es\\\/es\\\/el-pp-de-alcoy-da-a-conocer-la-lista-con-la-que-concurrira-a-las-municipales\\\/\"]}]},{\"@type\":\"ImageObject\",\"inLanguage\":\"es\",\"@id\":\"https:\\\/\\\/www.copealcoy.es\\\/es\\\/el-pp-de-alcoy-da-a-conocer-la-lista-con-la-que-concurrira-a-las-municipales\\\/#primaryimage\",\"url\":\"https:\\\/\\\/www.copealcoy.es\\\/wp-content\\\/uploads\\\/2023\\\/03\\\/unnamed-1-9-scaled-e1679569392926.jpg\",\"contentUrl\":\"https:\\\/\\\/www.copealcoy.es\\\/wp-content\\\/uploads\\\/2023\\\/03\\\/unnamed-1-9-scaled-e1679569392926.jpg\",\"width\":640,\"height\":422},{\"@type\":\"BreadcrumbList\",\"@id\":\"https:\\\/\\\/www.copealcoy.es\\\/es\\\/el-pp-de-alcoy-da-a-conocer-la-lista-con-la-que-concurrira-a-las-municipales\\\/#breadcrumb\",\"itemListElement\":[{\"@type\":\"ListItem\",\"position\":1,\"name\":\"Portada\",\"item\":\"https:\\\/\\\/www.copealcoy.es\\\/es\\\/\"},{\"@type\":\"ListItem\",\"position\":2,\"name\":\"El PP de Alcoy da a conocer la lista con la que concurrir\u00e1 a las municipales\"}]},{\"@type\":\"WebSite\",\"@id\":\"https:\\\/\\\/www.copealcoy.es\\\/es\\\/#website\",\"url\":\"https:\\\/\\\/www.copealcoy.es\\\/es\\\/\",\"name\":\"COPE Alcoy\",\"description\":\"Emisora COPE de radio local con emisi\u00f3n online. Pont de Sant Jordi 8-10 03803 Alcoy\",\"potentialAction\":[{\"@type\":\"SearchAction\",\"target\":{\"@type\":\"EntryPoint\",\"urlTemplate\":\"https:\\\/\\\/www.copealcoy.es\\\/es\\\/?s={search_term_string}\"},\"query-input\":{\"@type\":\"PropertyValueSpecification\",\"valueRequired\":true,\"valueName\":\"search_term_string\"}}],\"inLanguage\":\"es\"},{\"@type\":\"Person\",\"@id\":\"https:\\\/\\\/www.copealcoy.es\\\/es\\\/#\\\/schema\\\/person\\\/e777c87fa024e57d40170af9df39882c\",\"name\":\"Cope Alcoy\",\"image\":{\"@type\":\"ImageObject\",\"inLanguage\":\"es\",\"@id\":\"https:\\\/\\\/secure.gravatar.com\\\/avatar\\\/bb65d0283347e303893ba14f0692005417c1e0e690a325a4c5d8bb2b3943ee14?s=96&d=mm&r=g\",\"url\":\"https:\\\/\\\/secure.gravatar.com\\\/avatar\\\/bb65d0283347e303893ba14f0692005417c1e0e690a325a4c5d8bb2b3943ee14?s=96&d=mm&r=g\",\"contentUrl\":\"https:\\\/\\\/secure.gravatar.com\\\/avatar\\\/bb65d0283347e303893ba14f0692005417c1e0e690a325a4c5d8bb2b3943ee14?s=96&d=mm&r=g\",\"caption\":\"Cope Alcoy\"}}]}<\/script>\n<!-- \/ Yoast SEO plugin. -->","yoast_head_json":{"title":"El PP de Alcoy da a conocer la lista con la que concurrir\u00e1 a las municipales - COPE Alcoy","description":"El Partido Popular de Alcoy ha dado a conocer la lista completa con la que concurrir\u00e1 a los comicios municipales del 28M","robots":{"index":"index","follow":"follow","max-snippet":"max-snippet:-1","max-image-preview":"max-image-preview:large","max-video-preview":"max-video-preview:-1"},"canonical":"https:\/\/www.copealcoy.es\/es\/el-pp-de-alcoy-da-a-conocer-la-lista-con-la-que-concurrira-a-las-municipales\/","og_locale":"es_ES","og_type":"article","og_title":"El PP de Alcoy da a conocer la lista con la que concurrir\u00e1 a las municipales - COPE Alcoy","og_description":"El Partido Popular de Alcoy ha dado a conocer la lista completa con la que concurrir\u00e1 a los comicios municipales del 28M","og_url":"https:\/\/www.copealcoy.es\/es\/el-pp-de-alcoy-da-a-conocer-la-lista-con-la-que-concurrira-a-las-municipales\/","og_site_name":"COPE Alcoy","article_published_time":"2023-04-26T08:56:35+00:00","og_image":[{"width":640,"height":422,"url":"https:\/\/www.copealcoy.es\/wp-content\/uploads\/2023\/03\/unnamed-1-9-scaled-e1679569392926.jpg","type":"image\/jpeg"}],"author":"Cope Alcoy","twitter_misc":{"Escrito por":"Cope Alcoy","Tiempo de lectura":"2 minutos"},"schema":{"@context":"https:\/\/schema.org","@graph":[{"@type":"Article","@id":"https:\/\/www.copealcoy.es\/es\/el-pp-de-alcoy-da-a-conocer-la-lista-con-la-que-concurrira-a-las-municipales\/#article","isPartOf":{"@id":"https:\/\/www.copealcoy.es\/es\/el-pp-de-alcoy-da-a-conocer-la-lista-con-la-que-concurrira-a-las-municipales\/"},"author":{"name":"Cope Alcoy","@id":"https:\/\/www.copealcoy.es\/es\/#\/schema\/person\/e777c87fa024e57d40170af9df39882c"},"headline":"El PP de Alcoy da a conocer la lista con la que concurrir\u00e1 a las municipales","datePublished":"2023-04-26T08:56:35+00:00","mainEntityOfPage":{"@id":"https:\/\/www.copealcoy.es\/es\/el-pp-de-alcoy-da-a-conocer-la-lista-con-la-que-concurrira-a-las-municipales\/"},"wordCount":368,"commentCount":0,"image":{"@id":"https:\/\/www.copealcoy.es\/es\/el-pp-de-alcoy-da-a-conocer-la-lista-con-la-que-concurrira-a-las-municipales\/#primaryimage"},"thumbnailUrl":"https:\/\/www.copealcoy.es\/wp-content\/uploads\/2023\/03\/unnamed-1-9-scaled-e1679569392926.jpg","keywords":["Alcoy","Candidatura","Carlos Pastor","Elecciones Municipales","Partido Popular"],"articleSection":["Actualidad","Alcoy","Noticias","Pol\u00edtica y Econom\u00eda"],"inLanguage":"es"},{"@type":"WebPage","@id":"https:\/\/www.copealcoy.es\/es\/el-pp-de-alcoy-da-a-conocer-la-lista-con-la-que-concurrira-a-las-municipales\/","url":"https:\/\/www.copealcoy.es\/es\/el-pp-de-alcoy-da-a-conocer-la-lista-con-la-que-concurrira-a-las-municipales\/","name":"El PP de Alcoy da a conocer la lista con la que concurrir\u00e1 a las municipales - COPE Alcoy","isPartOf":{"@id":"https:\/\/www.copealcoy.es\/es\/#website"},"primaryImageOfPage":{"@id":"https:\/\/www.copealcoy.es\/es\/el-pp-de-alcoy-da-a-conocer-la-lista-con-la-que-concurrira-a-las-municipales\/#primaryimage"},"image":{"@id":"https:\/\/www.copealcoy.es\/es\/el-pp-de-alcoy-da-a-conocer-la-lista-con-la-que-concurrira-a-las-municipales\/#primaryimage"},"thumbnailUrl":"https:\/\/www.copealcoy.es\/wp-content\/uploads\/2023\/03\/unnamed-1-9-scaled-e1679569392926.jpg","datePublished":"2023-04-26T08:56:35+00:00","author":{"@id":"https:\/\/www.copealcoy.es\/es\/#\/schema\/person\/e777c87fa024e57d40170af9df39882c"},"description":"El Partido Popular de Alcoy ha dado a conocer la lista completa con la que concurrir\u00e1 a los comicios municipales del 28M","breadcrumb":{"@id":"https:\/\/www.copealcoy.es\/es\/el-pp-de-alcoy-da-a-conocer-la-lista-con-la-que-concurrira-a-las-municipales\/#breadcrumb"},"inLanguage":"es","potentialAction":[{"@type":"ReadAction","target":["https:\/\/www.copealcoy.es\/es\/el-pp-de-alcoy-da-a-conocer-la-lista-con-la-que-concurrira-a-las-municipales\/"]}]},{"@type":"ImageObject","inLanguage":"es","@id":"https:\/\/www.copealcoy.es\/es\/el-pp-de-alcoy-da-a-conocer-la-lista-con-la-que-concurrira-a-las-municipales\/#primaryimage","url":"https:\/\/www.copealcoy.es\/wp-content\/uploads\/2023\/03\/unnamed-1-9-scaled-e1679569392926.jpg","contentUrl":"https:\/\/www.copealcoy.es\/wp-content\/uploads\/2023\/03\/unnamed-1-9-scaled-e1679569392926.jpg","width":640,"height":422},{"@type":"BreadcrumbList","@id":"https:\/\/www.copealcoy.es\/es\/el-pp-de-alcoy-da-a-conocer-la-lista-con-la-que-concurrira-a-las-municipales\/#breadcrumb","itemListElement":[{"@type":"ListItem","position":1,"name":"Portada","item":"https:\/\/www.copealcoy.es\/es\/"},{"@type":"ListItem","position":2,"name":"El PP de Alcoy da a conocer la lista con la que concurrir\u00e1 a las municipales"}]},{"@type":"WebSite","@id":"https:\/\/www.copealcoy.es\/es\/#website","url":"https:\/\/www.copealcoy.es\/es\/","name":"COPE Alcoy","description":"Emisora COPE de radio local con emisi\u00f3n online. Pont de Sant Jordi 8-10 03803 Alcoy","potentialAction":[{"@type":"SearchAction","target":{"@type":"EntryPoint","urlTemplate":"https:\/\/www.copealcoy.es\/es\/?s={search_term_string}"},"query-input":{"@type":"PropertyValueSpecification","valueRequired":true,"valueName":"search_term_string"}}],"inLanguage":"es"},{"@type":"Person","@id":"https:\/\/www.copealcoy.es\/es\/#\/schema\/person\/e777c87fa024e57d40170af9df39882c","name":"Cope Alcoy","image":{"@type":"ImageObject","inLanguage":"es","@id":"https:\/\/secure.gravatar.com\/avatar\/bb65d0283347e303893ba14f0692005417c1e0e690a325a4c5d8bb2b3943ee14?s=96&d=mm&r=g","url":"https:\/\/secure.gravatar.com\/avatar\/bb65d0283347e303893ba14f0692005417c1e0e690a325a4c5d8bb2b3943ee14?s=96&d=mm&r=g","contentUrl":"https:\/\/secure.gravatar.com\/avatar\/bb65d0283347e303893ba14f0692005417c1e0e690a325a4c5d8bb2b3943ee14?s=96&d=mm&r=g","caption":"Cope Alcoy"}}]}},"_links":{"self":[{"href":"https:\/\/www.copealcoy.es\/es\/wp-json\/wp\/v2\/posts\/114647","targetHints":{"allow":["GET"]}}],"collection":[{"href":"https:\/\/www.copealcoy.es\/es\/wp-json\/wp\/v2\/posts"}],"about":[{"href":"https:\/\/www.copealcoy.es\/es\/wp-json\/wp\/v2\/types\/post"}],"author":[{"embeddable":true,"href":"https:\/\/www.copealcoy.es\/es\/wp-json\/wp\/v2\/users\/1"}],"replies":[{"embeddable":true,"href":"https:\/\/www.copealcoy.es\/es\/wp-json\/wp\/v2\/comments?post=114647"}],"version-history":[{"count":0,"href":"https:\/\/www.copealcoy.es\/es\/wp-json\/wp\/v2\/posts\/114647\/revisions"}],"wp:featuredmedia":[{"embeddable":true,"href":"https:\/\/www.copealcoy.es\/es\/wp-json\/wp\/v2\/media\/112630"}],"wp:attachment":[{"href":"https:\/\/www.copealcoy.es\/es\/wp-json\/wp\/v2\/media?parent=114647"}],"wp:term":[{"taxonomy":"category","embeddable":true,"href":"https:\/\/www.copealcoy.es\/es\/wp-json\/wp\/v2\/categories?post=114647"},{"taxonomy":"post_tag","embeddable":true,"href":"https:\/\/www.copealcoy.es\/es\/wp-json\/wp\/v2\/tags?post=114647"}],"curies":[{"name":"wp","href":"https:\/\/api.w.org\/{rel}","templated":true}]}}