{"id":114501,"date":"2023-04-23T14:42:48","date_gmt":"2023-04-23T13:42:48","guid":{"rendered":"https:\/\/www.copealcoy.es\/?p=114501"},"modified":"2023-04-26T20:15:52","modified_gmt":"2023-04-26T19:15:52","slug":"claveles-y-vitores-para-sant-jordiet-en-el-dia-grande-de-las-fiestas-de-alcoy","status":"publish","type":"post","link":"https:\/\/www.copealcoy.es\/es\/claveles-y-vitores-para-sant-jordiet-en-el-dia-grande-de-las-fiestas-de-alcoy\/","title":{"rendered":"Claveles y v\u00edtores para Sant Jordiet en el d\u00eda grande de las fiestas de Alcoy"},"content":{"rendered":"<p style=\"text-align: justify;\">El ritual se ha cumplido y <strong>Alcoy ha aclamado con emoci\u00f3n al Sant Jordiet de 2023<\/strong> durante <strong>la procesi\u00f3n de la Reliquia<\/strong> que ha marcado la ma\u00f1ana del d\u00eda dedicado al patr\u00f3n. La trilog\u00eda festera <strong>avanza sin descanso tras las espectaculares Entradas de Moros y Cristianos<\/strong> que vivi\u00f3 ayer la ciudad con un tiempo casi veraniego.<\/p>\n<p style=\"text-align: justify;\">La mencionada procesi\u00f3n <strong>ha comenzado pasadas las once de la ma\u00f1ana desde la iglesia de San Jorge<\/strong> y ha estado encabezada por <strong>los heraldos<\/strong> de la ciudad. Tras ellos el <strong>Capit\u00e1n Moro<\/strong> de la Fil\u00e0 Ligeros, <strong>Salvador Mic\u00f3<\/strong>, ha acaparado toda la atenci\u00f3n con su s\u00e9quito junto al <strong>Sargento Mayor<\/strong> (David Antol\u00ed) y la Fil\u00e0 Mud\u00e9jares que acompa\u00f1aba a su <strong>Alf\u00e9rez<\/strong> <strong>Moro<\/strong>; <strong>Alfonso Caerols<\/strong>. Despu\u00e9s ha sido el turno de los cristianos y tanto <strong>Jes\u00fas Mullor<\/strong>, Capit\u00e1n de los Cruzados, como <strong>Miquel Jord\u00e0<\/strong>; Alf\u00e9rez de los Alcodianos, han recibido <strong>grandes aplausos<\/strong> por parte del p\u00fablico que abarrotaba por completo el trayecto por el que ha discurrido la comitiva. Tambi\u00e9n en el acompa\u00f1amiento de las fuerzas de la cruz han destacado el <strong>Sargento Mayor<\/strong> (Jordi Segu\u00ed) y <strong>Moss\u00e9n Torregrossa<\/strong>, papel que asume este a\u00f1o Omar Casta\u00f1er Pay\u00e0.<\/p>\n<p style=\"text-align: justify;\">El volteo de las campanas de la iglesia de Sant Jordi <strong>ha anunciado la salida de la Reliquia del patr\u00f3n<\/strong> y delante de ella, en un lugar de honor, estaba <strong>Nicol\u00e1s S\u00e1nchez Linares<\/strong>. El Sant Jordiet de las Fiestas de Moros y Cristianos de este <strong>a\u00f1o ha lucido un dise\u00f1o creado por Paco Verd\u00fa<\/strong> en el que no faltaban los gui\u00f1os a <strong>la Fil\u00e0 Andaluces<\/strong>, formaci\u00f3n a la que pertenece el peque\u00f1o. Uno de los instantes m\u00e1s emotivos <strong>se ha vivido en la calle San Lorenzo<\/strong> donde <strong>una aut\u00e9ntica lluvia de claveles<\/strong> ha dado la bienvenida a Sant Jordiet gracias a la iniciativa que desde hace m\u00e1s de treinta a\u00f1os promueve en este punto <strong>la Fil\u00e0 Benimerines<\/strong>.<\/p>\n<p style=\"text-align: justify;\">La <strong>Asamblea General de la Asociaci\u00f3n de San Jorge<\/strong>, con su presidente <strong>Juan Jos\u00e9 Olcina<\/strong> al frente, ha cerrado la representaci\u00f3n institucional de la procesi\u00f3n de la Reliquia junto a <strong>la Corporaci\u00f3n Municipal <\/strong>presidida por el alcalde; <strong>Toni Franc\u00e9s<\/strong>. El acto ha finalizado en el interior de la iglesia de Santa Mar\u00eda con <strong>la Misa Mayor en honor a San Jorge<\/strong> presidida por <strong>Monse\u00f1or Arturo Ros<\/strong>, Obispo Auxiliar de Valencia. En la misma <strong>se interpreta la <em>Missa de Sant Jordi<\/em><\/strong>, de Amando Blanquer, a cargo de la Orquesta Sinf\u00f3nica Alcoyana, la Coral Polif\u00f3nica, el Grupo Cantores de Alcoy, la Agrupaci\u00f3n L\u00edrica El Trabajo y el Coro Voces Blancas de Alcoy.<\/p>\n<div id='gallery-1' class='gallery galleryid-114501 gallery-columns-1 gallery-size-full'><figure class='gallery-item'>\n\t\t\t<div class='gallery-icon landscape'>\n\t\t\t\t<a href='https:\/\/www.copealcoy.es\/es\/claveles-y-vitores-para-sant-jordiet-en-el-dia-grande-de-las-fiestas-de-alcoy\/img-9171\/'><img loading=\"lazy\" decoding=\"async\" width=\"1476\" height=\"1080\" src=\"https:\/\/www.copealcoy.es\/wp-content\/uploads\/2023\/04\/IMG-9171-scaled.jpg\" class=\"attachment-full size-full\" alt=\"\" srcset=\"https:\/\/www.copealcoy.es\/wp-content\/uploads\/2023\/04\/IMG-9171-scaled.jpg 1476w, https:\/\/www.copealcoy.es\/wp-content\/uploads\/2023\/04\/IMG-9171-768x562.jpg 768w, https:\/\/www.copealcoy.es\/wp-content\/uploads\/2023\/04\/IMG-9171-1536x1124.jpg 1536w, https:\/\/www.copealcoy.es\/wp-content\/uploads\/2023\/04\/IMG-9171-2048x1498.jpg 2048w\" sizes=\"auto, (max-width: 1476px) 100vw, 1476px\" \/><\/a>\n\t\t\t<\/div><\/figure><figure class='gallery-item'>\n\t\t\t<div class='gallery-icon landscape'>\n\t\t\t\t<a href='https:\/\/www.copealcoy.es\/es\/claveles-y-vitores-para-sant-jordiet-en-el-dia-grande-de-las-fiestas-de-alcoy\/img-9168\/'><img loading=\"lazy\" decoding=\"async\" width=\"1411\" height=\"1080\" src=\"https:\/\/www.copealcoy.es\/wp-content\/uploads\/2023\/04\/IMG-9168-1-scaled.jpg\" class=\"attachment-full size-full\" alt=\"\" srcset=\"https:\/\/www.copealcoy.es\/wp-content\/uploads\/2023\/04\/IMG-9168-1-scaled.jpg 1411w, https:\/\/www.copealcoy.es\/wp-content\/uploads\/2023\/04\/IMG-9168-1-768x588.jpg 768w, https:\/\/www.copealcoy.es\/wp-content\/uploads\/2023\/04\/IMG-9168-1-1536x1176.jpg 1536w, https:\/\/www.copealcoy.es\/wp-content\/uploads\/2023\/04\/IMG-9168-1-2048x1568.jpg 2048w\" sizes=\"auto, (max-width: 1411px) 100vw, 1411px\" \/><\/a>\n\t\t\t<\/div><\/figure><figure class='gallery-item'>\n\t\t\t<div class='gallery-icon landscape'>\n\t\t\t\t<a href='https:\/\/www.copealcoy.es\/es\/claveles-y-vitores-para-sant-jordiet-en-el-dia-grande-de-las-fiestas-de-alcoy\/img-9177\/'><img loading=\"lazy\" decoding=\"async\" width=\"1602\" height=\"1080\" src=\"https:\/\/www.copealcoy.es\/wp-content\/uploads\/2023\/04\/IMG-9177-scaled.jpg\" class=\"attachment-full size-full\" alt=\"\" srcset=\"https:\/\/www.copealcoy.es\/wp-content\/uploads\/2023\/04\/IMG-9177-scaled.jpg 1602w, https:\/\/www.copealcoy.es\/wp-content\/uploads\/2023\/04\/IMG-9177-768x518.jpg 768w, https:\/\/www.copealcoy.es\/wp-content\/uploads\/2023\/04\/IMG-9177-1536x1035.jpg 1536w, https:\/\/www.copealcoy.es\/wp-content\/uploads\/2023\/04\/IMG-9177-2048x1380.jpg 2048w\" sizes=\"auto, (max-width: 1602px) 100vw, 1602px\" \/><\/a>\n\t\t\t<\/div><\/figure><figure class='gallery-item'>\n\t\t\t<div class='gallery-icon landscape'>\n\t\t\t\t<a href='https:\/\/www.copealcoy.es\/es\/claveles-y-vitores-para-sant-jordiet-en-el-dia-grande-de-las-fiestas-de-alcoy\/img-9174\/'><img loading=\"lazy\" decoding=\"async\" width=\"1563\" height=\"1080\" src=\"https:\/\/www.copealcoy.es\/wp-content\/uploads\/2023\/04\/IMG-9174-scaled.jpg\" class=\"attachment-full size-full\" alt=\"\" srcset=\"https:\/\/www.copealcoy.es\/wp-content\/uploads\/2023\/04\/IMG-9174-scaled.jpg 1563w, https:\/\/www.copealcoy.es\/wp-content\/uploads\/2023\/04\/IMG-9174-768x531.jpg 768w, https:\/\/www.copealcoy.es\/wp-content\/uploads\/2023\/04\/IMG-9174-1536x1061.jpg 1536w, https:\/\/www.copealcoy.es\/wp-content\/uploads\/2023\/04\/IMG-9174-2048x1415.jpg 2048w\" sizes=\"auto, (max-width: 1563px) 100vw, 1563px\" \/><\/a>\n\t\t\t<\/div><\/figure><figure class='gallery-item'>\n\t\t\t<div class='gallery-icon landscape'>\n\t\t\t\t<a href='https:\/\/www.copealcoy.es\/es\/claveles-y-vitores-para-sant-jordiet-en-el-dia-grande-de-las-fiestas-de-alcoy\/img-9180\/'><img loading=\"lazy\" decoding=\"async\" width=\"1284\" height=\"947\" src=\"https:\/\/www.copealcoy.es\/wp-content\/uploads\/2023\/04\/IMG-9180.jpg\" class=\"attachment-full size-full\" alt=\"\" srcset=\"https:\/\/www.copealcoy.es\/wp-content\/uploads\/2023\/04\/IMG-9180.jpg 1284w, https:\/\/www.copealcoy.es\/wp-content\/uploads\/2023\/04\/IMG-9180-768x566.jpg 768w\" sizes=\"auto, (max-width: 1284px) 100vw, 1284px\" \/><\/a>\n\t\t\t<\/div><\/figure><figure class='gallery-item'>\n\t\t\t<div class='gallery-icon landscape'>\n\t\t\t\t<a href='https:\/\/www.copealcoy.es\/es\/claveles-y-vitores-para-sant-jordiet-en-el-dia-grande-de-las-fiestas-de-alcoy\/img-9184-2\/'><img loading=\"lazy\" decoding=\"async\" width=\"1440\" height=\"1080\" src=\"https:\/\/www.copealcoy.es\/wp-content\/uploads\/2023\/04\/IMG-9184-1-scaled.jpg\" class=\"attachment-full size-full\" alt=\"\" srcset=\"https:\/\/www.copealcoy.es\/wp-content\/uploads\/2023\/04\/IMG-9184-1-scaled.jpg 1440w, https:\/\/www.copealcoy.es\/wp-content\/uploads\/2023\/04\/IMG-9184-1-768x576.jpg 768w, https:\/\/www.copealcoy.es\/wp-content\/uploads\/2023\/04\/IMG-9184-1-1536x1152.jpg 1536w, https:\/\/www.copealcoy.es\/wp-content\/uploads\/2023\/04\/IMG-9184-1-2048x1536.jpg 2048w\" sizes=\"auto, (max-width: 1440px) 100vw, 1440px\" \/><\/a>\n\t\t\t<\/div><\/figure><figure class='gallery-item'>\n\t\t\t<div class='gallery-icon landscape'>\n\t\t\t\t<a href='https:\/\/www.copealcoy.es\/es\/claveles-y-vitores-para-sant-jordiet-en-el-dia-grande-de-las-fiestas-de-alcoy\/img-9179-2\/'><img loading=\"lazy\" decoding=\"async\" width=\"1440\" height=\"1080\" src=\"https:\/\/www.copealcoy.es\/wp-content\/uploads\/2023\/04\/IMG-9179-1-scaled.jpg\" class=\"attachment-full size-full\" alt=\"\" srcset=\"https:\/\/www.copealcoy.es\/wp-content\/uploads\/2023\/04\/IMG-9179-1-scaled.jpg 1440w, https:\/\/www.copealcoy.es\/wp-content\/uploads\/2023\/04\/IMG-9179-1-768x576.jpg 768w, https:\/\/www.copealcoy.es\/wp-content\/uploads\/2023\/04\/IMG-9179-1-1536x1152.jpg 1536w, https:\/\/www.copealcoy.es\/wp-content\/uploads\/2023\/04\/IMG-9179-1-2048x1536.jpg 2048w\" sizes=\"auto, (max-width: 1440px) 100vw, 1440px\" \/><\/a>\n\t\t\t<\/div><\/figure>\n\t\t<\/div>\n\n","protected":false},"excerpt":{"rendered":"<p>El ritual se ha cumplido y Alcoy ha aclamado con emoci\u00f3n al Sant Jordiet de 2023 durante la procesi\u00f3n de&#8230;<\/p>\n","protected":false},"author":1,"featured_media":114502,"comment_status":"open","ping_status":"open","sticky":false,"template":"","format":"standard","meta":{"footnotes":""},"categories":[6909,97,78,75,125],"tags":[1494,14594,565,609,12853,14599,461],"class_list":["post-114501","post","type-post","status-publish","format-standard","has-post-thumbnail","hentry","category-actualidad","category-alcoy","category-fiestaycultura","category-noticias","category-portada","tag-alcoy","tag-dia-de-san-jorge","tag-fiestas","tag-moros-y-cristianos","tag-nicolas-sanchez-linares","tag-procesion-de-la-reliquia","tag-sant-jordiet"],"yoast_head":"<!-- This site is optimized with the Yoast SEO plugin v27.3 - https:\/\/yoast.com\/product\/yoast-seo-wordpress\/ -->\n<title>Claveles y v\u00edtores para Sant Jordiet en el d\u00eda grande de las fiestas de Alcoy - COPE Alcoy<\/title>\n<meta name=\"robots\" content=\"index, follow, max-snippet:-1, max-image-preview:large, max-video-preview:-1\" \/>\n<link rel=\"canonical\" href=\"https:\/\/www.copealcoy.es\/es\/claveles-y-vitores-para-sant-jordiet-en-el-dia-grande-de-las-fiestas-de-alcoy\/\" \/>\n<meta property=\"og:locale\" content=\"es_ES\" \/>\n<meta property=\"og:type\" content=\"article\" \/>\n<meta property=\"og:title\" content=\"Claveles y v\u00edtores para Sant Jordiet en el d\u00eda grande de las fiestas de Alcoy - COPE Alcoy\" \/>\n<meta property=\"og:description\" content=\"El ritual se ha cumplido y Alcoy ha aclamado con emoci\u00f3n al Sant Jordiet de 2023 durante la procesi\u00f3n de...\" \/>\n<meta property=\"og:url\" content=\"https:\/\/www.copealcoy.es\/es\/claveles-y-vitores-para-sant-jordiet-en-el-dia-grande-de-las-fiestas-de-alcoy\/\" \/>\n<meta property=\"og:site_name\" content=\"COPE Alcoy\" \/>\n<meta property=\"article:published_time\" content=\"2023-04-23T13:42:48+00:00\" \/>\n<meta property=\"article:modified_time\" content=\"2023-04-26T19:15:52+00:00\" \/>\n<meta property=\"og:image\" content=\"https:\/\/www.copealcoy.es\/wp-content\/uploads\/2023\/04\/342221061_1402754863851685_1865650304166458119_n.jpg\" \/>\n\t<meta property=\"og:image:width\" content=\"763\" \/>\n\t<meta property=\"og:image:height\" content=\"448\" \/>\n\t<meta property=\"og:image:type\" content=\"image\/jpeg\" \/>\n<meta name=\"author\" content=\"Cope Alcoy\" \/>\n<meta name=\"twitter:label1\" content=\"Escrito por\" \/>\n\t<meta name=\"twitter:data1\" content=\"Cope Alcoy\" \/>\n\t<meta name=\"twitter:label2\" content=\"Tiempo de lectura\" \/>\n\t<meta name=\"twitter:data2\" content=\"2 minutos\" \/>\n<script type=\"application\/ld+json\" class=\"yoast-schema-graph\">{\"@context\":\"https:\\\/\\\/schema.org\",\"@graph\":[{\"@type\":\"Article\",\"@id\":\"https:\\\/\\\/www.copealcoy.es\\\/es\\\/claveles-y-vitores-para-sant-jordiet-en-el-dia-grande-de-las-fiestas-de-alcoy\\\/#article\",\"isPartOf\":{\"@id\":\"https:\\\/\\\/www.copealcoy.es\\\/es\\\/claveles-y-vitores-para-sant-jordiet-en-el-dia-grande-de-las-fiestas-de-alcoy\\\/\"},\"author\":{\"name\":\"Cope Alcoy\",\"@id\":\"https:\\\/\\\/www.copealcoy.es\\\/es\\\/#\\\/schema\\\/person\\\/e777c87fa024e57d40170af9df39882c\"},\"headline\":\"Claveles y v\u00edtores para Sant Jordiet en el d\u00eda grande de las fiestas de Alcoy\",\"datePublished\":\"2023-04-23T13:42:48+00:00\",\"dateModified\":\"2023-04-26T19:15:52+00:00\",\"mainEntityOfPage\":{\"@id\":\"https:\\\/\\\/www.copealcoy.es\\\/es\\\/claveles-y-vitores-para-sant-jordiet-en-el-dia-grande-de-las-fiestas-de-alcoy\\\/\"},\"wordCount\":487,\"commentCount\":0,\"image\":{\"@id\":\"https:\\\/\\\/www.copealcoy.es\\\/es\\\/claveles-y-vitores-para-sant-jordiet-en-el-dia-grande-de-las-fiestas-de-alcoy\\\/#primaryimage\"},\"thumbnailUrl\":\"https:\\\/\\\/www.copealcoy.es\\\/wp-content\\\/uploads\\\/2023\\\/04\\\/342221061_1402754863851685_1865650304166458119_n.jpg\",\"keywords\":[\"Alcoy\",\"D\u00eda de San Jorge\",\"Fiestas\",\"Moros Y Cristianos\",\"Nicol\u00e1s S\u00e1nchez Linares\",\"Procesi\u00f3n de La Reliquia\",\"Sant Jordiet\"],\"articleSection\":[\"Actualidad\",\"Alcoy\",\"Fiesta y Cultura\",\"Noticias\",\"Portada\"],\"inLanguage\":\"es\"},{\"@type\":\"WebPage\",\"@id\":\"https:\\\/\\\/www.copealcoy.es\\\/es\\\/claveles-y-vitores-para-sant-jordiet-en-el-dia-grande-de-las-fiestas-de-alcoy\\\/\",\"url\":\"https:\\\/\\\/www.copealcoy.es\\\/es\\\/claveles-y-vitores-para-sant-jordiet-en-el-dia-grande-de-las-fiestas-de-alcoy\\\/\",\"name\":\"Claveles y v\u00edtores para Sant Jordiet en el d\u00eda grande de las fiestas de Alcoy - COPE Alcoy\",\"isPartOf\":{\"@id\":\"https:\\\/\\\/www.copealcoy.es\\\/es\\\/#website\"},\"primaryImageOfPage\":{\"@id\":\"https:\\\/\\\/www.copealcoy.es\\\/es\\\/claveles-y-vitores-para-sant-jordiet-en-el-dia-grande-de-las-fiestas-de-alcoy\\\/#primaryimage\"},\"image\":{\"@id\":\"https:\\\/\\\/www.copealcoy.es\\\/es\\\/claveles-y-vitores-para-sant-jordiet-en-el-dia-grande-de-las-fiestas-de-alcoy\\\/#primaryimage\"},\"thumbnailUrl\":\"https:\\\/\\\/www.copealcoy.es\\\/wp-content\\\/uploads\\\/2023\\\/04\\\/342221061_1402754863851685_1865650304166458119_n.jpg\",\"datePublished\":\"2023-04-23T13:42:48+00:00\",\"dateModified\":\"2023-04-26T19:15:52+00:00\",\"author\":{\"@id\":\"https:\\\/\\\/www.copealcoy.es\\\/es\\\/#\\\/schema\\\/person\\\/e777c87fa024e57d40170af9df39882c\"},\"breadcrumb\":{\"@id\":\"https:\\\/\\\/www.copealcoy.es\\\/es\\\/claveles-y-vitores-para-sant-jordiet-en-el-dia-grande-de-las-fiestas-de-alcoy\\\/#breadcrumb\"},\"inLanguage\":\"es\",\"potentialAction\":[{\"@type\":\"ReadAction\",\"target\":[\"https:\\\/\\\/www.copealcoy.es\\\/es\\\/claveles-y-vitores-para-sant-jordiet-en-el-dia-grande-de-las-fiestas-de-alcoy\\\/\"]}]},{\"@type\":\"ImageObject\",\"inLanguage\":\"es\",\"@id\":\"https:\\\/\\\/www.copealcoy.es\\\/es\\\/claveles-y-vitores-para-sant-jordiet-en-el-dia-grande-de-las-fiestas-de-alcoy\\\/#primaryimage\",\"url\":\"https:\\\/\\\/www.copealcoy.es\\\/wp-content\\\/uploads\\\/2023\\\/04\\\/342221061_1402754863851685_1865650304166458119_n.jpg\",\"contentUrl\":\"https:\\\/\\\/www.copealcoy.es\\\/wp-content\\\/uploads\\\/2023\\\/04\\\/342221061_1402754863851685_1865650304166458119_n.jpg\",\"width\":763,\"height\":448},{\"@type\":\"BreadcrumbList\",\"@id\":\"https:\\\/\\\/www.copealcoy.es\\\/es\\\/claveles-y-vitores-para-sant-jordiet-en-el-dia-grande-de-las-fiestas-de-alcoy\\\/#breadcrumb\",\"itemListElement\":[{\"@type\":\"ListItem\",\"position\":1,\"name\":\"Portada\",\"item\":\"https:\\\/\\\/www.copealcoy.es\\\/es\\\/\"},{\"@type\":\"ListItem\",\"position\":2,\"name\":\"Claveles y v\u00edtores para Sant Jordiet en el d\u00eda grande de las fiestas de Alcoy\"}]},{\"@type\":\"WebSite\",\"@id\":\"https:\\\/\\\/www.copealcoy.es\\\/es\\\/#website\",\"url\":\"https:\\\/\\\/www.copealcoy.es\\\/es\\\/\",\"name\":\"COPE Alcoy\",\"description\":\"Emisora COPE de radio local con emisi\u00f3n online. Pont de Sant Jordi 8-10 03803 Alcoy\",\"potentialAction\":[{\"@type\":\"SearchAction\",\"target\":{\"@type\":\"EntryPoint\",\"urlTemplate\":\"https:\\\/\\\/www.copealcoy.es\\\/es\\\/?s={search_term_string}\"},\"query-input\":{\"@type\":\"PropertyValueSpecification\",\"valueRequired\":true,\"valueName\":\"search_term_string\"}}],\"inLanguage\":\"es\"},{\"@type\":\"Person\",\"@id\":\"https:\\\/\\\/www.copealcoy.es\\\/es\\\/#\\\/schema\\\/person\\\/e777c87fa024e57d40170af9df39882c\",\"name\":\"Cope Alcoy\",\"image\":{\"@type\":\"ImageObject\",\"inLanguage\":\"es\",\"@id\":\"https:\\\/\\\/secure.gravatar.com\\\/avatar\\\/bb65d0283347e303893ba14f0692005417c1e0e690a325a4c5d8bb2b3943ee14?s=96&d=mm&r=g\",\"url\":\"https:\\\/\\\/secure.gravatar.com\\\/avatar\\\/bb65d0283347e303893ba14f0692005417c1e0e690a325a4c5d8bb2b3943ee14?s=96&d=mm&r=g\",\"contentUrl\":\"https:\\\/\\\/secure.gravatar.com\\\/avatar\\\/bb65d0283347e303893ba14f0692005417c1e0e690a325a4c5d8bb2b3943ee14?s=96&d=mm&r=g\",\"caption\":\"Cope Alcoy\"}}]}<\/script>\n<!-- \/ Yoast SEO plugin. -->","yoast_head_json":{"title":"Claveles y v\u00edtores para Sant Jordiet en el d\u00eda grande de las fiestas de Alcoy - COPE Alcoy","robots":{"index":"index","follow":"follow","max-snippet":"max-snippet:-1","max-image-preview":"max-image-preview:large","max-video-preview":"max-video-preview:-1"},"canonical":"https:\/\/www.copealcoy.es\/es\/claveles-y-vitores-para-sant-jordiet-en-el-dia-grande-de-las-fiestas-de-alcoy\/","og_locale":"es_ES","og_type":"article","og_title":"Claveles y v\u00edtores para Sant Jordiet en el d\u00eda grande de las fiestas de Alcoy - COPE Alcoy","og_description":"El ritual se ha cumplido y Alcoy ha aclamado con emoci\u00f3n al Sant Jordiet de 2023 durante la procesi\u00f3n de...","og_url":"https:\/\/www.copealcoy.es\/es\/claveles-y-vitores-para-sant-jordiet-en-el-dia-grande-de-las-fiestas-de-alcoy\/","og_site_name":"COPE Alcoy","article_published_time":"2023-04-23T13:42:48+00:00","article_modified_time":"2023-04-26T19:15:52+00:00","og_image":[{"width":763,"height":448,"url":"https:\/\/www.copealcoy.es\/wp-content\/uploads\/2023\/04\/342221061_1402754863851685_1865650304166458119_n.jpg","type":"image\/jpeg"}],"author":"Cope Alcoy","twitter_misc":{"Escrito por":"Cope Alcoy","Tiempo de lectura":"2 minutos"},"schema":{"@context":"https:\/\/schema.org","@graph":[{"@type":"Article","@id":"https:\/\/www.copealcoy.es\/es\/claveles-y-vitores-para-sant-jordiet-en-el-dia-grande-de-las-fiestas-de-alcoy\/#article","isPartOf":{"@id":"https:\/\/www.copealcoy.es\/es\/claveles-y-vitores-para-sant-jordiet-en-el-dia-grande-de-las-fiestas-de-alcoy\/"},"author":{"name":"Cope Alcoy","@id":"https:\/\/www.copealcoy.es\/es\/#\/schema\/person\/e777c87fa024e57d40170af9df39882c"},"headline":"Claveles y v\u00edtores para Sant Jordiet en el d\u00eda grande de las fiestas de Alcoy","datePublished":"2023-04-23T13:42:48+00:00","dateModified":"2023-04-26T19:15:52+00:00","mainEntityOfPage":{"@id":"https:\/\/www.copealcoy.es\/es\/claveles-y-vitores-para-sant-jordiet-en-el-dia-grande-de-las-fiestas-de-alcoy\/"},"wordCount":487,"commentCount":0,"image":{"@id":"https:\/\/www.copealcoy.es\/es\/claveles-y-vitores-para-sant-jordiet-en-el-dia-grande-de-las-fiestas-de-alcoy\/#primaryimage"},"thumbnailUrl":"https:\/\/www.copealcoy.es\/wp-content\/uploads\/2023\/04\/342221061_1402754863851685_1865650304166458119_n.jpg","keywords":["Alcoy","D\u00eda de San Jorge","Fiestas","Moros Y Cristianos","Nicol\u00e1s S\u00e1nchez Linares","Procesi\u00f3n de La Reliquia","Sant Jordiet"],"articleSection":["Actualidad","Alcoy","Fiesta y Cultura","Noticias","Portada"],"inLanguage":"es"},{"@type":"WebPage","@id":"https:\/\/www.copealcoy.es\/es\/claveles-y-vitores-para-sant-jordiet-en-el-dia-grande-de-las-fiestas-de-alcoy\/","url":"https:\/\/www.copealcoy.es\/es\/claveles-y-vitores-para-sant-jordiet-en-el-dia-grande-de-las-fiestas-de-alcoy\/","name":"Claveles y v\u00edtores para Sant Jordiet en el d\u00eda grande de las fiestas de Alcoy - COPE Alcoy","isPartOf":{"@id":"https:\/\/www.copealcoy.es\/es\/#website"},"primaryImageOfPage":{"@id":"https:\/\/www.copealcoy.es\/es\/claveles-y-vitores-para-sant-jordiet-en-el-dia-grande-de-las-fiestas-de-alcoy\/#primaryimage"},"image":{"@id":"https:\/\/www.copealcoy.es\/es\/claveles-y-vitores-para-sant-jordiet-en-el-dia-grande-de-las-fiestas-de-alcoy\/#primaryimage"},"thumbnailUrl":"https:\/\/www.copealcoy.es\/wp-content\/uploads\/2023\/04\/342221061_1402754863851685_1865650304166458119_n.jpg","datePublished":"2023-04-23T13:42:48+00:00","dateModified":"2023-04-26T19:15:52+00:00","author":{"@id":"https:\/\/www.copealcoy.es\/es\/#\/schema\/person\/e777c87fa024e57d40170af9df39882c"},"breadcrumb":{"@id":"https:\/\/www.copealcoy.es\/es\/claveles-y-vitores-para-sant-jordiet-en-el-dia-grande-de-las-fiestas-de-alcoy\/#breadcrumb"},"inLanguage":"es","potentialAction":[{"@type":"ReadAction","target":["https:\/\/www.copealcoy.es\/es\/claveles-y-vitores-para-sant-jordiet-en-el-dia-grande-de-las-fiestas-de-alcoy\/"]}]},{"@type":"ImageObject","inLanguage":"es","@id":"https:\/\/www.copealcoy.es\/es\/claveles-y-vitores-para-sant-jordiet-en-el-dia-grande-de-las-fiestas-de-alcoy\/#primaryimage","url":"https:\/\/www.copealcoy.es\/wp-content\/uploads\/2023\/04\/342221061_1402754863851685_1865650304166458119_n.jpg","contentUrl":"https:\/\/www.copealcoy.es\/wp-content\/uploads\/2023\/04\/342221061_1402754863851685_1865650304166458119_n.jpg","width":763,"height":448},{"@type":"BreadcrumbList","@id":"https:\/\/www.copealcoy.es\/es\/claveles-y-vitores-para-sant-jordiet-en-el-dia-grande-de-las-fiestas-de-alcoy\/#breadcrumb","itemListElement":[{"@type":"ListItem","position":1,"name":"Portada","item":"https:\/\/www.copealcoy.es\/es\/"},{"@type":"ListItem","position":2,"name":"Claveles y v\u00edtores para Sant Jordiet en el d\u00eda grande de las fiestas de Alcoy"}]},{"@type":"WebSite","@id":"https:\/\/www.copealcoy.es\/es\/#website","url":"https:\/\/www.copealcoy.es\/es\/","name":"COPE Alcoy","description":"Emisora COPE de radio local con emisi\u00f3n online. Pont de Sant Jordi 8-10 03803 Alcoy","potentialAction":[{"@type":"SearchAction","target":{"@type":"EntryPoint","urlTemplate":"https:\/\/www.copealcoy.es\/es\/?s={search_term_string}"},"query-input":{"@type":"PropertyValueSpecification","valueRequired":true,"valueName":"search_term_string"}}],"inLanguage":"es"},{"@type":"Person","@id":"https:\/\/www.copealcoy.es\/es\/#\/schema\/person\/e777c87fa024e57d40170af9df39882c","name":"Cope Alcoy","image":{"@type":"ImageObject","inLanguage":"es","@id":"https:\/\/secure.gravatar.com\/avatar\/bb65d0283347e303893ba14f0692005417c1e0e690a325a4c5d8bb2b3943ee14?s=96&d=mm&r=g","url":"https:\/\/secure.gravatar.com\/avatar\/bb65d0283347e303893ba14f0692005417c1e0e690a325a4c5d8bb2b3943ee14?s=96&d=mm&r=g","contentUrl":"https:\/\/secure.gravatar.com\/avatar\/bb65d0283347e303893ba14f0692005417c1e0e690a325a4c5d8bb2b3943ee14?s=96&d=mm&r=g","caption":"Cope Alcoy"}}]}},"_links":{"self":[{"href":"https:\/\/www.copealcoy.es\/es\/wp-json\/wp\/v2\/posts\/114501","targetHints":{"allow":["GET"]}}],"collection":[{"href":"https:\/\/www.copealcoy.es\/es\/wp-json\/wp\/v2\/posts"}],"about":[{"href":"https:\/\/www.copealcoy.es\/es\/wp-json\/wp\/v2\/types\/post"}],"author":[{"embeddable":true,"href":"https:\/\/www.copealcoy.es\/es\/wp-json\/wp\/v2\/users\/1"}],"replies":[{"embeddable":true,"href":"https:\/\/www.copealcoy.es\/es\/wp-json\/wp\/v2\/comments?post=114501"}],"version-history":[{"count":0,"href":"https:\/\/www.copealcoy.es\/es\/wp-json\/wp\/v2\/posts\/114501\/revisions"}],"wp:featuredmedia":[{"embeddable":true,"href":"https:\/\/www.copealcoy.es\/es\/wp-json\/wp\/v2\/media\/114502"}],"wp:attachment":[{"href":"https:\/\/www.copealcoy.es\/es\/wp-json\/wp\/v2\/media?parent=114501"}],"wp:term":[{"taxonomy":"category","embeddable":true,"href":"https:\/\/www.copealcoy.es\/es\/wp-json\/wp\/v2\/categories?post=114501"},{"taxonomy":"post_tag","embeddable":true,"href":"https:\/\/www.copealcoy.es\/es\/wp-json\/wp\/v2\/tags?post=114501"}],"curies":[{"name":"wp","href":"https:\/\/api.w.org\/{rel}","templated":true}]}}