{"id":114495,"date":"2023-04-23T14:20:55","date_gmt":"2023-04-23T13:20:55","guid":{"rendered":"https:\/\/www.copealcoy.es\/?p=114495"},"modified":"2023-04-23T14:30:21","modified_gmt":"2023-04-23T13:30:21","slug":"los-mas-pequenos-inician-el-dia-del-patron-de-alcoy-con-la-segunda-diana","status":"publish","type":"post","link":"https:\/\/www.copealcoy.es\/es\/los-mas-pequenos-inician-el-dia-del-patron-de-alcoy-con-la-segunda-diana\/","title":{"rendered":"Los m\u00e1s peque\u00f1os inician el d\u00eda del patr\u00f3n de Alcoy con la Segunda Diana"},"content":{"rendered":"<p style=\"text-align: justify;\">Alcoy celebra<strong> en este domingo 23 de abril\u00a0<\/strong><strong>la festividad de su patr\u00f3n<\/strong><strong>, San Jorge, <\/strong>y lo hace con <strong>numerosos actos religiosos<\/strong><strong>\u00a0en su honor, <\/strong>as\u00ed como con<strong>una gran actividad festera<\/strong>en las calles de la ciudad. La ma\u00f1ana ha arrancado con <strong>la Segunda Diana<\/strong><strong>, <\/strong>con id\u00e9nticas caracter\u00edsticas al d\u00eda anterior, <strong>pero en esta ocasi\u00f3n\u00a0<\/strong><strong>los verdaderos protagonistas han sido los m\u00e1s peque\u00f1os <\/strong>de cada una de las Filaes alcoyanas. Ellos <strong>han demostrado que<\/strong><strong> hay cantera\u00a0<\/strong>y que\u00a0la herencia de la Festa\u00a0est\u00e1 m\u00e1s que asegurada de cara al futuro inmediato.<\/p>\n<p style=\"text-align: justify;\">Indicar que <strong>el bando moro ha desfilado desde la parte baja de l\u2019 Avinguda del Pa\u00eds Valenci\u00e0<\/strong><strong>\u00a0pasando por San Lorenzo y hasta llegar a la Plaza de Espa\u00f1a <\/strong>mientras que<strong>los cristianos han recorrido la calle San Nicol\u00e1s<\/strong><strong>\u00a0tras efectuar la\u00a0<em>arranc\u00e0\u00a0<\/em>en la Font Redona.<\/strong> La m\u00fasica festera, con alegres pasodobles dianeros, ha acompa\u00f1ado a\u00a0los dos bandos\u00a0en su trayecto hasta el castillo de Fiestas<strong>ante un buen n\u00famero de espectadores<\/strong><strong>\u00a0y\u00a0<\/strong><strong>la mirada atenta de numerosos familiares<\/strong><strong>. <\/strong>Por \u00faltimo, se\u00f1alar que<strong> los dos Sargentos Infantiles,\u00a0<\/strong><strong>Abril Albero (Moro) y Juan Abad (Cristiano)<\/strong><strong>, <\/strong>han guiado a las Filaes Ligeros y Cruzados, respectivamente; por ostentar ambas el cargo de Capit\u00e1n.<\/p>\n<p style=\"text-align: justify;\">Apuntar <strong>que el d\u00eda del patr\u00f3n tiene reservados m\u00e1s actos como\u00a0<\/strong><strong>la procesi\u00f3n de La Reliquia<\/strong><strong>, <\/strong>que comenzar\u00e1 a las once de la ma\u00f1ana en la iglesia de San Jorge, y que finalizar\u00e1 en el templo de Santa Mar\u00eda. All\u00ed <strong>el Obispo Auxiliar de Valencia,\u00a0<\/strong><strong>Don Arturo Ros<\/strong><strong>, <\/strong>oficiar\u00e1<strong>\u00a0la Misa Mayor<\/strong> <strong>\u00a0y la ma\u00f1ana terminar\u00e1 con\u00a0<\/strong><strong>el disparo de una\u00a0<em>Masclet\u00e0<\/em><\/strong><em><strong>\u00a0 <\/strong><\/em><strong>en La Bandeja.<\/strong> Por la tarde, <strong>las Filaes Berberiscos y Realistas <\/strong>protagonizar\u00e1n<strong> la\u00a0<em>Diana Vespertina del Cavallet\u00a0<\/em><\/strong>mientras que a las 19:30h arrancar\u00e1<strong> la\u00a0<\/strong><strong>Procesi\u00f3n General de San Jorge<\/strong><strong>. <\/strong>La<strong>\u00a0<\/strong><strong>Retreta <\/strong>pondr\u00e1 fin a este d\u00eda central de nuestras Fiestas de Moros y Cristianos.<\/p>\n","protected":false},"excerpt":{"rendered":"<p>Alcoy celebra en este domingo 23 de abril\u00a0la festividad de su patr\u00f3n, San Jorge, y lo hace con numerosos actos&#8230;<\/p>\n","protected":false},"author":1,"featured_media":114496,"comment_status":"open","ping_status":"open","sticky":false,"template":"","format":"standard","meta":{"footnotes":""},"categories":[6909,97,78,75,125],"tags":[1494,14594,2001,2161],"class_list":["post-114495","post","type-post","status-publish","format-standard","has-post-thumbnail","hentry","category-actualidad","category-alcoy","category-fiestaycultura","category-noticias","category-portada","tag-alcoy","tag-dia-de-san-jorge","tag-fiestas-de-moros-y-cristianos","tag-segunda-diana"],"yoast_head":"<!-- This site is optimized with the Yoast SEO plugin v27.3 - https:\/\/yoast.com\/product\/yoast-seo-wordpress\/ -->\n<title>Los m\u00e1s peque\u00f1os inician el d\u00eda del patr\u00f3n de Alcoy con la Segunda Diana - COPE Alcoy<\/title>\n<meta name=\"description\" content=\"Alcoy celebra en este domingo 23 de abril\u00a0la festividad de su patr\u00f3n, San Jorge, y lo hace con numerosos actos en su honor\" \/>\n<meta name=\"robots\" content=\"index, follow, max-snippet:-1, max-image-preview:large, max-video-preview:-1\" \/>\n<link rel=\"canonical\" href=\"https:\/\/www.copealcoy.es\/es\/los-mas-pequenos-inician-el-dia-del-patron-de-alcoy-con-la-segunda-diana\/\" \/>\n<meta property=\"og:locale\" content=\"es_ES\" \/>\n<meta property=\"og:type\" content=\"article\" \/>\n<meta property=\"og:title\" content=\"Los m\u00e1s peque\u00f1os inician el d\u00eda del patr\u00f3n de Alcoy con la Segunda Diana - COPE Alcoy\" \/>\n<meta property=\"og:description\" content=\"Alcoy celebra en este domingo 23 de abril\u00a0la festividad de su patr\u00f3n, San Jorge, y lo hace con numerosos actos en su honor\" \/>\n<meta property=\"og:url\" content=\"https:\/\/www.copealcoy.es\/es\/los-mas-pequenos-inician-el-dia-del-patron-de-alcoy-con-la-segunda-diana\/\" \/>\n<meta property=\"og:site_name\" content=\"COPE Alcoy\" \/>\n<meta property=\"article:published_time\" content=\"2023-04-23T13:20:55+00:00\" \/>\n<meta property=\"article:modified_time\" content=\"2023-04-23T13:30:21+00:00\" \/>\n<meta property=\"og:image\" content=\"https:\/\/www.copealcoy.es\/wp-content\/uploads\/2023\/04\/342843821_1241697650040101_2771195276696971306_n-scaled.jpg\" \/>\n\t<meta property=\"og:image:width\" content=\"1920\" \/>\n\t<meta property=\"og:image:height\" content=\"863\" \/>\n\t<meta property=\"og:image:type\" content=\"image\/jpeg\" \/>\n<meta name=\"author\" content=\"Cope Alcoy\" \/>\n<meta name=\"twitter:label1\" content=\"Escrito por\" \/>\n\t<meta name=\"twitter:data1\" content=\"Cope Alcoy\" \/>\n\t<meta name=\"twitter:label2\" content=\"Tiempo de lectura\" \/>\n\t<meta name=\"twitter:data2\" content=\"2 minutos\" \/>\n<script type=\"application\/ld+json\" class=\"yoast-schema-graph\">{\"@context\":\"https:\\\/\\\/schema.org\",\"@graph\":[{\"@type\":\"Article\",\"@id\":\"https:\\\/\\\/www.copealcoy.es\\\/es\\\/los-mas-pequenos-inician-el-dia-del-patron-de-alcoy-con-la-segunda-diana\\\/#article\",\"isPartOf\":{\"@id\":\"https:\\\/\\\/www.copealcoy.es\\\/es\\\/los-mas-pequenos-inician-el-dia-del-patron-de-alcoy-con-la-segunda-diana\\\/\"},\"author\":{\"name\":\"Cope Alcoy\",\"@id\":\"https:\\\/\\\/www.copealcoy.es\\\/es\\\/#\\\/schema\\\/person\\\/e777c87fa024e57d40170af9df39882c\"},\"headline\":\"Los m\u00e1s peque\u00f1os inician el d\u00eda del patr\u00f3n de Alcoy con la Segunda Diana\",\"datePublished\":\"2023-04-23T13:20:55+00:00\",\"dateModified\":\"2023-04-23T13:30:21+00:00\",\"mainEntityOfPage\":{\"@id\":\"https:\\\/\\\/www.copealcoy.es\\\/es\\\/los-mas-pequenos-inician-el-dia-del-patron-de-alcoy-con-la-segunda-diana\\\/\"},\"wordCount\":351,\"commentCount\":0,\"image\":{\"@id\":\"https:\\\/\\\/www.copealcoy.es\\\/es\\\/los-mas-pequenos-inician-el-dia-del-patron-de-alcoy-con-la-segunda-diana\\\/#primaryimage\"},\"thumbnailUrl\":\"https:\\\/\\\/www.copealcoy.es\\\/wp-content\\\/uploads\\\/2023\\\/04\\\/342843821_1241697650040101_2771195276696971306_n-scaled.jpg\",\"keywords\":[\"Alcoy\",\"D\u00eda de San Jorge\",\"Fiestas de Moros y Cristianos\",\"Segunda Diana\"],\"articleSection\":[\"Actualidad\",\"Alcoy\",\"Fiesta y Cultura\",\"Noticias\",\"Portada\"],\"inLanguage\":\"es\"},{\"@type\":\"WebPage\",\"@id\":\"https:\\\/\\\/www.copealcoy.es\\\/es\\\/los-mas-pequenos-inician-el-dia-del-patron-de-alcoy-con-la-segunda-diana\\\/\",\"url\":\"https:\\\/\\\/www.copealcoy.es\\\/es\\\/los-mas-pequenos-inician-el-dia-del-patron-de-alcoy-con-la-segunda-diana\\\/\",\"name\":\"Los m\u00e1s peque\u00f1os inician el d\u00eda del patr\u00f3n de Alcoy con la Segunda Diana - COPE Alcoy\",\"isPartOf\":{\"@id\":\"https:\\\/\\\/www.copealcoy.es\\\/es\\\/#website\"},\"primaryImageOfPage\":{\"@id\":\"https:\\\/\\\/www.copealcoy.es\\\/es\\\/los-mas-pequenos-inician-el-dia-del-patron-de-alcoy-con-la-segunda-diana\\\/#primaryimage\"},\"image\":{\"@id\":\"https:\\\/\\\/www.copealcoy.es\\\/es\\\/los-mas-pequenos-inician-el-dia-del-patron-de-alcoy-con-la-segunda-diana\\\/#primaryimage\"},\"thumbnailUrl\":\"https:\\\/\\\/www.copealcoy.es\\\/wp-content\\\/uploads\\\/2023\\\/04\\\/342843821_1241697650040101_2771195276696971306_n-scaled.jpg\",\"datePublished\":\"2023-04-23T13:20:55+00:00\",\"dateModified\":\"2023-04-23T13:30:21+00:00\",\"author\":{\"@id\":\"https:\\\/\\\/www.copealcoy.es\\\/es\\\/#\\\/schema\\\/person\\\/e777c87fa024e57d40170af9df39882c\"},\"description\":\"Alcoy celebra en este domingo 23 de abril\u00a0la festividad de su patr\u00f3n, San Jorge, y lo hace con numerosos actos en su honor\",\"breadcrumb\":{\"@id\":\"https:\\\/\\\/www.copealcoy.es\\\/es\\\/los-mas-pequenos-inician-el-dia-del-patron-de-alcoy-con-la-segunda-diana\\\/#breadcrumb\"},\"inLanguage\":\"es\",\"potentialAction\":[{\"@type\":\"ReadAction\",\"target\":[\"https:\\\/\\\/www.copealcoy.es\\\/es\\\/los-mas-pequenos-inician-el-dia-del-patron-de-alcoy-con-la-segunda-diana\\\/\"]}]},{\"@type\":\"ImageObject\",\"inLanguage\":\"es\",\"@id\":\"https:\\\/\\\/www.copealcoy.es\\\/es\\\/los-mas-pequenos-inician-el-dia-del-patron-de-alcoy-con-la-segunda-diana\\\/#primaryimage\",\"url\":\"https:\\\/\\\/www.copealcoy.es\\\/wp-content\\\/uploads\\\/2023\\\/04\\\/342843821_1241697650040101_2771195276696971306_n-scaled.jpg\",\"contentUrl\":\"https:\\\/\\\/www.copealcoy.es\\\/wp-content\\\/uploads\\\/2023\\\/04\\\/342843821_1241697650040101_2771195276696971306_n-scaled.jpg\",\"width\":1920,\"height\":863},{\"@type\":\"BreadcrumbList\",\"@id\":\"https:\\\/\\\/www.copealcoy.es\\\/es\\\/los-mas-pequenos-inician-el-dia-del-patron-de-alcoy-con-la-segunda-diana\\\/#breadcrumb\",\"itemListElement\":[{\"@type\":\"ListItem\",\"position\":1,\"name\":\"Portada\",\"item\":\"https:\\\/\\\/www.copealcoy.es\\\/es\\\/\"},{\"@type\":\"ListItem\",\"position\":2,\"name\":\"Los m\u00e1s peque\u00f1os inician el d\u00eda del patr\u00f3n de Alcoy con la Segunda Diana\"}]},{\"@type\":\"WebSite\",\"@id\":\"https:\\\/\\\/www.copealcoy.es\\\/es\\\/#website\",\"url\":\"https:\\\/\\\/www.copealcoy.es\\\/es\\\/\",\"name\":\"COPE Alcoy\",\"description\":\"Emisora COPE de radio local con emisi\u00f3n online. Pont de Sant Jordi 8-10 03803 Alcoy\",\"potentialAction\":[{\"@type\":\"SearchAction\",\"target\":{\"@type\":\"EntryPoint\",\"urlTemplate\":\"https:\\\/\\\/www.copealcoy.es\\\/es\\\/?s={search_term_string}\"},\"query-input\":{\"@type\":\"PropertyValueSpecification\",\"valueRequired\":true,\"valueName\":\"search_term_string\"}}],\"inLanguage\":\"es\"},{\"@type\":\"Person\",\"@id\":\"https:\\\/\\\/www.copealcoy.es\\\/es\\\/#\\\/schema\\\/person\\\/e777c87fa024e57d40170af9df39882c\",\"name\":\"Cope Alcoy\",\"image\":{\"@type\":\"ImageObject\",\"inLanguage\":\"es\",\"@id\":\"https:\\\/\\\/secure.gravatar.com\\\/avatar\\\/bb65d0283347e303893ba14f0692005417c1e0e690a325a4c5d8bb2b3943ee14?s=96&d=mm&r=g\",\"url\":\"https:\\\/\\\/secure.gravatar.com\\\/avatar\\\/bb65d0283347e303893ba14f0692005417c1e0e690a325a4c5d8bb2b3943ee14?s=96&d=mm&r=g\",\"contentUrl\":\"https:\\\/\\\/secure.gravatar.com\\\/avatar\\\/bb65d0283347e303893ba14f0692005417c1e0e690a325a4c5d8bb2b3943ee14?s=96&d=mm&r=g\",\"caption\":\"Cope Alcoy\"}}]}<\/script>\n<!-- \/ Yoast SEO plugin. -->","yoast_head_json":{"title":"Los m\u00e1s peque\u00f1os inician el d\u00eda del patr\u00f3n de Alcoy con la Segunda Diana - COPE Alcoy","description":"Alcoy celebra en este domingo 23 de abril\u00a0la festividad de su patr\u00f3n, San Jorge, y lo hace con numerosos actos en su honor","robots":{"index":"index","follow":"follow","max-snippet":"max-snippet:-1","max-image-preview":"max-image-preview:large","max-video-preview":"max-video-preview:-1"},"canonical":"https:\/\/www.copealcoy.es\/es\/los-mas-pequenos-inician-el-dia-del-patron-de-alcoy-con-la-segunda-diana\/","og_locale":"es_ES","og_type":"article","og_title":"Los m\u00e1s peque\u00f1os inician el d\u00eda del patr\u00f3n de Alcoy con la Segunda Diana - COPE Alcoy","og_description":"Alcoy celebra en este domingo 23 de abril\u00a0la festividad de su patr\u00f3n, San Jorge, y lo hace con numerosos actos en su honor","og_url":"https:\/\/www.copealcoy.es\/es\/los-mas-pequenos-inician-el-dia-del-patron-de-alcoy-con-la-segunda-diana\/","og_site_name":"COPE Alcoy","article_published_time":"2023-04-23T13:20:55+00:00","article_modified_time":"2023-04-23T13:30:21+00:00","og_image":[{"width":1920,"height":863,"url":"https:\/\/www.copealcoy.es\/wp-content\/uploads\/2023\/04\/342843821_1241697650040101_2771195276696971306_n-scaled.jpg","type":"image\/jpeg"}],"author":"Cope Alcoy","twitter_misc":{"Escrito por":"Cope Alcoy","Tiempo de lectura":"2 minutos"},"schema":{"@context":"https:\/\/schema.org","@graph":[{"@type":"Article","@id":"https:\/\/www.copealcoy.es\/es\/los-mas-pequenos-inician-el-dia-del-patron-de-alcoy-con-la-segunda-diana\/#article","isPartOf":{"@id":"https:\/\/www.copealcoy.es\/es\/los-mas-pequenos-inician-el-dia-del-patron-de-alcoy-con-la-segunda-diana\/"},"author":{"name":"Cope Alcoy","@id":"https:\/\/www.copealcoy.es\/es\/#\/schema\/person\/e777c87fa024e57d40170af9df39882c"},"headline":"Los m\u00e1s peque\u00f1os inician el d\u00eda del patr\u00f3n de Alcoy con la Segunda Diana","datePublished":"2023-04-23T13:20:55+00:00","dateModified":"2023-04-23T13:30:21+00:00","mainEntityOfPage":{"@id":"https:\/\/www.copealcoy.es\/es\/los-mas-pequenos-inician-el-dia-del-patron-de-alcoy-con-la-segunda-diana\/"},"wordCount":351,"commentCount":0,"image":{"@id":"https:\/\/www.copealcoy.es\/es\/los-mas-pequenos-inician-el-dia-del-patron-de-alcoy-con-la-segunda-diana\/#primaryimage"},"thumbnailUrl":"https:\/\/www.copealcoy.es\/wp-content\/uploads\/2023\/04\/342843821_1241697650040101_2771195276696971306_n-scaled.jpg","keywords":["Alcoy","D\u00eda de San Jorge","Fiestas de Moros y Cristianos","Segunda Diana"],"articleSection":["Actualidad","Alcoy","Fiesta y Cultura","Noticias","Portada"],"inLanguage":"es"},{"@type":"WebPage","@id":"https:\/\/www.copealcoy.es\/es\/los-mas-pequenos-inician-el-dia-del-patron-de-alcoy-con-la-segunda-diana\/","url":"https:\/\/www.copealcoy.es\/es\/los-mas-pequenos-inician-el-dia-del-patron-de-alcoy-con-la-segunda-diana\/","name":"Los m\u00e1s peque\u00f1os inician el d\u00eda del patr\u00f3n de Alcoy con la Segunda Diana - COPE Alcoy","isPartOf":{"@id":"https:\/\/www.copealcoy.es\/es\/#website"},"primaryImageOfPage":{"@id":"https:\/\/www.copealcoy.es\/es\/los-mas-pequenos-inician-el-dia-del-patron-de-alcoy-con-la-segunda-diana\/#primaryimage"},"image":{"@id":"https:\/\/www.copealcoy.es\/es\/los-mas-pequenos-inician-el-dia-del-patron-de-alcoy-con-la-segunda-diana\/#primaryimage"},"thumbnailUrl":"https:\/\/www.copealcoy.es\/wp-content\/uploads\/2023\/04\/342843821_1241697650040101_2771195276696971306_n-scaled.jpg","datePublished":"2023-04-23T13:20:55+00:00","dateModified":"2023-04-23T13:30:21+00:00","author":{"@id":"https:\/\/www.copealcoy.es\/es\/#\/schema\/person\/e777c87fa024e57d40170af9df39882c"},"description":"Alcoy celebra en este domingo 23 de abril\u00a0la festividad de su patr\u00f3n, San Jorge, y lo hace con numerosos actos en su honor","breadcrumb":{"@id":"https:\/\/www.copealcoy.es\/es\/los-mas-pequenos-inician-el-dia-del-patron-de-alcoy-con-la-segunda-diana\/#breadcrumb"},"inLanguage":"es","potentialAction":[{"@type":"ReadAction","target":["https:\/\/www.copealcoy.es\/es\/los-mas-pequenos-inician-el-dia-del-patron-de-alcoy-con-la-segunda-diana\/"]}]},{"@type":"ImageObject","inLanguage":"es","@id":"https:\/\/www.copealcoy.es\/es\/los-mas-pequenos-inician-el-dia-del-patron-de-alcoy-con-la-segunda-diana\/#primaryimage","url":"https:\/\/www.copealcoy.es\/wp-content\/uploads\/2023\/04\/342843821_1241697650040101_2771195276696971306_n-scaled.jpg","contentUrl":"https:\/\/www.copealcoy.es\/wp-content\/uploads\/2023\/04\/342843821_1241697650040101_2771195276696971306_n-scaled.jpg","width":1920,"height":863},{"@type":"BreadcrumbList","@id":"https:\/\/www.copealcoy.es\/es\/los-mas-pequenos-inician-el-dia-del-patron-de-alcoy-con-la-segunda-diana\/#breadcrumb","itemListElement":[{"@type":"ListItem","position":1,"name":"Portada","item":"https:\/\/www.copealcoy.es\/es\/"},{"@type":"ListItem","position":2,"name":"Los m\u00e1s peque\u00f1os inician el d\u00eda del patr\u00f3n de Alcoy con la Segunda Diana"}]},{"@type":"WebSite","@id":"https:\/\/www.copealcoy.es\/es\/#website","url":"https:\/\/www.copealcoy.es\/es\/","name":"COPE Alcoy","description":"Emisora COPE de radio local con emisi\u00f3n online. Pont de Sant Jordi 8-10 03803 Alcoy","potentialAction":[{"@type":"SearchAction","target":{"@type":"EntryPoint","urlTemplate":"https:\/\/www.copealcoy.es\/es\/?s={search_term_string}"},"query-input":{"@type":"PropertyValueSpecification","valueRequired":true,"valueName":"search_term_string"}}],"inLanguage":"es"},{"@type":"Person","@id":"https:\/\/www.copealcoy.es\/es\/#\/schema\/person\/e777c87fa024e57d40170af9df39882c","name":"Cope Alcoy","image":{"@type":"ImageObject","inLanguage":"es","@id":"https:\/\/secure.gravatar.com\/avatar\/bb65d0283347e303893ba14f0692005417c1e0e690a325a4c5d8bb2b3943ee14?s=96&d=mm&r=g","url":"https:\/\/secure.gravatar.com\/avatar\/bb65d0283347e303893ba14f0692005417c1e0e690a325a4c5d8bb2b3943ee14?s=96&d=mm&r=g","contentUrl":"https:\/\/secure.gravatar.com\/avatar\/bb65d0283347e303893ba14f0692005417c1e0e690a325a4c5d8bb2b3943ee14?s=96&d=mm&r=g","caption":"Cope Alcoy"}}]}},"_links":{"self":[{"href":"https:\/\/www.copealcoy.es\/es\/wp-json\/wp\/v2\/posts\/114495","targetHints":{"allow":["GET"]}}],"collection":[{"href":"https:\/\/www.copealcoy.es\/es\/wp-json\/wp\/v2\/posts"}],"about":[{"href":"https:\/\/www.copealcoy.es\/es\/wp-json\/wp\/v2\/types\/post"}],"author":[{"embeddable":true,"href":"https:\/\/www.copealcoy.es\/es\/wp-json\/wp\/v2\/users\/1"}],"replies":[{"embeddable":true,"href":"https:\/\/www.copealcoy.es\/es\/wp-json\/wp\/v2\/comments?post=114495"}],"version-history":[{"count":0,"href":"https:\/\/www.copealcoy.es\/es\/wp-json\/wp\/v2\/posts\/114495\/revisions"}],"wp:featuredmedia":[{"embeddable":true,"href":"https:\/\/www.copealcoy.es\/es\/wp-json\/wp\/v2\/media\/114496"}],"wp:attachment":[{"href":"https:\/\/www.copealcoy.es\/es\/wp-json\/wp\/v2\/media?parent=114495"}],"wp:term":[{"taxonomy":"category","embeddable":true,"href":"https:\/\/www.copealcoy.es\/es\/wp-json\/wp\/v2\/categories?post=114495"},{"taxonomy":"post_tag","embeddable":true,"href":"https:\/\/www.copealcoy.es\/es\/wp-json\/wp\/v2\/tags?post=114495"}],"curies":[{"name":"wp","href":"https:\/\/api.w.org\/{rel}","templated":true}]}}