{"id":114483,"date":"2023-04-22T20:15:31","date_gmt":"2023-04-22T19:15:31","guid":{"rendered":"https:\/\/www.copealcoy.es\/?p=114483"},"modified":"2023-04-26T20:01:19","modified_gmt":"2023-04-26T19:01:19","slug":"el-sueno-del-alferez-mudejar-por-regresar-a-alcoy-desde-el-exilio","status":"publish","type":"post","link":"https:\/\/www.copealcoy.es\/es\/el-sueno-del-alferez-mudejar-por-regresar-a-alcoy-desde-el-exilio\/","title":{"rendered":"El sue\u00f1o del Alf\u00e9rez mud\u00e9jar por regresar a Alcoy desde el exilio"},"content":{"rendered":"<p style=\"text-align: justify;\">La Entrada Mora <strong>ha llegado a su fin<\/strong> con <strong>el desfile de la Fil\u00e0 Mud\u00e9jares<\/strong>, formaci\u00f3n que este a\u00f1o ostenta <strong>el cargo de Alf\u00e9rez<\/strong> en la persona de <strong>Alfonso Caerols Peidro<\/strong>. El protagonista, a sus 62 a\u00f1os, <strong>ha hecho realidad un bonito sue\u00f1o<\/strong> arropado por toda la familia, sus amigos e incluso compa\u00f1eros del Centro Ocupacional de Gormaget.<\/p>\n<p style=\"text-align: justify;\">Los timbaleros han abierto paso a la comitiva junto al gui\u00f3n de la Fil\u00e0, <strong>el Embajador Moro, \u00d3scar Mart\u00ednez; a caballo<\/strong> y <strong>una doble escuadra de palominos<\/strong> orgullosos del a\u00f1o tan especial que est\u00e1n viviendo. A continuaci\u00f3n, el Alf\u00e9rez Moro <strong>ha desplegado todas sus fuerzas en un original boato basado en la marcha de Al-Azraq a Granada donde desde el exilio no deja de so\u00f1ar en Alcoy<\/strong>, as\u00ed como en <strong>el regreso a la Villa para reconquistar sus tierras<\/strong>. El acompa\u00f1amiento de la alferec\u00eda ha mostrado la vida en la Alhambra, la cultura de esta zona de Al-Andalus, los paisajes o los bonitos jardines que rodean la estancia palaciega de quien custodia los estandartes de la media luna. No han faltado las danzas orientales de la mano del ballet de Ana Botella, que ha representado el or\u00e1culo, y del Ballet Gawazi que ha puesto en escena la coreograf\u00eda Jardines de la Alhambra ante un p\u00fablico que no cesaba en aplausos.<\/p>\n<p style=\"text-align: justify;\">Alfonso Caerols, acompa\u00f1ado de sus emires y damas e incluso precedido de sus caballeros sobre corcel, <strong>ha hecho su entrada triunfal sobre carroza luciendo un original dise\u00f1o de V\u00edctor Ferrer y Santi Carbonell<\/strong>.\u00a0 Para la ocasi\u00f3n sonaba la pieza <em>Al Mithal, <\/em>de Juan Carlos Sempere Bombo\u00ed, interpretada por la Societat Musical La Tropica de Benig\u00e0nim. El colof\u00f3n al boato lo ha puesto <strong>la escuadra especial<\/strong>, ideada por Juan Climent, y que ha desfilado con la m\u00fasica que interpretaba la Agrupaci\u00f3 Art\u00edstico -Musical \u2018El Trabajo\u2019 de Xixona. Los m\u00fasicos hicieron sonar piezas como <em>A la Mar, <\/em>de Sa\u00fcl G\u00f3mez i Soler, y <em>Aligeaba Spyros <\/em>de Vicente P\u00e9rez Estevan.<\/p>\n<p><a href=\"https:\/\/www.copealcoy.es\/wp-content\/uploads\/2023\/04\/unnamed-1-32-scaled.jpg\"><img loading=\"lazy\" decoding=\"async\" class=\"alignnone size-full wp-image-114777\" src=\"https:\/\/www.copealcoy.es\/wp-content\/uploads\/2023\/04\/unnamed-1-32-scaled.jpg\" alt=\"\" width=\"1596\" height=\"1080\" srcset=\"https:\/\/www.copealcoy.es\/wp-content\/uploads\/2023\/04\/unnamed-1-32-scaled.jpg 1596w, https:\/\/www.copealcoy.es\/wp-content\/uploads\/2023\/04\/unnamed-1-32-768x519.jpg 768w, https:\/\/www.copealcoy.es\/wp-content\/uploads\/2023\/04\/unnamed-1-32-1536x1039.jpg 1536w, https:\/\/www.copealcoy.es\/wp-content\/uploads\/2023\/04\/unnamed-1-32-2048x1385.jpg 2048w\" sizes=\"auto, (max-width: 1596px) 100vw, 1596px\" \/><\/a><\/p>\n","protected":false},"excerpt":{"rendered":"<p>La Entrada Mora ha llegado a su fin con el desfile de la Fil\u00e0 Mud\u00e9jares, formaci\u00f3n que este a\u00f1o ostenta&#8230;<\/p>\n","protected":false},"author":1,"featured_media":114493,"comment_status":"open","ping_status":"open","sticky":false,"template":"","format":"standard","meta":{"footnotes":""},"categories":[6909,97,78,75,125],"tags":[1494,4331,14635,1987,565,4290,609],"class_list":["post-114483","post","type-post","status-publish","format-standard","has-post-thumbnail","hentry","category-actualidad","category-alcoy","category-fiestaycultura","category-noticias","category-portada","tag-alcoy","tag-alferez-moro","tag-alfonso-caerols","tag-entrada","tag-fiestas","tag-fila-mudejares","tag-moros-y-cristianos"],"yoast_head":"<!-- This site is optimized with the Yoast SEO plugin v27.3 - https:\/\/yoast.com\/product\/yoast-seo-wordpress\/ -->\n<title>El sue\u00f1o del Alf\u00e9rez mud\u00e9jar por regresar a Alcoy desde el exilio - COPE Alcoy<\/title>\n<meta name=\"robots\" content=\"index, follow, max-snippet:-1, max-image-preview:large, max-video-preview:-1\" \/>\n<link rel=\"canonical\" href=\"https:\/\/www.copealcoy.es\/es\/el-sueno-del-alferez-mudejar-por-regresar-a-alcoy-desde-el-exilio\/\" \/>\n<meta property=\"og:locale\" content=\"es_ES\" \/>\n<meta property=\"og:type\" content=\"article\" \/>\n<meta property=\"og:title\" content=\"El sue\u00f1o del Alf\u00e9rez mud\u00e9jar por regresar a Alcoy desde el exilio - COPE Alcoy\" \/>\n<meta property=\"og:description\" content=\"La Entrada Mora ha llegado a su fin con el desfile de la Fil\u00e0 Mud\u00e9jares, formaci\u00f3n que este a\u00f1o ostenta...\" \/>\n<meta property=\"og:url\" content=\"https:\/\/www.copealcoy.es\/es\/el-sueno-del-alferez-mudejar-por-regresar-a-alcoy-desde-el-exilio\/\" \/>\n<meta property=\"og:site_name\" content=\"COPE Alcoy\" \/>\n<meta property=\"article:published_time\" content=\"2023-04-22T19:15:31+00:00\" \/>\n<meta property=\"article:modified_time\" content=\"2023-04-26T19:01:19+00:00\" \/>\n<meta property=\"og:image\" content=\"https:\/\/www.copealcoy.es\/wp-content\/uploads\/2023\/04\/38E0FD50-47D6-451E-94D6-A31CE337B9E9-scaled.jpeg\" \/>\n\t<meta property=\"og:image:width\" content=\"1440\" \/>\n\t<meta property=\"og:image:height\" content=\"1080\" \/>\n\t<meta property=\"og:image:type\" content=\"image\/jpeg\" \/>\n<meta name=\"author\" content=\"Cope Alcoy\" \/>\n<meta name=\"twitter:label1\" content=\"Escrito por\" \/>\n\t<meta name=\"twitter:data1\" content=\"Cope Alcoy\" \/>\n\t<meta name=\"twitter:label2\" content=\"Tiempo de lectura\" \/>\n\t<meta name=\"twitter:data2\" content=\"2 minutos\" \/>\n<script type=\"application\/ld+json\" class=\"yoast-schema-graph\">{\"@context\":\"https:\\\/\\\/schema.org\",\"@graph\":[{\"@type\":\"Article\",\"@id\":\"https:\\\/\\\/www.copealcoy.es\\\/es\\\/el-sueno-del-alferez-mudejar-por-regresar-a-alcoy-desde-el-exilio\\\/#article\",\"isPartOf\":{\"@id\":\"https:\\\/\\\/www.copealcoy.es\\\/es\\\/el-sueno-del-alferez-mudejar-por-regresar-a-alcoy-desde-el-exilio\\\/\"},\"author\":{\"name\":\"Cope Alcoy\",\"@id\":\"https:\\\/\\\/www.copealcoy.es\\\/es\\\/#\\\/schema\\\/person\\\/e777c87fa024e57d40170af9df39882c\"},\"headline\":\"El sue\u00f1o del Alf\u00e9rez mud\u00e9jar por regresar a Alcoy desde el exilio\",\"datePublished\":\"2023-04-22T19:15:31+00:00\",\"dateModified\":\"2023-04-26T19:01:19+00:00\",\"mainEntityOfPage\":{\"@id\":\"https:\\\/\\\/www.copealcoy.es\\\/es\\\/el-sueno-del-alferez-mudejar-por-regresar-a-alcoy-desde-el-exilio\\\/\"},\"wordCount\":370,\"commentCount\":0,\"image\":{\"@id\":\"https:\\\/\\\/www.copealcoy.es\\\/es\\\/el-sueno-del-alferez-mudejar-por-regresar-a-alcoy-desde-el-exilio\\\/#primaryimage\"},\"thumbnailUrl\":\"https:\\\/\\\/www.copealcoy.es\\\/wp-content\\\/uploads\\\/2023\\\/04\\\/38E0FD50-47D6-451E-94D6-A31CE337B9E9-scaled.jpeg\",\"keywords\":[\"Alcoy\",\"Alf\u00e9rez Moro\",\"Alfonso Caerols\",\"Entrada\",\"Fiestas\",\"Fil\u00e0 Mud\u00e9jares\",\"Moros Y Cristianos\"],\"articleSection\":[\"Actualidad\",\"Alcoy\",\"Fiesta y Cultura\",\"Noticias\",\"Portada\"],\"inLanguage\":\"es\"},{\"@type\":\"WebPage\",\"@id\":\"https:\\\/\\\/www.copealcoy.es\\\/es\\\/el-sueno-del-alferez-mudejar-por-regresar-a-alcoy-desde-el-exilio\\\/\",\"url\":\"https:\\\/\\\/www.copealcoy.es\\\/es\\\/el-sueno-del-alferez-mudejar-por-regresar-a-alcoy-desde-el-exilio\\\/\",\"name\":\"El sue\u00f1o del Alf\u00e9rez mud\u00e9jar por regresar a Alcoy desde el exilio - COPE Alcoy\",\"isPartOf\":{\"@id\":\"https:\\\/\\\/www.copealcoy.es\\\/es\\\/#website\"},\"primaryImageOfPage\":{\"@id\":\"https:\\\/\\\/www.copealcoy.es\\\/es\\\/el-sueno-del-alferez-mudejar-por-regresar-a-alcoy-desde-el-exilio\\\/#primaryimage\"},\"image\":{\"@id\":\"https:\\\/\\\/www.copealcoy.es\\\/es\\\/el-sueno-del-alferez-mudejar-por-regresar-a-alcoy-desde-el-exilio\\\/#primaryimage\"},\"thumbnailUrl\":\"https:\\\/\\\/www.copealcoy.es\\\/wp-content\\\/uploads\\\/2023\\\/04\\\/38E0FD50-47D6-451E-94D6-A31CE337B9E9-scaled.jpeg\",\"datePublished\":\"2023-04-22T19:15:31+00:00\",\"dateModified\":\"2023-04-26T19:01:19+00:00\",\"author\":{\"@id\":\"https:\\\/\\\/www.copealcoy.es\\\/es\\\/#\\\/schema\\\/person\\\/e777c87fa024e57d40170af9df39882c\"},\"breadcrumb\":{\"@id\":\"https:\\\/\\\/www.copealcoy.es\\\/es\\\/el-sueno-del-alferez-mudejar-por-regresar-a-alcoy-desde-el-exilio\\\/#breadcrumb\"},\"inLanguage\":\"es\",\"potentialAction\":[{\"@type\":\"ReadAction\",\"target\":[\"https:\\\/\\\/www.copealcoy.es\\\/es\\\/el-sueno-del-alferez-mudejar-por-regresar-a-alcoy-desde-el-exilio\\\/\"]}]},{\"@type\":\"ImageObject\",\"inLanguage\":\"es\",\"@id\":\"https:\\\/\\\/www.copealcoy.es\\\/es\\\/el-sueno-del-alferez-mudejar-por-regresar-a-alcoy-desde-el-exilio\\\/#primaryimage\",\"url\":\"https:\\\/\\\/www.copealcoy.es\\\/wp-content\\\/uploads\\\/2023\\\/04\\\/38E0FD50-47D6-451E-94D6-A31CE337B9E9-scaled.jpeg\",\"contentUrl\":\"https:\\\/\\\/www.copealcoy.es\\\/wp-content\\\/uploads\\\/2023\\\/04\\\/38E0FD50-47D6-451E-94D6-A31CE337B9E9-scaled.jpeg\",\"width\":1440,\"height\":1080},{\"@type\":\"BreadcrumbList\",\"@id\":\"https:\\\/\\\/www.copealcoy.es\\\/es\\\/el-sueno-del-alferez-mudejar-por-regresar-a-alcoy-desde-el-exilio\\\/#breadcrumb\",\"itemListElement\":[{\"@type\":\"ListItem\",\"position\":1,\"name\":\"Portada\",\"item\":\"https:\\\/\\\/www.copealcoy.es\\\/es\\\/\"},{\"@type\":\"ListItem\",\"position\":2,\"name\":\"El sue\u00f1o del Alf\u00e9rez mud\u00e9jar por regresar a Alcoy desde el exilio\"}]},{\"@type\":\"WebSite\",\"@id\":\"https:\\\/\\\/www.copealcoy.es\\\/es\\\/#website\",\"url\":\"https:\\\/\\\/www.copealcoy.es\\\/es\\\/\",\"name\":\"COPE Alcoy\",\"description\":\"Emisora COPE de radio local con emisi\u00f3n online. Pont de Sant Jordi 8-10 03803 Alcoy\",\"potentialAction\":[{\"@type\":\"SearchAction\",\"target\":{\"@type\":\"EntryPoint\",\"urlTemplate\":\"https:\\\/\\\/www.copealcoy.es\\\/es\\\/?s={search_term_string}\"},\"query-input\":{\"@type\":\"PropertyValueSpecification\",\"valueRequired\":true,\"valueName\":\"search_term_string\"}}],\"inLanguage\":\"es\"},{\"@type\":\"Person\",\"@id\":\"https:\\\/\\\/www.copealcoy.es\\\/es\\\/#\\\/schema\\\/person\\\/e777c87fa024e57d40170af9df39882c\",\"name\":\"Cope Alcoy\",\"image\":{\"@type\":\"ImageObject\",\"inLanguage\":\"es\",\"@id\":\"https:\\\/\\\/secure.gravatar.com\\\/avatar\\\/bb65d0283347e303893ba14f0692005417c1e0e690a325a4c5d8bb2b3943ee14?s=96&d=mm&r=g\",\"url\":\"https:\\\/\\\/secure.gravatar.com\\\/avatar\\\/bb65d0283347e303893ba14f0692005417c1e0e690a325a4c5d8bb2b3943ee14?s=96&d=mm&r=g\",\"contentUrl\":\"https:\\\/\\\/secure.gravatar.com\\\/avatar\\\/bb65d0283347e303893ba14f0692005417c1e0e690a325a4c5d8bb2b3943ee14?s=96&d=mm&r=g\",\"caption\":\"Cope Alcoy\"}}]}<\/script>\n<!-- \/ Yoast SEO plugin. -->","yoast_head_json":{"title":"El sue\u00f1o del Alf\u00e9rez mud\u00e9jar por regresar a Alcoy desde el exilio - COPE Alcoy","robots":{"index":"index","follow":"follow","max-snippet":"max-snippet:-1","max-image-preview":"max-image-preview:large","max-video-preview":"max-video-preview:-1"},"canonical":"https:\/\/www.copealcoy.es\/es\/el-sueno-del-alferez-mudejar-por-regresar-a-alcoy-desde-el-exilio\/","og_locale":"es_ES","og_type":"article","og_title":"El sue\u00f1o del Alf\u00e9rez mud\u00e9jar por regresar a Alcoy desde el exilio - COPE Alcoy","og_description":"La Entrada Mora ha llegado a su fin con el desfile de la Fil\u00e0 Mud\u00e9jares, formaci\u00f3n que este a\u00f1o ostenta...","og_url":"https:\/\/www.copealcoy.es\/es\/el-sueno-del-alferez-mudejar-por-regresar-a-alcoy-desde-el-exilio\/","og_site_name":"COPE Alcoy","article_published_time":"2023-04-22T19:15:31+00:00","article_modified_time":"2023-04-26T19:01:19+00:00","og_image":[{"width":1440,"height":1080,"url":"https:\/\/www.copealcoy.es\/wp-content\/uploads\/2023\/04\/38E0FD50-47D6-451E-94D6-A31CE337B9E9-scaled.jpeg","type":"image\/jpeg"}],"author":"Cope Alcoy","twitter_misc":{"Escrito por":"Cope Alcoy","Tiempo de lectura":"2 minutos"},"schema":{"@context":"https:\/\/schema.org","@graph":[{"@type":"Article","@id":"https:\/\/www.copealcoy.es\/es\/el-sueno-del-alferez-mudejar-por-regresar-a-alcoy-desde-el-exilio\/#article","isPartOf":{"@id":"https:\/\/www.copealcoy.es\/es\/el-sueno-del-alferez-mudejar-por-regresar-a-alcoy-desde-el-exilio\/"},"author":{"name":"Cope Alcoy","@id":"https:\/\/www.copealcoy.es\/es\/#\/schema\/person\/e777c87fa024e57d40170af9df39882c"},"headline":"El sue\u00f1o del Alf\u00e9rez mud\u00e9jar por regresar a Alcoy desde el exilio","datePublished":"2023-04-22T19:15:31+00:00","dateModified":"2023-04-26T19:01:19+00:00","mainEntityOfPage":{"@id":"https:\/\/www.copealcoy.es\/es\/el-sueno-del-alferez-mudejar-por-regresar-a-alcoy-desde-el-exilio\/"},"wordCount":370,"commentCount":0,"image":{"@id":"https:\/\/www.copealcoy.es\/es\/el-sueno-del-alferez-mudejar-por-regresar-a-alcoy-desde-el-exilio\/#primaryimage"},"thumbnailUrl":"https:\/\/www.copealcoy.es\/wp-content\/uploads\/2023\/04\/38E0FD50-47D6-451E-94D6-A31CE337B9E9-scaled.jpeg","keywords":["Alcoy","Alf\u00e9rez Moro","Alfonso Caerols","Entrada","Fiestas","Fil\u00e0 Mud\u00e9jares","Moros Y Cristianos"],"articleSection":["Actualidad","Alcoy","Fiesta y Cultura","Noticias","Portada"],"inLanguage":"es"},{"@type":"WebPage","@id":"https:\/\/www.copealcoy.es\/es\/el-sueno-del-alferez-mudejar-por-regresar-a-alcoy-desde-el-exilio\/","url":"https:\/\/www.copealcoy.es\/es\/el-sueno-del-alferez-mudejar-por-regresar-a-alcoy-desde-el-exilio\/","name":"El sue\u00f1o del Alf\u00e9rez mud\u00e9jar por regresar a Alcoy desde el exilio - COPE Alcoy","isPartOf":{"@id":"https:\/\/www.copealcoy.es\/es\/#website"},"primaryImageOfPage":{"@id":"https:\/\/www.copealcoy.es\/es\/el-sueno-del-alferez-mudejar-por-regresar-a-alcoy-desde-el-exilio\/#primaryimage"},"image":{"@id":"https:\/\/www.copealcoy.es\/es\/el-sueno-del-alferez-mudejar-por-regresar-a-alcoy-desde-el-exilio\/#primaryimage"},"thumbnailUrl":"https:\/\/www.copealcoy.es\/wp-content\/uploads\/2023\/04\/38E0FD50-47D6-451E-94D6-A31CE337B9E9-scaled.jpeg","datePublished":"2023-04-22T19:15:31+00:00","dateModified":"2023-04-26T19:01:19+00:00","author":{"@id":"https:\/\/www.copealcoy.es\/es\/#\/schema\/person\/e777c87fa024e57d40170af9df39882c"},"breadcrumb":{"@id":"https:\/\/www.copealcoy.es\/es\/el-sueno-del-alferez-mudejar-por-regresar-a-alcoy-desde-el-exilio\/#breadcrumb"},"inLanguage":"es","potentialAction":[{"@type":"ReadAction","target":["https:\/\/www.copealcoy.es\/es\/el-sueno-del-alferez-mudejar-por-regresar-a-alcoy-desde-el-exilio\/"]}]},{"@type":"ImageObject","inLanguage":"es","@id":"https:\/\/www.copealcoy.es\/es\/el-sueno-del-alferez-mudejar-por-regresar-a-alcoy-desde-el-exilio\/#primaryimage","url":"https:\/\/www.copealcoy.es\/wp-content\/uploads\/2023\/04\/38E0FD50-47D6-451E-94D6-A31CE337B9E9-scaled.jpeg","contentUrl":"https:\/\/www.copealcoy.es\/wp-content\/uploads\/2023\/04\/38E0FD50-47D6-451E-94D6-A31CE337B9E9-scaled.jpeg","width":1440,"height":1080},{"@type":"BreadcrumbList","@id":"https:\/\/www.copealcoy.es\/es\/el-sueno-del-alferez-mudejar-por-regresar-a-alcoy-desde-el-exilio\/#breadcrumb","itemListElement":[{"@type":"ListItem","position":1,"name":"Portada","item":"https:\/\/www.copealcoy.es\/es\/"},{"@type":"ListItem","position":2,"name":"El sue\u00f1o del Alf\u00e9rez mud\u00e9jar por regresar a Alcoy desde el exilio"}]},{"@type":"WebSite","@id":"https:\/\/www.copealcoy.es\/es\/#website","url":"https:\/\/www.copealcoy.es\/es\/","name":"COPE Alcoy","description":"Emisora COPE de radio local con emisi\u00f3n online. Pont de Sant Jordi 8-10 03803 Alcoy","potentialAction":[{"@type":"SearchAction","target":{"@type":"EntryPoint","urlTemplate":"https:\/\/www.copealcoy.es\/es\/?s={search_term_string}"},"query-input":{"@type":"PropertyValueSpecification","valueRequired":true,"valueName":"search_term_string"}}],"inLanguage":"es"},{"@type":"Person","@id":"https:\/\/www.copealcoy.es\/es\/#\/schema\/person\/e777c87fa024e57d40170af9df39882c","name":"Cope Alcoy","image":{"@type":"ImageObject","inLanguage":"es","@id":"https:\/\/secure.gravatar.com\/avatar\/bb65d0283347e303893ba14f0692005417c1e0e690a325a4c5d8bb2b3943ee14?s=96&d=mm&r=g","url":"https:\/\/secure.gravatar.com\/avatar\/bb65d0283347e303893ba14f0692005417c1e0e690a325a4c5d8bb2b3943ee14?s=96&d=mm&r=g","contentUrl":"https:\/\/secure.gravatar.com\/avatar\/bb65d0283347e303893ba14f0692005417c1e0e690a325a4c5d8bb2b3943ee14?s=96&d=mm&r=g","caption":"Cope Alcoy"}}]}},"_links":{"self":[{"href":"https:\/\/www.copealcoy.es\/es\/wp-json\/wp\/v2\/posts\/114483","targetHints":{"allow":["GET"]}}],"collection":[{"href":"https:\/\/www.copealcoy.es\/es\/wp-json\/wp\/v2\/posts"}],"about":[{"href":"https:\/\/www.copealcoy.es\/es\/wp-json\/wp\/v2\/types\/post"}],"author":[{"embeddable":true,"href":"https:\/\/www.copealcoy.es\/es\/wp-json\/wp\/v2\/users\/1"}],"replies":[{"embeddable":true,"href":"https:\/\/www.copealcoy.es\/es\/wp-json\/wp\/v2\/comments?post=114483"}],"version-history":[{"count":0,"href":"https:\/\/www.copealcoy.es\/es\/wp-json\/wp\/v2\/posts\/114483\/revisions"}],"wp:featuredmedia":[{"embeddable":true,"href":"https:\/\/www.copealcoy.es\/es\/wp-json\/wp\/v2\/media\/114493"}],"wp:attachment":[{"href":"https:\/\/www.copealcoy.es\/es\/wp-json\/wp\/v2\/media?parent=114483"}],"wp:term":[{"taxonomy":"category","embeddable":true,"href":"https:\/\/www.copealcoy.es\/es\/wp-json\/wp\/v2\/categories?post=114483"},{"taxonomy":"post_tag","embeddable":true,"href":"https:\/\/www.copealcoy.es\/es\/wp-json\/wp\/v2\/tags?post=114483"}],"curies":[{"name":"wp","href":"https:\/\/api.w.org\/{rel}","templated":true}]}}