{"id":114451,"date":"2023-04-22T10:17:19","date_gmt":"2023-04-22T09:17:19","guid":{"rendered":"https:\/\/www.copealcoy.es\/?p=114451"},"modified":"2023-09-02T18:24:10","modified_gmt":"2023-09-02T17:24:10","slug":"avant-lentra-de-cristians-2023","status":"publish","type":"post","link":"https:\/\/www.copealcoy.es\/es\/avant-lentra-de-cristians-2023\/","title":{"rendered":"Avant l\u2019Entr\u00e0 de Cristians 2023!"},"content":{"rendered":"<p style=\"text-align: justify;\">Alcoy vive en este s\u00e1bado 22 de abril <strong>uno de los d\u00edas m\u00e1s esperados dentro de sus Fiestas de Moros y Cristianos<\/strong> en honor a San Jorge. Las <strong>Entradas de los bandos de la cruz y de la media luna <\/strong>concentran todo el protagonismo en <strong>una jornada intensa<\/strong> que <strong>espera una participaci\u00f3n de m\u00e1s de 15.000 personas<\/strong> entre los dos desfiles.<\/p>\n<p style=\"text-align: justify;\">La <strong>Entrada Cristiana<\/strong> acaba de comenzar y lo ha hecho puntual, <strong>poco antes de las diez y media de la ma\u00f1ana<\/strong>, desde lo alto del Partidor. All\u00ed en la zona alta de la ciudad, ante numerosos espectadores, <strong>se ha dado la m\u00e1gica orden de <em>Avant l\u2019Entr\u00e0<\/em><\/strong> por parte de directivos de la Asociaci\u00f3n de San Jorge:<\/p>\n<audio class=\"wp-audio-shortcode\" id=\"audio-114451-1\" preload=\"none\" style=\"width: 100%;\" controls=\"controls\"><source type=\"audio\/mpeg\" src=\"https:\/\/www.copealcoy.es\/wp-content\/uploads\/2023\/04\/Audio-Avant-Entrada-Cristiana.mp3?_=1\" \/><a href=\"https:\/\/www.copealcoy.es\/wp-content\/uploads\/2023\/04\/Audio-Avant-Entrada-Cristiana.mp3\">https:\/\/www.copealcoy.es\/wp-content\/uploads\/2023\/04\/Audio-Avant-Entrada-Cristiana.mp3<\/a><\/audio>\n<p>&nbsp;<\/p>\n<p style=\"text-align: justify;\">A partir de aqu\u00ed <strong>se va a suceder un d\u00eda repleto de emociones en el que la imaginaci\u00f3n ser\u00e1 parte esencial de un desfile que se reinventa a\u00f1o tras a\u00f1o sin perder ning\u00fan brillo<\/strong>. El ingenio, la participaci\u00f3n y la capacidad de superaci\u00f3n del mundo festero alcoyano <strong>contribuir\u00e1n a brindar a los asistentes una fabulosa puesta en escena<\/strong> que seguro no decepcionar\u00e1 a los espectadores. Dentro de las Entradas, <strong>hay cuatro Filaes<\/strong> en las que recaer\u00e1 una especial atenci\u00f3n como lo son las que desempe\u00f1an los principales cargos que simbolizar\u00e1n la batalla entre los ej\u00e9rcitos de Jaume I y de Al-Azraq en el a\u00f1o 1276.<\/p>\n<p style=\"text-align: justify;\">Hay que recordar que los cristianos est\u00e1n encabezados por su Capit\u00e1n, <strong>Jes\u00fas Mullor<\/strong> y su Fil\u00e0 Cruzados. Por otro, la Capitan\u00eda Mora de la Fil\u00e0 Ligeros recae sobre <strong>Salvador Mic\u00f3<\/strong>, el cual se reencarnar\u00e1 durante tres d\u00edas como el caudillo musulm\u00e1n. El Alf\u00e9rez Cristiano de la Fil\u00e0 Alcodianos, <strong>Miquel Jord\u00e1<\/strong>, y el Alf\u00e9rez Moro de la \u00a0<strong>Fil\u00e0 Mud\u00e9jares<\/strong>, Alfonso Caerols; completan los cargos festeros de este a\u00f1o. Junto a ellos tambi\u00e9n destacan <strong>Omar Casta\u00f1er<\/strong>, que desempe\u00f1a el papel de Moss\u00e9n Torregrossa, y la figura de Sant Jordiet encarnado por el ni\u00f1o <strong>Nicol\u00e1s S\u00e1nchez Linares<\/strong>, de la Fil\u00e0 Andaluces.<\/p>\n<p style=\"text-align: justify;\">Apuntar que <strong>una amplia representaci\u00f3n institucional<\/strong>, encabezada por la Ministra Diana Morant y el Presidente de la Generalitat, Ximo Puig; estar\u00e1 presente en las Entradas de ambos bandos tanto por la ma\u00f1ana como por la tarde. En copealcoy.es podr\u00e1s seguir las cr\u00f3nicas y toda la informaci\u00f3n de la jornada.<\/p>\n","protected":false},"excerpt":{"rendered":"<p>Alcoy vive en este s\u00e1bado 22 de abril uno de los d\u00edas m\u00e1s esperados dentro de sus Fiestas de Moros&#8230;<\/p>\n","protected":false},"author":1,"featured_media":114456,"comment_status":"open","ping_status":"open","sticky":false,"template":"","format":"standard","meta":{"footnotes":""},"categories":[6909,97,78,75,125],"tags":[15472,1494,1987,4551],"class_list":["post-114451","post","type-post","status-publish","format-standard","has-post-thumbnail","hentry","category-actualidad","category-alcoy","category-fiestaycultura","category-noticias","category-portada","tag-22-de-abril","tag-alcoy","tag-entrada","tag-tropas-cristianas"],"yoast_head":"<!-- This site is optimized with the Yoast SEO plugin v27.3 - https:\/\/yoast.com\/product\/yoast-seo-wordpress\/ -->\n<title>Avant l\u2019Entr\u00e0 de Cristians 2023! - COPE Alcoy<\/title>\n<meta name=\"description\" content=\"Alcoy vive en este s\u00e1bado 22 de abril uno de los d\u00edas m\u00e1s esperados dentro de sus Fiestas de Moros y Cristianos en honor a San Jorge, las Entradas\" \/>\n<meta name=\"robots\" content=\"index, follow, max-snippet:-1, max-image-preview:large, max-video-preview:-1\" \/>\n<link rel=\"canonical\" href=\"https:\/\/www.copealcoy.es\/es\/avant-lentra-de-cristians-2023\/\" \/>\n<meta property=\"og:locale\" content=\"es_ES\" \/>\n<meta property=\"og:type\" content=\"article\" \/>\n<meta property=\"og:title\" content=\"Avant l\u2019Entr\u00e0 de Cristians 2023! - COPE Alcoy\" \/>\n<meta property=\"og:description\" content=\"Alcoy vive en este s\u00e1bado 22 de abril uno de los d\u00edas m\u00e1s esperados dentro de sus Fiestas de Moros y Cristianos en honor a San Jorge, las Entradas\" \/>\n<meta property=\"og:url\" content=\"https:\/\/www.copealcoy.es\/es\/avant-lentra-de-cristians-2023\/\" \/>\n<meta property=\"og:site_name\" content=\"COPE Alcoy\" \/>\n<meta property=\"article:published_time\" content=\"2023-04-22T09:17:19+00:00\" \/>\n<meta property=\"article:modified_time\" content=\"2023-09-02T17:24:10+00:00\" \/>\n<meta property=\"og:image\" content=\"https:\/\/www.copealcoy.es\/wp-content\/uploads\/2023\/04\/5AB8EB71-FA61-457E-A430-AD5C04546C39-scaled.jpeg\" \/>\n\t<meta property=\"og:image:width\" content=\"1920\" \/>\n\t<meta property=\"og:image:height\" content=\"1440\" \/>\n\t<meta property=\"og:image:type\" content=\"image\/jpeg\" \/>\n<meta name=\"author\" content=\"Cope Alcoy\" \/>\n<meta name=\"twitter:label1\" content=\"Escrito por\" \/>\n\t<meta name=\"twitter:data1\" content=\"Cope Alcoy\" \/>\n\t<meta name=\"twitter:label2\" content=\"Tiempo de lectura\" \/>\n\t<meta name=\"twitter:data2\" content=\"3 minutos\" \/>\n<script type=\"application\/ld+json\" class=\"yoast-schema-graph\">{\"@context\":\"https:\\\/\\\/schema.org\",\"@graph\":[{\"@type\":\"Article\",\"@id\":\"https:\\\/\\\/www.copealcoy.es\\\/es\\\/avant-lentra-de-cristians-2023\\\/#article\",\"isPartOf\":{\"@id\":\"https:\\\/\\\/www.copealcoy.es\\\/es\\\/avant-lentra-de-cristians-2023\\\/\"},\"author\":{\"name\":\"Cope Alcoy\",\"@id\":\"https:\\\/\\\/www.copealcoy.es\\\/es\\\/#\\\/schema\\\/person\\\/e777c87fa024e57d40170af9df39882c\"},\"headline\":\"Avant l\u2019Entr\u00e0 de Cristians 2023!\",\"datePublished\":\"2023-04-22T09:17:19+00:00\",\"dateModified\":\"2023-09-02T17:24:10+00:00\",\"mainEntityOfPage\":{\"@id\":\"https:\\\/\\\/www.copealcoy.es\\\/es\\\/avant-lentra-de-cristians-2023\\\/\"},\"wordCount\":428,\"commentCount\":0,\"image\":{\"@id\":\"https:\\\/\\\/www.copealcoy.es\\\/es\\\/avant-lentra-de-cristians-2023\\\/#primaryimage\"},\"thumbnailUrl\":\"https:\\\/\\\/www.copealcoy.es\\\/wp-content\\\/uploads\\\/2023\\\/04\\\/5AB8EB71-FA61-457E-A430-AD5C04546C39-scaled.jpeg\",\"keywords\":[\"22 de abril\",\"Alcoy\",\"Entrada\",\"tropas cristianas\"],\"articleSection\":[\"Actualidad\",\"Alcoy\",\"Fiesta y Cultura\",\"Noticias\",\"Portada\"],\"inLanguage\":\"es\"},{\"@type\":\"WebPage\",\"@id\":\"https:\\\/\\\/www.copealcoy.es\\\/es\\\/avant-lentra-de-cristians-2023\\\/\",\"url\":\"https:\\\/\\\/www.copealcoy.es\\\/es\\\/avant-lentra-de-cristians-2023\\\/\",\"name\":\"Avant l\u2019Entr\u00e0 de Cristians 2023! - COPE Alcoy\",\"isPartOf\":{\"@id\":\"https:\\\/\\\/www.copealcoy.es\\\/es\\\/#website\"},\"primaryImageOfPage\":{\"@id\":\"https:\\\/\\\/www.copealcoy.es\\\/es\\\/avant-lentra-de-cristians-2023\\\/#primaryimage\"},\"image\":{\"@id\":\"https:\\\/\\\/www.copealcoy.es\\\/es\\\/avant-lentra-de-cristians-2023\\\/#primaryimage\"},\"thumbnailUrl\":\"https:\\\/\\\/www.copealcoy.es\\\/wp-content\\\/uploads\\\/2023\\\/04\\\/5AB8EB71-FA61-457E-A430-AD5C04546C39-scaled.jpeg\",\"datePublished\":\"2023-04-22T09:17:19+00:00\",\"dateModified\":\"2023-09-02T17:24:10+00:00\",\"author\":{\"@id\":\"https:\\\/\\\/www.copealcoy.es\\\/es\\\/#\\\/schema\\\/person\\\/e777c87fa024e57d40170af9df39882c\"},\"description\":\"Alcoy vive en este s\u00e1bado 22 de abril uno de los d\u00edas m\u00e1s esperados dentro de sus Fiestas de Moros y Cristianos en honor a San Jorge, las Entradas\",\"breadcrumb\":{\"@id\":\"https:\\\/\\\/www.copealcoy.es\\\/es\\\/avant-lentra-de-cristians-2023\\\/#breadcrumb\"},\"inLanguage\":\"es\",\"potentialAction\":[{\"@type\":\"ReadAction\",\"target\":[\"https:\\\/\\\/www.copealcoy.es\\\/es\\\/avant-lentra-de-cristians-2023\\\/\"]}]},{\"@type\":\"ImageObject\",\"inLanguage\":\"es\",\"@id\":\"https:\\\/\\\/www.copealcoy.es\\\/es\\\/avant-lentra-de-cristians-2023\\\/#primaryimage\",\"url\":\"https:\\\/\\\/www.copealcoy.es\\\/wp-content\\\/uploads\\\/2023\\\/04\\\/5AB8EB71-FA61-457E-A430-AD5C04546C39-scaled.jpeg\",\"contentUrl\":\"https:\\\/\\\/www.copealcoy.es\\\/wp-content\\\/uploads\\\/2023\\\/04\\\/5AB8EB71-FA61-457E-A430-AD5C04546C39-scaled.jpeg\",\"width\":1920,\"height\":1440},{\"@type\":\"BreadcrumbList\",\"@id\":\"https:\\\/\\\/www.copealcoy.es\\\/es\\\/avant-lentra-de-cristians-2023\\\/#breadcrumb\",\"itemListElement\":[{\"@type\":\"ListItem\",\"position\":1,\"name\":\"Portada\",\"item\":\"https:\\\/\\\/www.copealcoy.es\\\/es\\\/\"},{\"@type\":\"ListItem\",\"position\":2,\"name\":\"Avant l\u2019Entr\u00e0 de Cristians 2023!\"}]},{\"@type\":\"WebSite\",\"@id\":\"https:\\\/\\\/www.copealcoy.es\\\/es\\\/#website\",\"url\":\"https:\\\/\\\/www.copealcoy.es\\\/es\\\/\",\"name\":\"COPE Alcoy\",\"description\":\"Emisora COPE de radio local con emisi\u00f3n online. Pont de Sant Jordi 8-10 03803 Alcoy\",\"potentialAction\":[{\"@type\":\"SearchAction\",\"target\":{\"@type\":\"EntryPoint\",\"urlTemplate\":\"https:\\\/\\\/www.copealcoy.es\\\/es\\\/?s={search_term_string}\"},\"query-input\":{\"@type\":\"PropertyValueSpecification\",\"valueRequired\":true,\"valueName\":\"search_term_string\"}}],\"inLanguage\":\"es\"},{\"@type\":\"Person\",\"@id\":\"https:\\\/\\\/www.copealcoy.es\\\/es\\\/#\\\/schema\\\/person\\\/e777c87fa024e57d40170af9df39882c\",\"name\":\"Cope Alcoy\",\"image\":{\"@type\":\"ImageObject\",\"inLanguage\":\"es\",\"@id\":\"https:\\\/\\\/secure.gravatar.com\\\/avatar\\\/bb65d0283347e303893ba14f0692005417c1e0e690a325a4c5d8bb2b3943ee14?s=96&d=mm&r=g\",\"url\":\"https:\\\/\\\/secure.gravatar.com\\\/avatar\\\/bb65d0283347e303893ba14f0692005417c1e0e690a325a4c5d8bb2b3943ee14?s=96&d=mm&r=g\",\"contentUrl\":\"https:\\\/\\\/secure.gravatar.com\\\/avatar\\\/bb65d0283347e303893ba14f0692005417c1e0e690a325a4c5d8bb2b3943ee14?s=96&d=mm&r=g\",\"caption\":\"Cope Alcoy\"}}]}<\/script>\n<!-- \/ Yoast SEO plugin. -->","yoast_head_json":{"title":"Avant l\u2019Entr\u00e0 de Cristians 2023! - COPE Alcoy","description":"Alcoy vive en este s\u00e1bado 22 de abril uno de los d\u00edas m\u00e1s esperados dentro de sus Fiestas de Moros y Cristianos en honor a San Jorge, las Entradas","robots":{"index":"index","follow":"follow","max-snippet":"max-snippet:-1","max-image-preview":"max-image-preview:large","max-video-preview":"max-video-preview:-1"},"canonical":"https:\/\/www.copealcoy.es\/es\/avant-lentra-de-cristians-2023\/","og_locale":"es_ES","og_type":"article","og_title":"Avant l\u2019Entr\u00e0 de Cristians 2023! - COPE Alcoy","og_description":"Alcoy vive en este s\u00e1bado 22 de abril uno de los d\u00edas m\u00e1s esperados dentro de sus Fiestas de Moros y Cristianos en honor a San Jorge, las Entradas","og_url":"https:\/\/www.copealcoy.es\/es\/avant-lentra-de-cristians-2023\/","og_site_name":"COPE Alcoy","article_published_time":"2023-04-22T09:17:19+00:00","article_modified_time":"2023-09-02T17:24:10+00:00","og_image":[{"width":1920,"height":1440,"url":"https:\/\/www.copealcoy.es\/wp-content\/uploads\/2023\/04\/5AB8EB71-FA61-457E-A430-AD5C04546C39-scaled.jpeg","type":"image\/jpeg"}],"author":"Cope Alcoy","twitter_misc":{"Escrito por":"Cope Alcoy","Tiempo de lectura":"3 minutos"},"schema":{"@context":"https:\/\/schema.org","@graph":[{"@type":"Article","@id":"https:\/\/www.copealcoy.es\/es\/avant-lentra-de-cristians-2023\/#article","isPartOf":{"@id":"https:\/\/www.copealcoy.es\/es\/avant-lentra-de-cristians-2023\/"},"author":{"name":"Cope Alcoy","@id":"https:\/\/www.copealcoy.es\/es\/#\/schema\/person\/e777c87fa024e57d40170af9df39882c"},"headline":"Avant l\u2019Entr\u00e0 de Cristians 2023!","datePublished":"2023-04-22T09:17:19+00:00","dateModified":"2023-09-02T17:24:10+00:00","mainEntityOfPage":{"@id":"https:\/\/www.copealcoy.es\/es\/avant-lentra-de-cristians-2023\/"},"wordCount":428,"commentCount":0,"image":{"@id":"https:\/\/www.copealcoy.es\/es\/avant-lentra-de-cristians-2023\/#primaryimage"},"thumbnailUrl":"https:\/\/www.copealcoy.es\/wp-content\/uploads\/2023\/04\/5AB8EB71-FA61-457E-A430-AD5C04546C39-scaled.jpeg","keywords":["22 de abril","Alcoy","Entrada","tropas cristianas"],"articleSection":["Actualidad","Alcoy","Fiesta y Cultura","Noticias","Portada"],"inLanguage":"es"},{"@type":"WebPage","@id":"https:\/\/www.copealcoy.es\/es\/avant-lentra-de-cristians-2023\/","url":"https:\/\/www.copealcoy.es\/es\/avant-lentra-de-cristians-2023\/","name":"Avant l\u2019Entr\u00e0 de Cristians 2023! - COPE Alcoy","isPartOf":{"@id":"https:\/\/www.copealcoy.es\/es\/#website"},"primaryImageOfPage":{"@id":"https:\/\/www.copealcoy.es\/es\/avant-lentra-de-cristians-2023\/#primaryimage"},"image":{"@id":"https:\/\/www.copealcoy.es\/es\/avant-lentra-de-cristians-2023\/#primaryimage"},"thumbnailUrl":"https:\/\/www.copealcoy.es\/wp-content\/uploads\/2023\/04\/5AB8EB71-FA61-457E-A430-AD5C04546C39-scaled.jpeg","datePublished":"2023-04-22T09:17:19+00:00","dateModified":"2023-09-02T17:24:10+00:00","author":{"@id":"https:\/\/www.copealcoy.es\/es\/#\/schema\/person\/e777c87fa024e57d40170af9df39882c"},"description":"Alcoy vive en este s\u00e1bado 22 de abril uno de los d\u00edas m\u00e1s esperados dentro de sus Fiestas de Moros y Cristianos en honor a San Jorge, las Entradas","breadcrumb":{"@id":"https:\/\/www.copealcoy.es\/es\/avant-lentra-de-cristians-2023\/#breadcrumb"},"inLanguage":"es","potentialAction":[{"@type":"ReadAction","target":["https:\/\/www.copealcoy.es\/es\/avant-lentra-de-cristians-2023\/"]}]},{"@type":"ImageObject","inLanguage":"es","@id":"https:\/\/www.copealcoy.es\/es\/avant-lentra-de-cristians-2023\/#primaryimage","url":"https:\/\/www.copealcoy.es\/wp-content\/uploads\/2023\/04\/5AB8EB71-FA61-457E-A430-AD5C04546C39-scaled.jpeg","contentUrl":"https:\/\/www.copealcoy.es\/wp-content\/uploads\/2023\/04\/5AB8EB71-FA61-457E-A430-AD5C04546C39-scaled.jpeg","width":1920,"height":1440},{"@type":"BreadcrumbList","@id":"https:\/\/www.copealcoy.es\/es\/avant-lentra-de-cristians-2023\/#breadcrumb","itemListElement":[{"@type":"ListItem","position":1,"name":"Portada","item":"https:\/\/www.copealcoy.es\/es\/"},{"@type":"ListItem","position":2,"name":"Avant l\u2019Entr\u00e0 de Cristians 2023!"}]},{"@type":"WebSite","@id":"https:\/\/www.copealcoy.es\/es\/#website","url":"https:\/\/www.copealcoy.es\/es\/","name":"COPE Alcoy","description":"Emisora COPE de radio local con emisi\u00f3n online. Pont de Sant Jordi 8-10 03803 Alcoy","potentialAction":[{"@type":"SearchAction","target":{"@type":"EntryPoint","urlTemplate":"https:\/\/www.copealcoy.es\/es\/?s={search_term_string}"},"query-input":{"@type":"PropertyValueSpecification","valueRequired":true,"valueName":"search_term_string"}}],"inLanguage":"es"},{"@type":"Person","@id":"https:\/\/www.copealcoy.es\/es\/#\/schema\/person\/e777c87fa024e57d40170af9df39882c","name":"Cope Alcoy","image":{"@type":"ImageObject","inLanguage":"es","@id":"https:\/\/secure.gravatar.com\/avatar\/bb65d0283347e303893ba14f0692005417c1e0e690a325a4c5d8bb2b3943ee14?s=96&d=mm&r=g","url":"https:\/\/secure.gravatar.com\/avatar\/bb65d0283347e303893ba14f0692005417c1e0e690a325a4c5d8bb2b3943ee14?s=96&d=mm&r=g","contentUrl":"https:\/\/secure.gravatar.com\/avatar\/bb65d0283347e303893ba14f0692005417c1e0e690a325a4c5d8bb2b3943ee14?s=96&d=mm&r=g","caption":"Cope Alcoy"}}]}},"_links":{"self":[{"href":"https:\/\/www.copealcoy.es\/es\/wp-json\/wp\/v2\/posts\/114451","targetHints":{"allow":["GET"]}}],"collection":[{"href":"https:\/\/www.copealcoy.es\/es\/wp-json\/wp\/v2\/posts"}],"about":[{"href":"https:\/\/www.copealcoy.es\/es\/wp-json\/wp\/v2\/types\/post"}],"author":[{"embeddable":true,"href":"https:\/\/www.copealcoy.es\/es\/wp-json\/wp\/v2\/users\/1"}],"replies":[{"embeddable":true,"href":"https:\/\/www.copealcoy.es\/es\/wp-json\/wp\/v2\/comments?post=114451"}],"version-history":[{"count":0,"href":"https:\/\/www.copealcoy.es\/es\/wp-json\/wp\/v2\/posts\/114451\/revisions"}],"wp:featuredmedia":[{"embeddable":true,"href":"https:\/\/www.copealcoy.es\/es\/wp-json\/wp\/v2\/media\/114456"}],"wp:attachment":[{"href":"https:\/\/www.copealcoy.es\/es\/wp-json\/wp\/v2\/media?parent=114451"}],"wp:term":[{"taxonomy":"category","embeddable":true,"href":"https:\/\/www.copealcoy.es\/es\/wp-json\/wp\/v2\/categories?post=114451"},{"taxonomy":"post_tag","embeddable":true,"href":"https:\/\/www.copealcoy.es\/es\/wp-json\/wp\/v2\/tags?post=114451"}],"curies":[{"name":"wp","href":"https:\/\/api.w.org\/{rel}","templated":true}]}}