{"id":114447,"date":"2023-04-22T10:46:58","date_gmt":"2023-04-22T09:46:58","guid":{"rendered":"https:\/\/www.copealcoy.es\/?p=114447"},"modified":"2023-04-28T21:52:30","modified_gmt":"2023-04-28T20:52:30","slug":"una-evocacion-de-las-cruzadas-en-la-entrada-del-capitan-a-la-villa-de-alcoy","status":"publish","type":"post","link":"https:\/\/www.copealcoy.es\/es\/una-evocacion-de-las-cruzadas-en-la-entrada-del-capitan-a-la-villa-de-alcoy\/","title":{"rendered":"Una evocaci\u00f3n de las cruzadas en la entrada del Capit\u00e1n a la Villa de Alcoy"},"content":{"rendered":"<p style=\"text-align: justify;\">Minutos antes de las diez de la ma\u00f1ana <strong>ha dado inicio la Entrada Cristiana desde El Partidor <\/strong>despu\u00e9s de la m\u00edtica orden de <em>Avant l\u2019Entr\u00e0 de Cristians <\/em>que han lanzado directivos de la Asociaci\u00f3n de San Jorge desde el m\u00edtico balconet. Desde all\u00ed <strong>ha comenzado a descender el boato del Capit\u00e1n<\/strong>, cargo que en este 2023 hace posible la Fil\u00e0 Cruzados.<\/p>\n<p style=\"text-align: justify;\">Esta formaci\u00f3n <strong>ha ideado un acompa\u00f1amiento basado en el homenaje a los cruzados an\u00f3nimos que salieron de sus casas para defender Tierra Santa y Tomar Jerusal\u00e9n<\/strong>. El Capit\u00e1n Cristiano, <strong>Jes\u00fas Mullor Masanet<\/strong>, representa a la figura de Godofredo de Bouill\u00f3n y junto a \u00e9l destaca <strong>un acompa\u00f1amiento medieval en el que no faltan templarios, monjes, representaci\u00f3n de gremios, las damas, los caballeros y los guardianes que arropan al m\u00e1ximo representante de las tropas de la cruz<\/strong>. Precisamente los oficios antiguos son ensalzados en <strong>una original coreograf\u00eda del Ballet Gawazi <\/strong>mientras que <strong>Mapi Le\u00f3n<\/strong> ha sorprendido al p\u00fablico con una escenificaci\u00f3n basada en las vidrieras. <strong>Santi Carbonell y V\u00edctor Ferrer<\/strong> han ideado el traje del Capit\u00e1n, un dise\u00f1o guerrero y elegante que ha despertado gran admiraci\u00f3n entre el p\u00fablico.<\/p>\n<p style=\"text-align: justify;\">A Jes\u00fas Mullor lo acompa\u00f1a <strong>la Senyora d\u2019Alcoi<\/strong>, papel que asume su esposa <strong>Cesi Pi\u00f1ero<\/strong>, mientras que la hija de ambos, <strong>Irene Mullor Pi\u00f1ero<\/strong>, es quien representa a la Dama del Capit\u00e1n. La <strong>Uni\u00f3n Musical Contestana<\/strong> es quien acompa\u00f1a a <em>Machac <\/em>interpretando la composici\u00f3n <em>Crucis Petra <\/em>de Francisco Valor Llorens. Por \u00faltimo, <strong>la imponente escuadra especial<\/strong>, creada tambi\u00e9n por <strong>Santi Carbonell y Victor Ferrer<\/strong>, culmina un espectacular boato mientras <strong>la Societat Musical Nova d\u2019Alcoi<\/strong> interpreta <em>Llebeig <\/em>de Sa\u00fcl G\u00f3mez i Soler.<\/p>\n<p><a href=\"https:\/\/www.copealcoy.es\/wp-content\/uploads\/2023\/04\/unnamed-1-4-6-scaled.jpg\"><img loading=\"lazy\" decoding=\"async\" class=\"alignnone size-full wp-image-114742\" src=\"https:\/\/www.copealcoy.es\/wp-content\/uploads\/2023\/04\/unnamed-1-4-6-scaled.jpg\" alt=\"\" width=\"1610\" height=\"1080\" srcset=\"https:\/\/www.copealcoy.es\/wp-content\/uploads\/2023\/04\/unnamed-1-4-6-scaled.jpg 1610w, https:\/\/www.copealcoy.es\/wp-content\/uploads\/2023\/04\/unnamed-1-4-6-768x515.jpg 768w, https:\/\/www.copealcoy.es\/wp-content\/uploads\/2023\/04\/unnamed-1-4-6-1536x1030.jpg 1536w, https:\/\/www.copealcoy.es\/wp-content\/uploads\/2023\/04\/unnamed-1-4-6-2048x1374.jpg 2048w, https:\/\/www.copealcoy.es\/wp-content\/uploads\/2023\/04\/unnamed-1-4-6-300x200.jpg 300w\" sizes=\"auto, (max-width: 1610px) 100vw, 1610px\" \/><\/a><\/p>\n","protected":false},"excerpt":{"rendered":"<p>Minutos antes de las diez de la ma\u00f1ana ha dado inicio la Entrada Cristiana desde El Partidor despu\u00e9s de la&#8230;<\/p>\n","protected":false},"author":1,"featured_media":114458,"comment_status":"open","ping_status":"open","sticky":false,"template":"","format":"standard","meta":{"footnotes":""},"categories":[6909,97,78,75,125],"tags":[1494,14616,1987,565,14617,14615,609],"class_list":["post-114447","post","type-post","status-publish","format-standard","has-post-thumbnail","hentry","category-actualidad","category-alcoy","category-fiestaycultura","category-noticias","category-portada","tag-alcoy","tag-captian-cristiano","tag-entrada","tag-fiestas","tag-fila-cuzados","tag-jesus-mullor-masanet","tag-moros-y-cristianos"],"yoast_head":"<!-- This site is optimized with the Yoast SEO plugin v27.3 - https:\/\/yoast.com\/product\/yoast-seo-wordpress\/ -->\n<title>Una evocaci\u00f3n de las cruzadas en la entrada del Capit\u00e1n a la Villa de Alcoy - COPE Alcoy<\/title>\n<meta name=\"robots\" content=\"index, follow, max-snippet:-1, max-image-preview:large, max-video-preview:-1\" \/>\n<link rel=\"canonical\" href=\"https:\/\/www.copealcoy.es\/es\/una-evocacion-de-las-cruzadas-en-la-entrada-del-capitan-a-la-villa-de-alcoy\/\" \/>\n<meta property=\"og:locale\" content=\"es_ES\" \/>\n<meta property=\"og:type\" content=\"article\" \/>\n<meta property=\"og:title\" content=\"Una evocaci\u00f3n de las cruzadas en la entrada del Capit\u00e1n a la Villa de Alcoy - COPE Alcoy\" \/>\n<meta property=\"og:description\" content=\"Minutos antes de las diez de la ma\u00f1ana ha dado inicio la Entrada Cristiana desde El Partidor despu\u00e9s de la...\" \/>\n<meta property=\"og:url\" content=\"https:\/\/www.copealcoy.es\/es\/una-evocacion-de-las-cruzadas-en-la-entrada-del-capitan-a-la-villa-de-alcoy\/\" \/>\n<meta property=\"og:site_name\" content=\"COPE Alcoy\" \/>\n<meta property=\"article:published_time\" content=\"2023-04-22T09:46:58+00:00\" \/>\n<meta property=\"article:modified_time\" content=\"2023-04-28T20:52:30+00:00\" \/>\n<meta property=\"og:image\" content=\"https:\/\/www.copealcoy.es\/wp-content\/uploads\/2023\/04\/94962378-8E7B-41A0-BBED-14D83D73D8A6-scaled.jpeg\" \/>\n\t<meta property=\"og:image:width\" content=\"1440\" \/>\n\t<meta property=\"og:image:height\" content=\"1080\" \/>\n\t<meta property=\"og:image:type\" content=\"image\/jpeg\" \/>\n<meta name=\"author\" content=\"Cope Alcoy\" \/>\n<meta name=\"twitter:label1\" content=\"Escrito por\" \/>\n\t<meta name=\"twitter:data1\" content=\"Cope Alcoy\" \/>\n\t<meta name=\"twitter:label2\" content=\"Tiempo de lectura\" \/>\n\t<meta name=\"twitter:data2\" content=\"2 minutos\" \/>\n<script type=\"application\/ld+json\" class=\"yoast-schema-graph\">{\"@context\":\"https:\\\/\\\/schema.org\",\"@graph\":[{\"@type\":\"Article\",\"@id\":\"https:\\\/\\\/www.copealcoy.es\\\/es\\\/una-evocacion-de-las-cruzadas-en-la-entrada-del-capitan-a-la-villa-de-alcoy\\\/#article\",\"isPartOf\":{\"@id\":\"https:\\\/\\\/www.copealcoy.es\\\/es\\\/una-evocacion-de-las-cruzadas-en-la-entrada-del-capitan-a-la-villa-de-alcoy\\\/\"},\"author\":{\"name\":\"Cope Alcoy\",\"@id\":\"https:\\\/\\\/www.copealcoy.es\\\/es\\\/#\\\/schema\\\/person\\\/e777c87fa024e57d40170af9df39882c\"},\"headline\":\"Una evocaci\u00f3n de las cruzadas en la entrada del Capit\u00e1n a la Villa de Alcoy\",\"datePublished\":\"2023-04-22T09:46:58+00:00\",\"dateModified\":\"2023-04-28T20:52:30+00:00\",\"mainEntityOfPage\":{\"@id\":\"https:\\\/\\\/www.copealcoy.es\\\/es\\\/una-evocacion-de-las-cruzadas-en-la-entrada-del-capitan-a-la-villa-de-alcoy\\\/\"},\"wordCount\":325,\"commentCount\":0,\"image\":{\"@id\":\"https:\\\/\\\/www.copealcoy.es\\\/es\\\/una-evocacion-de-las-cruzadas-en-la-entrada-del-capitan-a-la-villa-de-alcoy\\\/#primaryimage\"},\"thumbnailUrl\":\"https:\\\/\\\/www.copealcoy.es\\\/wp-content\\\/uploads\\\/2023\\\/04\\\/94962378-8E7B-41A0-BBED-14D83D73D8A6-scaled.jpeg\",\"keywords\":[\"Alcoy\",\"Capti\u00e1n Cristiano\",\"Entrada\",\"Fiestas\",\"Fil\u00e0 Cuzados\",\"Jes\u00fas Mullor Masanet\",\"Moros Y Cristianos\"],\"articleSection\":[\"Actualidad\",\"Alcoy\",\"Fiesta y Cultura\",\"Noticias\",\"Portada\"],\"inLanguage\":\"es\"},{\"@type\":\"WebPage\",\"@id\":\"https:\\\/\\\/www.copealcoy.es\\\/es\\\/una-evocacion-de-las-cruzadas-en-la-entrada-del-capitan-a-la-villa-de-alcoy\\\/\",\"url\":\"https:\\\/\\\/www.copealcoy.es\\\/es\\\/una-evocacion-de-las-cruzadas-en-la-entrada-del-capitan-a-la-villa-de-alcoy\\\/\",\"name\":\"Una evocaci\u00f3n de las cruzadas en la entrada del Capit\u00e1n a la Villa de Alcoy - COPE Alcoy\",\"isPartOf\":{\"@id\":\"https:\\\/\\\/www.copealcoy.es\\\/es\\\/#website\"},\"primaryImageOfPage\":{\"@id\":\"https:\\\/\\\/www.copealcoy.es\\\/es\\\/una-evocacion-de-las-cruzadas-en-la-entrada-del-capitan-a-la-villa-de-alcoy\\\/#primaryimage\"},\"image\":{\"@id\":\"https:\\\/\\\/www.copealcoy.es\\\/es\\\/una-evocacion-de-las-cruzadas-en-la-entrada-del-capitan-a-la-villa-de-alcoy\\\/#primaryimage\"},\"thumbnailUrl\":\"https:\\\/\\\/www.copealcoy.es\\\/wp-content\\\/uploads\\\/2023\\\/04\\\/94962378-8E7B-41A0-BBED-14D83D73D8A6-scaled.jpeg\",\"datePublished\":\"2023-04-22T09:46:58+00:00\",\"dateModified\":\"2023-04-28T20:52:30+00:00\",\"author\":{\"@id\":\"https:\\\/\\\/www.copealcoy.es\\\/es\\\/#\\\/schema\\\/person\\\/e777c87fa024e57d40170af9df39882c\"},\"breadcrumb\":{\"@id\":\"https:\\\/\\\/www.copealcoy.es\\\/es\\\/una-evocacion-de-las-cruzadas-en-la-entrada-del-capitan-a-la-villa-de-alcoy\\\/#breadcrumb\"},\"inLanguage\":\"es\",\"potentialAction\":[{\"@type\":\"ReadAction\",\"target\":[\"https:\\\/\\\/www.copealcoy.es\\\/es\\\/una-evocacion-de-las-cruzadas-en-la-entrada-del-capitan-a-la-villa-de-alcoy\\\/\"]}]},{\"@type\":\"ImageObject\",\"inLanguage\":\"es\",\"@id\":\"https:\\\/\\\/www.copealcoy.es\\\/es\\\/una-evocacion-de-las-cruzadas-en-la-entrada-del-capitan-a-la-villa-de-alcoy\\\/#primaryimage\",\"url\":\"https:\\\/\\\/www.copealcoy.es\\\/wp-content\\\/uploads\\\/2023\\\/04\\\/94962378-8E7B-41A0-BBED-14D83D73D8A6-scaled.jpeg\",\"contentUrl\":\"https:\\\/\\\/www.copealcoy.es\\\/wp-content\\\/uploads\\\/2023\\\/04\\\/94962378-8E7B-41A0-BBED-14D83D73D8A6-scaled.jpeg\",\"width\":1440,\"height\":1080},{\"@type\":\"BreadcrumbList\",\"@id\":\"https:\\\/\\\/www.copealcoy.es\\\/es\\\/una-evocacion-de-las-cruzadas-en-la-entrada-del-capitan-a-la-villa-de-alcoy\\\/#breadcrumb\",\"itemListElement\":[{\"@type\":\"ListItem\",\"position\":1,\"name\":\"Portada\",\"item\":\"https:\\\/\\\/www.copealcoy.es\\\/es\\\/\"},{\"@type\":\"ListItem\",\"position\":2,\"name\":\"Una evocaci\u00f3n de las cruzadas en la entrada del Capit\u00e1n a la Villa de Alcoy\"}]},{\"@type\":\"WebSite\",\"@id\":\"https:\\\/\\\/www.copealcoy.es\\\/es\\\/#website\",\"url\":\"https:\\\/\\\/www.copealcoy.es\\\/es\\\/\",\"name\":\"COPE Alcoy\",\"description\":\"Emisora COPE de radio local con emisi\u00f3n online. Pont de Sant Jordi 8-10 03803 Alcoy\",\"potentialAction\":[{\"@type\":\"SearchAction\",\"target\":{\"@type\":\"EntryPoint\",\"urlTemplate\":\"https:\\\/\\\/www.copealcoy.es\\\/es\\\/?s={search_term_string}\"},\"query-input\":{\"@type\":\"PropertyValueSpecification\",\"valueRequired\":true,\"valueName\":\"search_term_string\"}}],\"inLanguage\":\"es\"},{\"@type\":\"Person\",\"@id\":\"https:\\\/\\\/www.copealcoy.es\\\/es\\\/#\\\/schema\\\/person\\\/e777c87fa024e57d40170af9df39882c\",\"name\":\"Cope Alcoy\",\"image\":{\"@type\":\"ImageObject\",\"inLanguage\":\"es\",\"@id\":\"https:\\\/\\\/secure.gravatar.com\\\/avatar\\\/bb65d0283347e303893ba14f0692005417c1e0e690a325a4c5d8bb2b3943ee14?s=96&d=mm&r=g\",\"url\":\"https:\\\/\\\/secure.gravatar.com\\\/avatar\\\/bb65d0283347e303893ba14f0692005417c1e0e690a325a4c5d8bb2b3943ee14?s=96&d=mm&r=g\",\"contentUrl\":\"https:\\\/\\\/secure.gravatar.com\\\/avatar\\\/bb65d0283347e303893ba14f0692005417c1e0e690a325a4c5d8bb2b3943ee14?s=96&d=mm&r=g\",\"caption\":\"Cope Alcoy\"}}]}<\/script>\n<!-- \/ Yoast SEO plugin. -->","yoast_head_json":{"title":"Una evocaci\u00f3n de las cruzadas en la entrada del Capit\u00e1n a la Villa de Alcoy - COPE Alcoy","robots":{"index":"index","follow":"follow","max-snippet":"max-snippet:-1","max-image-preview":"max-image-preview:large","max-video-preview":"max-video-preview:-1"},"canonical":"https:\/\/www.copealcoy.es\/es\/una-evocacion-de-las-cruzadas-en-la-entrada-del-capitan-a-la-villa-de-alcoy\/","og_locale":"es_ES","og_type":"article","og_title":"Una evocaci\u00f3n de las cruzadas en la entrada del Capit\u00e1n a la Villa de Alcoy - COPE Alcoy","og_description":"Minutos antes de las diez de la ma\u00f1ana ha dado inicio la Entrada Cristiana desde El Partidor despu\u00e9s de la...","og_url":"https:\/\/www.copealcoy.es\/es\/una-evocacion-de-las-cruzadas-en-la-entrada-del-capitan-a-la-villa-de-alcoy\/","og_site_name":"COPE Alcoy","article_published_time":"2023-04-22T09:46:58+00:00","article_modified_time":"2023-04-28T20:52:30+00:00","og_image":[{"width":1440,"height":1080,"url":"https:\/\/www.copealcoy.es\/wp-content\/uploads\/2023\/04\/94962378-8E7B-41A0-BBED-14D83D73D8A6-scaled.jpeg","type":"image\/jpeg"}],"author":"Cope Alcoy","twitter_misc":{"Escrito por":"Cope Alcoy","Tiempo de lectura":"2 minutos"},"schema":{"@context":"https:\/\/schema.org","@graph":[{"@type":"Article","@id":"https:\/\/www.copealcoy.es\/es\/una-evocacion-de-las-cruzadas-en-la-entrada-del-capitan-a-la-villa-de-alcoy\/#article","isPartOf":{"@id":"https:\/\/www.copealcoy.es\/es\/una-evocacion-de-las-cruzadas-en-la-entrada-del-capitan-a-la-villa-de-alcoy\/"},"author":{"name":"Cope Alcoy","@id":"https:\/\/www.copealcoy.es\/es\/#\/schema\/person\/e777c87fa024e57d40170af9df39882c"},"headline":"Una evocaci\u00f3n de las cruzadas en la entrada del Capit\u00e1n a la Villa de Alcoy","datePublished":"2023-04-22T09:46:58+00:00","dateModified":"2023-04-28T20:52:30+00:00","mainEntityOfPage":{"@id":"https:\/\/www.copealcoy.es\/es\/una-evocacion-de-las-cruzadas-en-la-entrada-del-capitan-a-la-villa-de-alcoy\/"},"wordCount":325,"commentCount":0,"image":{"@id":"https:\/\/www.copealcoy.es\/es\/una-evocacion-de-las-cruzadas-en-la-entrada-del-capitan-a-la-villa-de-alcoy\/#primaryimage"},"thumbnailUrl":"https:\/\/www.copealcoy.es\/wp-content\/uploads\/2023\/04\/94962378-8E7B-41A0-BBED-14D83D73D8A6-scaled.jpeg","keywords":["Alcoy","Capti\u00e1n Cristiano","Entrada","Fiestas","Fil\u00e0 Cuzados","Jes\u00fas Mullor Masanet","Moros Y Cristianos"],"articleSection":["Actualidad","Alcoy","Fiesta y Cultura","Noticias","Portada"],"inLanguage":"es"},{"@type":"WebPage","@id":"https:\/\/www.copealcoy.es\/es\/una-evocacion-de-las-cruzadas-en-la-entrada-del-capitan-a-la-villa-de-alcoy\/","url":"https:\/\/www.copealcoy.es\/es\/una-evocacion-de-las-cruzadas-en-la-entrada-del-capitan-a-la-villa-de-alcoy\/","name":"Una evocaci\u00f3n de las cruzadas en la entrada del Capit\u00e1n a la Villa de Alcoy - COPE Alcoy","isPartOf":{"@id":"https:\/\/www.copealcoy.es\/es\/#website"},"primaryImageOfPage":{"@id":"https:\/\/www.copealcoy.es\/es\/una-evocacion-de-las-cruzadas-en-la-entrada-del-capitan-a-la-villa-de-alcoy\/#primaryimage"},"image":{"@id":"https:\/\/www.copealcoy.es\/es\/una-evocacion-de-las-cruzadas-en-la-entrada-del-capitan-a-la-villa-de-alcoy\/#primaryimage"},"thumbnailUrl":"https:\/\/www.copealcoy.es\/wp-content\/uploads\/2023\/04\/94962378-8E7B-41A0-BBED-14D83D73D8A6-scaled.jpeg","datePublished":"2023-04-22T09:46:58+00:00","dateModified":"2023-04-28T20:52:30+00:00","author":{"@id":"https:\/\/www.copealcoy.es\/es\/#\/schema\/person\/e777c87fa024e57d40170af9df39882c"},"breadcrumb":{"@id":"https:\/\/www.copealcoy.es\/es\/una-evocacion-de-las-cruzadas-en-la-entrada-del-capitan-a-la-villa-de-alcoy\/#breadcrumb"},"inLanguage":"es","potentialAction":[{"@type":"ReadAction","target":["https:\/\/www.copealcoy.es\/es\/una-evocacion-de-las-cruzadas-en-la-entrada-del-capitan-a-la-villa-de-alcoy\/"]}]},{"@type":"ImageObject","inLanguage":"es","@id":"https:\/\/www.copealcoy.es\/es\/una-evocacion-de-las-cruzadas-en-la-entrada-del-capitan-a-la-villa-de-alcoy\/#primaryimage","url":"https:\/\/www.copealcoy.es\/wp-content\/uploads\/2023\/04\/94962378-8E7B-41A0-BBED-14D83D73D8A6-scaled.jpeg","contentUrl":"https:\/\/www.copealcoy.es\/wp-content\/uploads\/2023\/04\/94962378-8E7B-41A0-BBED-14D83D73D8A6-scaled.jpeg","width":1440,"height":1080},{"@type":"BreadcrumbList","@id":"https:\/\/www.copealcoy.es\/es\/una-evocacion-de-las-cruzadas-en-la-entrada-del-capitan-a-la-villa-de-alcoy\/#breadcrumb","itemListElement":[{"@type":"ListItem","position":1,"name":"Portada","item":"https:\/\/www.copealcoy.es\/es\/"},{"@type":"ListItem","position":2,"name":"Una evocaci\u00f3n de las cruzadas en la entrada del Capit\u00e1n a la Villa de Alcoy"}]},{"@type":"WebSite","@id":"https:\/\/www.copealcoy.es\/es\/#website","url":"https:\/\/www.copealcoy.es\/es\/","name":"COPE Alcoy","description":"Emisora COPE de radio local con emisi\u00f3n online. Pont de Sant Jordi 8-10 03803 Alcoy","potentialAction":[{"@type":"SearchAction","target":{"@type":"EntryPoint","urlTemplate":"https:\/\/www.copealcoy.es\/es\/?s={search_term_string}"},"query-input":{"@type":"PropertyValueSpecification","valueRequired":true,"valueName":"search_term_string"}}],"inLanguage":"es"},{"@type":"Person","@id":"https:\/\/www.copealcoy.es\/es\/#\/schema\/person\/e777c87fa024e57d40170af9df39882c","name":"Cope Alcoy","image":{"@type":"ImageObject","inLanguage":"es","@id":"https:\/\/secure.gravatar.com\/avatar\/bb65d0283347e303893ba14f0692005417c1e0e690a325a4c5d8bb2b3943ee14?s=96&d=mm&r=g","url":"https:\/\/secure.gravatar.com\/avatar\/bb65d0283347e303893ba14f0692005417c1e0e690a325a4c5d8bb2b3943ee14?s=96&d=mm&r=g","contentUrl":"https:\/\/secure.gravatar.com\/avatar\/bb65d0283347e303893ba14f0692005417c1e0e690a325a4c5d8bb2b3943ee14?s=96&d=mm&r=g","caption":"Cope Alcoy"}}]}},"_links":{"self":[{"href":"https:\/\/www.copealcoy.es\/es\/wp-json\/wp\/v2\/posts\/114447","targetHints":{"allow":["GET"]}}],"collection":[{"href":"https:\/\/www.copealcoy.es\/es\/wp-json\/wp\/v2\/posts"}],"about":[{"href":"https:\/\/www.copealcoy.es\/es\/wp-json\/wp\/v2\/types\/post"}],"author":[{"embeddable":true,"href":"https:\/\/www.copealcoy.es\/es\/wp-json\/wp\/v2\/users\/1"}],"replies":[{"embeddable":true,"href":"https:\/\/www.copealcoy.es\/es\/wp-json\/wp\/v2\/comments?post=114447"}],"version-history":[{"count":0,"href":"https:\/\/www.copealcoy.es\/es\/wp-json\/wp\/v2\/posts\/114447\/revisions"}],"wp:featuredmedia":[{"embeddable":true,"href":"https:\/\/www.copealcoy.es\/es\/wp-json\/wp\/v2\/media\/114458"}],"wp:attachment":[{"href":"https:\/\/www.copealcoy.es\/es\/wp-json\/wp\/v2\/media?parent=114447"}],"wp:term":[{"taxonomy":"category","embeddable":true,"href":"https:\/\/www.copealcoy.es\/es\/wp-json\/wp\/v2\/categories?post=114447"},{"taxonomy":"post_tag","embeddable":true,"href":"https:\/\/www.copealcoy.es\/es\/wp-json\/wp\/v2\/tags?post=114447"}],"curies":[{"name":"wp","href":"https:\/\/api.w.org\/{rel}","templated":true}]}}