{"id":114443,"date":"2023-04-22T11:30:29","date_gmt":"2023-04-22T10:30:29","guid":{"rendered":"https:\/\/www.copealcoy.es\/?p=114443"},"modified":"2023-04-26T19:18:02","modified_gmt":"2023-04-26T18:18:02","slug":"100-anos-de-la-presencia-de-la-fila-muntanyesos-en-las-fiestas-de-alcoy","status":"publish","type":"post","link":"https:\/\/www.copealcoy.es\/es\/100-anos-de-la-presencia-de-la-fila-muntanyesos-en-las-fiestas-de-alcoy\/","title":{"rendered":"100 a\u00f1os de la presencia de la Fil\u00e0 Muntanyesos en las Fiestas de Alcoy"},"content":{"rendered":"<p style=\"text-align: justify;\">La <strong>Fil\u00e0 Muntanyesos de Alcoy<\/strong> cumpli\u00f3 en 2021 <strong>cien a\u00f1os de vida<\/strong>, pero la pandemia del Coronavirus <strong>oblig\u00f3 a paralizar todas las celebraciones que inicialmente se hab\u00edan previsto<\/strong>. Los integrantes y las componentes de esta formaci\u00f3n decidieron que ahora <strong>hab\u00eda llegado el momento de conmemorar la efem\u00e9ride<\/strong> y para ello <strong>han estado llevando a cabo diferentes actividades<\/strong> en los \u00faltimos meses.<\/p>\n<p style=\"text-align: justify;\">Entre las propuestas organizadas, han destacado <strong>iniciativas solidarias, la restauraci\u00f3n del boceto original del dise\u00f1o a cargo de Inma Ribelles Albors o la creaci\u00f3n de un nuevo bander\u00edn<\/strong>. De igual forma a principios de a\u00f1o se efectu\u00f3 <strong>una cena de gala <\/strong>en la que, adem\u00e1s de rendir homenaje a algunos de los integrantes, se present\u00f3 el montaje audiovisual titulado \u2018100 anys, 10 d\u00e8cades\u2019.<\/p>\n<p style=\"text-align: justify;\">A pesar de todo ello, <strong>es en esta Entrada Cristiana del 2023 cuando sale a la calle la celebraci\u00f3n del centenario con una escuadra especial<\/strong> que reproduce el traje antiguo de los Monta\u00f1eses. Ha sido confeccionada por MetalArt, Castillo y Paco Sempere mientras que desfila con la pieza <em>El Desitjat<\/em> \u00a0de Edelmiro Berban\u00e9u Cerd\u00e0. El <strong>Ateneu Musical de Rafelguaraf y La Cordeta<\/strong> son quienes hacen sonar los instrumentos para acompa\u00f1ar el paso de los festeros en su recorrido por las calles del Centro de Alcoy.<\/p>\n","protected":false},"excerpt":{"rendered":"<p>La Fil\u00e0 Muntanyesos de Alcoy cumpli\u00f3 en 2021 cien a\u00f1os de vida, pero la pandemia del Coronavirus oblig\u00f3 a paralizar&#8230;<\/p>\n","protected":false},"author":1,"featured_media":114754,"comment_status":"open","ping_status":"open","sticky":false,"template":"","format":"standard","meta":{"footnotes":""},"categories":[6909,97,78,75,125],"tags":[1494,3948,1987,565,609,6821],"class_list":["post-114443","post","type-post","status-publish","format-standard","has-post-thumbnail","hentry","category-actualidad","category-alcoy","category-fiestaycultura","category-noticias","category-portada","tag-alcoy","tag-centenario","tag-entrada","tag-fiestas","tag-moros-y-cristianos","tag-muntanyesos"],"yoast_head":"<!-- This site is optimized with the Yoast SEO plugin v27.3 - https:\/\/yoast.com\/product\/yoast-seo-wordpress\/ -->\n<title>100 a\u00f1os de la presencia de la Fil\u00e0 Muntanyesos en las Fiestas de Alcoy - COPE Alcoy<\/title>\n<meta name=\"robots\" content=\"index, follow, max-snippet:-1, max-image-preview:large, max-video-preview:-1\" \/>\n<link rel=\"canonical\" href=\"https:\/\/www.copealcoy.es\/es\/100-anos-de-la-presencia-de-la-fila-muntanyesos-en-las-fiestas-de-alcoy\/\" \/>\n<meta property=\"og:locale\" content=\"es_ES\" \/>\n<meta property=\"og:type\" content=\"article\" \/>\n<meta property=\"og:title\" content=\"100 a\u00f1os de la presencia de la Fil\u00e0 Muntanyesos en las Fiestas de Alcoy - COPE Alcoy\" \/>\n<meta property=\"og:description\" content=\"La Fil\u00e0 Muntanyesos de Alcoy cumpli\u00f3 en 2021 cien a\u00f1os de vida, pero la pandemia del Coronavirus oblig\u00f3 a paralizar...\" \/>\n<meta property=\"og:url\" content=\"https:\/\/www.copealcoy.es\/es\/100-anos-de-la-presencia-de-la-fila-muntanyesos-en-las-fiestas-de-alcoy\/\" \/>\n<meta property=\"og:site_name\" content=\"COPE Alcoy\" \/>\n<meta property=\"article:published_time\" content=\"2023-04-22T10:30:29+00:00\" \/>\n<meta property=\"article:modified_time\" content=\"2023-04-26T18:18:02+00:00\" \/>\n<meta property=\"og:image\" content=\"https:\/\/www.copealcoy.es\/wp-content\/uploads\/2023\/04\/unnamed-1-28-scaled.jpg\" \/>\n\t<meta property=\"og:image:width\" content=\"1637\" \/>\n\t<meta property=\"og:image:height\" content=\"1080\" \/>\n\t<meta property=\"og:image:type\" content=\"image\/jpeg\" \/>\n<meta name=\"author\" content=\"Cope Alcoy\" \/>\n<meta name=\"twitter:label1\" content=\"Escrito por\" \/>\n\t<meta name=\"twitter:data1\" content=\"Cope Alcoy\" \/>\n\t<meta name=\"twitter:label2\" content=\"Tiempo de lectura\" \/>\n\t<meta name=\"twitter:data2\" content=\"1 minuto\" \/>\n<script type=\"application\/ld+json\" class=\"yoast-schema-graph\">{\"@context\":\"https:\\\/\\\/schema.org\",\"@graph\":[{\"@type\":\"Article\",\"@id\":\"https:\\\/\\\/www.copealcoy.es\\\/es\\\/100-anos-de-la-presencia-de-la-fila-muntanyesos-en-las-fiestas-de-alcoy\\\/#article\",\"isPartOf\":{\"@id\":\"https:\\\/\\\/www.copealcoy.es\\\/es\\\/100-anos-de-la-presencia-de-la-fila-muntanyesos-en-las-fiestas-de-alcoy\\\/\"},\"author\":{\"name\":\"Cope Alcoy\",\"@id\":\"https:\\\/\\\/www.copealcoy.es\\\/es\\\/#\\\/schema\\\/person\\\/e777c87fa024e57d40170af9df39882c\"},\"headline\":\"100 a\u00f1os de la presencia de la Fil\u00e0 Muntanyesos en las Fiestas de Alcoy\",\"datePublished\":\"2023-04-22T10:30:29+00:00\",\"dateModified\":\"2023-04-26T18:18:02+00:00\",\"mainEntityOfPage\":{\"@id\":\"https:\\\/\\\/www.copealcoy.es\\\/es\\\/100-anos-de-la-presencia-de-la-fila-muntanyesos-en-las-fiestas-de-alcoy\\\/\"},\"wordCount\":235,\"commentCount\":0,\"image\":{\"@id\":\"https:\\\/\\\/www.copealcoy.es\\\/es\\\/100-anos-de-la-presencia-de-la-fila-muntanyesos-en-las-fiestas-de-alcoy\\\/#primaryimage\"},\"thumbnailUrl\":\"https:\\\/\\\/www.copealcoy.es\\\/wp-content\\\/uploads\\\/2023\\\/04\\\/unnamed-1-28-scaled.jpg\",\"keywords\":[\"Alcoy\",\"Centenario\",\"Entrada\",\"Fiestas\",\"Moros Y Cristianos\",\"Muntanyesos\"],\"articleSection\":[\"Actualidad\",\"Alcoy\",\"Fiesta y Cultura\",\"Noticias\",\"Portada\"],\"inLanguage\":\"es\"},{\"@type\":\"WebPage\",\"@id\":\"https:\\\/\\\/www.copealcoy.es\\\/es\\\/100-anos-de-la-presencia-de-la-fila-muntanyesos-en-las-fiestas-de-alcoy\\\/\",\"url\":\"https:\\\/\\\/www.copealcoy.es\\\/es\\\/100-anos-de-la-presencia-de-la-fila-muntanyesos-en-las-fiestas-de-alcoy\\\/\",\"name\":\"100 a\u00f1os de la presencia de la Fil\u00e0 Muntanyesos en las Fiestas de Alcoy - COPE Alcoy\",\"isPartOf\":{\"@id\":\"https:\\\/\\\/www.copealcoy.es\\\/es\\\/#website\"},\"primaryImageOfPage\":{\"@id\":\"https:\\\/\\\/www.copealcoy.es\\\/es\\\/100-anos-de-la-presencia-de-la-fila-muntanyesos-en-las-fiestas-de-alcoy\\\/#primaryimage\"},\"image\":{\"@id\":\"https:\\\/\\\/www.copealcoy.es\\\/es\\\/100-anos-de-la-presencia-de-la-fila-muntanyesos-en-las-fiestas-de-alcoy\\\/#primaryimage\"},\"thumbnailUrl\":\"https:\\\/\\\/www.copealcoy.es\\\/wp-content\\\/uploads\\\/2023\\\/04\\\/unnamed-1-28-scaled.jpg\",\"datePublished\":\"2023-04-22T10:30:29+00:00\",\"dateModified\":\"2023-04-26T18:18:02+00:00\",\"author\":{\"@id\":\"https:\\\/\\\/www.copealcoy.es\\\/es\\\/#\\\/schema\\\/person\\\/e777c87fa024e57d40170af9df39882c\"},\"breadcrumb\":{\"@id\":\"https:\\\/\\\/www.copealcoy.es\\\/es\\\/100-anos-de-la-presencia-de-la-fila-muntanyesos-en-las-fiestas-de-alcoy\\\/#breadcrumb\"},\"inLanguage\":\"es\",\"potentialAction\":[{\"@type\":\"ReadAction\",\"target\":[\"https:\\\/\\\/www.copealcoy.es\\\/es\\\/100-anos-de-la-presencia-de-la-fila-muntanyesos-en-las-fiestas-de-alcoy\\\/\"]}]},{\"@type\":\"ImageObject\",\"inLanguage\":\"es\",\"@id\":\"https:\\\/\\\/www.copealcoy.es\\\/es\\\/100-anos-de-la-presencia-de-la-fila-muntanyesos-en-las-fiestas-de-alcoy\\\/#primaryimage\",\"url\":\"https:\\\/\\\/www.copealcoy.es\\\/wp-content\\\/uploads\\\/2023\\\/04\\\/unnamed-1-28-scaled.jpg\",\"contentUrl\":\"https:\\\/\\\/www.copealcoy.es\\\/wp-content\\\/uploads\\\/2023\\\/04\\\/unnamed-1-28-scaled.jpg\",\"width\":1637,\"height\":1080},{\"@type\":\"BreadcrumbList\",\"@id\":\"https:\\\/\\\/www.copealcoy.es\\\/es\\\/100-anos-de-la-presencia-de-la-fila-muntanyesos-en-las-fiestas-de-alcoy\\\/#breadcrumb\",\"itemListElement\":[{\"@type\":\"ListItem\",\"position\":1,\"name\":\"Portada\",\"item\":\"https:\\\/\\\/www.copealcoy.es\\\/es\\\/\"},{\"@type\":\"ListItem\",\"position\":2,\"name\":\"100 a\u00f1os de la presencia de la Fil\u00e0 Muntanyesos en las Fiestas de Alcoy\"}]},{\"@type\":\"WebSite\",\"@id\":\"https:\\\/\\\/www.copealcoy.es\\\/es\\\/#website\",\"url\":\"https:\\\/\\\/www.copealcoy.es\\\/es\\\/\",\"name\":\"COPE Alcoy\",\"description\":\"Emisora COPE de radio local con emisi\u00f3n online. Pont de Sant Jordi 8-10 03803 Alcoy\",\"potentialAction\":[{\"@type\":\"SearchAction\",\"target\":{\"@type\":\"EntryPoint\",\"urlTemplate\":\"https:\\\/\\\/www.copealcoy.es\\\/es\\\/?s={search_term_string}\"},\"query-input\":{\"@type\":\"PropertyValueSpecification\",\"valueRequired\":true,\"valueName\":\"search_term_string\"}}],\"inLanguage\":\"es\"},{\"@type\":\"Person\",\"@id\":\"https:\\\/\\\/www.copealcoy.es\\\/es\\\/#\\\/schema\\\/person\\\/e777c87fa024e57d40170af9df39882c\",\"name\":\"Cope Alcoy\",\"image\":{\"@type\":\"ImageObject\",\"inLanguage\":\"es\",\"@id\":\"https:\\\/\\\/secure.gravatar.com\\\/avatar\\\/bb65d0283347e303893ba14f0692005417c1e0e690a325a4c5d8bb2b3943ee14?s=96&d=mm&r=g\",\"url\":\"https:\\\/\\\/secure.gravatar.com\\\/avatar\\\/bb65d0283347e303893ba14f0692005417c1e0e690a325a4c5d8bb2b3943ee14?s=96&d=mm&r=g\",\"contentUrl\":\"https:\\\/\\\/secure.gravatar.com\\\/avatar\\\/bb65d0283347e303893ba14f0692005417c1e0e690a325a4c5d8bb2b3943ee14?s=96&d=mm&r=g\",\"caption\":\"Cope Alcoy\"}}]}<\/script>\n<!-- \/ Yoast SEO plugin. -->","yoast_head_json":{"title":"100 a\u00f1os de la presencia de la Fil\u00e0 Muntanyesos en las Fiestas de Alcoy - COPE Alcoy","robots":{"index":"index","follow":"follow","max-snippet":"max-snippet:-1","max-image-preview":"max-image-preview:large","max-video-preview":"max-video-preview:-1"},"canonical":"https:\/\/www.copealcoy.es\/es\/100-anos-de-la-presencia-de-la-fila-muntanyesos-en-las-fiestas-de-alcoy\/","og_locale":"es_ES","og_type":"article","og_title":"100 a\u00f1os de la presencia de la Fil\u00e0 Muntanyesos en las Fiestas de Alcoy - COPE Alcoy","og_description":"La Fil\u00e0 Muntanyesos de Alcoy cumpli\u00f3 en 2021 cien a\u00f1os de vida, pero la pandemia del Coronavirus oblig\u00f3 a paralizar...","og_url":"https:\/\/www.copealcoy.es\/es\/100-anos-de-la-presencia-de-la-fila-muntanyesos-en-las-fiestas-de-alcoy\/","og_site_name":"COPE Alcoy","article_published_time":"2023-04-22T10:30:29+00:00","article_modified_time":"2023-04-26T18:18:02+00:00","og_image":[{"width":1637,"height":1080,"url":"https:\/\/www.copealcoy.es\/wp-content\/uploads\/2023\/04\/unnamed-1-28-scaled.jpg","type":"image\/jpeg"}],"author":"Cope Alcoy","twitter_misc":{"Escrito por":"Cope Alcoy","Tiempo de lectura":"1 minuto"},"schema":{"@context":"https:\/\/schema.org","@graph":[{"@type":"Article","@id":"https:\/\/www.copealcoy.es\/es\/100-anos-de-la-presencia-de-la-fila-muntanyesos-en-las-fiestas-de-alcoy\/#article","isPartOf":{"@id":"https:\/\/www.copealcoy.es\/es\/100-anos-de-la-presencia-de-la-fila-muntanyesos-en-las-fiestas-de-alcoy\/"},"author":{"name":"Cope Alcoy","@id":"https:\/\/www.copealcoy.es\/es\/#\/schema\/person\/e777c87fa024e57d40170af9df39882c"},"headline":"100 a\u00f1os de la presencia de la Fil\u00e0 Muntanyesos en las Fiestas de Alcoy","datePublished":"2023-04-22T10:30:29+00:00","dateModified":"2023-04-26T18:18:02+00:00","mainEntityOfPage":{"@id":"https:\/\/www.copealcoy.es\/es\/100-anos-de-la-presencia-de-la-fila-muntanyesos-en-las-fiestas-de-alcoy\/"},"wordCount":235,"commentCount":0,"image":{"@id":"https:\/\/www.copealcoy.es\/es\/100-anos-de-la-presencia-de-la-fila-muntanyesos-en-las-fiestas-de-alcoy\/#primaryimage"},"thumbnailUrl":"https:\/\/www.copealcoy.es\/wp-content\/uploads\/2023\/04\/unnamed-1-28-scaled.jpg","keywords":["Alcoy","Centenario","Entrada","Fiestas","Moros Y Cristianos","Muntanyesos"],"articleSection":["Actualidad","Alcoy","Fiesta y Cultura","Noticias","Portada"],"inLanguage":"es"},{"@type":"WebPage","@id":"https:\/\/www.copealcoy.es\/es\/100-anos-de-la-presencia-de-la-fila-muntanyesos-en-las-fiestas-de-alcoy\/","url":"https:\/\/www.copealcoy.es\/es\/100-anos-de-la-presencia-de-la-fila-muntanyesos-en-las-fiestas-de-alcoy\/","name":"100 a\u00f1os de la presencia de la Fil\u00e0 Muntanyesos en las Fiestas de Alcoy - COPE Alcoy","isPartOf":{"@id":"https:\/\/www.copealcoy.es\/es\/#website"},"primaryImageOfPage":{"@id":"https:\/\/www.copealcoy.es\/es\/100-anos-de-la-presencia-de-la-fila-muntanyesos-en-las-fiestas-de-alcoy\/#primaryimage"},"image":{"@id":"https:\/\/www.copealcoy.es\/es\/100-anos-de-la-presencia-de-la-fila-muntanyesos-en-las-fiestas-de-alcoy\/#primaryimage"},"thumbnailUrl":"https:\/\/www.copealcoy.es\/wp-content\/uploads\/2023\/04\/unnamed-1-28-scaled.jpg","datePublished":"2023-04-22T10:30:29+00:00","dateModified":"2023-04-26T18:18:02+00:00","author":{"@id":"https:\/\/www.copealcoy.es\/es\/#\/schema\/person\/e777c87fa024e57d40170af9df39882c"},"breadcrumb":{"@id":"https:\/\/www.copealcoy.es\/es\/100-anos-de-la-presencia-de-la-fila-muntanyesos-en-las-fiestas-de-alcoy\/#breadcrumb"},"inLanguage":"es","potentialAction":[{"@type":"ReadAction","target":["https:\/\/www.copealcoy.es\/es\/100-anos-de-la-presencia-de-la-fila-muntanyesos-en-las-fiestas-de-alcoy\/"]}]},{"@type":"ImageObject","inLanguage":"es","@id":"https:\/\/www.copealcoy.es\/es\/100-anos-de-la-presencia-de-la-fila-muntanyesos-en-las-fiestas-de-alcoy\/#primaryimage","url":"https:\/\/www.copealcoy.es\/wp-content\/uploads\/2023\/04\/unnamed-1-28-scaled.jpg","contentUrl":"https:\/\/www.copealcoy.es\/wp-content\/uploads\/2023\/04\/unnamed-1-28-scaled.jpg","width":1637,"height":1080},{"@type":"BreadcrumbList","@id":"https:\/\/www.copealcoy.es\/es\/100-anos-de-la-presencia-de-la-fila-muntanyesos-en-las-fiestas-de-alcoy\/#breadcrumb","itemListElement":[{"@type":"ListItem","position":1,"name":"Portada","item":"https:\/\/www.copealcoy.es\/es\/"},{"@type":"ListItem","position":2,"name":"100 a\u00f1os de la presencia de la Fil\u00e0 Muntanyesos en las Fiestas de Alcoy"}]},{"@type":"WebSite","@id":"https:\/\/www.copealcoy.es\/es\/#website","url":"https:\/\/www.copealcoy.es\/es\/","name":"COPE Alcoy","description":"Emisora COPE de radio local con emisi\u00f3n online. Pont de Sant Jordi 8-10 03803 Alcoy","potentialAction":[{"@type":"SearchAction","target":{"@type":"EntryPoint","urlTemplate":"https:\/\/www.copealcoy.es\/es\/?s={search_term_string}"},"query-input":{"@type":"PropertyValueSpecification","valueRequired":true,"valueName":"search_term_string"}}],"inLanguage":"es"},{"@type":"Person","@id":"https:\/\/www.copealcoy.es\/es\/#\/schema\/person\/e777c87fa024e57d40170af9df39882c","name":"Cope Alcoy","image":{"@type":"ImageObject","inLanguage":"es","@id":"https:\/\/secure.gravatar.com\/avatar\/bb65d0283347e303893ba14f0692005417c1e0e690a325a4c5d8bb2b3943ee14?s=96&d=mm&r=g","url":"https:\/\/secure.gravatar.com\/avatar\/bb65d0283347e303893ba14f0692005417c1e0e690a325a4c5d8bb2b3943ee14?s=96&d=mm&r=g","contentUrl":"https:\/\/secure.gravatar.com\/avatar\/bb65d0283347e303893ba14f0692005417c1e0e690a325a4c5d8bb2b3943ee14?s=96&d=mm&r=g","caption":"Cope Alcoy"}}]}},"_links":{"self":[{"href":"https:\/\/www.copealcoy.es\/es\/wp-json\/wp\/v2\/posts\/114443","targetHints":{"allow":["GET"]}}],"collection":[{"href":"https:\/\/www.copealcoy.es\/es\/wp-json\/wp\/v2\/posts"}],"about":[{"href":"https:\/\/www.copealcoy.es\/es\/wp-json\/wp\/v2\/types\/post"}],"author":[{"embeddable":true,"href":"https:\/\/www.copealcoy.es\/es\/wp-json\/wp\/v2\/users\/1"}],"replies":[{"embeddable":true,"href":"https:\/\/www.copealcoy.es\/es\/wp-json\/wp\/v2\/comments?post=114443"}],"version-history":[{"count":0,"href":"https:\/\/www.copealcoy.es\/es\/wp-json\/wp\/v2\/posts\/114443\/revisions"}],"wp:featuredmedia":[{"embeddable":true,"href":"https:\/\/www.copealcoy.es\/es\/wp-json\/wp\/v2\/media\/114754"}],"wp:attachment":[{"href":"https:\/\/www.copealcoy.es\/es\/wp-json\/wp\/v2\/media?parent=114443"}],"wp:term":[{"taxonomy":"category","embeddable":true,"href":"https:\/\/www.copealcoy.es\/es\/wp-json\/wp\/v2\/categories?post=114443"},{"taxonomy":"post_tag","embeddable":true,"href":"https:\/\/www.copealcoy.es\/es\/wp-json\/wp\/v2\/tags?post=114443"}],"curies":[{"name":"wp","href":"https:\/\/api.w.org\/{rel}","templated":true}]}}