{"id":114431,"date":"2023-04-22T14:16:43","date_gmt":"2023-04-22T13:16:43","guid":{"rendered":"https:\/\/www.copealcoy.es\/?p=114431"},"modified":"2023-04-26T19:30:19","modified_gmt":"2023-04-26T18:30:19","slug":"homenaje-alcodiano-a-roger-de-lluria-para-culminar-una-brillante-entrada","status":"publish","type":"post","link":"https:\/\/www.copealcoy.es\/es\/homenaje-alcodiano-a-roger-de-lluria-para-culminar-una-brillante-entrada\/","title":{"rendered":"Homenaje Alcodiano a Roger de Ll\u00faria para culminar una brillante Entrada"},"content":{"rendered":"<p style=\"text-align: justify;\">La <strong>Entrada de las tropas cristianas<\/strong> ha finalizado con <strong>la llegada de la Fil\u00e0 Alcodianos<\/strong>, formaci\u00f3n que ostenta este a\u00f1o el cargo de Alf\u00e9rez con <strong>Miquel Jord\u00e0 Linares <\/strong>al frente. Esta formaci\u00f3n festera, <strong>cuyo coraz\u00f3n late en el entorno del Colegio Salesiano San Vicente Ferrer y el Santuario de Mar\u00eda Auxiliadora<\/strong>, ha desplegado todas sus fuerzas en un exquisito boato que ha rendido homenaje a los or\u00f3genes del Alcoy medieval.<\/p>\n<p style=\"text-align: justify;\">El acompa\u00f1amiento <strong>se ha basado en\u00a0 el Almirante Roger de Ll\u00faria<\/strong>, primer se\u00f1or feudal que tuvo la entones Villa de Alcoy despu\u00e9s de recibir el condado de Cocentaina como recompensa por su gran trayectoria militar al servicio de la Corona de Arag\u00f3n. Todo el boato ha tenido como hilo conductor a este personaje hist\u00f3rico, pero tambi\u00e9n a la que fue su segunda esposa, <strong>Na Saurina d\u2019Enten\u00e7a<\/strong>. Estandartes, el Alcaide y <strong>el Embajador Cristiano, representado por Antonio Delgado<\/strong>, han iniciado una comitiva en la que tambi\u00e9n ha tenido un papel destacado <strong>Omar Castanyar Pay\u00e0<\/strong>. Este representa a <strong>Moss\u00e9n Torregrosa<\/strong>, el sacerdote que instig\u00f3 a los cristianos a salir en la defensa de Alcoy tras ser asediada por Al-Azraq, y ha desfilado por las calles de Alcoy a los sones de la pieza <em>Moss\u00e9n de Cotes <\/em>creada por <strong>Francisco Valor Llorens<\/strong>. Precisamente el compositor contestano ha creado la <em>Suite Alcodi\u00e0nima<\/em> <strong>con un total de nueve piezas que van dedicadas a la Fil\u00e0<\/strong> as\u00ed como a esta alferec\u00eda tan especial.<\/p>\n<p style=\"text-align: justify;\"><a href=\"https:\/\/www.copealcoy.es\/wp-content\/uploads\/2023\/04\/343052803_791858499171926_3243595513873988712_n-scaled.jpg\"><img loading=\"lazy\" decoding=\"async\" class=\"alignnone size-full wp-image-114758\" src=\"https:\/\/www.copealcoy.es\/wp-content\/uploads\/2023\/04\/343052803_791858499171926_3243595513873988712_n-scaled.jpg\" alt=\"\" width=\"1920\" height=\"1282\" \/><\/a><\/p>\n<p style=\"text-align: justify;\">Campanas y danzas medievales bautizadas con el t\u00edtulo de <em>\u00c0nima i Honor<\/em>, a cargo del Ballet de Gabriel Amador,\u00a0 y <em>S\u00e0tira <\/em>de Carmina Nadal han arropado la llegada de Miquel Jord\u00e0 sobre una espectacular carroza luciendo un dise\u00f1o de Santi Carbonell y V\u00edctor Ferrer. Tambi\u00e9n han estado junto al Alf\u00e9rez su dama, <strong>Sara Jord\u00e0 Linares<\/strong>, as\u00ed como un buen n\u00famero de guardias que configuraban su guardia personal. La <strong>Uni\u00f3n Musical Contestana<\/strong> hac\u00eda sonar para la ocasi\u00f3n la pieza <em>Almirall <\/em>y finalmente <strong>una guerrera Escuadra Especial<\/strong>, acompa\u00f1ada por la marcha <em>Alcodi\u00e0nima<\/em> interpretada por <strong>la Societat Musical d\u2019Alcoi<\/strong>, ha cerrado el paso de los campeones de la cruz.<\/p>\n<p><a href=\"https:\/\/www.copealcoy.es\/wp-content\/uploads\/2023\/04\/unnamed-1-29-scaled.jpg\"><img loading=\"lazy\" decoding=\"async\" class=\"alignnone size-full wp-image-114762\" src=\"https:\/\/www.copealcoy.es\/wp-content\/uploads\/2023\/04\/unnamed-1-29-scaled.jpg\" alt=\"\" width=\"1416\" height=\"1080\" srcset=\"https:\/\/www.copealcoy.es\/wp-content\/uploads\/2023\/04\/unnamed-1-29-scaled.jpg 1416w, https:\/\/www.copealcoy.es\/wp-content\/uploads\/2023\/04\/unnamed-1-29-768x585.jpg 768w, https:\/\/www.copealcoy.es\/wp-content\/uploads\/2023\/04\/unnamed-1-29-1536x1171.jpg 1536w, https:\/\/www.copealcoy.es\/wp-content\/uploads\/2023\/04\/unnamed-1-29-2048x1561.jpg 2048w\" sizes=\"auto, (max-width: 1416px) 100vw, 1416px\" \/><\/a><\/p>\n","protected":false},"excerpt":{"rendered":"<p>La Entrada de las tropas cristianas ha finalizado con la llegada de la Fil\u00e0 Alcodianos, formaci\u00f3n que ostenta este a\u00f1o&#8230;<\/p>\n","protected":false},"author":1,"featured_media":114468,"comment_status":"open","ping_status":"open","sticky":false,"template":"","format":"standard","meta":{"footnotes":""},"categories":[6909,97,78,75,125],"tags":[1494,8627,1987,565,13329,14626,609],"class_list":["post-114431","post","type-post","status-publish","format-standard","has-post-thumbnail","hentry","category-actualidad","category-alcoy","category-fiestaycultura","category-noticias","category-portada","tag-alcoy","tag-alferez-cristiano","tag-entrada","tag-fiestas","tag-fila-alcodianos","tag-miquel-jorda-linares","tag-moros-y-cristianos"],"yoast_head":"<!-- This site is optimized with the Yoast SEO plugin v27.3 - https:\/\/yoast.com\/product\/yoast-seo-wordpress\/ -->\n<title>Homenaje Alcodiano a Roger de Ll\u00faria para culminar una brillante Entrada - COPE Alcoy<\/title>\n<meta name=\"robots\" content=\"index, follow, max-snippet:-1, max-image-preview:large, max-video-preview:-1\" \/>\n<link rel=\"canonical\" href=\"https:\/\/www.copealcoy.es\/es\/homenaje-alcodiano-a-roger-de-lluria-para-culminar-una-brillante-entrada\/\" \/>\n<meta property=\"og:locale\" content=\"es_ES\" \/>\n<meta property=\"og:type\" content=\"article\" \/>\n<meta property=\"og:title\" content=\"Homenaje Alcodiano a Roger de Ll\u00faria para culminar una brillante Entrada - COPE Alcoy\" \/>\n<meta property=\"og:description\" content=\"La Entrada de las tropas cristianas ha finalizado con la llegada de la Fil\u00e0 Alcodianos, formaci\u00f3n que ostenta este a\u00f1o...\" \/>\n<meta property=\"og:url\" content=\"https:\/\/www.copealcoy.es\/es\/homenaje-alcodiano-a-roger-de-lluria-para-culminar-una-brillante-entrada\/\" \/>\n<meta property=\"og:site_name\" content=\"COPE Alcoy\" \/>\n<meta property=\"article:published_time\" content=\"2023-04-22T13:16:43+00:00\" \/>\n<meta property=\"article:modified_time\" content=\"2023-04-26T18:30:19+00:00\" \/>\n<meta property=\"og:image\" content=\"https:\/\/www.copealcoy.es\/wp-content\/uploads\/2023\/04\/D932C10C-F4D5-41A3-B4B7-9C6B7DB898EE-scaled.jpeg\" \/>\n\t<meta property=\"og:image:width\" content=\"1516\" \/>\n\t<meta property=\"og:image:height\" content=\"1080\" \/>\n\t<meta property=\"og:image:type\" content=\"image\/jpeg\" \/>\n<meta name=\"author\" content=\"Cope Alcoy\" \/>\n<meta name=\"twitter:label1\" content=\"Escrito por\" \/>\n\t<meta name=\"twitter:data1\" content=\"Cope Alcoy\" \/>\n\t<meta name=\"twitter:label2\" content=\"Tiempo de lectura\" \/>\n\t<meta name=\"twitter:data2\" content=\"2 minutos\" \/>\n<script type=\"application\/ld+json\" class=\"yoast-schema-graph\">{\"@context\":\"https:\\\/\\\/schema.org\",\"@graph\":[{\"@type\":\"Article\",\"@id\":\"https:\\\/\\\/www.copealcoy.es\\\/es\\\/homenaje-alcodiano-a-roger-de-lluria-para-culminar-una-brillante-entrada\\\/#article\",\"isPartOf\":{\"@id\":\"https:\\\/\\\/www.copealcoy.es\\\/es\\\/homenaje-alcodiano-a-roger-de-lluria-para-culminar-una-brillante-entrada\\\/\"},\"author\":{\"name\":\"Cope Alcoy\",\"@id\":\"https:\\\/\\\/www.copealcoy.es\\\/es\\\/#\\\/schema\\\/person\\\/e777c87fa024e57d40170af9df39882c\"},\"headline\":\"Homenaje Alcodiano a Roger de Ll\u00faria para culminar una brillante Entrada\",\"datePublished\":\"2023-04-22T13:16:43+00:00\",\"dateModified\":\"2023-04-26T18:30:19+00:00\",\"mainEntityOfPage\":{\"@id\":\"https:\\\/\\\/www.copealcoy.es\\\/es\\\/homenaje-alcodiano-a-roger-de-lluria-para-culminar-una-brillante-entrada\\\/\"},\"wordCount\":389,\"commentCount\":0,\"image\":{\"@id\":\"https:\\\/\\\/www.copealcoy.es\\\/es\\\/homenaje-alcodiano-a-roger-de-lluria-para-culminar-una-brillante-entrada\\\/#primaryimage\"},\"thumbnailUrl\":\"https:\\\/\\\/www.copealcoy.es\\\/wp-content\\\/uploads\\\/2023\\\/04\\\/D932C10C-F4D5-41A3-B4B7-9C6B7DB898EE-scaled.jpeg\",\"keywords\":[\"Alcoy\",\"Alf\u00e9rez Cristiano\",\"Entrada\",\"Fiestas\",\"Fil\u00e0 Alcodianos\",\"Miquel Jord\u00e0 Linares\",\"Moros Y Cristianos\"],\"articleSection\":[\"Actualidad\",\"Alcoy\",\"Fiesta y Cultura\",\"Noticias\",\"Portada\"],\"inLanguage\":\"es\"},{\"@type\":\"WebPage\",\"@id\":\"https:\\\/\\\/www.copealcoy.es\\\/es\\\/homenaje-alcodiano-a-roger-de-lluria-para-culminar-una-brillante-entrada\\\/\",\"url\":\"https:\\\/\\\/www.copealcoy.es\\\/es\\\/homenaje-alcodiano-a-roger-de-lluria-para-culminar-una-brillante-entrada\\\/\",\"name\":\"Homenaje Alcodiano a Roger de Ll\u00faria para culminar una brillante Entrada - COPE Alcoy\",\"isPartOf\":{\"@id\":\"https:\\\/\\\/www.copealcoy.es\\\/es\\\/#website\"},\"primaryImageOfPage\":{\"@id\":\"https:\\\/\\\/www.copealcoy.es\\\/es\\\/homenaje-alcodiano-a-roger-de-lluria-para-culminar-una-brillante-entrada\\\/#primaryimage\"},\"image\":{\"@id\":\"https:\\\/\\\/www.copealcoy.es\\\/es\\\/homenaje-alcodiano-a-roger-de-lluria-para-culminar-una-brillante-entrada\\\/#primaryimage\"},\"thumbnailUrl\":\"https:\\\/\\\/www.copealcoy.es\\\/wp-content\\\/uploads\\\/2023\\\/04\\\/D932C10C-F4D5-41A3-B4B7-9C6B7DB898EE-scaled.jpeg\",\"datePublished\":\"2023-04-22T13:16:43+00:00\",\"dateModified\":\"2023-04-26T18:30:19+00:00\",\"author\":{\"@id\":\"https:\\\/\\\/www.copealcoy.es\\\/es\\\/#\\\/schema\\\/person\\\/e777c87fa024e57d40170af9df39882c\"},\"breadcrumb\":{\"@id\":\"https:\\\/\\\/www.copealcoy.es\\\/es\\\/homenaje-alcodiano-a-roger-de-lluria-para-culminar-una-brillante-entrada\\\/#breadcrumb\"},\"inLanguage\":\"es\",\"potentialAction\":[{\"@type\":\"ReadAction\",\"target\":[\"https:\\\/\\\/www.copealcoy.es\\\/es\\\/homenaje-alcodiano-a-roger-de-lluria-para-culminar-una-brillante-entrada\\\/\"]}]},{\"@type\":\"ImageObject\",\"inLanguage\":\"es\",\"@id\":\"https:\\\/\\\/www.copealcoy.es\\\/es\\\/homenaje-alcodiano-a-roger-de-lluria-para-culminar-una-brillante-entrada\\\/#primaryimage\",\"url\":\"https:\\\/\\\/www.copealcoy.es\\\/wp-content\\\/uploads\\\/2023\\\/04\\\/D932C10C-F4D5-41A3-B4B7-9C6B7DB898EE-scaled.jpeg\",\"contentUrl\":\"https:\\\/\\\/www.copealcoy.es\\\/wp-content\\\/uploads\\\/2023\\\/04\\\/D932C10C-F4D5-41A3-B4B7-9C6B7DB898EE-scaled.jpeg\",\"width\":1516,\"height\":1080},{\"@type\":\"BreadcrumbList\",\"@id\":\"https:\\\/\\\/www.copealcoy.es\\\/es\\\/homenaje-alcodiano-a-roger-de-lluria-para-culminar-una-brillante-entrada\\\/#breadcrumb\",\"itemListElement\":[{\"@type\":\"ListItem\",\"position\":1,\"name\":\"Portada\",\"item\":\"https:\\\/\\\/www.copealcoy.es\\\/es\\\/\"},{\"@type\":\"ListItem\",\"position\":2,\"name\":\"Homenaje Alcodiano a Roger de Ll\u00faria para culminar una brillante Entrada\"}]},{\"@type\":\"WebSite\",\"@id\":\"https:\\\/\\\/www.copealcoy.es\\\/es\\\/#website\",\"url\":\"https:\\\/\\\/www.copealcoy.es\\\/es\\\/\",\"name\":\"COPE Alcoy\",\"description\":\"Emisora COPE de radio local con emisi\u00f3n online. Pont de Sant Jordi 8-10 03803 Alcoy\",\"potentialAction\":[{\"@type\":\"SearchAction\",\"target\":{\"@type\":\"EntryPoint\",\"urlTemplate\":\"https:\\\/\\\/www.copealcoy.es\\\/es\\\/?s={search_term_string}\"},\"query-input\":{\"@type\":\"PropertyValueSpecification\",\"valueRequired\":true,\"valueName\":\"search_term_string\"}}],\"inLanguage\":\"es\"},{\"@type\":\"Person\",\"@id\":\"https:\\\/\\\/www.copealcoy.es\\\/es\\\/#\\\/schema\\\/person\\\/e777c87fa024e57d40170af9df39882c\",\"name\":\"Cope Alcoy\",\"image\":{\"@type\":\"ImageObject\",\"inLanguage\":\"es\",\"@id\":\"https:\\\/\\\/secure.gravatar.com\\\/avatar\\\/bb65d0283347e303893ba14f0692005417c1e0e690a325a4c5d8bb2b3943ee14?s=96&d=mm&r=g\",\"url\":\"https:\\\/\\\/secure.gravatar.com\\\/avatar\\\/bb65d0283347e303893ba14f0692005417c1e0e690a325a4c5d8bb2b3943ee14?s=96&d=mm&r=g\",\"contentUrl\":\"https:\\\/\\\/secure.gravatar.com\\\/avatar\\\/bb65d0283347e303893ba14f0692005417c1e0e690a325a4c5d8bb2b3943ee14?s=96&d=mm&r=g\",\"caption\":\"Cope Alcoy\"}}]}<\/script>\n<!-- \/ Yoast SEO plugin. -->","yoast_head_json":{"title":"Homenaje Alcodiano a Roger de Ll\u00faria para culminar una brillante Entrada - COPE Alcoy","robots":{"index":"index","follow":"follow","max-snippet":"max-snippet:-1","max-image-preview":"max-image-preview:large","max-video-preview":"max-video-preview:-1"},"canonical":"https:\/\/www.copealcoy.es\/es\/homenaje-alcodiano-a-roger-de-lluria-para-culminar-una-brillante-entrada\/","og_locale":"es_ES","og_type":"article","og_title":"Homenaje Alcodiano a Roger de Ll\u00faria para culminar una brillante Entrada - COPE Alcoy","og_description":"La Entrada de las tropas cristianas ha finalizado con la llegada de la Fil\u00e0 Alcodianos, formaci\u00f3n que ostenta este a\u00f1o...","og_url":"https:\/\/www.copealcoy.es\/es\/homenaje-alcodiano-a-roger-de-lluria-para-culminar-una-brillante-entrada\/","og_site_name":"COPE Alcoy","article_published_time":"2023-04-22T13:16:43+00:00","article_modified_time":"2023-04-26T18:30:19+00:00","og_image":[{"width":1516,"height":1080,"url":"https:\/\/www.copealcoy.es\/wp-content\/uploads\/2023\/04\/D932C10C-F4D5-41A3-B4B7-9C6B7DB898EE-scaled.jpeg","type":"image\/jpeg"}],"author":"Cope Alcoy","twitter_misc":{"Escrito por":"Cope Alcoy","Tiempo de lectura":"2 minutos"},"schema":{"@context":"https:\/\/schema.org","@graph":[{"@type":"Article","@id":"https:\/\/www.copealcoy.es\/es\/homenaje-alcodiano-a-roger-de-lluria-para-culminar-una-brillante-entrada\/#article","isPartOf":{"@id":"https:\/\/www.copealcoy.es\/es\/homenaje-alcodiano-a-roger-de-lluria-para-culminar-una-brillante-entrada\/"},"author":{"name":"Cope Alcoy","@id":"https:\/\/www.copealcoy.es\/es\/#\/schema\/person\/e777c87fa024e57d40170af9df39882c"},"headline":"Homenaje Alcodiano a Roger de Ll\u00faria para culminar una brillante Entrada","datePublished":"2023-04-22T13:16:43+00:00","dateModified":"2023-04-26T18:30:19+00:00","mainEntityOfPage":{"@id":"https:\/\/www.copealcoy.es\/es\/homenaje-alcodiano-a-roger-de-lluria-para-culminar-una-brillante-entrada\/"},"wordCount":389,"commentCount":0,"image":{"@id":"https:\/\/www.copealcoy.es\/es\/homenaje-alcodiano-a-roger-de-lluria-para-culminar-una-brillante-entrada\/#primaryimage"},"thumbnailUrl":"https:\/\/www.copealcoy.es\/wp-content\/uploads\/2023\/04\/D932C10C-F4D5-41A3-B4B7-9C6B7DB898EE-scaled.jpeg","keywords":["Alcoy","Alf\u00e9rez Cristiano","Entrada","Fiestas","Fil\u00e0 Alcodianos","Miquel Jord\u00e0 Linares","Moros Y Cristianos"],"articleSection":["Actualidad","Alcoy","Fiesta y Cultura","Noticias","Portada"],"inLanguage":"es"},{"@type":"WebPage","@id":"https:\/\/www.copealcoy.es\/es\/homenaje-alcodiano-a-roger-de-lluria-para-culminar-una-brillante-entrada\/","url":"https:\/\/www.copealcoy.es\/es\/homenaje-alcodiano-a-roger-de-lluria-para-culminar-una-brillante-entrada\/","name":"Homenaje Alcodiano a Roger de Ll\u00faria para culminar una brillante Entrada - COPE Alcoy","isPartOf":{"@id":"https:\/\/www.copealcoy.es\/es\/#website"},"primaryImageOfPage":{"@id":"https:\/\/www.copealcoy.es\/es\/homenaje-alcodiano-a-roger-de-lluria-para-culminar-una-brillante-entrada\/#primaryimage"},"image":{"@id":"https:\/\/www.copealcoy.es\/es\/homenaje-alcodiano-a-roger-de-lluria-para-culminar-una-brillante-entrada\/#primaryimage"},"thumbnailUrl":"https:\/\/www.copealcoy.es\/wp-content\/uploads\/2023\/04\/D932C10C-F4D5-41A3-B4B7-9C6B7DB898EE-scaled.jpeg","datePublished":"2023-04-22T13:16:43+00:00","dateModified":"2023-04-26T18:30:19+00:00","author":{"@id":"https:\/\/www.copealcoy.es\/es\/#\/schema\/person\/e777c87fa024e57d40170af9df39882c"},"breadcrumb":{"@id":"https:\/\/www.copealcoy.es\/es\/homenaje-alcodiano-a-roger-de-lluria-para-culminar-una-brillante-entrada\/#breadcrumb"},"inLanguage":"es","potentialAction":[{"@type":"ReadAction","target":["https:\/\/www.copealcoy.es\/es\/homenaje-alcodiano-a-roger-de-lluria-para-culminar-una-brillante-entrada\/"]}]},{"@type":"ImageObject","inLanguage":"es","@id":"https:\/\/www.copealcoy.es\/es\/homenaje-alcodiano-a-roger-de-lluria-para-culminar-una-brillante-entrada\/#primaryimage","url":"https:\/\/www.copealcoy.es\/wp-content\/uploads\/2023\/04\/D932C10C-F4D5-41A3-B4B7-9C6B7DB898EE-scaled.jpeg","contentUrl":"https:\/\/www.copealcoy.es\/wp-content\/uploads\/2023\/04\/D932C10C-F4D5-41A3-B4B7-9C6B7DB898EE-scaled.jpeg","width":1516,"height":1080},{"@type":"BreadcrumbList","@id":"https:\/\/www.copealcoy.es\/es\/homenaje-alcodiano-a-roger-de-lluria-para-culminar-una-brillante-entrada\/#breadcrumb","itemListElement":[{"@type":"ListItem","position":1,"name":"Portada","item":"https:\/\/www.copealcoy.es\/es\/"},{"@type":"ListItem","position":2,"name":"Homenaje Alcodiano a Roger de Ll\u00faria para culminar una brillante Entrada"}]},{"@type":"WebSite","@id":"https:\/\/www.copealcoy.es\/es\/#website","url":"https:\/\/www.copealcoy.es\/es\/","name":"COPE Alcoy","description":"Emisora COPE de radio local con emisi\u00f3n online. Pont de Sant Jordi 8-10 03803 Alcoy","potentialAction":[{"@type":"SearchAction","target":{"@type":"EntryPoint","urlTemplate":"https:\/\/www.copealcoy.es\/es\/?s={search_term_string}"},"query-input":{"@type":"PropertyValueSpecification","valueRequired":true,"valueName":"search_term_string"}}],"inLanguage":"es"},{"@type":"Person","@id":"https:\/\/www.copealcoy.es\/es\/#\/schema\/person\/e777c87fa024e57d40170af9df39882c","name":"Cope Alcoy","image":{"@type":"ImageObject","inLanguage":"es","@id":"https:\/\/secure.gravatar.com\/avatar\/bb65d0283347e303893ba14f0692005417c1e0e690a325a4c5d8bb2b3943ee14?s=96&d=mm&r=g","url":"https:\/\/secure.gravatar.com\/avatar\/bb65d0283347e303893ba14f0692005417c1e0e690a325a4c5d8bb2b3943ee14?s=96&d=mm&r=g","contentUrl":"https:\/\/secure.gravatar.com\/avatar\/bb65d0283347e303893ba14f0692005417c1e0e690a325a4c5d8bb2b3943ee14?s=96&d=mm&r=g","caption":"Cope Alcoy"}}]}},"_links":{"self":[{"href":"https:\/\/www.copealcoy.es\/es\/wp-json\/wp\/v2\/posts\/114431","targetHints":{"allow":["GET"]}}],"collection":[{"href":"https:\/\/www.copealcoy.es\/es\/wp-json\/wp\/v2\/posts"}],"about":[{"href":"https:\/\/www.copealcoy.es\/es\/wp-json\/wp\/v2\/types\/post"}],"author":[{"embeddable":true,"href":"https:\/\/www.copealcoy.es\/es\/wp-json\/wp\/v2\/users\/1"}],"replies":[{"embeddable":true,"href":"https:\/\/www.copealcoy.es\/es\/wp-json\/wp\/v2\/comments?post=114431"}],"version-history":[{"count":0,"href":"https:\/\/www.copealcoy.es\/es\/wp-json\/wp\/v2\/posts\/114431\/revisions"}],"wp:featuredmedia":[{"embeddable":true,"href":"https:\/\/www.copealcoy.es\/es\/wp-json\/wp\/v2\/media\/114468"}],"wp:attachment":[{"href":"https:\/\/www.copealcoy.es\/es\/wp-json\/wp\/v2\/media?parent=114431"}],"wp:term":[{"taxonomy":"category","embeddable":true,"href":"https:\/\/www.copealcoy.es\/es\/wp-json\/wp\/v2\/categories?post=114431"},{"taxonomy":"post_tag","embeddable":true,"href":"https:\/\/www.copealcoy.es\/es\/wp-json\/wp\/v2\/tags?post=114431"}],"curies":[{"name":"wp","href":"https:\/\/api.w.org\/{rel}","templated":true}]}}