{"id":114370,"date":"2023-04-21T09:58:18","date_gmt":"2023-04-21T08:58:18","guid":{"rendered":"https:\/\/www.copealcoy.es\/?p=114370"},"modified":"2023-04-21T10:14:20","modified_gmt":"2023-04-21T09:14:20","slug":"silvia-gomez-dirigir-el-himno-de-fiestas-de-alcoy-es-un-momento-unico","status":"publish","type":"post","link":"https:\/\/www.copealcoy.es\/es\/silvia-gomez-dirigir-el-himno-de-fiestas-de-alcoy-es-un-momento-unico\/","title":{"rendered":"Silvia G\u00f3mez &#8220;dirigir el Himno de Fiestas de Alcoy es un momento \u00fanico&#8221;"},"content":{"rendered":"<p style=\"text-align: justify;\">Alcoy <strong>ya ultima los preparativos para vivir las Fiestas de Moros y Cristianos del 2023<\/strong> en honor a San Jorge. La ciudad <strong>se adentra a partir de hoy en pr\u00e1cticamente cuatro intensas jornadas<\/strong> en las que se rendir\u00e1 homenaje al patr\u00f3n pero tambi\u00e9n se recordar\u00e1 la batalla por la toma de la Villa que protagonizaron las tropas de la cruz y las huestes de la media luna en 1276.<\/p>\n<p style=\"text-align: justify;\">Los actos arrancan esta tarde, a partir de las 19:00h, con <strong>la Fiesta del Pasodoble<\/strong> para la que <strong>est\u00e1n confirmadas un total de 23 bandas de m\u00fasica<\/strong>. Todas ellas desfilar\u00e1n desde El Parterre hasta la Plaza de Espa\u00f1a donde, minutos antes de las nueve de la noche, <strong>se interpretar\u00e1 con fuerza el Himno de Fiestas<\/strong>. La pianista y Asesora Musical de la Asociaci\u00f3n de San Jorge,<strong> S\u00edlvia G\u00f3mez Maestro<\/strong>, ser\u00e1 quien dirija en estos instantes a una de las corales m\u00e1s grandes del mundo &#8220;<em>es un momento m\u00e1gico porque se entremezclan sentimientos, ganas de fiesta, alegr\u00eda, a\u00f1oranza y amor por la m\u00fasica. Espero vivirlo con mucha emoci\u00f3n y estoy segura que ser\u00e1 un momento imborrable en mi vida<\/em>&#8220;, <a href=\"https:\/\/www.copealcoy.es\/la-nostra-festa-miercoles-29-de-marzo-2023\/\" target=\"_blank\" rel=\"noopener\"><strong><span style=\"color: #0000ff;\">manifestaba en el espacio #LaNostraFesta de COPE ALCOY<\/span><\/strong><\/a> que conduce nuestro compa\u00f1ero Carlos Tal\u00e9ns.<\/p>\n<p style=\"text-align: justify;\">La <strong>Nit de l&#8217;Olla<\/strong> en las Filaes, con <strong>las \u00faltimas &#8216;Entraetes&#8217;<\/strong> del ciclo festero, cerrar\u00e1n las primeras horas de las Fiestas y dar\u00e1n paso a una ansiada trilog\u00eda en la que se espera una gran participaci\u00f3n. Adem\u00e1s <strong>600 efectivos de seguridad<\/strong> velar\u00e1n durante cada jornada para que todos los actos e iniciativas de ocio transcurran con plena normalidad.<\/p>\n<p><span style=\"color: #0000ff;\"><strong>M\u00e1s de 15.000 personas en las Entradas\u00a0<\/strong><\/span><\/p>\n<p style=\"text-align: justify;\">El 22 de abril <strong>volver\u00e1 a ser uno de los d\u00edas m\u00e1s significativos de los Moros y Cristianos<\/strong>. Las Entradas esperan este a\u00f1o una participaci\u00f3n de r\u00e9cord, <strong>con m\u00e1s de 15.000 personas<\/strong>, y el hecho de coincidir tambi\u00e9n en una jornada casi festiva <strong>augura una gran presencia de p\u00fablico<\/strong>. La jornada arrancar\u00e1 a las 05:00h con <strong>la &#8216;Misa del Fester&#8217;<\/strong> en la iglesia de Santa Mar\u00eda y sobre las 05:45h dar\u00e1 inicio la esperada <strong>Primera Diana<\/strong>. La <strong>Entrada Cristiana<\/strong> arrancar\u00e1 a las 10:30h desde lo alto del Partidor y todas las miradas estar\u00e1n puestas en la Jes\u00fas Mullor Masanet, Capit\u00e1n Cristiano de los Cruzados, as\u00ed como en Miquel Jord\u00e0 Linares que desempe\u00f1a el cargo de Alf\u00e9rez por la Fil\u00e0 Alcodianos. Los Guzmanes sacan a la calle la Escuadra del Mig, los Monta\u00f1eses una especial por su centenario y <strong>en los Andaluces veremos a Nicol\u00e1s S\u00e1nchez Linares; Sant Jordiet 2023<\/strong>.\u00a0El <strong>desfile de las fuerzas mahometanas<\/strong> comenzar\u00e1 a las 17:00h, tambi\u00e9n desde El Partidor, y esta vez acaparar\u00e1n toda la atenci\u00f3n Salvador Mic\u00f3 Carmona, Capit\u00e1n Moro de los Ligeros, y Alfonso Caerols que es el Alf\u00e9rez de los Mud\u00e9jares. Los Jud\u00edos marcar\u00e1n el ecuador de la Entrada de las huestes de la media luna con su Escuadra del Mig.<\/p>\n<p style=\"text-align: justify;\">Las Fiestas de Alcoy seguir\u00e1n el domingo con<strong> la conmemoraci\u00f3n de la festividad de San Jorge<\/strong>. En este d\u00eda destacan actos religiosos como la matinal procesi\u00f3n de La Reliquia, la Misa Mayor o la procesi\u00f3n general de la tarde en la que saldr\u00e1 a la calle la imagen ecuestre del insigne m\u00e1rtir. El disparo de una masclet\u00e0 a mediod\u00eda junto a la humor\u00edstica retreta de la noche completar\u00e1n la programaci\u00f3n del d\u00eda central de la trilog\u00eda.<\/p>\n<p style=\"text-align: justify;\">Finalmente el lunes 24 de abril <strong>destacar\u00e1n las Embajadas Mora y Cristiana<\/strong>, que protagonizar\u00e1n respectivamente \u00d3scar Mart\u00ednez y Antonio Delgado, mientras que en las batallas de arcabucer\u00eda se quemar\u00e1n m\u00e1s de tres mil quilos de p\u00f3lvora. La Aparici\u00f3n sobre las almenas del castillo de Nicol\u00e1s S\u00e1nchez Linares, Sant Jordiet 2023, culminar\u00e1 unos festejos que <strong>son un aut\u00e9ntico motor econ\u00f3mico para la capital de l&#8217;Alcoi\u00e0<\/strong>. En nuestra web,<strong> www.copealcoy.es<\/strong>, podr\u00e1s seguir con todo detalle la evoluci\u00f3n de cada acto festero.<\/p>\n","protected":false},"excerpt":{"rendered":"<p>Alcoy ya ultima los preparativos para vivir las Fiestas de Moros y Cristianos del 2023 en honor a San Jorge&#8230;.<\/p>\n","protected":false},"author":1,"featured_media":114375,"comment_status":"open","ping_status":"open","sticky":false,"template":"","format":"standard","meta":{"footnotes":""},"categories":[6909,97,78,75,125],"tags":[],"class_list":["post-114370","post","type-post","status-publish","format-standard","has-post-thumbnail","hentry","category-actualidad","category-alcoy","category-fiestaycultura","category-noticias","category-portada"],"yoast_head":"<!-- This site is optimized with the Yoast SEO plugin v27.3 - https:\/\/yoast.com\/product\/yoast-seo-wordpress\/ -->\n<title>Silvia G\u00f3mez &quot;dirigir el Himno de Fiestas de Alcoy es un momento \u00fanico&quot; - COPE Alcoy<\/title>\n<meta name=\"description\" content=\"Alcoy ya ultima los preparativos para vivir las Fiestas de Moros y Cristianos del 2023 en honor a San Jorge\" \/>\n<meta name=\"robots\" content=\"index, follow, max-snippet:-1, max-image-preview:large, max-video-preview:-1\" \/>\n<link rel=\"canonical\" href=\"https:\/\/www.copealcoy.es\/es\/silvia-gomez-dirigir-el-himno-de-fiestas-de-alcoy-es-un-momento-unico\/\" \/>\n<meta property=\"og:locale\" content=\"es_ES\" \/>\n<meta property=\"og:type\" content=\"article\" \/>\n<meta property=\"og:title\" content=\"Silvia G\u00f3mez &quot;dirigir el Himno de Fiestas de Alcoy es un momento \u00fanico&quot; - COPE Alcoy\" \/>\n<meta property=\"og:description\" content=\"Alcoy ya ultima los preparativos para vivir las Fiestas de Moros y Cristianos del 2023 en honor a San Jorge\" \/>\n<meta property=\"og:url\" content=\"https:\/\/www.copealcoy.es\/es\/silvia-gomez-dirigir-el-himno-de-fiestas-de-alcoy-es-un-momento-unico\/\" \/>\n<meta property=\"og:site_name\" content=\"COPE Alcoy\" \/>\n<meta property=\"article:published_time\" content=\"2023-04-21T08:58:18+00:00\" \/>\n<meta property=\"article:modified_time\" content=\"2023-04-21T09:14:20+00:00\" \/>\n<meta property=\"og:image\" content=\"https:\/\/www.copealcoy.es\/wp-content\/uploads\/2023\/04\/Sin-titulo-1-960x591-2.png\" \/>\n\t<meta property=\"og:image:width\" content=\"957\" \/>\n\t<meta property=\"og:image:height\" content=\"487\" \/>\n\t<meta property=\"og:image:type\" content=\"image\/png\" \/>\n<meta name=\"author\" content=\"Cope Alcoy\" \/>\n<meta name=\"twitter:label1\" content=\"Escrito por\" \/>\n\t<meta name=\"twitter:data1\" content=\"Cope Alcoy\" \/>\n\t<meta name=\"twitter:label2\" content=\"Tiempo de lectura\" \/>\n\t<meta name=\"twitter:data2\" content=\"3 minutos\" \/>\n<script type=\"application\/ld+json\" class=\"yoast-schema-graph\">{\"@context\":\"https:\\\/\\\/schema.org\",\"@graph\":[{\"@type\":\"Article\",\"@id\":\"https:\\\/\\\/www.copealcoy.es\\\/es\\\/silvia-gomez-dirigir-el-himno-de-fiestas-de-alcoy-es-un-momento-unico\\\/#article\",\"isPartOf\":{\"@id\":\"https:\\\/\\\/www.copealcoy.es\\\/es\\\/silvia-gomez-dirigir-el-himno-de-fiestas-de-alcoy-es-un-momento-unico\\\/\"},\"author\":{\"name\":\"Cope Alcoy\",\"@id\":\"https:\\\/\\\/www.copealcoy.es\\\/es\\\/#\\\/schema\\\/person\\\/e777c87fa024e57d40170af9df39882c\"},\"headline\":\"Silvia G\u00f3mez &#8220;dirigir el Himno de Fiestas de Alcoy es un momento \u00fanico&#8221;\",\"datePublished\":\"2023-04-21T08:58:18+00:00\",\"dateModified\":\"2023-04-21T09:14:20+00:00\",\"mainEntityOfPage\":{\"@id\":\"https:\\\/\\\/www.copealcoy.es\\\/es\\\/silvia-gomez-dirigir-el-himno-de-fiestas-de-alcoy-es-un-momento-unico\\\/\"},\"wordCount\":713,\"commentCount\":0,\"image\":{\"@id\":\"https:\\\/\\\/www.copealcoy.es\\\/es\\\/silvia-gomez-dirigir-el-himno-de-fiestas-de-alcoy-es-un-momento-unico\\\/#primaryimage\"},\"thumbnailUrl\":\"https:\\\/\\\/www.copealcoy.es\\\/wp-content\\\/uploads\\\/2023\\\/04\\\/Sin-titulo-1-960x591-2.png\",\"articleSection\":[\"Actualidad\",\"Alcoy\",\"Fiesta y Cultura\",\"Noticias\",\"Portada\"],\"inLanguage\":\"es\"},{\"@type\":\"WebPage\",\"@id\":\"https:\\\/\\\/www.copealcoy.es\\\/es\\\/silvia-gomez-dirigir-el-himno-de-fiestas-de-alcoy-es-un-momento-unico\\\/\",\"url\":\"https:\\\/\\\/www.copealcoy.es\\\/es\\\/silvia-gomez-dirigir-el-himno-de-fiestas-de-alcoy-es-un-momento-unico\\\/\",\"name\":\"Silvia G\u00f3mez \\\"dirigir el Himno de Fiestas de Alcoy es un momento \u00fanico\\\" - COPE Alcoy\",\"isPartOf\":{\"@id\":\"https:\\\/\\\/www.copealcoy.es\\\/es\\\/#website\"},\"primaryImageOfPage\":{\"@id\":\"https:\\\/\\\/www.copealcoy.es\\\/es\\\/silvia-gomez-dirigir-el-himno-de-fiestas-de-alcoy-es-un-momento-unico\\\/#primaryimage\"},\"image\":{\"@id\":\"https:\\\/\\\/www.copealcoy.es\\\/es\\\/silvia-gomez-dirigir-el-himno-de-fiestas-de-alcoy-es-un-momento-unico\\\/#primaryimage\"},\"thumbnailUrl\":\"https:\\\/\\\/www.copealcoy.es\\\/wp-content\\\/uploads\\\/2023\\\/04\\\/Sin-titulo-1-960x591-2.png\",\"datePublished\":\"2023-04-21T08:58:18+00:00\",\"dateModified\":\"2023-04-21T09:14:20+00:00\",\"author\":{\"@id\":\"https:\\\/\\\/www.copealcoy.es\\\/es\\\/#\\\/schema\\\/person\\\/e777c87fa024e57d40170af9df39882c\"},\"description\":\"Alcoy ya ultima los preparativos para vivir las Fiestas de Moros y Cristianos del 2023 en honor a San Jorge\",\"breadcrumb\":{\"@id\":\"https:\\\/\\\/www.copealcoy.es\\\/es\\\/silvia-gomez-dirigir-el-himno-de-fiestas-de-alcoy-es-un-momento-unico\\\/#breadcrumb\"},\"inLanguage\":\"es\",\"potentialAction\":[{\"@type\":\"ReadAction\",\"target\":[\"https:\\\/\\\/www.copealcoy.es\\\/es\\\/silvia-gomez-dirigir-el-himno-de-fiestas-de-alcoy-es-un-momento-unico\\\/\"]}]},{\"@type\":\"ImageObject\",\"inLanguage\":\"es\",\"@id\":\"https:\\\/\\\/www.copealcoy.es\\\/es\\\/silvia-gomez-dirigir-el-himno-de-fiestas-de-alcoy-es-un-momento-unico\\\/#primaryimage\",\"url\":\"https:\\\/\\\/www.copealcoy.es\\\/wp-content\\\/uploads\\\/2023\\\/04\\\/Sin-titulo-1-960x591-2.png\",\"contentUrl\":\"https:\\\/\\\/www.copealcoy.es\\\/wp-content\\\/uploads\\\/2023\\\/04\\\/Sin-titulo-1-960x591-2.png\",\"width\":957,\"height\":487},{\"@type\":\"BreadcrumbList\",\"@id\":\"https:\\\/\\\/www.copealcoy.es\\\/es\\\/silvia-gomez-dirigir-el-himno-de-fiestas-de-alcoy-es-un-momento-unico\\\/#breadcrumb\",\"itemListElement\":[{\"@type\":\"ListItem\",\"position\":1,\"name\":\"Portada\",\"item\":\"https:\\\/\\\/www.copealcoy.es\\\/es\\\/\"},{\"@type\":\"ListItem\",\"position\":2,\"name\":\"Silvia G\u00f3mez \u00abdirigir el Himno de Fiestas de Alcoy es un momento \u00fanico\u00bb\"}]},{\"@type\":\"WebSite\",\"@id\":\"https:\\\/\\\/www.copealcoy.es\\\/es\\\/#website\",\"url\":\"https:\\\/\\\/www.copealcoy.es\\\/es\\\/\",\"name\":\"COPE Alcoy\",\"description\":\"Emisora COPE de radio local con emisi\u00f3n online. Pont de Sant Jordi 8-10 03803 Alcoy\",\"potentialAction\":[{\"@type\":\"SearchAction\",\"target\":{\"@type\":\"EntryPoint\",\"urlTemplate\":\"https:\\\/\\\/www.copealcoy.es\\\/es\\\/?s={search_term_string}\"},\"query-input\":{\"@type\":\"PropertyValueSpecification\",\"valueRequired\":true,\"valueName\":\"search_term_string\"}}],\"inLanguage\":\"es\"},{\"@type\":\"Person\",\"@id\":\"https:\\\/\\\/www.copealcoy.es\\\/es\\\/#\\\/schema\\\/person\\\/e777c87fa024e57d40170af9df39882c\",\"name\":\"Cope Alcoy\",\"image\":{\"@type\":\"ImageObject\",\"inLanguage\":\"es\",\"@id\":\"https:\\\/\\\/secure.gravatar.com\\\/avatar\\\/bb65d0283347e303893ba14f0692005417c1e0e690a325a4c5d8bb2b3943ee14?s=96&d=mm&r=g\",\"url\":\"https:\\\/\\\/secure.gravatar.com\\\/avatar\\\/bb65d0283347e303893ba14f0692005417c1e0e690a325a4c5d8bb2b3943ee14?s=96&d=mm&r=g\",\"contentUrl\":\"https:\\\/\\\/secure.gravatar.com\\\/avatar\\\/bb65d0283347e303893ba14f0692005417c1e0e690a325a4c5d8bb2b3943ee14?s=96&d=mm&r=g\",\"caption\":\"Cope Alcoy\"}}]}<\/script>\n<!-- \/ Yoast SEO plugin. -->","yoast_head_json":{"title":"Silvia G\u00f3mez \"dirigir el Himno de Fiestas de Alcoy es un momento \u00fanico\" - COPE Alcoy","description":"Alcoy ya ultima los preparativos para vivir las Fiestas de Moros y Cristianos del 2023 en honor a San Jorge","robots":{"index":"index","follow":"follow","max-snippet":"max-snippet:-1","max-image-preview":"max-image-preview:large","max-video-preview":"max-video-preview:-1"},"canonical":"https:\/\/www.copealcoy.es\/es\/silvia-gomez-dirigir-el-himno-de-fiestas-de-alcoy-es-un-momento-unico\/","og_locale":"es_ES","og_type":"article","og_title":"Silvia G\u00f3mez \"dirigir el Himno de Fiestas de Alcoy es un momento \u00fanico\" - COPE Alcoy","og_description":"Alcoy ya ultima los preparativos para vivir las Fiestas de Moros y Cristianos del 2023 en honor a San Jorge","og_url":"https:\/\/www.copealcoy.es\/es\/silvia-gomez-dirigir-el-himno-de-fiestas-de-alcoy-es-un-momento-unico\/","og_site_name":"COPE Alcoy","article_published_time":"2023-04-21T08:58:18+00:00","article_modified_time":"2023-04-21T09:14:20+00:00","og_image":[{"width":957,"height":487,"url":"https:\/\/www.copealcoy.es\/wp-content\/uploads\/2023\/04\/Sin-titulo-1-960x591-2.png","type":"image\/png"}],"author":"Cope Alcoy","twitter_misc":{"Escrito por":"Cope Alcoy","Tiempo de lectura":"3 minutos"},"schema":{"@context":"https:\/\/schema.org","@graph":[{"@type":"Article","@id":"https:\/\/www.copealcoy.es\/es\/silvia-gomez-dirigir-el-himno-de-fiestas-de-alcoy-es-un-momento-unico\/#article","isPartOf":{"@id":"https:\/\/www.copealcoy.es\/es\/silvia-gomez-dirigir-el-himno-de-fiestas-de-alcoy-es-un-momento-unico\/"},"author":{"name":"Cope Alcoy","@id":"https:\/\/www.copealcoy.es\/es\/#\/schema\/person\/e777c87fa024e57d40170af9df39882c"},"headline":"Silvia G\u00f3mez &#8220;dirigir el Himno de Fiestas de Alcoy es un momento \u00fanico&#8221;","datePublished":"2023-04-21T08:58:18+00:00","dateModified":"2023-04-21T09:14:20+00:00","mainEntityOfPage":{"@id":"https:\/\/www.copealcoy.es\/es\/silvia-gomez-dirigir-el-himno-de-fiestas-de-alcoy-es-un-momento-unico\/"},"wordCount":713,"commentCount":0,"image":{"@id":"https:\/\/www.copealcoy.es\/es\/silvia-gomez-dirigir-el-himno-de-fiestas-de-alcoy-es-un-momento-unico\/#primaryimage"},"thumbnailUrl":"https:\/\/www.copealcoy.es\/wp-content\/uploads\/2023\/04\/Sin-titulo-1-960x591-2.png","articleSection":["Actualidad","Alcoy","Fiesta y Cultura","Noticias","Portada"],"inLanguage":"es"},{"@type":"WebPage","@id":"https:\/\/www.copealcoy.es\/es\/silvia-gomez-dirigir-el-himno-de-fiestas-de-alcoy-es-un-momento-unico\/","url":"https:\/\/www.copealcoy.es\/es\/silvia-gomez-dirigir-el-himno-de-fiestas-de-alcoy-es-un-momento-unico\/","name":"Silvia G\u00f3mez \"dirigir el Himno de Fiestas de Alcoy es un momento \u00fanico\" - COPE Alcoy","isPartOf":{"@id":"https:\/\/www.copealcoy.es\/es\/#website"},"primaryImageOfPage":{"@id":"https:\/\/www.copealcoy.es\/es\/silvia-gomez-dirigir-el-himno-de-fiestas-de-alcoy-es-un-momento-unico\/#primaryimage"},"image":{"@id":"https:\/\/www.copealcoy.es\/es\/silvia-gomez-dirigir-el-himno-de-fiestas-de-alcoy-es-un-momento-unico\/#primaryimage"},"thumbnailUrl":"https:\/\/www.copealcoy.es\/wp-content\/uploads\/2023\/04\/Sin-titulo-1-960x591-2.png","datePublished":"2023-04-21T08:58:18+00:00","dateModified":"2023-04-21T09:14:20+00:00","author":{"@id":"https:\/\/www.copealcoy.es\/es\/#\/schema\/person\/e777c87fa024e57d40170af9df39882c"},"description":"Alcoy ya ultima los preparativos para vivir las Fiestas de Moros y Cristianos del 2023 en honor a San Jorge","breadcrumb":{"@id":"https:\/\/www.copealcoy.es\/es\/silvia-gomez-dirigir-el-himno-de-fiestas-de-alcoy-es-un-momento-unico\/#breadcrumb"},"inLanguage":"es","potentialAction":[{"@type":"ReadAction","target":["https:\/\/www.copealcoy.es\/es\/silvia-gomez-dirigir-el-himno-de-fiestas-de-alcoy-es-un-momento-unico\/"]}]},{"@type":"ImageObject","inLanguage":"es","@id":"https:\/\/www.copealcoy.es\/es\/silvia-gomez-dirigir-el-himno-de-fiestas-de-alcoy-es-un-momento-unico\/#primaryimage","url":"https:\/\/www.copealcoy.es\/wp-content\/uploads\/2023\/04\/Sin-titulo-1-960x591-2.png","contentUrl":"https:\/\/www.copealcoy.es\/wp-content\/uploads\/2023\/04\/Sin-titulo-1-960x591-2.png","width":957,"height":487},{"@type":"BreadcrumbList","@id":"https:\/\/www.copealcoy.es\/es\/silvia-gomez-dirigir-el-himno-de-fiestas-de-alcoy-es-un-momento-unico\/#breadcrumb","itemListElement":[{"@type":"ListItem","position":1,"name":"Portada","item":"https:\/\/www.copealcoy.es\/es\/"},{"@type":"ListItem","position":2,"name":"Silvia G\u00f3mez \u00abdirigir el Himno de Fiestas de Alcoy es un momento \u00fanico\u00bb"}]},{"@type":"WebSite","@id":"https:\/\/www.copealcoy.es\/es\/#website","url":"https:\/\/www.copealcoy.es\/es\/","name":"COPE Alcoy","description":"Emisora COPE de radio local con emisi\u00f3n online. Pont de Sant Jordi 8-10 03803 Alcoy","potentialAction":[{"@type":"SearchAction","target":{"@type":"EntryPoint","urlTemplate":"https:\/\/www.copealcoy.es\/es\/?s={search_term_string}"},"query-input":{"@type":"PropertyValueSpecification","valueRequired":true,"valueName":"search_term_string"}}],"inLanguage":"es"},{"@type":"Person","@id":"https:\/\/www.copealcoy.es\/es\/#\/schema\/person\/e777c87fa024e57d40170af9df39882c","name":"Cope Alcoy","image":{"@type":"ImageObject","inLanguage":"es","@id":"https:\/\/secure.gravatar.com\/avatar\/bb65d0283347e303893ba14f0692005417c1e0e690a325a4c5d8bb2b3943ee14?s=96&d=mm&r=g","url":"https:\/\/secure.gravatar.com\/avatar\/bb65d0283347e303893ba14f0692005417c1e0e690a325a4c5d8bb2b3943ee14?s=96&d=mm&r=g","contentUrl":"https:\/\/secure.gravatar.com\/avatar\/bb65d0283347e303893ba14f0692005417c1e0e690a325a4c5d8bb2b3943ee14?s=96&d=mm&r=g","caption":"Cope Alcoy"}}]}},"_links":{"self":[{"href":"https:\/\/www.copealcoy.es\/es\/wp-json\/wp\/v2\/posts\/114370","targetHints":{"allow":["GET"]}}],"collection":[{"href":"https:\/\/www.copealcoy.es\/es\/wp-json\/wp\/v2\/posts"}],"about":[{"href":"https:\/\/www.copealcoy.es\/es\/wp-json\/wp\/v2\/types\/post"}],"author":[{"embeddable":true,"href":"https:\/\/www.copealcoy.es\/es\/wp-json\/wp\/v2\/users\/1"}],"replies":[{"embeddable":true,"href":"https:\/\/www.copealcoy.es\/es\/wp-json\/wp\/v2\/comments?post=114370"}],"version-history":[{"count":0,"href":"https:\/\/www.copealcoy.es\/es\/wp-json\/wp\/v2\/posts\/114370\/revisions"}],"wp:featuredmedia":[{"embeddable":true,"href":"https:\/\/www.copealcoy.es\/es\/wp-json\/wp\/v2\/media\/114375"}],"wp:attachment":[{"href":"https:\/\/www.copealcoy.es\/es\/wp-json\/wp\/v2\/media?parent=114370"}],"wp:term":[{"taxonomy":"category","embeddable":true,"href":"https:\/\/www.copealcoy.es\/es\/wp-json\/wp\/v2\/categories?post=114370"},{"taxonomy":"post_tag","embeddable":true,"href":"https:\/\/www.copealcoy.es\/es\/wp-json\/wp\/v2\/tags?post=114370"}],"curies":[{"name":"wp","href":"https:\/\/api.w.org\/{rel}","templated":true}]}}