{"id":114297,"date":"2023-04-21T09:15:24","date_gmt":"2023-04-21T08:15:24","guid":{"rendered":"https:\/\/www.copealcoy.es\/?p=114297"},"modified":"2023-04-21T09:28:25","modified_gmt":"2023-04-21T08:28:25","slug":"alcoy-podria-estar-mejor-comunicado-para-los-estudiantes","status":"publish","type":"post","link":"https:\/\/www.copealcoy.es\/es\/alcoy-podria-estar-mejor-comunicado-para-los-estudiantes\/","title":{"rendered":"Alcoy podr\u00eda estar mejor comunicado para los estudiantes"},"content":{"rendered":"<p style=\"text-align: justify;\">Que los estudiantes tengan <strong>mejores comunicaciones con la ciudad<\/strong>. Esta ha sido una de las reivindicaciones que han hecho los partidos pol\u00edticos que han participado este jueves en el <span style=\"color: #000080;\"><a style=\"color: #000080;\" href=\"https:\/\/www.copealcoy.es\/debate-sectorial-comunicaciones-jueves-20-de-abril-2023\/\" target=\"_blank\" rel=\"noopener\">debate sectorial que ha organizado <strong>Cope Alcoy<\/strong><\/a><\/span>.<\/p>\n<p style=\"text-align: justify;\">Para <strong>Podem Alcoi<\/strong> resulta necesario que se <strong>mejore el servicio de autob\u00fas<\/strong> que conecta la ciudad con la <strong>Universidad de Alicante (UA)<\/strong>, seg\u00fan ha manifestado <strong>Aar\u00f3n Ferr\u00e1ndiz<\/strong>, edil de Podem en el Ayuntamiento.<\/p>\n<audio class=\"wp-audio-shortcode\" id=\"audio-114297-1\" preload=\"none\" style=\"width: 100%;\" controls=\"controls\"><source type=\"audio\/mpeg\" src=\"https:\/\/www.copealcoy.es\/wp-content\/uploads\/2023\/04\/2023.04.20.-ARRON-PODEM-BUS.mp3?_=1\" \/><a href=\"https:\/\/www.copealcoy.es\/wp-content\/uploads\/2023\/04\/2023.04.20.-ARRON-PODEM-BUS.mp3\">https:\/\/www.copealcoy.es\/wp-content\/uploads\/2023\/04\/2023.04.20.-ARRON-PODEM-BUS.mp3<\/a><\/audio>\n<p>&nbsp;<\/p>\n<p style=\"text-align: justify;\">Todo ello, insiste Ferr\u00e1ndiz, a pesar de que s\u00ed se ha mejorado el transporte y la comunicaci\u00f3n con otras localidades en las que se desarrolla Formaci\u00f3n Profesional.<\/p>\n<p style=\"text-align: justify;\">Sin embargo, desde los partidos creen que no solo hay que promover iniciativas para los estudiantes que marchan a otros municipios a estudiar. Tambi\u00e9n para <strong>los que llegan a nuestra ciudad<\/strong>. Para <strong>Marcos Mart\u00ednez<\/strong>, candidato de <strong>ADIN <\/strong>a la alcald\u00eda, es necesario que tanto el autob\u00fas como el tren se adapten a las necesidades de quienes vienen a Alcoy.<\/p>\n<audio class=\"wp-audio-shortcode\" id=\"audio-114297-2\" preload=\"none\" style=\"width: 100%;\" controls=\"controls\"><source type=\"audio\/mpeg\" src=\"https:\/\/www.copealcoy.es\/wp-content\/uploads\/2023\/04\/2023.04.20.-MARCOS-ADIN-UNI.mp3?_=2\" \/><a href=\"https:\/\/www.copealcoy.es\/wp-content\/uploads\/2023\/04\/2023.04.20.-MARCOS-ADIN-UNI.mp3\">https:\/\/www.copealcoy.es\/wp-content\/uploads\/2023\/04\/2023.04.20.-MARCOS-ADIN-UNI.mp3<\/a><\/audio>\n<p>&nbsp;<\/p>\n<p style=\"text-align: justify;\">En este sentido, desde <strong>Guanyar Alcoi<\/strong> tambi\u00e9n proponen <strong>conectar mejor el ferrocarril con otros puntos de la ciudad<\/strong>. Y, en ello, el servicio de autob\u00fas juega un papel fundamental. <strong>Sergi Rodr\u00edguez<\/strong>, candidato de la plataforma municipal a la alcald\u00eda de Alcoy.<\/p>\n<audio class=\"wp-audio-shortcode\" id=\"audio-114297-3\" preload=\"none\" style=\"width: 100%;\" controls=\"controls\"><source type=\"audio\/mpeg\" src=\"https:\/\/www.copealcoy.es\/wp-content\/uploads\/2023\/04\/2023.04.20-SERGI-GUANYAR-BUS-MEDIODIA.mp3?_=3\" \/><a href=\"https:\/\/www.copealcoy.es\/wp-content\/uploads\/2023\/04\/2023.04.20-SERGI-GUANYAR-BUS-MEDIODIA.mp3\">https:\/\/www.copealcoy.es\/wp-content\/uploads\/2023\/04\/2023.04.20-SERGI-GUANYAR-BUS-MEDIODIA.mp3<\/a><\/audio>\n<p style=\"text-align: justify;\">\n<p style=\"text-align: justify;\">Todo ello se resume en la <strong>necesidad de inversi\u00f3n p\u00fablica<\/strong> en estos servicios. Sin embargo, desde <strong>Vox<\/strong> consideran que esto <strong>solo ha de realizarse si detr\u00e1s hay una demanda<\/strong>. As\u00ed lo explic\u00f3 durante el debate <strong>Carlos Garc\u00eda<\/strong>, n\u00famero 5 en las listas del partido para las elecciones municipales del pr\u00f3ximo 28 de mayo.<\/p>\n<audio class=\"wp-audio-shortcode\" id=\"audio-114297-4\" preload=\"none\" style=\"width: 100%;\" controls=\"controls\"><source type=\"audio\/mpeg\" src=\"https:\/\/www.copealcoy.es\/wp-content\/uploads\/2023\/04\/2023.04.20.-CARLOS-VOX-DEMANDA.mp3?_=4\" \/><a href=\"https:\/\/www.copealcoy.es\/wp-content\/uploads\/2023\/04\/2023.04.20.-CARLOS-VOX-DEMANDA.mp3\">https:\/\/www.copealcoy.es\/wp-content\/uploads\/2023\/04\/2023.04.20.-CARLOS-VOX-DEMANDA.mp3<\/a><\/audio>\n<p>&nbsp;<\/p>\n<p style=\"text-align: justify;\">Declaraciones que fueron muy criticadas por los representantes de Podem y Guanyar en el debate, quienes defienden la importancia de invertir en servicios p\u00fablicos en cualquier caso.<\/p>\n<p style=\"text-align: justify;\">Todos los partidos, no obstante, coincidieron en la <strong>falta vertebraci\u00f3n de la comarca<\/strong> y la necesidad de ampliar y mejorar el transporte p\u00fablico entre las poblaciones vecinas. Y, en ello -insisten- ha influido la &#8216;dejadez&#8217; de los partidos que han estado en los Gobiernos municipales.<\/p>\n","protected":false},"excerpt":{"rendered":"<p>Que los estudiantes tengan mejores comunicaciones con la ciudad. Esta ha sido una de las reivindicaciones que han hecho los&#8230;<\/p>\n","protected":false},"author":1,"featured_media":44448,"comment_status":"open","ping_status":"open","sticky":false,"template":"","format":"standard","meta":{"footnotes":""},"categories":[6909,97,744,75,79,125],"tags":[1494,584,3184,1014],"class_list":["post-114297","post","type-post","status-publish","format-standard","has-post-thumbnail","hentry","category-actualidad","category-alcoy","category-elecciones","category-noticias","category-politicayeconomia","category-portada","tag-alcoy","tag-comunicaciones","tag-estudiantes","tag-transporte"],"yoast_head":"<!-- This site is optimized with the Yoast SEO plugin v27.3 - https:\/\/yoast.com\/product\/yoast-seo-wordpress\/ -->\n<title>Alcoy podr\u00eda estar mejor comunicado para los estudiantes - COPE Alcoy<\/title>\n<meta name=\"description\" content=\"Que los estudiantes tengan mejores comunicaciones con la ciudad. Esta ha sido una de las reivindicaciones que han hecho los partidos pol\u00edticos que han participado este jueves en el debate sectorial que ha organizado Cope Alcoy.\" \/>\n<meta name=\"robots\" content=\"index, follow, max-snippet:-1, max-image-preview:large, max-video-preview:-1\" \/>\n<link rel=\"canonical\" href=\"https:\/\/www.copealcoy.es\/es\/alcoy-podria-estar-mejor-comunicado-para-los-estudiantes\/\" \/>\n<meta property=\"og:locale\" content=\"es_ES\" \/>\n<meta property=\"og:type\" content=\"article\" \/>\n<meta property=\"og:title\" content=\"Alcoy podr\u00eda estar mejor comunicado para los estudiantes - COPE Alcoy\" \/>\n<meta property=\"og:description\" content=\"Que los estudiantes tengan mejores comunicaciones con la ciudad. Esta ha sido una de las reivindicaciones que han hecho los partidos pol\u00edticos que han participado este jueves en el debate sectorial que ha organizado Cope Alcoy.\" \/>\n<meta property=\"og:url\" content=\"https:\/\/www.copealcoy.es\/es\/alcoy-podria-estar-mejor-comunicado-para-los-estudiantes\/\" \/>\n<meta property=\"og:site_name\" content=\"COPE Alcoy\" \/>\n<meta property=\"article:published_time\" content=\"2023-04-21T08:15:24+00:00\" \/>\n<meta property=\"article:modified_time\" content=\"2023-04-21T08:28:25+00:00\" \/>\n<meta property=\"og:image\" content=\"https:\/\/www.copealcoy.es\/wp-content\/uploads\/2018\/07\/DSC_0119.jpg\" \/>\n\t<meta property=\"og:image:width\" content=\"800\" \/>\n\t<meta property=\"og:image:height\" content=\"531\" \/>\n\t<meta property=\"og:image:type\" content=\"image\/jpeg\" \/>\n<meta name=\"author\" content=\"Cope Alcoy\" \/>\n<meta name=\"twitter:label1\" content=\"Escrito por\" \/>\n\t<meta name=\"twitter:data1\" content=\"Cope Alcoy\" \/>\n\t<meta name=\"twitter:label2\" content=\"Tiempo de lectura\" \/>\n\t<meta name=\"twitter:data2\" content=\"2 minutos\" \/>\n<script type=\"application\/ld+json\" class=\"yoast-schema-graph\">{\"@context\":\"https:\\\/\\\/schema.org\",\"@graph\":[{\"@type\":\"Article\",\"@id\":\"https:\\\/\\\/www.copealcoy.es\\\/es\\\/alcoy-podria-estar-mejor-comunicado-para-los-estudiantes\\\/#article\",\"isPartOf\":{\"@id\":\"https:\\\/\\\/www.copealcoy.es\\\/es\\\/alcoy-podria-estar-mejor-comunicado-para-los-estudiantes\\\/\"},\"author\":{\"name\":\"Cope Alcoy\",\"@id\":\"https:\\\/\\\/www.copealcoy.es\\\/es\\\/#\\\/schema\\\/person\\\/e777c87fa024e57d40170af9df39882c\"},\"headline\":\"Alcoy podr\u00eda estar mejor comunicado para los estudiantes\",\"datePublished\":\"2023-04-21T08:15:24+00:00\",\"dateModified\":\"2023-04-21T08:28:25+00:00\",\"mainEntityOfPage\":{\"@id\":\"https:\\\/\\\/www.copealcoy.es\\\/es\\\/alcoy-podria-estar-mejor-comunicado-para-los-estudiantes\\\/\"},\"wordCount\":400,\"commentCount\":0,\"image\":{\"@id\":\"https:\\\/\\\/www.copealcoy.es\\\/es\\\/alcoy-podria-estar-mejor-comunicado-para-los-estudiantes\\\/#primaryimage\"},\"thumbnailUrl\":\"https:\\\/\\\/www.copealcoy.es\\\/wp-content\\\/uploads\\\/2018\\\/07\\\/DSC_0119.jpg\",\"keywords\":[\"Alcoy\",\"Comunicaciones\",\"estudiantes\",\"Transporte\"],\"articleSection\":[\"Actualidad\",\"Alcoy\",\"Elecciones\",\"Noticias\",\"Pol\u00edtica y Econom\u00eda\",\"Portada\"],\"inLanguage\":\"es\"},{\"@type\":\"WebPage\",\"@id\":\"https:\\\/\\\/www.copealcoy.es\\\/es\\\/alcoy-podria-estar-mejor-comunicado-para-los-estudiantes\\\/\",\"url\":\"https:\\\/\\\/www.copealcoy.es\\\/es\\\/alcoy-podria-estar-mejor-comunicado-para-los-estudiantes\\\/\",\"name\":\"Alcoy podr\u00eda estar mejor comunicado para los estudiantes - COPE Alcoy\",\"isPartOf\":{\"@id\":\"https:\\\/\\\/www.copealcoy.es\\\/es\\\/#website\"},\"primaryImageOfPage\":{\"@id\":\"https:\\\/\\\/www.copealcoy.es\\\/es\\\/alcoy-podria-estar-mejor-comunicado-para-los-estudiantes\\\/#primaryimage\"},\"image\":{\"@id\":\"https:\\\/\\\/www.copealcoy.es\\\/es\\\/alcoy-podria-estar-mejor-comunicado-para-los-estudiantes\\\/#primaryimage\"},\"thumbnailUrl\":\"https:\\\/\\\/www.copealcoy.es\\\/wp-content\\\/uploads\\\/2018\\\/07\\\/DSC_0119.jpg\",\"datePublished\":\"2023-04-21T08:15:24+00:00\",\"dateModified\":\"2023-04-21T08:28:25+00:00\",\"author\":{\"@id\":\"https:\\\/\\\/www.copealcoy.es\\\/es\\\/#\\\/schema\\\/person\\\/e777c87fa024e57d40170af9df39882c\"},\"description\":\"Que los estudiantes tengan mejores comunicaciones con la ciudad. Esta ha sido una de las reivindicaciones que han hecho los partidos pol\u00edticos que han participado este jueves en el debate sectorial que ha organizado Cope Alcoy.\",\"breadcrumb\":{\"@id\":\"https:\\\/\\\/www.copealcoy.es\\\/es\\\/alcoy-podria-estar-mejor-comunicado-para-los-estudiantes\\\/#breadcrumb\"},\"inLanguage\":\"es\",\"potentialAction\":[{\"@type\":\"ReadAction\",\"target\":[\"https:\\\/\\\/www.copealcoy.es\\\/es\\\/alcoy-podria-estar-mejor-comunicado-para-los-estudiantes\\\/\"]}]},{\"@type\":\"ImageObject\",\"inLanguage\":\"es\",\"@id\":\"https:\\\/\\\/www.copealcoy.es\\\/es\\\/alcoy-podria-estar-mejor-comunicado-para-los-estudiantes\\\/#primaryimage\",\"url\":\"https:\\\/\\\/www.copealcoy.es\\\/wp-content\\\/uploads\\\/2018\\\/07\\\/DSC_0119.jpg\",\"contentUrl\":\"https:\\\/\\\/www.copealcoy.es\\\/wp-content\\\/uploads\\\/2018\\\/07\\\/DSC_0119.jpg\",\"width\":800,\"height\":531},{\"@type\":\"BreadcrumbList\",\"@id\":\"https:\\\/\\\/www.copealcoy.es\\\/es\\\/alcoy-podria-estar-mejor-comunicado-para-los-estudiantes\\\/#breadcrumb\",\"itemListElement\":[{\"@type\":\"ListItem\",\"position\":1,\"name\":\"Portada\",\"item\":\"https:\\\/\\\/www.copealcoy.es\\\/es\\\/\"},{\"@type\":\"ListItem\",\"position\":2,\"name\":\"Alcoy podr\u00eda estar mejor comunicado para los estudiantes\"}]},{\"@type\":\"WebSite\",\"@id\":\"https:\\\/\\\/www.copealcoy.es\\\/es\\\/#website\",\"url\":\"https:\\\/\\\/www.copealcoy.es\\\/es\\\/\",\"name\":\"COPE Alcoy\",\"description\":\"Emisora COPE de radio local con emisi\u00f3n online. Pont de Sant Jordi 8-10 03803 Alcoy\",\"potentialAction\":[{\"@type\":\"SearchAction\",\"target\":{\"@type\":\"EntryPoint\",\"urlTemplate\":\"https:\\\/\\\/www.copealcoy.es\\\/es\\\/?s={search_term_string}\"},\"query-input\":{\"@type\":\"PropertyValueSpecification\",\"valueRequired\":true,\"valueName\":\"search_term_string\"}}],\"inLanguage\":\"es\"},{\"@type\":\"Person\",\"@id\":\"https:\\\/\\\/www.copealcoy.es\\\/es\\\/#\\\/schema\\\/person\\\/e777c87fa024e57d40170af9df39882c\",\"name\":\"Cope Alcoy\",\"image\":{\"@type\":\"ImageObject\",\"inLanguage\":\"es\",\"@id\":\"https:\\\/\\\/secure.gravatar.com\\\/avatar\\\/bb65d0283347e303893ba14f0692005417c1e0e690a325a4c5d8bb2b3943ee14?s=96&d=mm&r=g\",\"url\":\"https:\\\/\\\/secure.gravatar.com\\\/avatar\\\/bb65d0283347e303893ba14f0692005417c1e0e690a325a4c5d8bb2b3943ee14?s=96&d=mm&r=g\",\"contentUrl\":\"https:\\\/\\\/secure.gravatar.com\\\/avatar\\\/bb65d0283347e303893ba14f0692005417c1e0e690a325a4c5d8bb2b3943ee14?s=96&d=mm&r=g\",\"caption\":\"Cope Alcoy\"}}]}<\/script>\n<!-- \/ Yoast SEO plugin. -->","yoast_head_json":{"title":"Alcoy podr\u00eda estar mejor comunicado para los estudiantes - COPE Alcoy","description":"Que los estudiantes tengan mejores comunicaciones con la ciudad. Esta ha sido una de las reivindicaciones que han hecho los partidos pol\u00edticos que han participado este jueves en el debate sectorial que ha organizado Cope Alcoy.","robots":{"index":"index","follow":"follow","max-snippet":"max-snippet:-1","max-image-preview":"max-image-preview:large","max-video-preview":"max-video-preview:-1"},"canonical":"https:\/\/www.copealcoy.es\/es\/alcoy-podria-estar-mejor-comunicado-para-los-estudiantes\/","og_locale":"es_ES","og_type":"article","og_title":"Alcoy podr\u00eda estar mejor comunicado para los estudiantes - COPE Alcoy","og_description":"Que los estudiantes tengan mejores comunicaciones con la ciudad. Esta ha sido una de las reivindicaciones que han hecho los partidos pol\u00edticos que han participado este jueves en el debate sectorial que ha organizado Cope Alcoy.","og_url":"https:\/\/www.copealcoy.es\/es\/alcoy-podria-estar-mejor-comunicado-para-los-estudiantes\/","og_site_name":"COPE Alcoy","article_published_time":"2023-04-21T08:15:24+00:00","article_modified_time":"2023-04-21T08:28:25+00:00","og_image":[{"width":800,"height":531,"url":"https:\/\/www.copealcoy.es\/wp-content\/uploads\/2018\/07\/DSC_0119.jpg","type":"image\/jpeg"}],"author":"Cope Alcoy","twitter_misc":{"Escrito por":"Cope Alcoy","Tiempo de lectura":"2 minutos"},"schema":{"@context":"https:\/\/schema.org","@graph":[{"@type":"Article","@id":"https:\/\/www.copealcoy.es\/es\/alcoy-podria-estar-mejor-comunicado-para-los-estudiantes\/#article","isPartOf":{"@id":"https:\/\/www.copealcoy.es\/es\/alcoy-podria-estar-mejor-comunicado-para-los-estudiantes\/"},"author":{"name":"Cope Alcoy","@id":"https:\/\/www.copealcoy.es\/es\/#\/schema\/person\/e777c87fa024e57d40170af9df39882c"},"headline":"Alcoy podr\u00eda estar mejor comunicado para los estudiantes","datePublished":"2023-04-21T08:15:24+00:00","dateModified":"2023-04-21T08:28:25+00:00","mainEntityOfPage":{"@id":"https:\/\/www.copealcoy.es\/es\/alcoy-podria-estar-mejor-comunicado-para-los-estudiantes\/"},"wordCount":400,"commentCount":0,"image":{"@id":"https:\/\/www.copealcoy.es\/es\/alcoy-podria-estar-mejor-comunicado-para-los-estudiantes\/#primaryimage"},"thumbnailUrl":"https:\/\/www.copealcoy.es\/wp-content\/uploads\/2018\/07\/DSC_0119.jpg","keywords":["Alcoy","Comunicaciones","estudiantes","Transporte"],"articleSection":["Actualidad","Alcoy","Elecciones","Noticias","Pol\u00edtica y Econom\u00eda","Portada"],"inLanguage":"es"},{"@type":"WebPage","@id":"https:\/\/www.copealcoy.es\/es\/alcoy-podria-estar-mejor-comunicado-para-los-estudiantes\/","url":"https:\/\/www.copealcoy.es\/es\/alcoy-podria-estar-mejor-comunicado-para-los-estudiantes\/","name":"Alcoy podr\u00eda estar mejor comunicado para los estudiantes - COPE Alcoy","isPartOf":{"@id":"https:\/\/www.copealcoy.es\/es\/#website"},"primaryImageOfPage":{"@id":"https:\/\/www.copealcoy.es\/es\/alcoy-podria-estar-mejor-comunicado-para-los-estudiantes\/#primaryimage"},"image":{"@id":"https:\/\/www.copealcoy.es\/es\/alcoy-podria-estar-mejor-comunicado-para-los-estudiantes\/#primaryimage"},"thumbnailUrl":"https:\/\/www.copealcoy.es\/wp-content\/uploads\/2018\/07\/DSC_0119.jpg","datePublished":"2023-04-21T08:15:24+00:00","dateModified":"2023-04-21T08:28:25+00:00","author":{"@id":"https:\/\/www.copealcoy.es\/es\/#\/schema\/person\/e777c87fa024e57d40170af9df39882c"},"description":"Que los estudiantes tengan mejores comunicaciones con la ciudad. Esta ha sido una de las reivindicaciones que han hecho los partidos pol\u00edticos que han participado este jueves en el debate sectorial que ha organizado Cope Alcoy.","breadcrumb":{"@id":"https:\/\/www.copealcoy.es\/es\/alcoy-podria-estar-mejor-comunicado-para-los-estudiantes\/#breadcrumb"},"inLanguage":"es","potentialAction":[{"@type":"ReadAction","target":["https:\/\/www.copealcoy.es\/es\/alcoy-podria-estar-mejor-comunicado-para-los-estudiantes\/"]}]},{"@type":"ImageObject","inLanguage":"es","@id":"https:\/\/www.copealcoy.es\/es\/alcoy-podria-estar-mejor-comunicado-para-los-estudiantes\/#primaryimage","url":"https:\/\/www.copealcoy.es\/wp-content\/uploads\/2018\/07\/DSC_0119.jpg","contentUrl":"https:\/\/www.copealcoy.es\/wp-content\/uploads\/2018\/07\/DSC_0119.jpg","width":800,"height":531},{"@type":"BreadcrumbList","@id":"https:\/\/www.copealcoy.es\/es\/alcoy-podria-estar-mejor-comunicado-para-los-estudiantes\/#breadcrumb","itemListElement":[{"@type":"ListItem","position":1,"name":"Portada","item":"https:\/\/www.copealcoy.es\/es\/"},{"@type":"ListItem","position":2,"name":"Alcoy podr\u00eda estar mejor comunicado para los estudiantes"}]},{"@type":"WebSite","@id":"https:\/\/www.copealcoy.es\/es\/#website","url":"https:\/\/www.copealcoy.es\/es\/","name":"COPE Alcoy","description":"Emisora COPE de radio local con emisi\u00f3n online. Pont de Sant Jordi 8-10 03803 Alcoy","potentialAction":[{"@type":"SearchAction","target":{"@type":"EntryPoint","urlTemplate":"https:\/\/www.copealcoy.es\/es\/?s={search_term_string}"},"query-input":{"@type":"PropertyValueSpecification","valueRequired":true,"valueName":"search_term_string"}}],"inLanguage":"es"},{"@type":"Person","@id":"https:\/\/www.copealcoy.es\/es\/#\/schema\/person\/e777c87fa024e57d40170af9df39882c","name":"Cope Alcoy","image":{"@type":"ImageObject","inLanguage":"es","@id":"https:\/\/secure.gravatar.com\/avatar\/bb65d0283347e303893ba14f0692005417c1e0e690a325a4c5d8bb2b3943ee14?s=96&d=mm&r=g","url":"https:\/\/secure.gravatar.com\/avatar\/bb65d0283347e303893ba14f0692005417c1e0e690a325a4c5d8bb2b3943ee14?s=96&d=mm&r=g","contentUrl":"https:\/\/secure.gravatar.com\/avatar\/bb65d0283347e303893ba14f0692005417c1e0e690a325a4c5d8bb2b3943ee14?s=96&d=mm&r=g","caption":"Cope Alcoy"}}]}},"_links":{"self":[{"href":"https:\/\/www.copealcoy.es\/es\/wp-json\/wp\/v2\/posts\/114297","targetHints":{"allow":["GET"]}}],"collection":[{"href":"https:\/\/www.copealcoy.es\/es\/wp-json\/wp\/v2\/posts"}],"about":[{"href":"https:\/\/www.copealcoy.es\/es\/wp-json\/wp\/v2\/types\/post"}],"author":[{"embeddable":true,"href":"https:\/\/www.copealcoy.es\/es\/wp-json\/wp\/v2\/users\/1"}],"replies":[{"embeddable":true,"href":"https:\/\/www.copealcoy.es\/es\/wp-json\/wp\/v2\/comments?post=114297"}],"version-history":[{"count":0,"href":"https:\/\/www.copealcoy.es\/es\/wp-json\/wp\/v2\/posts\/114297\/revisions"}],"wp:featuredmedia":[{"embeddable":true,"href":"https:\/\/www.copealcoy.es\/es\/wp-json\/wp\/v2\/media\/44448"}],"wp:attachment":[{"href":"https:\/\/www.copealcoy.es\/es\/wp-json\/wp\/v2\/media?parent=114297"}],"wp:term":[{"taxonomy":"category","embeddable":true,"href":"https:\/\/www.copealcoy.es\/es\/wp-json\/wp\/v2\/categories?post=114297"},{"taxonomy":"post_tag","embeddable":true,"href":"https:\/\/www.copealcoy.es\/es\/wp-json\/wp\/v2\/tags?post=114297"}],"curies":[{"name":"wp","href":"https:\/\/api.w.org\/{rel}","templated":true}]}}