{"id":114065,"date":"2023-04-18T07:00:22","date_gmt":"2023-04-18T06:00:22","guid":{"rendered":"https:\/\/www.copealcoy.es\/?p=114065"},"modified":"2023-04-18T07:26:18","modified_gmt":"2023-04-18T06:26:18","slug":"informativo-matinal-martes-18-de-abril-2023-0750h","status":"publish","type":"post","link":"https:\/\/www.copealcoy.es\/es\/informativo-matinal-martes-18-de-abril-2023-0750h\/","title":{"rendered":"Informativo matinal martes 18 de abril 2023 (07:50h)"},"content":{"rendered":"<p><iframe loading=\"lazy\" title=\"Informatiu Matinal Dimarts 18 D&#039;Abril De 2023 (07:50h)\" width=\"100%\" height=\"120\" src=\"https:\/\/www.mixcloud.com\/widget\/iframe\/?feed=https%3A%2F%2Fwww.mixcloud.com%2FCOPEAlcoy%2Finformatiu-matinal-dimarts-18-dabril-de-2023-0750h%2F&amp;hide_cover=1\" frameborder=\"0\"><\/iframe><\/p>\n<p>La <strong>presentaci\u00f3n de la segunda entrega de la revista &#8216;Sant Jordiet en Im\u00e1genes&#8217;<\/strong>, que edita Cope Alcoy, y el <strong>inicio del Triduo en honor a San Jorge<\/strong> son algunas de las noticias destacadas de este martes 18 de abril de 2023.<\/p>\n<p>Las<a href=\"https:\/\/www.alcoyturismo.com\/pag\/4039\/fiestas-.html\" target=\"_blank\" rel=\"noopener\"><strong>\u00a0Fiestas de Moros y Cristianos de Alcoy<\/strong><\/a>\u00a0cada ve est\u00e1n m\u00e1s cerca y a medida que se acerca el fin de semana\u00a0<strong>se intensifican los actos previos a la trilog\u00eda<\/strong>\u00a0en honor a San Jorge. Hoy lunes 17 de abril, y coincidiendo con la festividad de San Vicente Ferrer y el d\u00eda del patr\u00f3n de la Comunitat Valenciana,\u00a0<strong>ha tenido lugar el traslado de la imagen de San Jorge \u2018El Xicotet\u2019<\/strong>\u00a0desde su templo a la parroquia de Santa Mar\u00eda.<\/p>\n<p>Pasadas las ocho y cuarto de la tarde ha comenzado desde la iglesia del santo\u00a0<strong>un desfile procesional en el que han tomado parte un buen n\u00famero de festeros y devotos portando cirios<\/strong>. La\u00a0<strong>Uni\u00f3n Musical de Alcoy<\/strong>\u00a0ha sido la encargada de abrir la comitiva mientras que la\u00a0<strong>Societat Musical Nova d\u2019Alcoi<\/strong>\u00a0ha puesto el acompa\u00f1amiento musical en la parte central de la mencionada procesi\u00f3n. Sobre las ocho y media, y mientras ta\u00f1\u00edan con fuerza las campanas de la iglesia titular de San Jorge,<strong>\u00a0ha salido la calle la imagen del \u2018Xicotet\u2019 bajo los acordes del Himno de Fiestas<\/strong>\u00a0interpretado por\u00a0<strong>la Coporaci\u00f3n Musical Primitiva<\/strong>. Esta banda ha sido la que ha acompa\u00f1ado al patr\u00f3n,\u00a0<strong>portado en andas por los representantes de las filaes de cargo<\/strong>, en su recorrido por las calles del Centro. Todas las miradas las ha acaparado tambi\u00e9n\u00a0<strong>Nicol\u00e1s S\u00e1nchez Linares<\/strong>\u00a0que, bandera en mano, ha recibido enormes aplausos en reconocimiento al personaje de Sant Jordiet que desempe\u00f1a este a\u00f1o.<\/p>\n<p>En la procesi\u00f3n tambi\u00e9n han ocupado un lugar de honor\u00a0<strong>los Sargentos Mayores<\/strong>\u00a0(David Antol\u00ed y Jordi Segu\u00ed) junto a\u00a0<strong>Moss\u00e9n Torregrosa<\/strong>, figura que encarna este a\u00f1o el alcodiano Omar Casta\u00f1er. Asimismo han estado presentes\u00a0<strong>los Embajadores<\/strong>\u00a0de ambos bandos (Tono Delgado y \u00d3scar Mart\u00ednez) junto a\u00a0<strong>los Capitanes y Alf\u00e9reces<\/strong>\u00a0(Jes\u00fas Mullor, Salvador Mic\u00f3, Miquel Jord\u00e0 y Alfonso Caerols). La\u00a0<strong>Asamblea General de la Asociaci\u00f3n de San Jorge<\/strong>, con su presidente Juan Jos\u00e9 Olcina al frente, y\u00a0<strong>parte de la Corporaci\u00f3n Municipal<\/strong>\u00a0encabezada por el alcalde; Toni Franc\u00e9s, han culminado la representaci\u00f3n institucional del mencionado acto.<\/p>\n<p>Pasadas las nueve de la noche\u00a0<strong>ha llegado Sant Jordi \u2018El Xicotet\u2019 a Santa Mar\u00eda<\/strong>\u00a0donde el titular de las Parroquias del Centro,\u00a0<strong>Don Jos\u00e9 Lu\u00eds Llopis<\/strong>, ha pronunciado una oraci\u00f3n. El canto del Himno dedicado al patr\u00f3n\u00a0<strong>ha culminado una cita que da paso al solemne triduo<\/strong>\u00a0en honor a San Jorge, que arranca ma\u00f1ana, y que se celebrar\u00e1 hasta el jueves.<\/p>\n","protected":false},"excerpt":{"rendered":"<p>La presentaci\u00f3n de la segunda entrega de la revista &#8216;Sant Jordiet en Im\u00e1genes&#8217;, que edita Cope Alcoy, y el inicio&#8230;<\/p>\n","protected":false},"author":1,"featured_media":110612,"comment_status":"open","ping_status":"open","sticky":false,"template":"","format":"standard","meta":{"footnotes":""},"categories":[6909,89,91],"tags":[],"class_list":["post-114065","post","type-post","status-publish","format-standard","has-post-thumbnail","hentry","category-actualidad","category-audiosdelosprogramas","category-informativos"],"yoast_head":"<!-- This site is optimized with the Yoast SEO plugin v27.3 - https:\/\/yoast.com\/product\/yoast-seo-wordpress\/ -->\n<title>Informativo matinal martes 18 de abril 2023 (07:50h) - COPE Alcoy<\/title>\n<meta name=\"description\" content=\"La presentaci\u00f3n de la segunda entrega de la revista &#039;Sant Jordiet en Im\u00e1genes&#039;, que edita Cope Alcoy, y el inicio del Triduo en honor a San Jorge son algunas de las noticias destacadas de este martes 18 de abril de 2023.\" \/>\n<meta name=\"robots\" content=\"index, follow, max-snippet:-1, max-image-preview:large, max-video-preview:-1\" \/>\n<link rel=\"canonical\" href=\"https:\/\/www.copealcoy.es\/es\/informativo-matinal-martes-18-de-abril-2023-0750h\/\" \/>\n<meta property=\"og:locale\" content=\"es_ES\" \/>\n<meta property=\"og:type\" content=\"article\" \/>\n<meta property=\"og:title\" content=\"Informativo matinal martes 18 de abril 2023 (07:50h) - COPE Alcoy\" \/>\n<meta property=\"og:description\" content=\"La presentaci\u00f3n de la segunda entrega de la revista &#039;Sant Jordiet en Im\u00e1genes&#039;, que edita Cope Alcoy, y el inicio del Triduo en honor a San Jorge son algunas de las noticias destacadas de este martes 18 de abril de 2023.\" \/>\n<meta property=\"og:url\" content=\"https:\/\/www.copealcoy.es\/es\/informativo-matinal-martes-18-de-abril-2023-0750h\/\" \/>\n<meta property=\"og:site_name\" content=\"COPE Alcoy\" \/>\n<meta property=\"article:published_time\" content=\"2023-04-18T06:00:22+00:00\" \/>\n<meta property=\"article:modified_time\" content=\"2023-04-18T06:26:18+00:00\" \/>\n<meta property=\"og:image\" content=\"https:\/\/www.copealcoy.es\/wp-content\/uploads\/2023\/02\/Herrera-en-COPE-Alcoy-4.png\" \/>\n\t<meta property=\"og:image:width\" content=\"357\" \/>\n\t<meta property=\"og:image:height\" content=\"290\" \/>\n\t<meta property=\"og:image:type\" content=\"image\/png\" \/>\n<meta name=\"author\" content=\"Cope Alcoy\" \/>\n<meta name=\"twitter:label1\" content=\"Escrito por\" \/>\n\t<meta name=\"twitter:data1\" content=\"Cope Alcoy\" \/>\n\t<meta name=\"twitter:label2\" content=\"Tiempo de lectura\" \/>\n\t<meta name=\"twitter:data2\" content=\"3 minutos\" \/>\n<script type=\"application\/ld+json\" class=\"yoast-schema-graph\">{\"@context\":\"https:\\\/\\\/schema.org\",\"@graph\":[{\"@type\":\"Article\",\"@id\":\"https:\\\/\\\/www.copealcoy.es\\\/es\\\/informativo-matinal-martes-18-de-abril-2023-0750h\\\/#article\",\"isPartOf\":{\"@id\":\"https:\\\/\\\/www.copealcoy.es\\\/es\\\/informativo-matinal-martes-18-de-abril-2023-0750h\\\/\"},\"author\":{\"name\":\"Cope Alcoy\",\"@id\":\"https:\\\/\\\/www.copealcoy.es\\\/es\\\/#\\\/schema\\\/person\\\/e777c87fa024e57d40170af9df39882c\"},\"headline\":\"Informativo matinal martes 18 de abril 2023 (07:50h)\",\"datePublished\":\"2023-04-18T06:00:22+00:00\",\"dateModified\":\"2023-04-18T06:26:18+00:00\",\"mainEntityOfPage\":{\"@id\":\"https:\\\/\\\/www.copealcoy.es\\\/es\\\/informativo-matinal-martes-18-de-abril-2023-0750h\\\/\"},\"wordCount\":497,\"commentCount\":0,\"image\":{\"@id\":\"https:\\\/\\\/www.copealcoy.es\\\/es\\\/informativo-matinal-martes-18-de-abril-2023-0750h\\\/#primaryimage\"},\"thumbnailUrl\":\"https:\\\/\\\/www.copealcoy.es\\\/wp-content\\\/uploads\\\/2023\\\/02\\\/Herrera-en-COPE-Alcoy-4.png\",\"articleSection\":[\"Actualidad\",\"Audios de los programas\",\"Informativos\"],\"inLanguage\":\"es\"},{\"@type\":\"WebPage\",\"@id\":\"https:\\\/\\\/www.copealcoy.es\\\/es\\\/informativo-matinal-martes-18-de-abril-2023-0750h\\\/\",\"url\":\"https:\\\/\\\/www.copealcoy.es\\\/es\\\/informativo-matinal-martes-18-de-abril-2023-0750h\\\/\",\"name\":\"Informativo matinal martes 18 de abril 2023 (07:50h) - COPE Alcoy\",\"isPartOf\":{\"@id\":\"https:\\\/\\\/www.copealcoy.es\\\/es\\\/#website\"},\"primaryImageOfPage\":{\"@id\":\"https:\\\/\\\/www.copealcoy.es\\\/es\\\/informativo-matinal-martes-18-de-abril-2023-0750h\\\/#primaryimage\"},\"image\":{\"@id\":\"https:\\\/\\\/www.copealcoy.es\\\/es\\\/informativo-matinal-martes-18-de-abril-2023-0750h\\\/#primaryimage\"},\"thumbnailUrl\":\"https:\\\/\\\/www.copealcoy.es\\\/wp-content\\\/uploads\\\/2023\\\/02\\\/Herrera-en-COPE-Alcoy-4.png\",\"datePublished\":\"2023-04-18T06:00:22+00:00\",\"dateModified\":\"2023-04-18T06:26:18+00:00\",\"author\":{\"@id\":\"https:\\\/\\\/www.copealcoy.es\\\/es\\\/#\\\/schema\\\/person\\\/e777c87fa024e57d40170af9df39882c\"},\"description\":\"La presentaci\u00f3n de la segunda entrega de la revista 'Sant Jordiet en Im\u00e1genes', que edita Cope Alcoy, y el inicio del Triduo en honor a San Jorge son algunas de las noticias destacadas de este martes 18 de abril de 2023.\",\"breadcrumb\":{\"@id\":\"https:\\\/\\\/www.copealcoy.es\\\/es\\\/informativo-matinal-martes-18-de-abril-2023-0750h\\\/#breadcrumb\"},\"inLanguage\":\"es\",\"potentialAction\":[{\"@type\":\"ReadAction\",\"target\":[\"https:\\\/\\\/www.copealcoy.es\\\/es\\\/informativo-matinal-martes-18-de-abril-2023-0750h\\\/\"]}]},{\"@type\":\"ImageObject\",\"inLanguage\":\"es\",\"@id\":\"https:\\\/\\\/www.copealcoy.es\\\/es\\\/informativo-matinal-martes-18-de-abril-2023-0750h\\\/#primaryimage\",\"url\":\"https:\\\/\\\/www.copealcoy.es\\\/wp-content\\\/uploads\\\/2023\\\/02\\\/Herrera-en-COPE-Alcoy-4.png\",\"contentUrl\":\"https:\\\/\\\/www.copealcoy.es\\\/wp-content\\\/uploads\\\/2023\\\/02\\\/Herrera-en-COPE-Alcoy-4.png\",\"width\":357,\"height\":290},{\"@type\":\"BreadcrumbList\",\"@id\":\"https:\\\/\\\/www.copealcoy.es\\\/es\\\/informativo-matinal-martes-18-de-abril-2023-0750h\\\/#breadcrumb\",\"itemListElement\":[{\"@type\":\"ListItem\",\"position\":1,\"name\":\"Portada\",\"item\":\"https:\\\/\\\/www.copealcoy.es\\\/es\\\/\"},{\"@type\":\"ListItem\",\"position\":2,\"name\":\"Informativo matinal martes 18 de abril 2023 (07:50h)\"}]},{\"@type\":\"WebSite\",\"@id\":\"https:\\\/\\\/www.copealcoy.es\\\/es\\\/#website\",\"url\":\"https:\\\/\\\/www.copealcoy.es\\\/es\\\/\",\"name\":\"COPE Alcoy\",\"description\":\"Emisora COPE de radio local con emisi\u00f3n online. Pont de Sant Jordi 8-10 03803 Alcoy\",\"potentialAction\":[{\"@type\":\"SearchAction\",\"target\":{\"@type\":\"EntryPoint\",\"urlTemplate\":\"https:\\\/\\\/www.copealcoy.es\\\/es\\\/?s={search_term_string}\"},\"query-input\":{\"@type\":\"PropertyValueSpecification\",\"valueRequired\":true,\"valueName\":\"search_term_string\"}}],\"inLanguage\":\"es\"},{\"@type\":\"Person\",\"@id\":\"https:\\\/\\\/www.copealcoy.es\\\/es\\\/#\\\/schema\\\/person\\\/e777c87fa024e57d40170af9df39882c\",\"name\":\"Cope Alcoy\",\"image\":{\"@type\":\"ImageObject\",\"inLanguage\":\"es\",\"@id\":\"https:\\\/\\\/secure.gravatar.com\\\/avatar\\\/bb65d0283347e303893ba14f0692005417c1e0e690a325a4c5d8bb2b3943ee14?s=96&d=mm&r=g\",\"url\":\"https:\\\/\\\/secure.gravatar.com\\\/avatar\\\/bb65d0283347e303893ba14f0692005417c1e0e690a325a4c5d8bb2b3943ee14?s=96&d=mm&r=g\",\"contentUrl\":\"https:\\\/\\\/secure.gravatar.com\\\/avatar\\\/bb65d0283347e303893ba14f0692005417c1e0e690a325a4c5d8bb2b3943ee14?s=96&d=mm&r=g\",\"caption\":\"Cope Alcoy\"}}]}<\/script>\n<!-- \/ Yoast SEO plugin. -->","yoast_head_json":{"title":"Informativo matinal martes 18 de abril 2023 (07:50h) - COPE Alcoy","description":"La presentaci\u00f3n de la segunda entrega de la revista 'Sant Jordiet en Im\u00e1genes', que edita Cope Alcoy, y el inicio del Triduo en honor a San Jorge son algunas de las noticias destacadas de este martes 18 de abril de 2023.","robots":{"index":"index","follow":"follow","max-snippet":"max-snippet:-1","max-image-preview":"max-image-preview:large","max-video-preview":"max-video-preview:-1"},"canonical":"https:\/\/www.copealcoy.es\/es\/informativo-matinal-martes-18-de-abril-2023-0750h\/","og_locale":"es_ES","og_type":"article","og_title":"Informativo matinal martes 18 de abril 2023 (07:50h) - COPE Alcoy","og_description":"La presentaci\u00f3n de la segunda entrega de la revista 'Sant Jordiet en Im\u00e1genes', que edita Cope Alcoy, y el inicio del Triduo en honor a San Jorge son algunas de las noticias destacadas de este martes 18 de abril de 2023.","og_url":"https:\/\/www.copealcoy.es\/es\/informativo-matinal-martes-18-de-abril-2023-0750h\/","og_site_name":"COPE Alcoy","article_published_time":"2023-04-18T06:00:22+00:00","article_modified_time":"2023-04-18T06:26:18+00:00","og_image":[{"width":357,"height":290,"url":"https:\/\/www.copealcoy.es\/wp-content\/uploads\/2023\/02\/Herrera-en-COPE-Alcoy-4.png","type":"image\/png"}],"author":"Cope Alcoy","twitter_misc":{"Escrito por":"Cope Alcoy","Tiempo de lectura":"3 minutos"},"schema":{"@context":"https:\/\/schema.org","@graph":[{"@type":"Article","@id":"https:\/\/www.copealcoy.es\/es\/informativo-matinal-martes-18-de-abril-2023-0750h\/#article","isPartOf":{"@id":"https:\/\/www.copealcoy.es\/es\/informativo-matinal-martes-18-de-abril-2023-0750h\/"},"author":{"name":"Cope Alcoy","@id":"https:\/\/www.copealcoy.es\/es\/#\/schema\/person\/e777c87fa024e57d40170af9df39882c"},"headline":"Informativo matinal martes 18 de abril 2023 (07:50h)","datePublished":"2023-04-18T06:00:22+00:00","dateModified":"2023-04-18T06:26:18+00:00","mainEntityOfPage":{"@id":"https:\/\/www.copealcoy.es\/es\/informativo-matinal-martes-18-de-abril-2023-0750h\/"},"wordCount":497,"commentCount":0,"image":{"@id":"https:\/\/www.copealcoy.es\/es\/informativo-matinal-martes-18-de-abril-2023-0750h\/#primaryimage"},"thumbnailUrl":"https:\/\/www.copealcoy.es\/wp-content\/uploads\/2023\/02\/Herrera-en-COPE-Alcoy-4.png","articleSection":["Actualidad","Audios de los programas","Informativos"],"inLanguage":"es"},{"@type":"WebPage","@id":"https:\/\/www.copealcoy.es\/es\/informativo-matinal-martes-18-de-abril-2023-0750h\/","url":"https:\/\/www.copealcoy.es\/es\/informativo-matinal-martes-18-de-abril-2023-0750h\/","name":"Informativo matinal martes 18 de abril 2023 (07:50h) - COPE Alcoy","isPartOf":{"@id":"https:\/\/www.copealcoy.es\/es\/#website"},"primaryImageOfPage":{"@id":"https:\/\/www.copealcoy.es\/es\/informativo-matinal-martes-18-de-abril-2023-0750h\/#primaryimage"},"image":{"@id":"https:\/\/www.copealcoy.es\/es\/informativo-matinal-martes-18-de-abril-2023-0750h\/#primaryimage"},"thumbnailUrl":"https:\/\/www.copealcoy.es\/wp-content\/uploads\/2023\/02\/Herrera-en-COPE-Alcoy-4.png","datePublished":"2023-04-18T06:00:22+00:00","dateModified":"2023-04-18T06:26:18+00:00","author":{"@id":"https:\/\/www.copealcoy.es\/es\/#\/schema\/person\/e777c87fa024e57d40170af9df39882c"},"description":"La presentaci\u00f3n de la segunda entrega de la revista 'Sant Jordiet en Im\u00e1genes', que edita Cope Alcoy, y el inicio del Triduo en honor a San Jorge son algunas de las noticias destacadas de este martes 18 de abril de 2023.","breadcrumb":{"@id":"https:\/\/www.copealcoy.es\/es\/informativo-matinal-martes-18-de-abril-2023-0750h\/#breadcrumb"},"inLanguage":"es","potentialAction":[{"@type":"ReadAction","target":["https:\/\/www.copealcoy.es\/es\/informativo-matinal-martes-18-de-abril-2023-0750h\/"]}]},{"@type":"ImageObject","inLanguage":"es","@id":"https:\/\/www.copealcoy.es\/es\/informativo-matinal-martes-18-de-abril-2023-0750h\/#primaryimage","url":"https:\/\/www.copealcoy.es\/wp-content\/uploads\/2023\/02\/Herrera-en-COPE-Alcoy-4.png","contentUrl":"https:\/\/www.copealcoy.es\/wp-content\/uploads\/2023\/02\/Herrera-en-COPE-Alcoy-4.png","width":357,"height":290},{"@type":"BreadcrumbList","@id":"https:\/\/www.copealcoy.es\/es\/informativo-matinal-martes-18-de-abril-2023-0750h\/#breadcrumb","itemListElement":[{"@type":"ListItem","position":1,"name":"Portada","item":"https:\/\/www.copealcoy.es\/es\/"},{"@type":"ListItem","position":2,"name":"Informativo matinal martes 18 de abril 2023 (07:50h)"}]},{"@type":"WebSite","@id":"https:\/\/www.copealcoy.es\/es\/#website","url":"https:\/\/www.copealcoy.es\/es\/","name":"COPE Alcoy","description":"Emisora COPE de radio local con emisi\u00f3n online. Pont de Sant Jordi 8-10 03803 Alcoy","potentialAction":[{"@type":"SearchAction","target":{"@type":"EntryPoint","urlTemplate":"https:\/\/www.copealcoy.es\/es\/?s={search_term_string}"},"query-input":{"@type":"PropertyValueSpecification","valueRequired":true,"valueName":"search_term_string"}}],"inLanguage":"es"},{"@type":"Person","@id":"https:\/\/www.copealcoy.es\/es\/#\/schema\/person\/e777c87fa024e57d40170af9df39882c","name":"Cope Alcoy","image":{"@type":"ImageObject","inLanguage":"es","@id":"https:\/\/secure.gravatar.com\/avatar\/bb65d0283347e303893ba14f0692005417c1e0e690a325a4c5d8bb2b3943ee14?s=96&d=mm&r=g","url":"https:\/\/secure.gravatar.com\/avatar\/bb65d0283347e303893ba14f0692005417c1e0e690a325a4c5d8bb2b3943ee14?s=96&d=mm&r=g","contentUrl":"https:\/\/secure.gravatar.com\/avatar\/bb65d0283347e303893ba14f0692005417c1e0e690a325a4c5d8bb2b3943ee14?s=96&d=mm&r=g","caption":"Cope Alcoy"}}]}},"_links":{"self":[{"href":"https:\/\/www.copealcoy.es\/es\/wp-json\/wp\/v2\/posts\/114065","targetHints":{"allow":["GET"]}}],"collection":[{"href":"https:\/\/www.copealcoy.es\/es\/wp-json\/wp\/v2\/posts"}],"about":[{"href":"https:\/\/www.copealcoy.es\/es\/wp-json\/wp\/v2\/types\/post"}],"author":[{"embeddable":true,"href":"https:\/\/www.copealcoy.es\/es\/wp-json\/wp\/v2\/users\/1"}],"replies":[{"embeddable":true,"href":"https:\/\/www.copealcoy.es\/es\/wp-json\/wp\/v2\/comments?post=114065"}],"version-history":[{"count":0,"href":"https:\/\/www.copealcoy.es\/es\/wp-json\/wp\/v2\/posts\/114065\/revisions"}],"wp:featuredmedia":[{"embeddable":true,"href":"https:\/\/www.copealcoy.es\/es\/wp-json\/wp\/v2\/media\/110612"}],"wp:attachment":[{"href":"https:\/\/www.copealcoy.es\/es\/wp-json\/wp\/v2\/media?parent=114065"}],"wp:term":[{"taxonomy":"category","embeddable":true,"href":"https:\/\/www.copealcoy.es\/es\/wp-json\/wp\/v2\/categories?post=114065"},{"taxonomy":"post_tag","embeddable":true,"href":"https:\/\/www.copealcoy.es\/es\/wp-json\/wp\/v2\/tags?post=114065"}],"curies":[{"name":"wp","href":"https:\/\/api.w.org\/{rel}","templated":true}]}}