{"id":113959,"date":"2023-04-17T08:00:03","date_gmt":"2023-04-17T07:00:03","guid":{"rendered":"https:\/\/www.copealcoy.es\/?p=113959"},"modified":"2023-09-02T17:50:50","modified_gmt":"2023-09-02T16:50:50","slug":"los-ninos-toman-las-calles-de-alcoy-en-la-gloria-infantil-2023","status":"publish","type":"post","link":"https:\/\/www.copealcoy.es\/es\/los-ninos-toman-las-calles-de-alcoy-en-la-gloria-infantil-2023\/","title":{"rendered":"Los ni\u00f1os toman las calles de Alcoy en la Gloria Infantil 2023"},"content":{"rendered":"<p style=\"text-align: justify;\">Arranca la recta final hacia la <strong>Trilog\u00eda Festera<\/strong>. A menos de una semana para que comiencen los d\u00edas grandes de las <strong>Fiestas de Moros y Cristianos<\/strong>, Alcoy ha celebrado la <strong>Gloria Infantil 2023<\/strong>.<\/p>\n<p style=\"text-align: justify;\"><strong>Abril Albero<\/strong> ha vivido su particular momento de gloria. La festera de la fil\u00e0 Aragoneses ha sido la <strong>primera ni\u00f1a en desfilar como Sargento<\/strong> en la Gloria Infantil.<\/p>\n<p style=\"text-align: justify;\">Al comp\u00e1s del <strong>pasodoble \u2018Al Cel\u2019<\/strong>, obra de <strong>Francisco Valor<\/strong> que fue compuesta en honor a un aragon\u00e9s fallecido, y acompa\u00f1ada de los catorce \u2018Glorierets\u2019, Albero se ha estrenado como Sargento Infantil. <strong>La Primitiva<\/strong> ha acompa\u00f1ado al Bando Moro.<\/p>\n<p style=\"text-align: justify;\">Posteriormente ha sido el turno del Bando Cristiano. De la fil\u00e0 Alcodianos, <strong>Juan Abad<\/strong> ha vivido su segunda y \u00faltima Gloria Infantil como Sargento. Abad, que ha ocupado el cargo en 2022 y 2023, ha arrancado con el pasodoble <strong>&#8216;Un Moble M\u00e9s&#8217;<\/strong> -pieza de <strong>Julio Laporta<\/strong>-. La <strong>Societat Musical Nova d&#8217;Alcoi<\/strong> ha acompa\u00f1ado a los catorce &#8216;Glorierets&#8217; cristianos y al Sargento.<\/p>\n<p style=\"text-align: justify;\">La Gloria Infantil ha arrancado con la eucarist\u00eda en la parroquia de Santa Mar\u00eda a las ocho y media de la ma\u00f1ana, donde <strong>los \u2018Glorierets\u2019 han tomado su Primera Comuni\u00f3n<\/strong>. Tras la misa y el desayuno en la Fil\u00e0, ha tenido lugar el desfile que ha finalizado en la Plaza de Espa\u00f1a. La &#8216;masclet\u00e0&#8217;, a las dos del mediod\u00eda, ha puesto el broche de oro a la jornada.<\/p>\n<p style=\"text-align: justify;\">La Gloria Infantil <strong>se celebra desde 1965<\/strong>. Aquel a\u00f1o el Domingo de Pascua fue el 18 de abril, por lo que la Trilog\u00eda Festera Alcoyana se celebr\u00f3 los d\u00edas 24, 25 y 26 de abril. El d\u00eda 23, para conmemorar al patr\u00f3n -San Jorge-, <strong>Rafael Ramis Carbonell i Salom\u00f3n Sanju\u00e1n<\/strong> -directivos de la <strong>Asociaci\u00f3n de San Jorge<\/strong> en aquel momento- propusieron replicar la Gloria de adultos pero con ni\u00f1os. La propuesta fue aclamada por festeros y p\u00fablico y llega hasta nuestros d\u00edas como la antesala de los d\u00edas grandes de las Fiestas de Moros y Cristianos.<\/p>\n<p style=\"text-align: justify;\">En COPE ALCOY hemos podido hablar con <strong>los dos Sargentos Infantiles<\/strong> y esto nos contaban tras vivir la emotiva <em>arranc\u00e0<\/em>:<\/p>\n<audio class=\"wp-audio-shortcode\" id=\"audio-113959-1\" preload=\"none\" style=\"width: 100%;\" controls=\"controls\"><source type=\"audio\/mpeg\" src=\"https:\/\/www.copealcoy.es\/wp-content\/uploads\/2023\/04\/Audio-Sargentos-Infantiles.mp3?_=1\" \/><a href=\"https:\/\/www.copealcoy.es\/wp-content\/uploads\/2023\/04\/Audio-Sargentos-Infantiles.mp3\">https:\/\/www.copealcoy.es\/wp-content\/uploads\/2023\/04\/Audio-Sargentos-Infantiles.mp3<\/a><\/audio>\n<div id='gallery-1' class='gallery galleryid-113959 gallery-columns-3 gallery-size-thumbnail'><figure class='gallery-item'>\n\t\t\t<div class='gallery-icon landscape'>\n\t\t\t\t<a href='https:\/\/www.copealcoy.es\/es\/los-ninos-toman-las-calles-de-alcoy-en-la-gloria-infantil-2023\/ab5ee493-5e36-4b2c-917e-3b88068fabe1\/'><img loading=\"lazy\" decoding=\"async\" width=\"300\" height=\"300\" src=\"https:\/\/www.copealcoy.es\/wp-content\/uploads\/2023\/04\/AB5EE493-5E36-4B2C-917E-3B88068FABE1-300x300.jpeg\" class=\"attachment-thumbnail size-thumbnail\" alt=\"\" srcset=\"https:\/\/www.copealcoy.es\/wp-content\/uploads\/2023\/04\/AB5EE493-5E36-4B2C-917E-3B88068FABE1-300x300.jpeg 300w, https:\/\/www.copealcoy.es\/wp-content\/uploads\/2023\/04\/AB5EE493-5E36-4B2C-917E-3B88068FABE1-100x100.jpeg 100w, https:\/\/www.copealcoy.es\/wp-content\/uploads\/2023\/04\/AB5EE493-5E36-4B2C-917E-3B88068FABE1-200x200.jpeg 200w\" sizes=\"auto, (max-width: 300px) 100vw, 300px\" \/><\/a>\n\t\t\t<\/div><\/figure><figure class='gallery-item'>\n\t\t\t<div class='gallery-icon landscape'>\n\t\t\t\t<a href='https:\/\/www.copealcoy.es\/es\/los-ninos-toman-las-calles-de-alcoy-en-la-gloria-infantil-2023\/72abb1f9-24cb-4b4e-a453-3867ee74db7c\/'><img loading=\"lazy\" decoding=\"async\" width=\"300\" height=\"300\" src=\"https:\/\/www.copealcoy.es\/wp-content\/uploads\/2023\/04\/72ABB1F9-24CB-4B4E-A453-3867EE74DB7C-300x300.jpeg\" class=\"attachment-thumbnail size-thumbnail\" alt=\"\" srcset=\"https:\/\/www.copealcoy.es\/wp-content\/uploads\/2023\/04\/72ABB1F9-24CB-4B4E-A453-3867EE74DB7C-300x300.jpeg 300w, https:\/\/www.copealcoy.es\/wp-content\/uploads\/2023\/04\/72ABB1F9-24CB-4B4E-A453-3867EE74DB7C-100x100.jpeg 100w, https:\/\/www.copealcoy.es\/wp-content\/uploads\/2023\/04\/72ABB1F9-24CB-4B4E-A453-3867EE74DB7C-200x200.jpeg 200w\" sizes=\"auto, (max-width: 300px) 100vw, 300px\" \/><\/a>\n\t\t\t<\/div><\/figure><figure class='gallery-item'>\n\t\t\t<div class='gallery-icon landscape'>\n\t\t\t\t<a href='https:\/\/www.copealcoy.es\/es\/los-ninos-toman-las-calles-de-alcoy-en-la-gloria-infantil-2023\/97d76765-d10d-44cb-a663-f9e8dab08633\/'><img loading=\"lazy\" decoding=\"async\" width=\"300\" height=\"300\" src=\"https:\/\/www.copealcoy.es\/wp-content\/uploads\/2023\/04\/97D76765-D10D-44CB-A663-F9E8DAB08633-300x300.jpeg\" class=\"attachment-thumbnail size-thumbnail\" alt=\"\" srcset=\"https:\/\/www.copealcoy.es\/wp-content\/uploads\/2023\/04\/97D76765-D10D-44CB-A663-F9E8DAB08633-300x300.jpeg 300w, https:\/\/www.copealcoy.es\/wp-content\/uploads\/2023\/04\/97D76765-D10D-44CB-A663-F9E8DAB08633-100x100.jpeg 100w, https:\/\/www.copealcoy.es\/wp-content\/uploads\/2023\/04\/97D76765-D10D-44CB-A663-F9E8DAB08633-200x200.jpeg 200w\" sizes=\"auto, (max-width: 300px) 100vw, 300px\" \/><\/a>\n\t\t\t<\/div><\/figure><figure class='gallery-item'>\n\t\t\t<div class='gallery-icon landscape'>\n\t\t\t\t<a href='https:\/\/www.copealcoy.es\/es\/los-ninos-toman-las-calles-de-alcoy-en-la-gloria-infantil-2023\/9ffc7a5c-995c-463c-b548-bef46634af34\/'><img loading=\"lazy\" decoding=\"async\" width=\"300\" height=\"300\" src=\"https:\/\/www.copealcoy.es\/wp-content\/uploads\/2023\/04\/9FFC7A5C-995C-463C-B548-BEF46634AF34-300x300.jpeg\" class=\"attachment-thumbnail size-thumbnail\" alt=\"\" srcset=\"https:\/\/www.copealcoy.es\/wp-content\/uploads\/2023\/04\/9FFC7A5C-995C-463C-B548-BEF46634AF34-300x300.jpeg 300w, https:\/\/www.copealcoy.es\/wp-content\/uploads\/2023\/04\/9FFC7A5C-995C-463C-B548-BEF46634AF34-100x100.jpeg 100w, https:\/\/www.copealcoy.es\/wp-content\/uploads\/2023\/04\/9FFC7A5C-995C-463C-B548-BEF46634AF34-200x200.jpeg 200w\" sizes=\"auto, (max-width: 300px) 100vw, 300px\" \/><\/a>\n\t\t\t<\/div><\/figure><figure class='gallery-item'>\n\t\t\t<div class='gallery-icon landscape'>\n\t\t\t\t<a href='https:\/\/www.copealcoy.es\/es\/los-ninos-toman-las-calles-de-alcoy-en-la-gloria-infantil-2023\/img_6526\/'><img loading=\"lazy\" decoding=\"async\" width=\"300\" height=\"300\" src=\"https:\/\/www.copealcoy.es\/wp-content\/uploads\/2023\/04\/IMG_6526-300x300.jpg\" class=\"attachment-thumbnail size-thumbnail\" alt=\"\" srcset=\"https:\/\/www.copealcoy.es\/wp-content\/uploads\/2023\/04\/IMG_6526-300x300.jpg 300w, https:\/\/www.copealcoy.es\/wp-content\/uploads\/2023\/04\/IMG_6526-100x100.jpg 100w, https:\/\/www.copealcoy.es\/wp-content\/uploads\/2023\/04\/IMG_6526-200x200.jpg 200w\" sizes=\"auto, (max-width: 300px) 100vw, 300px\" \/><\/a>\n\t\t\t<\/div><\/figure><figure class='gallery-item'>\n\t\t\t<div class='gallery-icon landscape'>\n\t\t\t\t<a href='https:\/\/www.copealcoy.es\/es\/los-ninos-toman-las-calles-de-alcoy-en-la-gloria-infantil-2023\/img_6523-1\/'><img loading=\"lazy\" decoding=\"async\" width=\"300\" height=\"300\" src=\"https:\/\/www.copealcoy.es\/wp-content\/uploads\/2023\/04\/IMG_6523-1-1-300x300.jpg\" class=\"attachment-thumbnail size-thumbnail\" alt=\"\" srcset=\"https:\/\/www.copealcoy.es\/wp-content\/uploads\/2023\/04\/IMG_6523-1-1-300x300.jpg 300w, https:\/\/www.copealcoy.es\/wp-content\/uploads\/2023\/04\/IMG_6523-1-1-100x100.jpg 100w, https:\/\/www.copealcoy.es\/wp-content\/uploads\/2023\/04\/IMG_6523-1-1-200x200.jpg 200w\" sizes=\"auto, (max-width: 300px) 100vw, 300px\" \/><\/a>\n\t\t\t<\/div><\/figure>\n\t\t<\/div>\n\n<p>&nbsp;<\/p>\n","protected":false},"excerpt":{"rendered":"<p>Arranca la recta final hacia la Trilog\u00eda Festera. A menos de una semana para que comiencen los d\u00edas grandes de&#8230;<\/p>\n","protected":false},"author":1,"featured_media":113996,"comment_status":"open","ping_status":"open","sticky":false,"template":"","format":"standard","meta":{"footnotes":""},"categories":[6909,97,78,75,125],"tags":[],"class_list":["post-113959","post","type-post","status-publish","format-standard","has-post-thumbnail","hentry","category-actualidad","category-alcoy","category-fiestaycultura","category-noticias","category-portada"],"yoast_head":"<!-- This site is optimized with the Yoast SEO plugin v27.3 - https:\/\/yoast.com\/product\/yoast-seo-wordpress\/ -->\n<title>Los ni\u00f1os toman las calles de Alcoy en la Gloria Infantil 2023 - COPE Alcoy<\/title>\n<meta name=\"robots\" content=\"index, follow, max-snippet:-1, max-image-preview:large, max-video-preview:-1\" \/>\n<link rel=\"canonical\" href=\"https:\/\/www.copealcoy.es\/es\/los-ninos-toman-las-calles-de-alcoy-en-la-gloria-infantil-2023\/\" \/>\n<meta property=\"og:locale\" content=\"es_ES\" \/>\n<meta property=\"og:type\" content=\"article\" \/>\n<meta property=\"og:title\" content=\"Los ni\u00f1os toman las calles de Alcoy en la Gloria Infantil 2023 - COPE Alcoy\" \/>\n<meta property=\"og:description\" content=\"Arranca la recta final hacia la Trilog\u00eda Festera. A menos de una semana para que comiencen los d\u00edas grandes de...\" \/>\n<meta property=\"og:url\" content=\"https:\/\/www.copealcoy.es\/es\/los-ninos-toman-las-calles-de-alcoy-en-la-gloria-infantil-2023\/\" \/>\n<meta property=\"og:site_name\" content=\"COPE Alcoy\" \/>\n<meta property=\"article:published_time\" content=\"2023-04-17T07:00:03+00:00\" \/>\n<meta property=\"article:modified_time\" content=\"2023-09-02T16:50:50+00:00\" \/>\n<meta property=\"og:image\" content=\"https:\/\/www.copealcoy.es\/wp-content\/uploads\/2023\/04\/341252267_194140800068607_7482095233833586038_n.jpg\" \/>\n\t<meta property=\"og:image:width\" content=\"1024\" \/>\n\t<meta property=\"og:image:height\" content=\"768\" \/>\n\t<meta property=\"og:image:type\" content=\"image\/jpeg\" \/>\n<meta name=\"author\" content=\"Cope Alcoy\" \/>\n<meta name=\"twitter:label1\" content=\"Escrito por\" \/>\n\t<meta name=\"twitter:data1\" content=\"Cope Alcoy\" \/>\n\t<meta name=\"twitter:label2\" content=\"Tiempo de lectura\" \/>\n\t<meta name=\"twitter:data2\" content=\"2 minutos\" \/>\n<script type=\"application\/ld+json\" class=\"yoast-schema-graph\">{\"@context\":\"https:\\\/\\\/schema.org\",\"@graph\":[{\"@type\":\"Article\",\"@id\":\"https:\\\/\\\/www.copealcoy.es\\\/es\\\/los-ninos-toman-las-calles-de-alcoy-en-la-gloria-infantil-2023\\\/#article\",\"isPartOf\":{\"@id\":\"https:\\\/\\\/www.copealcoy.es\\\/es\\\/los-ninos-toman-las-calles-de-alcoy-en-la-gloria-infantil-2023\\\/\"},\"author\":{\"name\":\"Cope Alcoy\",\"@id\":\"https:\\\/\\\/www.copealcoy.es\\\/es\\\/#\\\/schema\\\/person\\\/e777c87fa024e57d40170af9df39882c\"},\"headline\":\"Los ni\u00f1os toman las calles de Alcoy en la Gloria Infantil 2023\",\"datePublished\":\"2023-04-17T07:00:03+00:00\",\"dateModified\":\"2023-09-02T16:50:50+00:00\",\"mainEntityOfPage\":{\"@id\":\"https:\\\/\\\/www.copealcoy.es\\\/es\\\/los-ninos-toman-las-calles-de-alcoy-en-la-gloria-infantil-2023\\\/\"},\"wordCount\":390,\"commentCount\":0,\"image\":{\"@id\":\"https:\\\/\\\/www.copealcoy.es\\\/es\\\/los-ninos-toman-las-calles-de-alcoy-en-la-gloria-infantil-2023\\\/#primaryimage\"},\"thumbnailUrl\":\"https:\\\/\\\/www.copealcoy.es\\\/wp-content\\\/uploads\\\/2023\\\/04\\\/341252267_194140800068607_7482095233833586038_n.jpg\",\"articleSection\":[\"Actualidad\",\"Alcoy\",\"Fiesta y Cultura\",\"Noticias\",\"Portada\"],\"inLanguage\":\"es\"},{\"@type\":\"WebPage\",\"@id\":\"https:\\\/\\\/www.copealcoy.es\\\/es\\\/los-ninos-toman-las-calles-de-alcoy-en-la-gloria-infantil-2023\\\/\",\"url\":\"https:\\\/\\\/www.copealcoy.es\\\/es\\\/los-ninos-toman-las-calles-de-alcoy-en-la-gloria-infantil-2023\\\/\",\"name\":\"Los ni\u00f1os toman las calles de Alcoy en la Gloria Infantil 2023 - COPE Alcoy\",\"isPartOf\":{\"@id\":\"https:\\\/\\\/www.copealcoy.es\\\/es\\\/#website\"},\"primaryImageOfPage\":{\"@id\":\"https:\\\/\\\/www.copealcoy.es\\\/es\\\/los-ninos-toman-las-calles-de-alcoy-en-la-gloria-infantil-2023\\\/#primaryimage\"},\"image\":{\"@id\":\"https:\\\/\\\/www.copealcoy.es\\\/es\\\/los-ninos-toman-las-calles-de-alcoy-en-la-gloria-infantil-2023\\\/#primaryimage\"},\"thumbnailUrl\":\"https:\\\/\\\/www.copealcoy.es\\\/wp-content\\\/uploads\\\/2023\\\/04\\\/341252267_194140800068607_7482095233833586038_n.jpg\",\"datePublished\":\"2023-04-17T07:00:03+00:00\",\"dateModified\":\"2023-09-02T16:50:50+00:00\",\"author\":{\"@id\":\"https:\\\/\\\/www.copealcoy.es\\\/es\\\/#\\\/schema\\\/person\\\/e777c87fa024e57d40170af9df39882c\"},\"breadcrumb\":{\"@id\":\"https:\\\/\\\/www.copealcoy.es\\\/es\\\/los-ninos-toman-las-calles-de-alcoy-en-la-gloria-infantil-2023\\\/#breadcrumb\"},\"inLanguage\":\"es\",\"potentialAction\":[{\"@type\":\"ReadAction\",\"target\":[\"https:\\\/\\\/www.copealcoy.es\\\/es\\\/los-ninos-toman-las-calles-de-alcoy-en-la-gloria-infantil-2023\\\/\"]}]},{\"@type\":\"ImageObject\",\"inLanguage\":\"es\",\"@id\":\"https:\\\/\\\/www.copealcoy.es\\\/es\\\/los-ninos-toman-las-calles-de-alcoy-en-la-gloria-infantil-2023\\\/#primaryimage\",\"url\":\"https:\\\/\\\/www.copealcoy.es\\\/wp-content\\\/uploads\\\/2023\\\/04\\\/341252267_194140800068607_7482095233833586038_n.jpg\",\"contentUrl\":\"https:\\\/\\\/www.copealcoy.es\\\/wp-content\\\/uploads\\\/2023\\\/04\\\/341252267_194140800068607_7482095233833586038_n.jpg\",\"width\":1024,\"height\":768},{\"@type\":\"BreadcrumbList\",\"@id\":\"https:\\\/\\\/www.copealcoy.es\\\/es\\\/los-ninos-toman-las-calles-de-alcoy-en-la-gloria-infantil-2023\\\/#breadcrumb\",\"itemListElement\":[{\"@type\":\"ListItem\",\"position\":1,\"name\":\"Portada\",\"item\":\"https:\\\/\\\/www.copealcoy.es\\\/es\\\/\"},{\"@type\":\"ListItem\",\"position\":2,\"name\":\"Los ni\u00f1os toman las calles de Alcoy en la Gloria Infantil 2023\"}]},{\"@type\":\"WebSite\",\"@id\":\"https:\\\/\\\/www.copealcoy.es\\\/es\\\/#website\",\"url\":\"https:\\\/\\\/www.copealcoy.es\\\/es\\\/\",\"name\":\"COPE Alcoy\",\"description\":\"Emisora COPE de radio local con emisi\u00f3n online. Pont de Sant Jordi 8-10 03803 Alcoy\",\"potentialAction\":[{\"@type\":\"SearchAction\",\"target\":{\"@type\":\"EntryPoint\",\"urlTemplate\":\"https:\\\/\\\/www.copealcoy.es\\\/es\\\/?s={search_term_string}\"},\"query-input\":{\"@type\":\"PropertyValueSpecification\",\"valueRequired\":true,\"valueName\":\"search_term_string\"}}],\"inLanguage\":\"es\"},{\"@type\":\"Person\",\"@id\":\"https:\\\/\\\/www.copealcoy.es\\\/es\\\/#\\\/schema\\\/person\\\/e777c87fa024e57d40170af9df39882c\",\"name\":\"Cope Alcoy\",\"image\":{\"@type\":\"ImageObject\",\"inLanguage\":\"es\",\"@id\":\"https:\\\/\\\/secure.gravatar.com\\\/avatar\\\/bb65d0283347e303893ba14f0692005417c1e0e690a325a4c5d8bb2b3943ee14?s=96&d=mm&r=g\",\"url\":\"https:\\\/\\\/secure.gravatar.com\\\/avatar\\\/bb65d0283347e303893ba14f0692005417c1e0e690a325a4c5d8bb2b3943ee14?s=96&d=mm&r=g\",\"contentUrl\":\"https:\\\/\\\/secure.gravatar.com\\\/avatar\\\/bb65d0283347e303893ba14f0692005417c1e0e690a325a4c5d8bb2b3943ee14?s=96&d=mm&r=g\",\"caption\":\"Cope Alcoy\"}}]}<\/script>\n<!-- \/ Yoast SEO plugin. -->","yoast_head_json":{"title":"Los ni\u00f1os toman las calles de Alcoy en la Gloria Infantil 2023 - COPE Alcoy","robots":{"index":"index","follow":"follow","max-snippet":"max-snippet:-1","max-image-preview":"max-image-preview:large","max-video-preview":"max-video-preview:-1"},"canonical":"https:\/\/www.copealcoy.es\/es\/los-ninos-toman-las-calles-de-alcoy-en-la-gloria-infantil-2023\/","og_locale":"es_ES","og_type":"article","og_title":"Los ni\u00f1os toman las calles de Alcoy en la Gloria Infantil 2023 - COPE Alcoy","og_description":"Arranca la recta final hacia la Trilog\u00eda Festera. A menos de una semana para que comiencen los d\u00edas grandes de...","og_url":"https:\/\/www.copealcoy.es\/es\/los-ninos-toman-las-calles-de-alcoy-en-la-gloria-infantil-2023\/","og_site_name":"COPE Alcoy","article_published_time":"2023-04-17T07:00:03+00:00","article_modified_time":"2023-09-02T16:50:50+00:00","og_image":[{"width":1024,"height":768,"url":"https:\/\/www.copealcoy.es\/wp-content\/uploads\/2023\/04\/341252267_194140800068607_7482095233833586038_n.jpg","type":"image\/jpeg"}],"author":"Cope Alcoy","twitter_misc":{"Escrito por":"Cope Alcoy","Tiempo de lectura":"2 minutos"},"schema":{"@context":"https:\/\/schema.org","@graph":[{"@type":"Article","@id":"https:\/\/www.copealcoy.es\/es\/los-ninos-toman-las-calles-de-alcoy-en-la-gloria-infantil-2023\/#article","isPartOf":{"@id":"https:\/\/www.copealcoy.es\/es\/los-ninos-toman-las-calles-de-alcoy-en-la-gloria-infantil-2023\/"},"author":{"name":"Cope Alcoy","@id":"https:\/\/www.copealcoy.es\/es\/#\/schema\/person\/e777c87fa024e57d40170af9df39882c"},"headline":"Los ni\u00f1os toman las calles de Alcoy en la Gloria Infantil 2023","datePublished":"2023-04-17T07:00:03+00:00","dateModified":"2023-09-02T16:50:50+00:00","mainEntityOfPage":{"@id":"https:\/\/www.copealcoy.es\/es\/los-ninos-toman-las-calles-de-alcoy-en-la-gloria-infantil-2023\/"},"wordCount":390,"commentCount":0,"image":{"@id":"https:\/\/www.copealcoy.es\/es\/los-ninos-toman-las-calles-de-alcoy-en-la-gloria-infantil-2023\/#primaryimage"},"thumbnailUrl":"https:\/\/www.copealcoy.es\/wp-content\/uploads\/2023\/04\/341252267_194140800068607_7482095233833586038_n.jpg","articleSection":["Actualidad","Alcoy","Fiesta y Cultura","Noticias","Portada"],"inLanguage":"es"},{"@type":"WebPage","@id":"https:\/\/www.copealcoy.es\/es\/los-ninos-toman-las-calles-de-alcoy-en-la-gloria-infantil-2023\/","url":"https:\/\/www.copealcoy.es\/es\/los-ninos-toman-las-calles-de-alcoy-en-la-gloria-infantil-2023\/","name":"Los ni\u00f1os toman las calles de Alcoy en la Gloria Infantil 2023 - COPE Alcoy","isPartOf":{"@id":"https:\/\/www.copealcoy.es\/es\/#website"},"primaryImageOfPage":{"@id":"https:\/\/www.copealcoy.es\/es\/los-ninos-toman-las-calles-de-alcoy-en-la-gloria-infantil-2023\/#primaryimage"},"image":{"@id":"https:\/\/www.copealcoy.es\/es\/los-ninos-toman-las-calles-de-alcoy-en-la-gloria-infantil-2023\/#primaryimage"},"thumbnailUrl":"https:\/\/www.copealcoy.es\/wp-content\/uploads\/2023\/04\/341252267_194140800068607_7482095233833586038_n.jpg","datePublished":"2023-04-17T07:00:03+00:00","dateModified":"2023-09-02T16:50:50+00:00","author":{"@id":"https:\/\/www.copealcoy.es\/es\/#\/schema\/person\/e777c87fa024e57d40170af9df39882c"},"breadcrumb":{"@id":"https:\/\/www.copealcoy.es\/es\/los-ninos-toman-las-calles-de-alcoy-en-la-gloria-infantil-2023\/#breadcrumb"},"inLanguage":"es","potentialAction":[{"@type":"ReadAction","target":["https:\/\/www.copealcoy.es\/es\/los-ninos-toman-las-calles-de-alcoy-en-la-gloria-infantil-2023\/"]}]},{"@type":"ImageObject","inLanguage":"es","@id":"https:\/\/www.copealcoy.es\/es\/los-ninos-toman-las-calles-de-alcoy-en-la-gloria-infantil-2023\/#primaryimage","url":"https:\/\/www.copealcoy.es\/wp-content\/uploads\/2023\/04\/341252267_194140800068607_7482095233833586038_n.jpg","contentUrl":"https:\/\/www.copealcoy.es\/wp-content\/uploads\/2023\/04\/341252267_194140800068607_7482095233833586038_n.jpg","width":1024,"height":768},{"@type":"BreadcrumbList","@id":"https:\/\/www.copealcoy.es\/es\/los-ninos-toman-las-calles-de-alcoy-en-la-gloria-infantil-2023\/#breadcrumb","itemListElement":[{"@type":"ListItem","position":1,"name":"Portada","item":"https:\/\/www.copealcoy.es\/es\/"},{"@type":"ListItem","position":2,"name":"Los ni\u00f1os toman las calles de Alcoy en la Gloria Infantil 2023"}]},{"@type":"WebSite","@id":"https:\/\/www.copealcoy.es\/es\/#website","url":"https:\/\/www.copealcoy.es\/es\/","name":"COPE Alcoy","description":"Emisora COPE de radio local con emisi\u00f3n online. Pont de Sant Jordi 8-10 03803 Alcoy","potentialAction":[{"@type":"SearchAction","target":{"@type":"EntryPoint","urlTemplate":"https:\/\/www.copealcoy.es\/es\/?s={search_term_string}"},"query-input":{"@type":"PropertyValueSpecification","valueRequired":true,"valueName":"search_term_string"}}],"inLanguage":"es"},{"@type":"Person","@id":"https:\/\/www.copealcoy.es\/es\/#\/schema\/person\/e777c87fa024e57d40170af9df39882c","name":"Cope Alcoy","image":{"@type":"ImageObject","inLanguage":"es","@id":"https:\/\/secure.gravatar.com\/avatar\/bb65d0283347e303893ba14f0692005417c1e0e690a325a4c5d8bb2b3943ee14?s=96&d=mm&r=g","url":"https:\/\/secure.gravatar.com\/avatar\/bb65d0283347e303893ba14f0692005417c1e0e690a325a4c5d8bb2b3943ee14?s=96&d=mm&r=g","contentUrl":"https:\/\/secure.gravatar.com\/avatar\/bb65d0283347e303893ba14f0692005417c1e0e690a325a4c5d8bb2b3943ee14?s=96&d=mm&r=g","caption":"Cope Alcoy"}}]}},"_links":{"self":[{"href":"https:\/\/www.copealcoy.es\/es\/wp-json\/wp\/v2\/posts\/113959","targetHints":{"allow":["GET"]}}],"collection":[{"href":"https:\/\/www.copealcoy.es\/es\/wp-json\/wp\/v2\/posts"}],"about":[{"href":"https:\/\/www.copealcoy.es\/es\/wp-json\/wp\/v2\/types\/post"}],"author":[{"embeddable":true,"href":"https:\/\/www.copealcoy.es\/es\/wp-json\/wp\/v2\/users\/1"}],"replies":[{"embeddable":true,"href":"https:\/\/www.copealcoy.es\/es\/wp-json\/wp\/v2\/comments?post=113959"}],"version-history":[{"count":0,"href":"https:\/\/www.copealcoy.es\/es\/wp-json\/wp\/v2\/posts\/113959\/revisions"}],"wp:featuredmedia":[{"embeddable":true,"href":"https:\/\/www.copealcoy.es\/es\/wp-json\/wp\/v2\/media\/113996"}],"wp:attachment":[{"href":"https:\/\/www.copealcoy.es\/es\/wp-json\/wp\/v2\/media?parent=113959"}],"wp:term":[{"taxonomy":"category","embeddable":true,"href":"https:\/\/www.copealcoy.es\/es\/wp-json\/wp\/v2\/categories?post=113959"},{"taxonomy":"post_tag","embeddable":true,"href":"https:\/\/www.copealcoy.es\/es\/wp-json\/wp\/v2\/tags?post=113959"}],"curies":[{"name":"wp","href":"https:\/\/api.w.org\/{rel}","templated":true}]}}