{"id":113893,"date":"2023-04-14T07:00:26","date_gmt":"2023-04-14T06:00:26","guid":{"rendered":"https:\/\/www.copealcoy.es\/?p=113893"},"modified":"2023-04-14T07:25:50","modified_gmt":"2023-04-14T06:25:50","slug":"informativo-matinal-viernes-14-de-abril-2023-0720h","status":"publish","type":"post","link":"https:\/\/www.copealcoy.es\/es\/informativo-matinal-viernes-14-de-abril-2023-0720h\/","title":{"rendered":"Informativo matinal viernes 14 de abril 2023 (07:20h)"},"content":{"rendered":"<p><iframe loading=\"lazy\" title=\"Informatiu Matinal Divendres 14 D&#039;Abril De 2023 (07:20h)\" width=\"100%\" height=\"120\" src=\"https:\/\/www.mixcloud.com\/widget\/iframe\/?feed=https%3A%2F%2Fwww.mixcloud.com%2FCOPEAlcoy%2Finformatiu-matinal-divendres-14-dabril-de-2023-0720h%2F&amp;hide_cover=1\" frameborder=\"0\"><\/iframe><\/p>\n<p style=\"text-align: justify;\">La <strong>falta de planificaci\u00f3n y participaci\u00f3n que critican los partidos de la oposici\u00f3n<\/strong> en proyectos como el carril bici y la peatonalizaci\u00f3n del Centro, y la <strong>repercusi\u00f3n de la barrera de la Font Roja en los alojamientos rurales<\/strong> son algunas de las noticias destacadas de este 14 de abril de 2023.<\/p>\n<p style=\"text-align: justify;\"><strong>M\u00e1s planificaci\u00f3n en las obras<\/strong>\u00a0y\u00a0<strong>que no se haya tenido en cuenta el carril bus<\/strong>. Estos son\u00a0<strong>los principales aspectos<\/strong>\u00a0que\u00a0<strong>echan en falta los partidos pol\u00edticos de la oposici\u00f3n de Alcoy<\/strong>\u00a0a la hora de valorar<strong>\u00a0las obras de ejecuci\u00f3n del carril bici<\/strong>\u00a0en el tramo de La Alameda.<\/p>\n<p style=\"text-align: justify;\">As\u00ed lo han destacado l<strong>os representantes pol\u00edticos de Ciudadanos, Podem, Guanyar, VOX y ADIN durante el debate sectorial, previo a las Elecciones Municipales del pr\u00f3ximo mes de mayo<\/strong>, que ha organizado COPE ALCOY en este jueves\u00a0<strong>centrado en cuestiones referidas a la movilidad<\/strong>. Para la formaci\u00f3n naranja\u00a0<strong>hay muchas dudas por resolver<\/strong>\u00a0que se incrementan\u00a0<a href=\"https:\/\/www.copealcoy.es\/la-oposicion-echa-en-falta-mas-planificacion-en-las-obras-del-carril-bici-de-alcoy\/\" target=\"_blank\" rel=\"noopener\"><strong>despu\u00e9s de que el concejal Jordi Mart\u00ednez anunciase ayer en esta emisora un nuevo proyecto para complementar el carril bici por los puentes que cruzan la misma Alameda<\/strong><\/a>\u00a0<em>\u00abcuando un ciclista trate de cruzar la ciudad, \u00bfqu\u00e9 har\u00e1 en los puentes?. \u00bfse para y vuelve a subir?. No los vemos nada claro<\/em>\u00ab, indicaba\u00a0<strong>Rafa Zamorano<\/strong>, el alcaldable.<\/p>\n<p style=\"text-align: justify;\">Desde\u00a0<strong>Podem y Guanyar<\/strong>\u00a0lamentan que\u00a0<strong>no se hayan tenido en cuenta las reivindicaciones de vecinos y comerciantes<\/strong>\u00a0a la hora de planificar el carril bici. Afirman que la ciudad\u00a0<strong>tiene que avanzar con paso firme hacia la movilidad sostenible<\/strong>\u00a0y\u00a0<strong>ponen el acento en un aspecto importante<\/strong>\u00a0<em>\u00abcuesta de creer que para hacer un carril bici se tenga que quitar un carril bus, lo cual va en detrimento del fomento del transporte p\u00fablico. Tendr\u00eda que haberse estudiado bien la forma de poder compaginar ambas infraestructuras<\/em>\u00ab, se\u00f1alaron\u00a0<strong>Sergi Rodr\u00edguez,<\/strong>\u00a0alcaldable de la plataforma; y\u00a0<strong>Aar\u00f3n Ferr\u00e1ndiz<\/strong>, edil de los morados.<\/p>\n<p style=\"text-align: justify;\">Tambi\u00e9n\u00a0<strong>VOX<\/strong>\u00a0considera que el proyecto\u00a0<strong>no se est\u00e1 ejecutando de forma adecuada<\/strong>. Los de Santiago Abascal a\u00f1aden que\u00a0<strong>cada d\u00eda avanzan unas obras<\/strong>\u00a0que \u00ab<em>son un sin sentido y que no se han planificado nada bien. Si el carril bici va de Cervantes hasta Juan Gil Albert no entendemos porque ha empezado a hacerse por tramos sin criterio alguno<\/em>\u00ab, apostillaba el candidato a la alcald\u00eda,\u00a0<strong>David Abad<\/strong>. Finalmente\u00a0<strong>Marcos Mart\u00ednez<\/strong>, alcaldable de ADIN,\u00a0<strong>se mostraba confiado en que el carril bici pueda ser de utilidad despu\u00e9s del trabajo hecho<\/strong>\u00a0\u00ab<em>cuando se hizo el carril bus, hace m\u00e1s de dos d\u00e9cadas, tambi\u00e9n surgieron problemas y habr\u00eda que ver si realmente funcionaba o no<\/em>\u00ab, concluy\u00f3.<\/p>\n","protected":false},"excerpt":{"rendered":"<p>La falta de planificaci\u00f3n y participaci\u00f3n que critican los partidos de la oposici\u00f3n en proyectos como el carril bici y&#8230;<\/p>\n","protected":false},"author":1,"featured_media":110612,"comment_status":"open","ping_status":"open","sticky":false,"template":"","format":"standard","meta":{"footnotes":""},"categories":[6909,89,91],"tags":[],"class_list":["post-113893","post","type-post","status-publish","format-standard","has-post-thumbnail","hentry","category-actualidad","category-audiosdelosprogramas","category-informativos"],"yoast_head":"<!-- This site is optimized with the Yoast SEO plugin v27.3 - https:\/\/yoast.com\/product\/yoast-seo-wordpress\/ -->\n<title>Informativo matinal viernes 14 de abril 2023 (07:20h) - COPE Alcoy<\/title>\n<meta name=\"description\" content=\"La falta de planificaci\u00f3n y participaci\u00f3n que cirtican los partidos de la oposici\u00f3n en proyectos como el carril bici y la peatonalizaci\u00f3n del Centro, y la repercusi\u00f3n de la barrera de la Font Roja en los alojamientos rurales son algunas de las noticias destacadas de este 14 de abril de 2023.\" \/>\n<meta name=\"robots\" content=\"index, follow, max-snippet:-1, max-image-preview:large, max-video-preview:-1\" \/>\n<link rel=\"canonical\" href=\"https:\/\/www.copealcoy.es\/es\/informativo-matinal-viernes-14-de-abril-2023-0720h\/\" \/>\n<meta property=\"og:locale\" content=\"es_ES\" \/>\n<meta property=\"og:type\" content=\"article\" \/>\n<meta property=\"og:title\" content=\"Informativo matinal viernes 14 de abril 2023 (07:20h) - COPE Alcoy\" \/>\n<meta property=\"og:description\" content=\"La falta de planificaci\u00f3n y participaci\u00f3n que cirtican los partidos de la oposici\u00f3n en proyectos como el carril bici y la peatonalizaci\u00f3n del Centro, y la repercusi\u00f3n de la barrera de la Font Roja en los alojamientos rurales son algunas de las noticias destacadas de este 14 de abril de 2023.\" \/>\n<meta property=\"og:url\" content=\"https:\/\/www.copealcoy.es\/es\/informativo-matinal-viernes-14-de-abril-2023-0720h\/\" \/>\n<meta property=\"og:site_name\" content=\"COPE Alcoy\" \/>\n<meta property=\"article:published_time\" content=\"2023-04-14T06:00:26+00:00\" \/>\n<meta property=\"article:modified_time\" content=\"2023-04-14T06:25:50+00:00\" \/>\n<meta property=\"og:image\" content=\"https:\/\/www.copealcoy.es\/wp-content\/uploads\/2023\/02\/Herrera-en-COPE-Alcoy-4.png\" \/>\n\t<meta property=\"og:image:width\" content=\"357\" \/>\n\t<meta property=\"og:image:height\" content=\"290\" \/>\n\t<meta property=\"og:image:type\" content=\"image\/png\" \/>\n<meta name=\"author\" content=\"Cope Alcoy\" \/>\n<meta name=\"twitter:label1\" content=\"Escrito por\" \/>\n\t<meta name=\"twitter:data1\" content=\"Cope Alcoy\" \/>\n\t<meta name=\"twitter:label2\" content=\"Tiempo de lectura\" \/>\n\t<meta name=\"twitter:data2\" content=\"2 minutos\" \/>\n<script type=\"application\/ld+json\" class=\"yoast-schema-graph\">{\"@context\":\"https:\\\/\\\/schema.org\",\"@graph\":[{\"@type\":\"Article\",\"@id\":\"https:\\\/\\\/www.copealcoy.es\\\/es\\\/informativo-matinal-viernes-14-de-abril-2023-0720h\\\/#article\",\"isPartOf\":{\"@id\":\"https:\\\/\\\/www.copealcoy.es\\\/es\\\/informativo-matinal-viernes-14-de-abril-2023-0720h\\\/\"},\"author\":{\"name\":\"Cope Alcoy\",\"@id\":\"https:\\\/\\\/www.copealcoy.es\\\/es\\\/#\\\/schema\\\/person\\\/e777c87fa024e57d40170af9df39882c\"},\"headline\":\"Informativo matinal viernes 14 de abril 2023 (07:20h)\",\"datePublished\":\"2023-04-14T06:00:26+00:00\",\"dateModified\":\"2023-04-14T06:25:50+00:00\",\"mainEntityOfPage\":{\"@id\":\"https:\\\/\\\/www.copealcoy.es\\\/es\\\/informativo-matinal-viernes-14-de-abril-2023-0720h\\\/\"},\"wordCount\":472,\"commentCount\":0,\"image\":{\"@id\":\"https:\\\/\\\/www.copealcoy.es\\\/es\\\/informativo-matinal-viernes-14-de-abril-2023-0720h\\\/#primaryimage\"},\"thumbnailUrl\":\"https:\\\/\\\/www.copealcoy.es\\\/wp-content\\\/uploads\\\/2023\\\/02\\\/Herrera-en-COPE-Alcoy-4.png\",\"articleSection\":[\"Actualidad\",\"Audios de los programas\",\"Informativos\"],\"inLanguage\":\"es\"},{\"@type\":\"WebPage\",\"@id\":\"https:\\\/\\\/www.copealcoy.es\\\/es\\\/informativo-matinal-viernes-14-de-abril-2023-0720h\\\/\",\"url\":\"https:\\\/\\\/www.copealcoy.es\\\/es\\\/informativo-matinal-viernes-14-de-abril-2023-0720h\\\/\",\"name\":\"Informativo matinal viernes 14 de abril 2023 (07:20h) - COPE Alcoy\",\"isPartOf\":{\"@id\":\"https:\\\/\\\/www.copealcoy.es\\\/es\\\/#website\"},\"primaryImageOfPage\":{\"@id\":\"https:\\\/\\\/www.copealcoy.es\\\/es\\\/informativo-matinal-viernes-14-de-abril-2023-0720h\\\/#primaryimage\"},\"image\":{\"@id\":\"https:\\\/\\\/www.copealcoy.es\\\/es\\\/informativo-matinal-viernes-14-de-abril-2023-0720h\\\/#primaryimage\"},\"thumbnailUrl\":\"https:\\\/\\\/www.copealcoy.es\\\/wp-content\\\/uploads\\\/2023\\\/02\\\/Herrera-en-COPE-Alcoy-4.png\",\"datePublished\":\"2023-04-14T06:00:26+00:00\",\"dateModified\":\"2023-04-14T06:25:50+00:00\",\"author\":{\"@id\":\"https:\\\/\\\/www.copealcoy.es\\\/es\\\/#\\\/schema\\\/person\\\/e777c87fa024e57d40170af9df39882c\"},\"description\":\"La falta de planificaci\u00f3n y participaci\u00f3n que cirtican los partidos de la oposici\u00f3n en proyectos como el carril bici y la peatonalizaci\u00f3n del Centro, y la repercusi\u00f3n de la barrera de la Font Roja en los alojamientos rurales son algunas de las noticias destacadas de este 14 de abril de 2023.\",\"breadcrumb\":{\"@id\":\"https:\\\/\\\/www.copealcoy.es\\\/es\\\/informativo-matinal-viernes-14-de-abril-2023-0720h\\\/#breadcrumb\"},\"inLanguage\":\"es\",\"potentialAction\":[{\"@type\":\"ReadAction\",\"target\":[\"https:\\\/\\\/www.copealcoy.es\\\/es\\\/informativo-matinal-viernes-14-de-abril-2023-0720h\\\/\"]}]},{\"@type\":\"ImageObject\",\"inLanguage\":\"es\",\"@id\":\"https:\\\/\\\/www.copealcoy.es\\\/es\\\/informativo-matinal-viernes-14-de-abril-2023-0720h\\\/#primaryimage\",\"url\":\"https:\\\/\\\/www.copealcoy.es\\\/wp-content\\\/uploads\\\/2023\\\/02\\\/Herrera-en-COPE-Alcoy-4.png\",\"contentUrl\":\"https:\\\/\\\/www.copealcoy.es\\\/wp-content\\\/uploads\\\/2023\\\/02\\\/Herrera-en-COPE-Alcoy-4.png\",\"width\":357,\"height\":290},{\"@type\":\"BreadcrumbList\",\"@id\":\"https:\\\/\\\/www.copealcoy.es\\\/es\\\/informativo-matinal-viernes-14-de-abril-2023-0720h\\\/#breadcrumb\",\"itemListElement\":[{\"@type\":\"ListItem\",\"position\":1,\"name\":\"Portada\",\"item\":\"https:\\\/\\\/www.copealcoy.es\\\/es\\\/\"},{\"@type\":\"ListItem\",\"position\":2,\"name\":\"Informativo matinal viernes 14 de abril 2023 (07:20h)\"}]},{\"@type\":\"WebSite\",\"@id\":\"https:\\\/\\\/www.copealcoy.es\\\/es\\\/#website\",\"url\":\"https:\\\/\\\/www.copealcoy.es\\\/es\\\/\",\"name\":\"COPE Alcoy\",\"description\":\"Emisora COPE de radio local con emisi\u00f3n online. Pont de Sant Jordi 8-10 03803 Alcoy\",\"potentialAction\":[{\"@type\":\"SearchAction\",\"target\":{\"@type\":\"EntryPoint\",\"urlTemplate\":\"https:\\\/\\\/www.copealcoy.es\\\/es\\\/?s={search_term_string}\"},\"query-input\":{\"@type\":\"PropertyValueSpecification\",\"valueRequired\":true,\"valueName\":\"search_term_string\"}}],\"inLanguage\":\"es\"},{\"@type\":\"Person\",\"@id\":\"https:\\\/\\\/www.copealcoy.es\\\/es\\\/#\\\/schema\\\/person\\\/e777c87fa024e57d40170af9df39882c\",\"name\":\"Cope Alcoy\",\"image\":{\"@type\":\"ImageObject\",\"inLanguage\":\"es\",\"@id\":\"https:\\\/\\\/secure.gravatar.com\\\/avatar\\\/bb65d0283347e303893ba14f0692005417c1e0e690a325a4c5d8bb2b3943ee14?s=96&d=mm&r=g\",\"url\":\"https:\\\/\\\/secure.gravatar.com\\\/avatar\\\/bb65d0283347e303893ba14f0692005417c1e0e690a325a4c5d8bb2b3943ee14?s=96&d=mm&r=g\",\"contentUrl\":\"https:\\\/\\\/secure.gravatar.com\\\/avatar\\\/bb65d0283347e303893ba14f0692005417c1e0e690a325a4c5d8bb2b3943ee14?s=96&d=mm&r=g\",\"caption\":\"Cope Alcoy\"}}]}<\/script>\n<!-- \/ Yoast SEO plugin. -->","yoast_head_json":{"title":"Informativo matinal viernes 14 de abril 2023 (07:20h) - COPE Alcoy","description":"La falta de planificaci\u00f3n y participaci\u00f3n que cirtican los partidos de la oposici\u00f3n en proyectos como el carril bici y la peatonalizaci\u00f3n del Centro, y la repercusi\u00f3n de la barrera de la Font Roja en los alojamientos rurales son algunas de las noticias destacadas de este 14 de abril de 2023.","robots":{"index":"index","follow":"follow","max-snippet":"max-snippet:-1","max-image-preview":"max-image-preview:large","max-video-preview":"max-video-preview:-1"},"canonical":"https:\/\/www.copealcoy.es\/es\/informativo-matinal-viernes-14-de-abril-2023-0720h\/","og_locale":"es_ES","og_type":"article","og_title":"Informativo matinal viernes 14 de abril 2023 (07:20h) - COPE Alcoy","og_description":"La falta de planificaci\u00f3n y participaci\u00f3n que cirtican los partidos de la oposici\u00f3n en proyectos como el carril bici y la peatonalizaci\u00f3n del Centro, y la repercusi\u00f3n de la barrera de la Font Roja en los alojamientos rurales son algunas de las noticias destacadas de este 14 de abril de 2023.","og_url":"https:\/\/www.copealcoy.es\/es\/informativo-matinal-viernes-14-de-abril-2023-0720h\/","og_site_name":"COPE Alcoy","article_published_time":"2023-04-14T06:00:26+00:00","article_modified_time":"2023-04-14T06:25:50+00:00","og_image":[{"width":357,"height":290,"url":"https:\/\/www.copealcoy.es\/wp-content\/uploads\/2023\/02\/Herrera-en-COPE-Alcoy-4.png","type":"image\/png"}],"author":"Cope Alcoy","twitter_misc":{"Escrito por":"Cope Alcoy","Tiempo de lectura":"2 minutos"},"schema":{"@context":"https:\/\/schema.org","@graph":[{"@type":"Article","@id":"https:\/\/www.copealcoy.es\/es\/informativo-matinal-viernes-14-de-abril-2023-0720h\/#article","isPartOf":{"@id":"https:\/\/www.copealcoy.es\/es\/informativo-matinal-viernes-14-de-abril-2023-0720h\/"},"author":{"name":"Cope Alcoy","@id":"https:\/\/www.copealcoy.es\/es\/#\/schema\/person\/e777c87fa024e57d40170af9df39882c"},"headline":"Informativo matinal viernes 14 de abril 2023 (07:20h)","datePublished":"2023-04-14T06:00:26+00:00","dateModified":"2023-04-14T06:25:50+00:00","mainEntityOfPage":{"@id":"https:\/\/www.copealcoy.es\/es\/informativo-matinal-viernes-14-de-abril-2023-0720h\/"},"wordCount":472,"commentCount":0,"image":{"@id":"https:\/\/www.copealcoy.es\/es\/informativo-matinal-viernes-14-de-abril-2023-0720h\/#primaryimage"},"thumbnailUrl":"https:\/\/www.copealcoy.es\/wp-content\/uploads\/2023\/02\/Herrera-en-COPE-Alcoy-4.png","articleSection":["Actualidad","Audios de los programas","Informativos"],"inLanguage":"es"},{"@type":"WebPage","@id":"https:\/\/www.copealcoy.es\/es\/informativo-matinal-viernes-14-de-abril-2023-0720h\/","url":"https:\/\/www.copealcoy.es\/es\/informativo-matinal-viernes-14-de-abril-2023-0720h\/","name":"Informativo matinal viernes 14 de abril 2023 (07:20h) - COPE Alcoy","isPartOf":{"@id":"https:\/\/www.copealcoy.es\/es\/#website"},"primaryImageOfPage":{"@id":"https:\/\/www.copealcoy.es\/es\/informativo-matinal-viernes-14-de-abril-2023-0720h\/#primaryimage"},"image":{"@id":"https:\/\/www.copealcoy.es\/es\/informativo-matinal-viernes-14-de-abril-2023-0720h\/#primaryimage"},"thumbnailUrl":"https:\/\/www.copealcoy.es\/wp-content\/uploads\/2023\/02\/Herrera-en-COPE-Alcoy-4.png","datePublished":"2023-04-14T06:00:26+00:00","dateModified":"2023-04-14T06:25:50+00:00","author":{"@id":"https:\/\/www.copealcoy.es\/es\/#\/schema\/person\/e777c87fa024e57d40170af9df39882c"},"description":"La falta de planificaci\u00f3n y participaci\u00f3n que cirtican los partidos de la oposici\u00f3n en proyectos como el carril bici y la peatonalizaci\u00f3n del Centro, y la repercusi\u00f3n de la barrera de la Font Roja en los alojamientos rurales son algunas de las noticias destacadas de este 14 de abril de 2023.","breadcrumb":{"@id":"https:\/\/www.copealcoy.es\/es\/informativo-matinal-viernes-14-de-abril-2023-0720h\/#breadcrumb"},"inLanguage":"es","potentialAction":[{"@type":"ReadAction","target":["https:\/\/www.copealcoy.es\/es\/informativo-matinal-viernes-14-de-abril-2023-0720h\/"]}]},{"@type":"ImageObject","inLanguage":"es","@id":"https:\/\/www.copealcoy.es\/es\/informativo-matinal-viernes-14-de-abril-2023-0720h\/#primaryimage","url":"https:\/\/www.copealcoy.es\/wp-content\/uploads\/2023\/02\/Herrera-en-COPE-Alcoy-4.png","contentUrl":"https:\/\/www.copealcoy.es\/wp-content\/uploads\/2023\/02\/Herrera-en-COPE-Alcoy-4.png","width":357,"height":290},{"@type":"BreadcrumbList","@id":"https:\/\/www.copealcoy.es\/es\/informativo-matinal-viernes-14-de-abril-2023-0720h\/#breadcrumb","itemListElement":[{"@type":"ListItem","position":1,"name":"Portada","item":"https:\/\/www.copealcoy.es\/es\/"},{"@type":"ListItem","position":2,"name":"Informativo matinal viernes 14 de abril 2023 (07:20h)"}]},{"@type":"WebSite","@id":"https:\/\/www.copealcoy.es\/es\/#website","url":"https:\/\/www.copealcoy.es\/es\/","name":"COPE Alcoy","description":"Emisora COPE de radio local con emisi\u00f3n online. Pont de Sant Jordi 8-10 03803 Alcoy","potentialAction":[{"@type":"SearchAction","target":{"@type":"EntryPoint","urlTemplate":"https:\/\/www.copealcoy.es\/es\/?s={search_term_string}"},"query-input":{"@type":"PropertyValueSpecification","valueRequired":true,"valueName":"search_term_string"}}],"inLanguage":"es"},{"@type":"Person","@id":"https:\/\/www.copealcoy.es\/es\/#\/schema\/person\/e777c87fa024e57d40170af9df39882c","name":"Cope Alcoy","image":{"@type":"ImageObject","inLanguage":"es","@id":"https:\/\/secure.gravatar.com\/avatar\/bb65d0283347e303893ba14f0692005417c1e0e690a325a4c5d8bb2b3943ee14?s=96&d=mm&r=g","url":"https:\/\/secure.gravatar.com\/avatar\/bb65d0283347e303893ba14f0692005417c1e0e690a325a4c5d8bb2b3943ee14?s=96&d=mm&r=g","contentUrl":"https:\/\/secure.gravatar.com\/avatar\/bb65d0283347e303893ba14f0692005417c1e0e690a325a4c5d8bb2b3943ee14?s=96&d=mm&r=g","caption":"Cope Alcoy"}}]}},"_links":{"self":[{"href":"https:\/\/www.copealcoy.es\/es\/wp-json\/wp\/v2\/posts\/113893","targetHints":{"allow":["GET"]}}],"collection":[{"href":"https:\/\/www.copealcoy.es\/es\/wp-json\/wp\/v2\/posts"}],"about":[{"href":"https:\/\/www.copealcoy.es\/es\/wp-json\/wp\/v2\/types\/post"}],"author":[{"embeddable":true,"href":"https:\/\/www.copealcoy.es\/es\/wp-json\/wp\/v2\/users\/1"}],"replies":[{"embeddable":true,"href":"https:\/\/www.copealcoy.es\/es\/wp-json\/wp\/v2\/comments?post=113893"}],"version-history":[{"count":0,"href":"https:\/\/www.copealcoy.es\/es\/wp-json\/wp\/v2\/posts\/113893\/revisions"}],"wp:featuredmedia":[{"embeddable":true,"href":"https:\/\/www.copealcoy.es\/es\/wp-json\/wp\/v2\/media\/110612"}],"wp:attachment":[{"href":"https:\/\/www.copealcoy.es\/es\/wp-json\/wp\/v2\/media?parent=113893"}],"wp:term":[{"taxonomy":"category","embeddable":true,"href":"https:\/\/www.copealcoy.es\/es\/wp-json\/wp\/v2\/categories?post=113893"},{"taxonomy":"post_tag","embeddable":true,"href":"https:\/\/www.copealcoy.es\/es\/wp-json\/wp\/v2\/tags?post=113893"}],"curies":[{"name":"wp","href":"https:\/\/api.w.org\/{rel}","templated":true}]}}