{"id":113882,"date":"2023-04-13T15:42:59","date_gmt":"2023-04-13T14:42:59","guid":{"rendered":"https:\/\/www.copealcoy.es\/?p=113882"},"modified":"2023-04-13T16:01:34","modified_gmt":"2023-04-13T15:01:34","slug":"la-oposicion-echa-en-falta-mas-planificacion-en-las-obras-del-carril-bici-de-alcoy","status":"publish","type":"post","link":"https:\/\/www.copealcoy.es\/es\/la-oposicion-echa-en-falta-mas-planificacion-en-las-obras-del-carril-bici-de-alcoy\/","title":{"rendered":"La oposici\u00f3n echa en falta m\u00e1s planificaci\u00f3n en las obras del carril bici de Alcoy"},"content":{"rendered":"<p style=\"text-align: justify;\"><strong>M\u00e1s planificaci\u00f3n en las obras<\/strong> y <strong>que no se haya tenido en cuenta el carril bus<\/strong>. Estos son <strong>los principales aspectos<\/strong> que <strong>echan en falta los partidos pol\u00edticos de la oposici\u00f3n de Alcoy<\/strong> a la hora de valorar<strong> las obras de ejecuci\u00f3n del carril bici<\/strong> en el tramo de La Alameda.<\/p>\n<p style=\"text-align: justify;\">As\u00ed lo han destacado l<strong>os representantes pol\u00edticos de Ciudadanos, Podem, Guanyar, VOX y ADIN durante el debate sectorial, previo a las Elecciones Municipales del pr\u00f3ximo mes de mayo<\/strong>, que ha organizado COPE ALCOY en este jueves <strong>centrado en cuestiones referidas a la movilidad<\/strong>. Para la formaci\u00f3n naranja <strong>hay muchas dudas por resolver<\/strong> que se incrementan <a href=\"https:\/\/www.copealcoy.es\/la-oposicion-echa-en-falta-mas-planificacion-en-las-obras-del-carril-bici-de-alcoy\/\" target=\"_blank\" rel=\"noopener\"><strong><span style=\"color: #0000ff;\">despu\u00e9s de que el concejal Jordi Mart\u00ednez anunciase ayer en esta emisora un nuevo proyecto para complementar el carril bici por los puentes que cruzan la misma Alameda<\/span><\/strong><\/a> <em>&#8220;cuando un ciclista trate de cruzar la ciudad, \u00bfqu\u00e9 har\u00e1 en los puentes?. \u00bfse para y vuelve a subir?. No los vemos nada claro<\/em>&#8220;, indicaba <strong>Rafa Zamorano<\/strong>, el alcaldable.<\/p>\n<p style=\"text-align: justify;\">Desde <strong>Podem y Guanyar<\/strong> lamentan que <strong>no se hayan tenido en cuenta las reivindicaciones de vecinos y comerciantes<\/strong> a la hora de planificar el carril bici. Afirman que la ciudad <strong>tiene que avanzar con paso firme hacia la movilidad sostenible<\/strong> y <strong>ponen el acento en un aspecto importante<\/strong> <em>&#8220;cuesta de creer que para hacer un carril bici se tenga que quitar un carril bus, lo cual va en detrimento del fomento del transporte p\u00fablico. Tendr\u00eda que haberse estudiado bien la forma de poder compaginar ambas infraestructuras<\/em>&#8220;, se\u00f1alaron <strong>Sergi Rodr\u00edguez,<\/strong> alcaldable de la plataforma; y <strong>Aar\u00f3n Ferr\u00e1ndiz<\/strong>, edil de los morados.<\/p>\n<p style=\"text-align: justify;\">Tambi\u00e9n <strong>VOX<\/strong> considera que el proyecto <strong>no se est\u00e1 ejecutando de forma adecuada<\/strong>. Los de Santiago Abascal a\u00f1aden que <strong>cada d\u00eda avanzan unas obras<\/strong> que &#8220;<em>son un sin sentido y que no se han planificado nada bien. Si el carril bici va de Cervantes hasta Juan Gil Albert no entendemos porque ha empezado a hacerse por tramos sin criterio alguno<\/em>&#8220;, apostillaba el candidato a la alcald\u00eda, <strong>David Abad<\/strong>. Finalmente <strong>Marcos Mart\u00ednez<\/strong>, alcaldable de ADIN, <strong>se mostraba confiado en que el carril bici pueda ser de utilidad despu\u00e9s del trabajo hecho<\/strong> &#8220;<em>cuando se hizo el carril bus, hace m\u00e1s de dos d\u00e9cadas, tambi\u00e9n surgieron problemas y habr\u00eda que ver si realmente funcionaba o no<\/em>&#8220;, concluy\u00f3.<\/p>\n<p style=\"text-align: justify;\">El debate al completo <strong>lo puedes escuchar<\/strong> <a href=\"https:\/\/www.copealcoy.es\/debate-sectorial-movilidad-y-sostenibilidad-jueves-13-de-abril-2023\/\" target=\"_blank\" rel=\"noopener\"><strong><span style=\"color: #0000ff;\">aqu\u00ed<\/span><\/strong><\/a>. La pr\u00f3xima semana <strong>seguir\u00e1n los debates sectoriales<\/strong> centrados en las infraestructuras de comunicaci\u00f3n.<\/p>\n","protected":false},"excerpt":{"rendered":"<p>M\u00e1s planificaci\u00f3n en las obras y que no se haya tenido en cuenta el carril bus. Estos son los principales&#8230;<\/p>\n","protected":false},"author":1,"featured_media":109680,"comment_status":"open","ping_status":"open","sticky":false,"template":"","format":"standard","meta":{"footnotes":""},"categories":[6909,97,75,79],"tags":[1494,5050,10478,14476,1091],"class_list":["post-113882","post","type-post","status-publish","format-standard","has-post-thumbnail","hentry","category-actualidad","category-alcoy","category-noticias","category-politicayeconomia","tag-alcoy","tag-carril-bici","tag-carril-bus","tag-debate-sectorial","tag-oposicion"],"yoast_head":"<!-- This site is optimized with the Yoast SEO plugin v27.3 - https:\/\/yoast.com\/product\/yoast-seo-wordpress\/ -->\n<title>La oposici\u00f3n echa en falta m\u00e1s planificaci\u00f3n en las obras del carril bici de Alcoy - COPE Alcoy<\/title>\n<meta name=\"description\" content=\"M\u00e1s planificaci\u00f3n en las obras y que no se haya tenido en cuenta el carril bus, lo que echa en falta la oposici\u00f3n de Alcoy\" \/>\n<meta name=\"robots\" content=\"index, follow, max-snippet:-1, max-image-preview:large, max-video-preview:-1\" \/>\n<link rel=\"canonical\" href=\"https:\/\/www.copealcoy.es\/es\/la-oposicion-echa-en-falta-mas-planificacion-en-las-obras-del-carril-bici-de-alcoy\/\" \/>\n<meta property=\"og:locale\" content=\"es_ES\" \/>\n<meta property=\"og:type\" content=\"article\" \/>\n<meta property=\"og:title\" content=\"La oposici\u00f3n echa en falta m\u00e1s planificaci\u00f3n en las obras del carril bici de Alcoy - COPE Alcoy\" \/>\n<meta property=\"og:description\" content=\"M\u00e1s planificaci\u00f3n en las obras y que no se haya tenido en cuenta el carril bus, lo que echa en falta la oposici\u00f3n de Alcoy\" \/>\n<meta property=\"og:url\" content=\"https:\/\/www.copealcoy.es\/es\/la-oposicion-echa-en-falta-mas-planificacion-en-las-obras-del-carril-bici-de-alcoy\/\" \/>\n<meta property=\"og:site_name\" content=\"COPE Alcoy\" \/>\n<meta property=\"article:published_time\" content=\"2023-04-13T14:42:59+00:00\" \/>\n<meta property=\"article:modified_time\" content=\"2023-04-13T15:01:34+00:00\" \/>\n<meta property=\"og:image\" content=\"https:\/\/www.copealcoy.es\/wp-content\/uploads\/2023\/01\/IMG_4854-scaled.jpg\" \/>\n\t<meta property=\"og:image:width\" content=\"1440\" \/>\n\t<meta property=\"og:image:height\" content=\"1080\" \/>\n\t<meta property=\"og:image:type\" content=\"image\/jpeg\" \/>\n<meta name=\"author\" content=\"Cope Alcoy\" \/>\n<meta name=\"twitter:label1\" content=\"Escrito por\" \/>\n\t<meta name=\"twitter:data1\" content=\"Cope Alcoy\" \/>\n\t<meta name=\"twitter:label2\" content=\"Tiempo de lectura\" \/>\n\t<meta name=\"twitter:data2\" content=\"2 minutos\" \/>\n<script type=\"application\/ld+json\" class=\"yoast-schema-graph\">{\"@context\":\"https:\\\/\\\/schema.org\",\"@graph\":[{\"@type\":\"Article\",\"@id\":\"https:\\\/\\\/www.copealcoy.es\\\/es\\\/la-oposicion-echa-en-falta-mas-planificacion-en-las-obras-del-carril-bici-de-alcoy\\\/#article\",\"isPartOf\":{\"@id\":\"https:\\\/\\\/www.copealcoy.es\\\/es\\\/la-oposicion-echa-en-falta-mas-planificacion-en-las-obras-del-carril-bici-de-alcoy\\\/\"},\"author\":{\"name\":\"Cope Alcoy\",\"@id\":\"https:\\\/\\\/www.copealcoy.es\\\/es\\\/#\\\/schema\\\/person\\\/e777c87fa024e57d40170af9df39882c\"},\"headline\":\"La oposici\u00f3n echa en falta m\u00e1s planificaci\u00f3n en las obras del carril bici de Alcoy\",\"datePublished\":\"2023-04-13T14:42:59+00:00\",\"dateModified\":\"2023-04-13T15:01:34+00:00\",\"mainEntityOfPage\":{\"@id\":\"https:\\\/\\\/www.copealcoy.es\\\/es\\\/la-oposicion-echa-en-falta-mas-planificacion-en-las-obras-del-carril-bici-de-alcoy\\\/\"},\"wordCount\":445,\"commentCount\":0,\"image\":{\"@id\":\"https:\\\/\\\/www.copealcoy.es\\\/es\\\/la-oposicion-echa-en-falta-mas-planificacion-en-las-obras-del-carril-bici-de-alcoy\\\/#primaryimage\"},\"thumbnailUrl\":\"https:\\\/\\\/www.copealcoy.es\\\/wp-content\\\/uploads\\\/2023\\\/01\\\/IMG_4854-scaled.jpg\",\"keywords\":[\"Alcoy\",\"carril bici\",\"carril bus\",\"debate sectorial\",\"Oposici\u00f3n\"],\"articleSection\":[\"Actualidad\",\"Alcoy\",\"Noticias\",\"Pol\u00edtica y Econom\u00eda\"],\"inLanguage\":\"es\"},{\"@type\":\"WebPage\",\"@id\":\"https:\\\/\\\/www.copealcoy.es\\\/es\\\/la-oposicion-echa-en-falta-mas-planificacion-en-las-obras-del-carril-bici-de-alcoy\\\/\",\"url\":\"https:\\\/\\\/www.copealcoy.es\\\/es\\\/la-oposicion-echa-en-falta-mas-planificacion-en-las-obras-del-carril-bici-de-alcoy\\\/\",\"name\":\"La oposici\u00f3n echa en falta m\u00e1s planificaci\u00f3n en las obras del carril bici de Alcoy - COPE Alcoy\",\"isPartOf\":{\"@id\":\"https:\\\/\\\/www.copealcoy.es\\\/es\\\/#website\"},\"primaryImageOfPage\":{\"@id\":\"https:\\\/\\\/www.copealcoy.es\\\/es\\\/la-oposicion-echa-en-falta-mas-planificacion-en-las-obras-del-carril-bici-de-alcoy\\\/#primaryimage\"},\"image\":{\"@id\":\"https:\\\/\\\/www.copealcoy.es\\\/es\\\/la-oposicion-echa-en-falta-mas-planificacion-en-las-obras-del-carril-bici-de-alcoy\\\/#primaryimage\"},\"thumbnailUrl\":\"https:\\\/\\\/www.copealcoy.es\\\/wp-content\\\/uploads\\\/2023\\\/01\\\/IMG_4854-scaled.jpg\",\"datePublished\":\"2023-04-13T14:42:59+00:00\",\"dateModified\":\"2023-04-13T15:01:34+00:00\",\"author\":{\"@id\":\"https:\\\/\\\/www.copealcoy.es\\\/es\\\/#\\\/schema\\\/person\\\/e777c87fa024e57d40170af9df39882c\"},\"description\":\"M\u00e1s planificaci\u00f3n en las obras y que no se haya tenido en cuenta el carril bus, lo que echa en falta la oposici\u00f3n de Alcoy\",\"breadcrumb\":{\"@id\":\"https:\\\/\\\/www.copealcoy.es\\\/es\\\/la-oposicion-echa-en-falta-mas-planificacion-en-las-obras-del-carril-bici-de-alcoy\\\/#breadcrumb\"},\"inLanguage\":\"es\",\"potentialAction\":[{\"@type\":\"ReadAction\",\"target\":[\"https:\\\/\\\/www.copealcoy.es\\\/es\\\/la-oposicion-echa-en-falta-mas-planificacion-en-las-obras-del-carril-bici-de-alcoy\\\/\"]}]},{\"@type\":\"ImageObject\",\"inLanguage\":\"es\",\"@id\":\"https:\\\/\\\/www.copealcoy.es\\\/es\\\/la-oposicion-echa-en-falta-mas-planificacion-en-las-obras-del-carril-bici-de-alcoy\\\/#primaryimage\",\"url\":\"https:\\\/\\\/www.copealcoy.es\\\/wp-content\\\/uploads\\\/2023\\\/01\\\/IMG_4854-scaled.jpg\",\"contentUrl\":\"https:\\\/\\\/www.copealcoy.es\\\/wp-content\\\/uploads\\\/2023\\\/01\\\/IMG_4854-scaled.jpg\",\"width\":1440,\"height\":1080},{\"@type\":\"BreadcrumbList\",\"@id\":\"https:\\\/\\\/www.copealcoy.es\\\/es\\\/la-oposicion-echa-en-falta-mas-planificacion-en-las-obras-del-carril-bici-de-alcoy\\\/#breadcrumb\",\"itemListElement\":[{\"@type\":\"ListItem\",\"position\":1,\"name\":\"Portada\",\"item\":\"https:\\\/\\\/www.copealcoy.es\\\/es\\\/\"},{\"@type\":\"ListItem\",\"position\":2,\"name\":\"La oposici\u00f3n echa en falta m\u00e1s planificaci\u00f3n en las obras del carril bici de Alcoy\"}]},{\"@type\":\"WebSite\",\"@id\":\"https:\\\/\\\/www.copealcoy.es\\\/es\\\/#website\",\"url\":\"https:\\\/\\\/www.copealcoy.es\\\/es\\\/\",\"name\":\"COPE Alcoy\",\"description\":\"Emisora COPE de radio local con emisi\u00f3n online. Pont de Sant Jordi 8-10 03803 Alcoy\",\"potentialAction\":[{\"@type\":\"SearchAction\",\"target\":{\"@type\":\"EntryPoint\",\"urlTemplate\":\"https:\\\/\\\/www.copealcoy.es\\\/es\\\/?s={search_term_string}\"},\"query-input\":{\"@type\":\"PropertyValueSpecification\",\"valueRequired\":true,\"valueName\":\"search_term_string\"}}],\"inLanguage\":\"es\"},{\"@type\":\"Person\",\"@id\":\"https:\\\/\\\/www.copealcoy.es\\\/es\\\/#\\\/schema\\\/person\\\/e777c87fa024e57d40170af9df39882c\",\"name\":\"Cope Alcoy\",\"image\":{\"@type\":\"ImageObject\",\"inLanguage\":\"es\",\"@id\":\"https:\\\/\\\/secure.gravatar.com\\\/avatar\\\/bb65d0283347e303893ba14f0692005417c1e0e690a325a4c5d8bb2b3943ee14?s=96&d=mm&r=g\",\"url\":\"https:\\\/\\\/secure.gravatar.com\\\/avatar\\\/bb65d0283347e303893ba14f0692005417c1e0e690a325a4c5d8bb2b3943ee14?s=96&d=mm&r=g\",\"contentUrl\":\"https:\\\/\\\/secure.gravatar.com\\\/avatar\\\/bb65d0283347e303893ba14f0692005417c1e0e690a325a4c5d8bb2b3943ee14?s=96&d=mm&r=g\",\"caption\":\"Cope Alcoy\"}}]}<\/script>\n<!-- \/ Yoast SEO plugin. -->","yoast_head_json":{"title":"La oposici\u00f3n echa en falta m\u00e1s planificaci\u00f3n en las obras del carril bici de Alcoy - COPE Alcoy","description":"M\u00e1s planificaci\u00f3n en las obras y que no se haya tenido en cuenta el carril bus, lo que echa en falta la oposici\u00f3n de Alcoy","robots":{"index":"index","follow":"follow","max-snippet":"max-snippet:-1","max-image-preview":"max-image-preview:large","max-video-preview":"max-video-preview:-1"},"canonical":"https:\/\/www.copealcoy.es\/es\/la-oposicion-echa-en-falta-mas-planificacion-en-las-obras-del-carril-bici-de-alcoy\/","og_locale":"es_ES","og_type":"article","og_title":"La oposici\u00f3n echa en falta m\u00e1s planificaci\u00f3n en las obras del carril bici de Alcoy - COPE Alcoy","og_description":"M\u00e1s planificaci\u00f3n en las obras y que no se haya tenido en cuenta el carril bus, lo que echa en falta la oposici\u00f3n de Alcoy","og_url":"https:\/\/www.copealcoy.es\/es\/la-oposicion-echa-en-falta-mas-planificacion-en-las-obras-del-carril-bici-de-alcoy\/","og_site_name":"COPE Alcoy","article_published_time":"2023-04-13T14:42:59+00:00","article_modified_time":"2023-04-13T15:01:34+00:00","og_image":[{"width":1440,"height":1080,"url":"https:\/\/www.copealcoy.es\/wp-content\/uploads\/2023\/01\/IMG_4854-scaled.jpg","type":"image\/jpeg"}],"author":"Cope Alcoy","twitter_misc":{"Escrito por":"Cope Alcoy","Tiempo de lectura":"2 minutos"},"schema":{"@context":"https:\/\/schema.org","@graph":[{"@type":"Article","@id":"https:\/\/www.copealcoy.es\/es\/la-oposicion-echa-en-falta-mas-planificacion-en-las-obras-del-carril-bici-de-alcoy\/#article","isPartOf":{"@id":"https:\/\/www.copealcoy.es\/es\/la-oposicion-echa-en-falta-mas-planificacion-en-las-obras-del-carril-bici-de-alcoy\/"},"author":{"name":"Cope Alcoy","@id":"https:\/\/www.copealcoy.es\/es\/#\/schema\/person\/e777c87fa024e57d40170af9df39882c"},"headline":"La oposici\u00f3n echa en falta m\u00e1s planificaci\u00f3n en las obras del carril bici de Alcoy","datePublished":"2023-04-13T14:42:59+00:00","dateModified":"2023-04-13T15:01:34+00:00","mainEntityOfPage":{"@id":"https:\/\/www.copealcoy.es\/es\/la-oposicion-echa-en-falta-mas-planificacion-en-las-obras-del-carril-bici-de-alcoy\/"},"wordCount":445,"commentCount":0,"image":{"@id":"https:\/\/www.copealcoy.es\/es\/la-oposicion-echa-en-falta-mas-planificacion-en-las-obras-del-carril-bici-de-alcoy\/#primaryimage"},"thumbnailUrl":"https:\/\/www.copealcoy.es\/wp-content\/uploads\/2023\/01\/IMG_4854-scaled.jpg","keywords":["Alcoy","carril bici","carril bus","debate sectorial","Oposici\u00f3n"],"articleSection":["Actualidad","Alcoy","Noticias","Pol\u00edtica y Econom\u00eda"],"inLanguage":"es"},{"@type":"WebPage","@id":"https:\/\/www.copealcoy.es\/es\/la-oposicion-echa-en-falta-mas-planificacion-en-las-obras-del-carril-bici-de-alcoy\/","url":"https:\/\/www.copealcoy.es\/es\/la-oposicion-echa-en-falta-mas-planificacion-en-las-obras-del-carril-bici-de-alcoy\/","name":"La oposici\u00f3n echa en falta m\u00e1s planificaci\u00f3n en las obras del carril bici de Alcoy - COPE Alcoy","isPartOf":{"@id":"https:\/\/www.copealcoy.es\/es\/#website"},"primaryImageOfPage":{"@id":"https:\/\/www.copealcoy.es\/es\/la-oposicion-echa-en-falta-mas-planificacion-en-las-obras-del-carril-bici-de-alcoy\/#primaryimage"},"image":{"@id":"https:\/\/www.copealcoy.es\/es\/la-oposicion-echa-en-falta-mas-planificacion-en-las-obras-del-carril-bici-de-alcoy\/#primaryimage"},"thumbnailUrl":"https:\/\/www.copealcoy.es\/wp-content\/uploads\/2023\/01\/IMG_4854-scaled.jpg","datePublished":"2023-04-13T14:42:59+00:00","dateModified":"2023-04-13T15:01:34+00:00","author":{"@id":"https:\/\/www.copealcoy.es\/es\/#\/schema\/person\/e777c87fa024e57d40170af9df39882c"},"description":"M\u00e1s planificaci\u00f3n en las obras y que no se haya tenido en cuenta el carril bus, lo que echa en falta la oposici\u00f3n de Alcoy","breadcrumb":{"@id":"https:\/\/www.copealcoy.es\/es\/la-oposicion-echa-en-falta-mas-planificacion-en-las-obras-del-carril-bici-de-alcoy\/#breadcrumb"},"inLanguage":"es","potentialAction":[{"@type":"ReadAction","target":["https:\/\/www.copealcoy.es\/es\/la-oposicion-echa-en-falta-mas-planificacion-en-las-obras-del-carril-bici-de-alcoy\/"]}]},{"@type":"ImageObject","inLanguage":"es","@id":"https:\/\/www.copealcoy.es\/es\/la-oposicion-echa-en-falta-mas-planificacion-en-las-obras-del-carril-bici-de-alcoy\/#primaryimage","url":"https:\/\/www.copealcoy.es\/wp-content\/uploads\/2023\/01\/IMG_4854-scaled.jpg","contentUrl":"https:\/\/www.copealcoy.es\/wp-content\/uploads\/2023\/01\/IMG_4854-scaled.jpg","width":1440,"height":1080},{"@type":"BreadcrumbList","@id":"https:\/\/www.copealcoy.es\/es\/la-oposicion-echa-en-falta-mas-planificacion-en-las-obras-del-carril-bici-de-alcoy\/#breadcrumb","itemListElement":[{"@type":"ListItem","position":1,"name":"Portada","item":"https:\/\/www.copealcoy.es\/es\/"},{"@type":"ListItem","position":2,"name":"La oposici\u00f3n echa en falta m\u00e1s planificaci\u00f3n en las obras del carril bici de Alcoy"}]},{"@type":"WebSite","@id":"https:\/\/www.copealcoy.es\/es\/#website","url":"https:\/\/www.copealcoy.es\/es\/","name":"COPE Alcoy","description":"Emisora COPE de radio local con emisi\u00f3n online. Pont de Sant Jordi 8-10 03803 Alcoy","potentialAction":[{"@type":"SearchAction","target":{"@type":"EntryPoint","urlTemplate":"https:\/\/www.copealcoy.es\/es\/?s={search_term_string}"},"query-input":{"@type":"PropertyValueSpecification","valueRequired":true,"valueName":"search_term_string"}}],"inLanguage":"es"},{"@type":"Person","@id":"https:\/\/www.copealcoy.es\/es\/#\/schema\/person\/e777c87fa024e57d40170af9df39882c","name":"Cope Alcoy","image":{"@type":"ImageObject","inLanguage":"es","@id":"https:\/\/secure.gravatar.com\/avatar\/bb65d0283347e303893ba14f0692005417c1e0e690a325a4c5d8bb2b3943ee14?s=96&d=mm&r=g","url":"https:\/\/secure.gravatar.com\/avatar\/bb65d0283347e303893ba14f0692005417c1e0e690a325a4c5d8bb2b3943ee14?s=96&d=mm&r=g","contentUrl":"https:\/\/secure.gravatar.com\/avatar\/bb65d0283347e303893ba14f0692005417c1e0e690a325a4c5d8bb2b3943ee14?s=96&d=mm&r=g","caption":"Cope Alcoy"}}]}},"_links":{"self":[{"href":"https:\/\/www.copealcoy.es\/es\/wp-json\/wp\/v2\/posts\/113882","targetHints":{"allow":["GET"]}}],"collection":[{"href":"https:\/\/www.copealcoy.es\/es\/wp-json\/wp\/v2\/posts"}],"about":[{"href":"https:\/\/www.copealcoy.es\/es\/wp-json\/wp\/v2\/types\/post"}],"author":[{"embeddable":true,"href":"https:\/\/www.copealcoy.es\/es\/wp-json\/wp\/v2\/users\/1"}],"replies":[{"embeddable":true,"href":"https:\/\/www.copealcoy.es\/es\/wp-json\/wp\/v2\/comments?post=113882"}],"version-history":[{"count":0,"href":"https:\/\/www.copealcoy.es\/es\/wp-json\/wp\/v2\/posts\/113882\/revisions"}],"wp:featuredmedia":[{"embeddable":true,"href":"https:\/\/www.copealcoy.es\/es\/wp-json\/wp\/v2\/media\/109680"}],"wp:attachment":[{"href":"https:\/\/www.copealcoy.es\/es\/wp-json\/wp\/v2\/media?parent=113882"}],"wp:term":[{"taxonomy":"category","embeddable":true,"href":"https:\/\/www.copealcoy.es\/es\/wp-json\/wp\/v2\/categories?post=113882"},{"taxonomy":"post_tag","embeddable":true,"href":"https:\/\/www.copealcoy.es\/es\/wp-json\/wp\/v2\/tags?post=113882"}],"curies":[{"name":"wp","href":"https:\/\/api.w.org\/{rel}","templated":true}]}}