{"id":113845,"date":"2023-04-13T11:13:27","date_gmt":"2023-04-13T10:13:27","guid":{"rendered":"https:\/\/www.copealcoy.es\/?p=113845"},"modified":"2023-04-13T15:07:21","modified_gmt":"2023-04-13T14:07:21","slug":"el-carril-bici-de-alcoy-enfrenta-a-psoe-y-pp-polemica-en-redes-y-acusaciones-de-mentir","status":"publish","type":"post","link":"https:\/\/www.copealcoy.es\/es\/el-carril-bici-de-alcoy-enfrenta-a-psoe-y-pp-polemica-en-redes-y-acusaciones-de-mentir\/","title":{"rendered":"El carril bici de Alcoy enfrenta a PSOE y PP: pol\u00e9mica en redes con acusaciones de mentir"},"content":{"rendered":"<p style=\"text-align: justify;\">El anuncio de que <span style=\"color: #000080;\"><a style=\"color: #000080;\" href=\"https:\/\/www.copealcoy.es\/el-ayuntamiento-de-alcoy-prepara-otro-proyecto-de-carril-bici\/\" target=\"_blank\" rel=\"noopener\">el Ayuntamiento de Alcoy prepara <strong>un nuevo proyecto de carril bici para los puentes<\/strong><\/a><\/span> ha tra\u00eddo pol\u00e9mica. A ra\u00edz de las declaraciones que <strong>Jordi Mart\u00ednez<\/strong>, vicealcalde y concejal de Movilidad Sostenible, hizo este mi\u00e9rcoles en el <span style=\"color: #000080;\"><a style=\"color: #000080;\" href=\"https:\/\/www.copealcoy.es\/informativo-matinal-jueves-13-de-abril-2023-0750h\/\" target=\"_blank\" rel=\"noopener\">debate de Cope Alcoy<\/a><\/span>, <strong>el Partido Popular public\u00f3 en sus redes sociales un montaje que no ha sentado bien a los socialistas<\/strong>.<\/p>\n<p style=\"text-align: justify;\">En la imagen, los populares explican que si hace un carril bici de doble circulaci\u00f3n en los puentes, se eliminar\u00e1 uno de los que se destinan al resto de veh\u00edculos. &#8220;<strong>El carril bici va a dejar un \u00fanico carril en los puentes<\/strong>&#8220;, apunta la publicaci\u00f3n.<\/p>\n<p><a href=\"https:\/\/www.copealcoy.es\/wp-content\/uploads\/2023\/04\/IMG_6473.jpg\"><img loading=\"lazy\" decoding=\"async\" class=\"alignnone wp-image-113846\" src=\"https:\/\/www.copealcoy.es\/wp-content\/uploads\/2023\/04\/IMG_6473.jpg\" alt=\"\" width=\"300\" height=\"546\" srcset=\"https:\/\/www.copealcoy.es\/wp-content\/uploads\/2023\/04\/IMG_6473.jpg 593w, https:\/\/www.copealcoy.es\/wp-content\/uploads\/2023\/04\/IMG_6473-768x1399.jpg 768w\" sizes=\"auto, (max-width: 300px) 100vw, 300px\" \/><\/a><\/p>\n<p style=\"text-align: justify;\">Desde <strong>el PSOE acusan a la formaci\u00f3n de &#8216;fake news&#8217; y de estar mintiendo<\/strong>. &#8220;El Partido Popular de Alcoy va muy perdido. Ve fantasmas donde no los hay y lo \u00fanico que sabe es mentir. \u00bfEn qu\u00e9 momento ha dicho Jordi Mart\u00ednez que se eliminar\u00e1 un carril?&#8221;, responden en redes.<\/p>\n<p style=\"text-align: justify;\"><a href=\"https:\/\/www.copealcoy.es\/wp-content\/uploads\/2023\/04\/IMG_6476.jpg\"><img loading=\"lazy\" decoding=\"async\" class=\"alignnone wp-image-113850\" src=\"https:\/\/www.copealcoy.es\/wp-content\/uploads\/2023\/04\/IMG_6476.jpg\" alt=\"\" width=\"300\" height=\"511\" srcset=\"https:\/\/www.copealcoy.es\/wp-content\/uploads\/2023\/04\/IMG_6476.jpg 634w, https:\/\/www.copealcoy.es\/wp-content\/uploads\/2023\/04\/IMG_6476-768x1308.jpg 768w\" sizes=\"auto, (max-width: 300px) 100vw, 300px\" \/><\/a><\/p>\n<p style=\"text-align: justify;\">Mart\u00ednez ha asegurado en declaraciones a Cope Alcoy que, en ning\u00fan caso, quedar\u00e1 solo un carril para el tr\u00e1fico. &#8220;El PP miente y confunde a la ciudadan\u00eda. Vuelven a mentir al decir al decir que los puentes quedar\u00e1n con un solo carril porque el otro se utilizar\u00e1 como carril bici. \u00bfQui\u00e9n ha dicho eso? <strong>Lo que se har\u00e1 es reordenar el espacio entero del puente. Tenemos metros m\u00e1s que suficientes para hacerlo<\/strong> y si no se ha hecho antes es porque los puentes en algunos casos necesitan informe de la Conselleria de Cultura y no hubi\u00e9ramos llegado a los plazos establecidos para los Fondos Europeos. Quedar\u00e1n con dos carriles para el tr\u00e1fico&#8221;.<\/p>\n<p><span style=\"color: #0000ff;\"><strong>El PP niega estar mintiendo<\/strong><\/span><\/p>\n<p style=\"text-align: justify;\">A ra\u00edz del rifirrafe desatado en redes, <strong>Lirios Garc\u00eda<\/strong>, edil popular, ha negado a Cope Alcoy que su formaci\u00f3n est\u00e9 mintiendo. &#8220;Es algo que \u00e9l dice, nosotros no lo estamos inventando en ning\u00fan momento. \u00c9l est\u00e1 dando esa soluci\u00f3n: un contrato menor para darle dos direcciones a los puentes&#8221;.<\/p>\n<p style=\"text-align: justify;\">Sin embargo, lo que los socialistas critican es que el PP asegure que se va a eliminar un carril. &#8220;Nosotros lo \u00fanico que hemos hecho ha sido una peque\u00f1a infograf\u00eda para ver c\u00f3mo quedar\u00e1 el puente. Cualquiera de las soluciones es mala. <strong>\u00bfQu\u00e9 van a quitar uno de los dos carriles de tr\u00e1fico de los coches o van a eliminar las aceras?<\/strong> \u00bfQu\u00e9 van a hacer para poner dos carriles para las bici?&#8221;, responde Garc\u00eda.<\/p>\n","protected":false},"excerpt":{"rendered":"<p>El anuncio de que el Ayuntamiento de Alcoy prepara un nuevo proyecto de carril bici para los puentes ha tra\u00eddo&#8230;<\/p>\n","protected":false},"author":1,"featured_media":113852,"comment_status":"open","ping_status":"open","sticky":false,"template":"","format":"standard","meta":{"footnotes":""},"categories":[6909,97,75,79,125],"tags":[1494,5050,227,371],"class_list":["post-113845","post","type-post","status-publish","format-standard","has-post-thumbnail","hentry","category-actualidad","category-alcoy","category-noticias","category-politicayeconomia","category-portada","tag-alcoy","tag-carril-bici","tag-pp","tag-psoe"],"yoast_head":"<!-- This site is optimized with the Yoast SEO plugin v27.3 - https:\/\/yoast.com\/product\/yoast-seo-wordpress\/ -->\n<title>El carril bici de Alcoy enfrenta a PSOE y PP: pol\u00e9mica en redes con acusaciones de mentir - COPE Alcoy<\/title>\n<meta name=\"description\" content=\"El anuncio de que el Ayuntamiento de Alcoy prepara un nuevo proyecto de carril bici para los puentes ha tra\u00eddo pol\u00e9mica. A ra\u00edz de las declaraciones que Jordi Mart\u00ednez, vicealcalde y concejal de Movilidad Sostenible, hizo este jueves en el debate de Cope Alcoy, el Partido Popular public\u00f3 en sus redes sociales un montaje que no ha sentado bien a los socialistas.\" \/>\n<meta name=\"robots\" content=\"index, follow, max-snippet:-1, max-image-preview:large, max-video-preview:-1\" \/>\n<link rel=\"canonical\" href=\"https:\/\/www.copealcoy.es\/es\/el-carril-bici-de-alcoy-enfrenta-a-psoe-y-pp-polemica-en-redes-y-acusaciones-de-mentir\/\" \/>\n<meta property=\"og:locale\" content=\"es_ES\" \/>\n<meta property=\"og:type\" content=\"article\" \/>\n<meta property=\"og:title\" content=\"El carril bici de Alcoy enfrenta a PSOE y PP: pol\u00e9mica en redes con acusaciones de mentir - COPE Alcoy\" \/>\n<meta property=\"og:description\" content=\"El anuncio de que el Ayuntamiento de Alcoy prepara un nuevo proyecto de carril bici para los puentes ha tra\u00eddo pol\u00e9mica. A ra\u00edz de las declaraciones que Jordi Mart\u00ednez, vicealcalde y concejal de Movilidad Sostenible, hizo este jueves en el debate de Cope Alcoy, el Partido Popular public\u00f3 en sus redes sociales un montaje que no ha sentado bien a los socialistas.\" \/>\n<meta property=\"og:url\" content=\"https:\/\/www.copealcoy.es\/es\/el-carril-bici-de-alcoy-enfrenta-a-psoe-y-pp-polemica-en-redes-y-acusaciones-de-mentir\/\" \/>\n<meta property=\"og:site_name\" content=\"COPE Alcoy\" \/>\n<meta property=\"article:published_time\" content=\"2023-04-13T10:13:27+00:00\" \/>\n<meta property=\"article:modified_time\" content=\"2023-04-13T14:07:21+00:00\" \/>\n<meta property=\"og:image\" content=\"https:\/\/www.copealcoy.es\/wp-content\/uploads\/2023\/04\/Diseno-sin-titulo-46.png\" \/>\n\t<meta property=\"og:image:width\" content=\"600\" \/>\n\t<meta property=\"og:image:height\" content=\"400\" \/>\n\t<meta property=\"og:image:type\" content=\"image\/png\" \/>\n<meta name=\"author\" content=\"Cope Alcoy\" \/>\n<meta name=\"twitter:label1\" content=\"Escrito por\" \/>\n\t<meta name=\"twitter:data1\" content=\"Cope Alcoy\" \/>\n\t<meta name=\"twitter:label2\" content=\"Tiempo de lectura\" \/>\n\t<meta name=\"twitter:data2\" content=\"3 minutos\" \/>\n<script type=\"application\/ld+json\" class=\"yoast-schema-graph\">{\"@context\":\"https:\\\/\\\/schema.org\",\"@graph\":[{\"@type\":\"Article\",\"@id\":\"https:\\\/\\\/www.copealcoy.es\\\/es\\\/el-carril-bici-de-alcoy-enfrenta-a-psoe-y-pp-polemica-en-redes-y-acusaciones-de-mentir\\\/#article\",\"isPartOf\":{\"@id\":\"https:\\\/\\\/www.copealcoy.es\\\/es\\\/el-carril-bici-de-alcoy-enfrenta-a-psoe-y-pp-polemica-en-redes-y-acusaciones-de-mentir\\\/\"},\"author\":{\"name\":\"Cope Alcoy\",\"@id\":\"https:\\\/\\\/www.copealcoy.es\\\/es\\\/#\\\/schema\\\/person\\\/e777c87fa024e57d40170af9df39882c\"},\"headline\":\"El carril bici de Alcoy enfrenta a PSOE y PP: pol\u00e9mica en redes con acusaciones de mentir\",\"datePublished\":\"2023-04-13T10:13:27+00:00\",\"dateModified\":\"2023-04-13T14:07:21+00:00\",\"mainEntityOfPage\":{\"@id\":\"https:\\\/\\\/www.copealcoy.es\\\/es\\\/el-carril-bici-de-alcoy-enfrenta-a-psoe-y-pp-polemica-en-redes-y-acusaciones-de-mentir\\\/\"},\"wordCount\":446,\"commentCount\":0,\"image\":{\"@id\":\"https:\\\/\\\/www.copealcoy.es\\\/es\\\/el-carril-bici-de-alcoy-enfrenta-a-psoe-y-pp-polemica-en-redes-y-acusaciones-de-mentir\\\/#primaryimage\"},\"thumbnailUrl\":\"https:\\\/\\\/www.copealcoy.es\\\/wp-content\\\/uploads\\\/2023\\\/04\\\/Diseno-sin-titulo-46.png\",\"keywords\":[\"Alcoy\",\"carril bici\",\"PP\",\"PSOE\"],\"articleSection\":[\"Actualidad\",\"Alcoy\",\"Noticias\",\"Pol\u00edtica y Econom\u00eda\",\"Portada\"],\"inLanguage\":\"es\"},{\"@type\":\"WebPage\",\"@id\":\"https:\\\/\\\/www.copealcoy.es\\\/es\\\/el-carril-bici-de-alcoy-enfrenta-a-psoe-y-pp-polemica-en-redes-y-acusaciones-de-mentir\\\/\",\"url\":\"https:\\\/\\\/www.copealcoy.es\\\/es\\\/el-carril-bici-de-alcoy-enfrenta-a-psoe-y-pp-polemica-en-redes-y-acusaciones-de-mentir\\\/\",\"name\":\"El carril bici de Alcoy enfrenta a PSOE y PP: pol\u00e9mica en redes con acusaciones de mentir - COPE Alcoy\",\"isPartOf\":{\"@id\":\"https:\\\/\\\/www.copealcoy.es\\\/es\\\/#website\"},\"primaryImageOfPage\":{\"@id\":\"https:\\\/\\\/www.copealcoy.es\\\/es\\\/el-carril-bici-de-alcoy-enfrenta-a-psoe-y-pp-polemica-en-redes-y-acusaciones-de-mentir\\\/#primaryimage\"},\"image\":{\"@id\":\"https:\\\/\\\/www.copealcoy.es\\\/es\\\/el-carril-bici-de-alcoy-enfrenta-a-psoe-y-pp-polemica-en-redes-y-acusaciones-de-mentir\\\/#primaryimage\"},\"thumbnailUrl\":\"https:\\\/\\\/www.copealcoy.es\\\/wp-content\\\/uploads\\\/2023\\\/04\\\/Diseno-sin-titulo-46.png\",\"datePublished\":\"2023-04-13T10:13:27+00:00\",\"dateModified\":\"2023-04-13T14:07:21+00:00\",\"author\":{\"@id\":\"https:\\\/\\\/www.copealcoy.es\\\/es\\\/#\\\/schema\\\/person\\\/e777c87fa024e57d40170af9df39882c\"},\"description\":\"El anuncio de que el Ayuntamiento de Alcoy prepara un nuevo proyecto de carril bici para los puentes ha tra\u00eddo pol\u00e9mica. A ra\u00edz de las declaraciones que Jordi Mart\u00ednez, vicealcalde y concejal de Movilidad Sostenible, hizo este jueves en el debate de Cope Alcoy, el Partido Popular public\u00f3 en sus redes sociales un montaje que no ha sentado bien a los socialistas.\",\"breadcrumb\":{\"@id\":\"https:\\\/\\\/www.copealcoy.es\\\/es\\\/el-carril-bici-de-alcoy-enfrenta-a-psoe-y-pp-polemica-en-redes-y-acusaciones-de-mentir\\\/#breadcrumb\"},\"inLanguage\":\"es\",\"potentialAction\":[{\"@type\":\"ReadAction\",\"target\":[\"https:\\\/\\\/www.copealcoy.es\\\/es\\\/el-carril-bici-de-alcoy-enfrenta-a-psoe-y-pp-polemica-en-redes-y-acusaciones-de-mentir\\\/\"]}]},{\"@type\":\"ImageObject\",\"inLanguage\":\"es\",\"@id\":\"https:\\\/\\\/www.copealcoy.es\\\/es\\\/el-carril-bici-de-alcoy-enfrenta-a-psoe-y-pp-polemica-en-redes-y-acusaciones-de-mentir\\\/#primaryimage\",\"url\":\"https:\\\/\\\/www.copealcoy.es\\\/wp-content\\\/uploads\\\/2023\\\/04\\\/Diseno-sin-titulo-46.png\",\"contentUrl\":\"https:\\\/\\\/www.copealcoy.es\\\/wp-content\\\/uploads\\\/2023\\\/04\\\/Diseno-sin-titulo-46.png\",\"width\":600,\"height\":400},{\"@type\":\"BreadcrumbList\",\"@id\":\"https:\\\/\\\/www.copealcoy.es\\\/es\\\/el-carril-bici-de-alcoy-enfrenta-a-psoe-y-pp-polemica-en-redes-y-acusaciones-de-mentir\\\/#breadcrumb\",\"itemListElement\":[{\"@type\":\"ListItem\",\"position\":1,\"name\":\"Portada\",\"item\":\"https:\\\/\\\/www.copealcoy.es\\\/es\\\/\"},{\"@type\":\"ListItem\",\"position\":2,\"name\":\"El carril bici de Alcoy enfrenta a PSOE y PP: pol\u00e9mica en redes con acusaciones de mentir\"}]},{\"@type\":\"WebSite\",\"@id\":\"https:\\\/\\\/www.copealcoy.es\\\/es\\\/#website\",\"url\":\"https:\\\/\\\/www.copealcoy.es\\\/es\\\/\",\"name\":\"COPE Alcoy\",\"description\":\"Emisora COPE de radio local con emisi\u00f3n online. Pont de Sant Jordi 8-10 03803 Alcoy\",\"potentialAction\":[{\"@type\":\"SearchAction\",\"target\":{\"@type\":\"EntryPoint\",\"urlTemplate\":\"https:\\\/\\\/www.copealcoy.es\\\/es\\\/?s={search_term_string}\"},\"query-input\":{\"@type\":\"PropertyValueSpecification\",\"valueRequired\":true,\"valueName\":\"search_term_string\"}}],\"inLanguage\":\"es\"},{\"@type\":\"Person\",\"@id\":\"https:\\\/\\\/www.copealcoy.es\\\/es\\\/#\\\/schema\\\/person\\\/e777c87fa024e57d40170af9df39882c\",\"name\":\"Cope Alcoy\",\"image\":{\"@type\":\"ImageObject\",\"inLanguage\":\"es\",\"@id\":\"https:\\\/\\\/secure.gravatar.com\\\/avatar\\\/bb65d0283347e303893ba14f0692005417c1e0e690a325a4c5d8bb2b3943ee14?s=96&d=mm&r=g\",\"url\":\"https:\\\/\\\/secure.gravatar.com\\\/avatar\\\/bb65d0283347e303893ba14f0692005417c1e0e690a325a4c5d8bb2b3943ee14?s=96&d=mm&r=g\",\"contentUrl\":\"https:\\\/\\\/secure.gravatar.com\\\/avatar\\\/bb65d0283347e303893ba14f0692005417c1e0e690a325a4c5d8bb2b3943ee14?s=96&d=mm&r=g\",\"caption\":\"Cope Alcoy\"}}]}<\/script>\n<!-- \/ Yoast SEO plugin. -->","yoast_head_json":{"title":"El carril bici de Alcoy enfrenta a PSOE y PP: pol\u00e9mica en redes con acusaciones de mentir - COPE Alcoy","description":"El anuncio de que el Ayuntamiento de Alcoy prepara un nuevo proyecto de carril bici para los puentes ha tra\u00eddo pol\u00e9mica. A ra\u00edz de las declaraciones que Jordi Mart\u00ednez, vicealcalde y concejal de Movilidad Sostenible, hizo este jueves en el debate de Cope Alcoy, el Partido Popular public\u00f3 en sus redes sociales un montaje que no ha sentado bien a los socialistas.","robots":{"index":"index","follow":"follow","max-snippet":"max-snippet:-1","max-image-preview":"max-image-preview:large","max-video-preview":"max-video-preview:-1"},"canonical":"https:\/\/www.copealcoy.es\/es\/el-carril-bici-de-alcoy-enfrenta-a-psoe-y-pp-polemica-en-redes-y-acusaciones-de-mentir\/","og_locale":"es_ES","og_type":"article","og_title":"El carril bici de Alcoy enfrenta a PSOE y PP: pol\u00e9mica en redes con acusaciones de mentir - COPE Alcoy","og_description":"El anuncio de que el Ayuntamiento de Alcoy prepara un nuevo proyecto de carril bici para los puentes ha tra\u00eddo pol\u00e9mica. A ra\u00edz de las declaraciones que Jordi Mart\u00ednez, vicealcalde y concejal de Movilidad Sostenible, hizo este jueves en el debate de Cope Alcoy, el Partido Popular public\u00f3 en sus redes sociales un montaje que no ha sentado bien a los socialistas.","og_url":"https:\/\/www.copealcoy.es\/es\/el-carril-bici-de-alcoy-enfrenta-a-psoe-y-pp-polemica-en-redes-y-acusaciones-de-mentir\/","og_site_name":"COPE Alcoy","article_published_time":"2023-04-13T10:13:27+00:00","article_modified_time":"2023-04-13T14:07:21+00:00","og_image":[{"width":600,"height":400,"url":"https:\/\/www.copealcoy.es\/wp-content\/uploads\/2023\/04\/Diseno-sin-titulo-46.png","type":"image\/png"}],"author":"Cope Alcoy","twitter_misc":{"Escrito por":"Cope Alcoy","Tiempo de lectura":"3 minutos"},"schema":{"@context":"https:\/\/schema.org","@graph":[{"@type":"Article","@id":"https:\/\/www.copealcoy.es\/es\/el-carril-bici-de-alcoy-enfrenta-a-psoe-y-pp-polemica-en-redes-y-acusaciones-de-mentir\/#article","isPartOf":{"@id":"https:\/\/www.copealcoy.es\/es\/el-carril-bici-de-alcoy-enfrenta-a-psoe-y-pp-polemica-en-redes-y-acusaciones-de-mentir\/"},"author":{"name":"Cope Alcoy","@id":"https:\/\/www.copealcoy.es\/es\/#\/schema\/person\/e777c87fa024e57d40170af9df39882c"},"headline":"El carril bici de Alcoy enfrenta a PSOE y PP: pol\u00e9mica en redes con acusaciones de mentir","datePublished":"2023-04-13T10:13:27+00:00","dateModified":"2023-04-13T14:07:21+00:00","mainEntityOfPage":{"@id":"https:\/\/www.copealcoy.es\/es\/el-carril-bici-de-alcoy-enfrenta-a-psoe-y-pp-polemica-en-redes-y-acusaciones-de-mentir\/"},"wordCount":446,"commentCount":0,"image":{"@id":"https:\/\/www.copealcoy.es\/es\/el-carril-bici-de-alcoy-enfrenta-a-psoe-y-pp-polemica-en-redes-y-acusaciones-de-mentir\/#primaryimage"},"thumbnailUrl":"https:\/\/www.copealcoy.es\/wp-content\/uploads\/2023\/04\/Diseno-sin-titulo-46.png","keywords":["Alcoy","carril bici","PP","PSOE"],"articleSection":["Actualidad","Alcoy","Noticias","Pol\u00edtica y Econom\u00eda","Portada"],"inLanguage":"es"},{"@type":"WebPage","@id":"https:\/\/www.copealcoy.es\/es\/el-carril-bici-de-alcoy-enfrenta-a-psoe-y-pp-polemica-en-redes-y-acusaciones-de-mentir\/","url":"https:\/\/www.copealcoy.es\/es\/el-carril-bici-de-alcoy-enfrenta-a-psoe-y-pp-polemica-en-redes-y-acusaciones-de-mentir\/","name":"El carril bici de Alcoy enfrenta a PSOE y PP: pol\u00e9mica en redes con acusaciones de mentir - COPE Alcoy","isPartOf":{"@id":"https:\/\/www.copealcoy.es\/es\/#website"},"primaryImageOfPage":{"@id":"https:\/\/www.copealcoy.es\/es\/el-carril-bici-de-alcoy-enfrenta-a-psoe-y-pp-polemica-en-redes-y-acusaciones-de-mentir\/#primaryimage"},"image":{"@id":"https:\/\/www.copealcoy.es\/es\/el-carril-bici-de-alcoy-enfrenta-a-psoe-y-pp-polemica-en-redes-y-acusaciones-de-mentir\/#primaryimage"},"thumbnailUrl":"https:\/\/www.copealcoy.es\/wp-content\/uploads\/2023\/04\/Diseno-sin-titulo-46.png","datePublished":"2023-04-13T10:13:27+00:00","dateModified":"2023-04-13T14:07:21+00:00","author":{"@id":"https:\/\/www.copealcoy.es\/es\/#\/schema\/person\/e777c87fa024e57d40170af9df39882c"},"description":"El anuncio de que el Ayuntamiento de Alcoy prepara un nuevo proyecto de carril bici para los puentes ha tra\u00eddo pol\u00e9mica. A ra\u00edz de las declaraciones que Jordi Mart\u00ednez, vicealcalde y concejal de Movilidad Sostenible, hizo este jueves en el debate de Cope Alcoy, el Partido Popular public\u00f3 en sus redes sociales un montaje que no ha sentado bien a los socialistas.","breadcrumb":{"@id":"https:\/\/www.copealcoy.es\/es\/el-carril-bici-de-alcoy-enfrenta-a-psoe-y-pp-polemica-en-redes-y-acusaciones-de-mentir\/#breadcrumb"},"inLanguage":"es","potentialAction":[{"@type":"ReadAction","target":["https:\/\/www.copealcoy.es\/es\/el-carril-bici-de-alcoy-enfrenta-a-psoe-y-pp-polemica-en-redes-y-acusaciones-de-mentir\/"]}]},{"@type":"ImageObject","inLanguage":"es","@id":"https:\/\/www.copealcoy.es\/es\/el-carril-bici-de-alcoy-enfrenta-a-psoe-y-pp-polemica-en-redes-y-acusaciones-de-mentir\/#primaryimage","url":"https:\/\/www.copealcoy.es\/wp-content\/uploads\/2023\/04\/Diseno-sin-titulo-46.png","contentUrl":"https:\/\/www.copealcoy.es\/wp-content\/uploads\/2023\/04\/Diseno-sin-titulo-46.png","width":600,"height":400},{"@type":"BreadcrumbList","@id":"https:\/\/www.copealcoy.es\/es\/el-carril-bici-de-alcoy-enfrenta-a-psoe-y-pp-polemica-en-redes-y-acusaciones-de-mentir\/#breadcrumb","itemListElement":[{"@type":"ListItem","position":1,"name":"Portada","item":"https:\/\/www.copealcoy.es\/es\/"},{"@type":"ListItem","position":2,"name":"El carril bici de Alcoy enfrenta a PSOE y PP: pol\u00e9mica en redes con acusaciones de mentir"}]},{"@type":"WebSite","@id":"https:\/\/www.copealcoy.es\/es\/#website","url":"https:\/\/www.copealcoy.es\/es\/","name":"COPE Alcoy","description":"Emisora COPE de radio local con emisi\u00f3n online. Pont de Sant Jordi 8-10 03803 Alcoy","potentialAction":[{"@type":"SearchAction","target":{"@type":"EntryPoint","urlTemplate":"https:\/\/www.copealcoy.es\/es\/?s={search_term_string}"},"query-input":{"@type":"PropertyValueSpecification","valueRequired":true,"valueName":"search_term_string"}}],"inLanguage":"es"},{"@type":"Person","@id":"https:\/\/www.copealcoy.es\/es\/#\/schema\/person\/e777c87fa024e57d40170af9df39882c","name":"Cope Alcoy","image":{"@type":"ImageObject","inLanguage":"es","@id":"https:\/\/secure.gravatar.com\/avatar\/bb65d0283347e303893ba14f0692005417c1e0e690a325a4c5d8bb2b3943ee14?s=96&d=mm&r=g","url":"https:\/\/secure.gravatar.com\/avatar\/bb65d0283347e303893ba14f0692005417c1e0e690a325a4c5d8bb2b3943ee14?s=96&d=mm&r=g","contentUrl":"https:\/\/secure.gravatar.com\/avatar\/bb65d0283347e303893ba14f0692005417c1e0e690a325a4c5d8bb2b3943ee14?s=96&d=mm&r=g","caption":"Cope Alcoy"}}]}},"_links":{"self":[{"href":"https:\/\/www.copealcoy.es\/es\/wp-json\/wp\/v2\/posts\/113845","targetHints":{"allow":["GET"]}}],"collection":[{"href":"https:\/\/www.copealcoy.es\/es\/wp-json\/wp\/v2\/posts"}],"about":[{"href":"https:\/\/www.copealcoy.es\/es\/wp-json\/wp\/v2\/types\/post"}],"author":[{"embeddable":true,"href":"https:\/\/www.copealcoy.es\/es\/wp-json\/wp\/v2\/users\/1"}],"replies":[{"embeddable":true,"href":"https:\/\/www.copealcoy.es\/es\/wp-json\/wp\/v2\/comments?post=113845"}],"version-history":[{"count":0,"href":"https:\/\/www.copealcoy.es\/es\/wp-json\/wp\/v2\/posts\/113845\/revisions"}],"wp:featuredmedia":[{"embeddable":true,"href":"https:\/\/www.copealcoy.es\/es\/wp-json\/wp\/v2\/media\/113852"}],"wp:attachment":[{"href":"https:\/\/www.copealcoy.es\/es\/wp-json\/wp\/v2\/media?parent=113845"}],"wp:term":[{"taxonomy":"category","embeddable":true,"href":"https:\/\/www.copealcoy.es\/es\/wp-json\/wp\/v2\/categories?post=113845"},{"taxonomy":"post_tag","embeddable":true,"href":"https:\/\/www.copealcoy.es\/es\/wp-json\/wp\/v2\/tags?post=113845"}],"curies":[{"name":"wp","href":"https:\/\/api.w.org\/{rel}","templated":true}]}}