{"id":113836,"date":"2023-04-13T10:10:01","date_gmt":"2023-04-13T09:10:01","guid":{"rendered":"https:\/\/www.copealcoy.es\/?p=113836"},"modified":"2023-04-13T10:14:41","modified_gmt":"2023-04-13T09:14:41","slug":"por-que-muchos-clientes-no-optan-por-los-alojamientos-de-la-font-roja-de-alcoy","status":"publish","type":"post","link":"https:\/\/www.copealcoy.es\/es\/por-que-muchos-clientes-no-optan-por-los-alojamientos-de-la-font-roja-de-alcoy\/","title":{"rendered":"\u00bfPor qu\u00e9 muchos clientes no optan por los alojamientos de la Font Roja de Alcoy?"},"content":{"rendered":"<p style=\"text-align: justify;\">Los <strong>propietarios de los establecimientos rurales<\/strong> de la Font Roja aseguran que su clientela <strong>se ha resentido en los \u00faltimos meses<\/strong> debido a las medidas preventivas que se aplican en ciertas \u00e9pocas del a\u00f1o <strong>para frenar la masificaci\u00f3n<\/strong> en este parque natural alcoyano. Afirman que la puesta en funcionamiento de la barrera que limita el acceso en veh\u00edculo, <strong>les genera ciertos inconvenientes<\/strong> y consideran que la misma<strong> deber\u00eda de replantearse<\/strong> para que los negocios de la zona no salieran tan perjudicados.<\/p>\n<p style=\"text-align: justify;\">Asi lo ha explicado en COPE ALCOY <strong>Jorge Terol<\/strong>, al frente de una conocida mas\u00eda reconvertida en alojamiento rural, y quien indica que <strong>muchos clientes optan por irse a otro sitio cuando llegan y se encuentran con la barrera<\/strong>. Indica que <strong>pese a que se les explica a los usuarios todo lo que tienen que hacer para poder cruzar la valla<\/strong>, <strong>muchos acaban desistiendo<\/strong> &#8220;<em>es un procedimiento algo complejo porque para venir lo tienes que hacer con cita previa y as\u00ed se facilita el c\u00f3digo de acceso. Despu\u00e9s los propietarios, por ejemplo, tenemos que estar pendientes de la hora a la que van a salir o llegar para que no haya ning\u00fan problema en el momento de atravesar la citada barrera. Despu\u00e9s pasa que muchos que vienen el fin de semana, se topan con la limitaci\u00f3n y dan media vuelta porque no saben qu\u00e9 pasos tienen que dar para poder subir. No est\u00e1 siendo muy beneficioso para nosotros<\/em>&#8220;, comenta.<\/p>\n<p style=\"text-align: justify;\">Por \u00faltimo Terol <strong>cifra la p\u00e9rdida de entre un 20% y un 30% de clientela<\/strong>, debido a esta medida, al igual que pide que tanto la administraci\u00f3n local como la auton\u00f3mica e<strong>scuchen con detenimiento a los negocios<\/strong> para conseguir que la barrera solo est\u00e9 funcionando cuando hay riesgo m\u00e1ximo de incendios forestales. Recordar que <strong>ya est\u00e1 funcionando\u00a0la barrera con lectura de matr\u00edcula<\/strong>\u00a0instalada meses atr\u00e1s en las inmediaciones del Polideportivo Municipal y junto a la carretera de Sant Antoni. La carretera\u00a0<strong>estar\u00e1 abierta para el paso libre de motocicletas y bicis aunque este a\u00f1o se incorpora una novedad destacada<\/strong>\u00a0\u00ab<em>y es que habr\u00e1 otra barrera en la carretera de Les Llacunes para evitar que la gente pueda intentar acceder por esta zona evitando la carretera principal<\/em>\u00ab, explicaba hace unos d\u00edas el director-conservador del parque; <strong>Salvador Palop<\/strong>.<\/p>\n<p><strong><span style=\"color: #0000ff;\">Periodo de funcionamiento\u00a0<\/span><\/strong><\/p>\n<p style=\"text-align: justify;\">El\u00a0<strong>horario de regulaci\u00f3n<\/strong> ser\u00e1 de ocho de la ma\u00f1ana a dos del mediod\u00eda para los d\u00edas 15, 16, 20 y 30 de abril as\u00ed como el 1 de mayo. Los que deseen subir al Santuario en veh\u00edculo propio\u00a0<strong>podr\u00e1n optar a una de las 55 plazas en las que est\u00e1 limitado el aparcamiento de la zona previa reserva<\/strong>\u00a0<em>\u00aba trav\u00e9s de<span style=\"color: #0000ff;\">\u00a0<a style=\"color: #0000ff;\" href=\"https:\/\/parquesnaturales.gva.es\/es\/web\/pn-font-roja\" target=\"_blank\" rel=\"noopener\"><strong>la web\u00a0<\/strong><\/a><\/span>de parques naturales de la Generalitat Valenciana, en el apartado de la Font Roja, se puede hacer esta reserva a trav\u00e9s de un formulario que tambi\u00e9n se ha habilitado este a\u00f1o por primera vez para que no sea necesario enviar los datos personales o del veh\u00edculo por correo electr\u00f3nico<\/em>\u00ab, sentenciaba\u00a0 Palop.<\/p>\n<p style=\"text-align: justify;\">Los clientes de las casas rurales de la zona, taxistas y empresas de servicio hosteler\u00eda o restauraci\u00f3n <strong>podr\u00e1n acceder de manera libre<\/strong>\u00a0si se ponen en contacto antes con el establecimiento. Tambi\u00e9n el Ayuntamiento pone en marcha\u00a0<strong>un servicio especial de autobuses<\/strong>\u00a0que saldr\u00e1 desde el aparcamiento del Cementerio Municipal en horario de 09:10h, 11:40h, 13:10h y 14:10h. El retorno se ha establecido a las 09:35h, 12:05h, 13:35h y 14:35h.<\/p>\n","protected":false},"excerpt":{"rendered":"<p>Los propietarios de los establecimientos rurales de la Font Roja aseguran que su clientela se ha resentido en los \u00faltimos&#8230;<\/p>\n","protected":false},"author":1,"featured_media":30472,"comment_status":"open","ping_status":"open","sticky":false,"template":"","format":"standard","meta":{"footnotes":""},"categories":[6909,97,75,79],"tags":[211,1494,11086,5314,437,10067],"class_list":["post-113836","post","type-post","status-publish","format-standard","has-post-thumbnail","hentry","category-actualidad","category-alcoy","category-noticias","category-politicayeconomia","tag-acceso","tag-alcoy","tag-alojamientos-rurales","tag-barrera","tag-font-roja","tag-regulacion"],"yoast_head":"<!-- This site is optimized with the Yoast SEO plugin v27.3 - https:\/\/yoast.com\/product\/yoast-seo-wordpress\/ -->\n<title>\u00bfPor qu\u00e9 muchos clientes no optan por los alojamientos de la Font Roja de Alcoy? - COPE Alcoy<\/title>\n<meta name=\"description\" content=\"Los propietarios de los establecimientos rurales de la Font Roja aseguran que su clientela se ha resentido en los \u00faltimos meses\" \/>\n<meta name=\"robots\" content=\"index, follow, max-snippet:-1, max-image-preview:large, max-video-preview:-1\" \/>\n<link rel=\"canonical\" href=\"https:\/\/www.copealcoy.es\/es\/por-que-muchos-clientes-no-optan-por-los-alojamientos-de-la-font-roja-de-alcoy\/\" \/>\n<meta property=\"og:locale\" content=\"es_ES\" \/>\n<meta property=\"og:type\" content=\"article\" \/>\n<meta property=\"og:title\" content=\"\u00bfPor qu\u00e9 muchos clientes no optan por los alojamientos de la Font Roja de Alcoy? - COPE Alcoy\" \/>\n<meta property=\"og:description\" content=\"Los propietarios de los establecimientos rurales de la Font Roja aseguran que su clientela se ha resentido en los \u00faltimos meses\" \/>\n<meta property=\"og:url\" content=\"https:\/\/www.copealcoy.es\/es\/por-que-muchos-clientes-no-optan-por-los-alojamientos-de-la-font-roja-de-alcoy\/\" \/>\n<meta property=\"og:site_name\" content=\"COPE Alcoy\" \/>\n<meta property=\"article:published_time\" content=\"2023-04-13T09:10:01+00:00\" \/>\n<meta property=\"article:modified_time\" content=\"2023-04-13T09:14:41+00:00\" \/>\n<meta property=\"og:image\" content=\"https:\/\/www.copealcoy.es\/wp-content\/uploads\/2017\/04\/tur_fotos_roja_5_foto.jpg\" \/>\n\t<meta property=\"og:image:width\" content=\"747\" \/>\n\t<meta property=\"og:image:height\" content=\"505\" \/>\n\t<meta property=\"og:image:type\" content=\"image\/jpeg\" \/>\n<meta name=\"author\" content=\"Cope Alcoy\" \/>\n<meta name=\"twitter:label1\" content=\"Escrito por\" \/>\n\t<meta name=\"twitter:data1\" content=\"Cope Alcoy\" \/>\n\t<meta name=\"twitter:label2\" content=\"Tiempo de lectura\" \/>\n\t<meta name=\"twitter:data2\" content=\"3 minutos\" \/>\n<script type=\"application\/ld+json\" class=\"yoast-schema-graph\">{\"@context\":\"https:\\\/\\\/schema.org\",\"@graph\":[{\"@type\":\"Article\",\"@id\":\"https:\\\/\\\/www.copealcoy.es\\\/es\\\/por-que-muchos-clientes-no-optan-por-los-alojamientos-de-la-font-roja-de-alcoy\\\/#article\",\"isPartOf\":{\"@id\":\"https:\\\/\\\/www.copealcoy.es\\\/es\\\/por-que-muchos-clientes-no-optan-por-los-alojamientos-de-la-font-roja-de-alcoy\\\/\"},\"author\":{\"name\":\"Cope Alcoy\",\"@id\":\"https:\\\/\\\/www.copealcoy.es\\\/es\\\/#\\\/schema\\\/person\\\/e777c87fa024e57d40170af9df39882c\"},\"headline\":\"\u00bfPor qu\u00e9 muchos clientes no optan por los alojamientos de la Font Roja de Alcoy?\",\"datePublished\":\"2023-04-13T09:10:01+00:00\",\"dateModified\":\"2023-04-13T09:14:41+00:00\",\"mainEntityOfPage\":{\"@id\":\"https:\\\/\\\/www.copealcoy.es\\\/es\\\/por-que-muchos-clientes-no-optan-por-los-alojamientos-de-la-font-roja-de-alcoy\\\/\"},\"wordCount\":606,\"commentCount\":0,\"image\":{\"@id\":\"https:\\\/\\\/www.copealcoy.es\\\/es\\\/por-que-muchos-clientes-no-optan-por-los-alojamientos-de-la-font-roja-de-alcoy\\\/#primaryimage\"},\"thumbnailUrl\":\"https:\\\/\\\/www.copealcoy.es\\\/wp-content\\\/uploads\\\/2017\\\/04\\\/tur_fotos_roja_5_foto.jpg\",\"keywords\":[\"acceso\",\"Alcoy\",\"Alojamientos rurales\",\"Barrera\",\"Font Roja\",\"regulaci\u00f3n\"],\"articleSection\":[\"Actualidad\",\"Alcoy\",\"Noticias\",\"Pol\u00edtica y Econom\u00eda\"],\"inLanguage\":\"es\"},{\"@type\":\"WebPage\",\"@id\":\"https:\\\/\\\/www.copealcoy.es\\\/es\\\/por-que-muchos-clientes-no-optan-por-los-alojamientos-de-la-font-roja-de-alcoy\\\/\",\"url\":\"https:\\\/\\\/www.copealcoy.es\\\/es\\\/por-que-muchos-clientes-no-optan-por-los-alojamientos-de-la-font-roja-de-alcoy\\\/\",\"name\":\"\u00bfPor qu\u00e9 muchos clientes no optan por los alojamientos de la Font Roja de Alcoy? - COPE Alcoy\",\"isPartOf\":{\"@id\":\"https:\\\/\\\/www.copealcoy.es\\\/es\\\/#website\"},\"primaryImageOfPage\":{\"@id\":\"https:\\\/\\\/www.copealcoy.es\\\/es\\\/por-que-muchos-clientes-no-optan-por-los-alojamientos-de-la-font-roja-de-alcoy\\\/#primaryimage\"},\"image\":{\"@id\":\"https:\\\/\\\/www.copealcoy.es\\\/es\\\/por-que-muchos-clientes-no-optan-por-los-alojamientos-de-la-font-roja-de-alcoy\\\/#primaryimage\"},\"thumbnailUrl\":\"https:\\\/\\\/www.copealcoy.es\\\/wp-content\\\/uploads\\\/2017\\\/04\\\/tur_fotos_roja_5_foto.jpg\",\"datePublished\":\"2023-04-13T09:10:01+00:00\",\"dateModified\":\"2023-04-13T09:14:41+00:00\",\"author\":{\"@id\":\"https:\\\/\\\/www.copealcoy.es\\\/es\\\/#\\\/schema\\\/person\\\/e777c87fa024e57d40170af9df39882c\"},\"description\":\"Los propietarios de los establecimientos rurales de la Font Roja aseguran que su clientela se ha resentido en los \u00faltimos meses\",\"breadcrumb\":{\"@id\":\"https:\\\/\\\/www.copealcoy.es\\\/es\\\/por-que-muchos-clientes-no-optan-por-los-alojamientos-de-la-font-roja-de-alcoy\\\/#breadcrumb\"},\"inLanguage\":\"es\",\"potentialAction\":[{\"@type\":\"ReadAction\",\"target\":[\"https:\\\/\\\/www.copealcoy.es\\\/es\\\/por-que-muchos-clientes-no-optan-por-los-alojamientos-de-la-font-roja-de-alcoy\\\/\"]}]},{\"@type\":\"ImageObject\",\"inLanguage\":\"es\",\"@id\":\"https:\\\/\\\/www.copealcoy.es\\\/es\\\/por-que-muchos-clientes-no-optan-por-los-alojamientos-de-la-font-roja-de-alcoy\\\/#primaryimage\",\"url\":\"https:\\\/\\\/www.copealcoy.es\\\/wp-content\\\/uploads\\\/2017\\\/04\\\/tur_fotos_roja_5_foto.jpg\",\"contentUrl\":\"https:\\\/\\\/www.copealcoy.es\\\/wp-content\\\/uploads\\\/2017\\\/04\\\/tur_fotos_roja_5_foto.jpg\",\"width\":747,\"height\":505},{\"@type\":\"BreadcrumbList\",\"@id\":\"https:\\\/\\\/www.copealcoy.es\\\/es\\\/por-que-muchos-clientes-no-optan-por-los-alojamientos-de-la-font-roja-de-alcoy\\\/#breadcrumb\",\"itemListElement\":[{\"@type\":\"ListItem\",\"position\":1,\"name\":\"Portada\",\"item\":\"https:\\\/\\\/www.copealcoy.es\\\/es\\\/\"},{\"@type\":\"ListItem\",\"position\":2,\"name\":\"\u00bfPor qu\u00e9 muchos clientes no optan por los alojamientos de la Font Roja de Alcoy?\"}]},{\"@type\":\"WebSite\",\"@id\":\"https:\\\/\\\/www.copealcoy.es\\\/es\\\/#website\",\"url\":\"https:\\\/\\\/www.copealcoy.es\\\/es\\\/\",\"name\":\"COPE Alcoy\",\"description\":\"Emisora COPE de radio local con emisi\u00f3n online. Pont de Sant Jordi 8-10 03803 Alcoy\",\"potentialAction\":[{\"@type\":\"SearchAction\",\"target\":{\"@type\":\"EntryPoint\",\"urlTemplate\":\"https:\\\/\\\/www.copealcoy.es\\\/es\\\/?s={search_term_string}\"},\"query-input\":{\"@type\":\"PropertyValueSpecification\",\"valueRequired\":true,\"valueName\":\"search_term_string\"}}],\"inLanguage\":\"es\"},{\"@type\":\"Person\",\"@id\":\"https:\\\/\\\/www.copealcoy.es\\\/es\\\/#\\\/schema\\\/person\\\/e777c87fa024e57d40170af9df39882c\",\"name\":\"Cope Alcoy\",\"image\":{\"@type\":\"ImageObject\",\"inLanguage\":\"es\",\"@id\":\"https:\\\/\\\/secure.gravatar.com\\\/avatar\\\/bb65d0283347e303893ba14f0692005417c1e0e690a325a4c5d8bb2b3943ee14?s=96&d=mm&r=g\",\"url\":\"https:\\\/\\\/secure.gravatar.com\\\/avatar\\\/bb65d0283347e303893ba14f0692005417c1e0e690a325a4c5d8bb2b3943ee14?s=96&d=mm&r=g\",\"contentUrl\":\"https:\\\/\\\/secure.gravatar.com\\\/avatar\\\/bb65d0283347e303893ba14f0692005417c1e0e690a325a4c5d8bb2b3943ee14?s=96&d=mm&r=g\",\"caption\":\"Cope Alcoy\"}}]}<\/script>\n<!-- \/ Yoast SEO plugin. -->","yoast_head_json":{"title":"\u00bfPor qu\u00e9 muchos clientes no optan por los alojamientos de la Font Roja de Alcoy? - COPE Alcoy","description":"Los propietarios de los establecimientos rurales de la Font Roja aseguran que su clientela se ha resentido en los \u00faltimos meses","robots":{"index":"index","follow":"follow","max-snippet":"max-snippet:-1","max-image-preview":"max-image-preview:large","max-video-preview":"max-video-preview:-1"},"canonical":"https:\/\/www.copealcoy.es\/es\/por-que-muchos-clientes-no-optan-por-los-alojamientos-de-la-font-roja-de-alcoy\/","og_locale":"es_ES","og_type":"article","og_title":"\u00bfPor qu\u00e9 muchos clientes no optan por los alojamientos de la Font Roja de Alcoy? - COPE Alcoy","og_description":"Los propietarios de los establecimientos rurales de la Font Roja aseguran que su clientela se ha resentido en los \u00faltimos meses","og_url":"https:\/\/www.copealcoy.es\/es\/por-que-muchos-clientes-no-optan-por-los-alojamientos-de-la-font-roja-de-alcoy\/","og_site_name":"COPE Alcoy","article_published_time":"2023-04-13T09:10:01+00:00","article_modified_time":"2023-04-13T09:14:41+00:00","og_image":[{"width":747,"height":505,"url":"https:\/\/www.copealcoy.es\/wp-content\/uploads\/2017\/04\/tur_fotos_roja_5_foto.jpg","type":"image\/jpeg"}],"author":"Cope Alcoy","twitter_misc":{"Escrito por":"Cope Alcoy","Tiempo de lectura":"3 minutos"},"schema":{"@context":"https:\/\/schema.org","@graph":[{"@type":"Article","@id":"https:\/\/www.copealcoy.es\/es\/por-que-muchos-clientes-no-optan-por-los-alojamientos-de-la-font-roja-de-alcoy\/#article","isPartOf":{"@id":"https:\/\/www.copealcoy.es\/es\/por-que-muchos-clientes-no-optan-por-los-alojamientos-de-la-font-roja-de-alcoy\/"},"author":{"name":"Cope Alcoy","@id":"https:\/\/www.copealcoy.es\/es\/#\/schema\/person\/e777c87fa024e57d40170af9df39882c"},"headline":"\u00bfPor qu\u00e9 muchos clientes no optan por los alojamientos de la Font Roja de Alcoy?","datePublished":"2023-04-13T09:10:01+00:00","dateModified":"2023-04-13T09:14:41+00:00","mainEntityOfPage":{"@id":"https:\/\/www.copealcoy.es\/es\/por-que-muchos-clientes-no-optan-por-los-alojamientos-de-la-font-roja-de-alcoy\/"},"wordCount":606,"commentCount":0,"image":{"@id":"https:\/\/www.copealcoy.es\/es\/por-que-muchos-clientes-no-optan-por-los-alojamientos-de-la-font-roja-de-alcoy\/#primaryimage"},"thumbnailUrl":"https:\/\/www.copealcoy.es\/wp-content\/uploads\/2017\/04\/tur_fotos_roja_5_foto.jpg","keywords":["acceso","Alcoy","Alojamientos rurales","Barrera","Font Roja","regulaci\u00f3n"],"articleSection":["Actualidad","Alcoy","Noticias","Pol\u00edtica y Econom\u00eda"],"inLanguage":"es"},{"@type":"WebPage","@id":"https:\/\/www.copealcoy.es\/es\/por-que-muchos-clientes-no-optan-por-los-alojamientos-de-la-font-roja-de-alcoy\/","url":"https:\/\/www.copealcoy.es\/es\/por-que-muchos-clientes-no-optan-por-los-alojamientos-de-la-font-roja-de-alcoy\/","name":"\u00bfPor qu\u00e9 muchos clientes no optan por los alojamientos de la Font Roja de Alcoy? - COPE Alcoy","isPartOf":{"@id":"https:\/\/www.copealcoy.es\/es\/#website"},"primaryImageOfPage":{"@id":"https:\/\/www.copealcoy.es\/es\/por-que-muchos-clientes-no-optan-por-los-alojamientos-de-la-font-roja-de-alcoy\/#primaryimage"},"image":{"@id":"https:\/\/www.copealcoy.es\/es\/por-que-muchos-clientes-no-optan-por-los-alojamientos-de-la-font-roja-de-alcoy\/#primaryimage"},"thumbnailUrl":"https:\/\/www.copealcoy.es\/wp-content\/uploads\/2017\/04\/tur_fotos_roja_5_foto.jpg","datePublished":"2023-04-13T09:10:01+00:00","dateModified":"2023-04-13T09:14:41+00:00","author":{"@id":"https:\/\/www.copealcoy.es\/es\/#\/schema\/person\/e777c87fa024e57d40170af9df39882c"},"description":"Los propietarios de los establecimientos rurales de la Font Roja aseguran que su clientela se ha resentido en los \u00faltimos meses","breadcrumb":{"@id":"https:\/\/www.copealcoy.es\/es\/por-que-muchos-clientes-no-optan-por-los-alojamientos-de-la-font-roja-de-alcoy\/#breadcrumb"},"inLanguage":"es","potentialAction":[{"@type":"ReadAction","target":["https:\/\/www.copealcoy.es\/es\/por-que-muchos-clientes-no-optan-por-los-alojamientos-de-la-font-roja-de-alcoy\/"]}]},{"@type":"ImageObject","inLanguage":"es","@id":"https:\/\/www.copealcoy.es\/es\/por-que-muchos-clientes-no-optan-por-los-alojamientos-de-la-font-roja-de-alcoy\/#primaryimage","url":"https:\/\/www.copealcoy.es\/wp-content\/uploads\/2017\/04\/tur_fotos_roja_5_foto.jpg","contentUrl":"https:\/\/www.copealcoy.es\/wp-content\/uploads\/2017\/04\/tur_fotos_roja_5_foto.jpg","width":747,"height":505},{"@type":"BreadcrumbList","@id":"https:\/\/www.copealcoy.es\/es\/por-que-muchos-clientes-no-optan-por-los-alojamientos-de-la-font-roja-de-alcoy\/#breadcrumb","itemListElement":[{"@type":"ListItem","position":1,"name":"Portada","item":"https:\/\/www.copealcoy.es\/es\/"},{"@type":"ListItem","position":2,"name":"\u00bfPor qu\u00e9 muchos clientes no optan por los alojamientos de la Font Roja de Alcoy?"}]},{"@type":"WebSite","@id":"https:\/\/www.copealcoy.es\/es\/#website","url":"https:\/\/www.copealcoy.es\/es\/","name":"COPE Alcoy","description":"Emisora COPE de radio local con emisi\u00f3n online. Pont de Sant Jordi 8-10 03803 Alcoy","potentialAction":[{"@type":"SearchAction","target":{"@type":"EntryPoint","urlTemplate":"https:\/\/www.copealcoy.es\/es\/?s={search_term_string}"},"query-input":{"@type":"PropertyValueSpecification","valueRequired":true,"valueName":"search_term_string"}}],"inLanguage":"es"},{"@type":"Person","@id":"https:\/\/www.copealcoy.es\/es\/#\/schema\/person\/e777c87fa024e57d40170af9df39882c","name":"Cope Alcoy","image":{"@type":"ImageObject","inLanguage":"es","@id":"https:\/\/secure.gravatar.com\/avatar\/bb65d0283347e303893ba14f0692005417c1e0e690a325a4c5d8bb2b3943ee14?s=96&d=mm&r=g","url":"https:\/\/secure.gravatar.com\/avatar\/bb65d0283347e303893ba14f0692005417c1e0e690a325a4c5d8bb2b3943ee14?s=96&d=mm&r=g","contentUrl":"https:\/\/secure.gravatar.com\/avatar\/bb65d0283347e303893ba14f0692005417c1e0e690a325a4c5d8bb2b3943ee14?s=96&d=mm&r=g","caption":"Cope Alcoy"}}]}},"_links":{"self":[{"href":"https:\/\/www.copealcoy.es\/es\/wp-json\/wp\/v2\/posts\/113836","targetHints":{"allow":["GET"]}}],"collection":[{"href":"https:\/\/www.copealcoy.es\/es\/wp-json\/wp\/v2\/posts"}],"about":[{"href":"https:\/\/www.copealcoy.es\/es\/wp-json\/wp\/v2\/types\/post"}],"author":[{"embeddable":true,"href":"https:\/\/www.copealcoy.es\/es\/wp-json\/wp\/v2\/users\/1"}],"replies":[{"embeddable":true,"href":"https:\/\/www.copealcoy.es\/es\/wp-json\/wp\/v2\/comments?post=113836"}],"version-history":[{"count":0,"href":"https:\/\/www.copealcoy.es\/es\/wp-json\/wp\/v2\/posts\/113836\/revisions"}],"wp:featuredmedia":[{"embeddable":true,"href":"https:\/\/www.copealcoy.es\/es\/wp-json\/wp\/v2\/media\/30472"}],"wp:attachment":[{"href":"https:\/\/www.copealcoy.es\/es\/wp-json\/wp\/v2\/media?parent=113836"}],"wp:term":[{"taxonomy":"category","embeddable":true,"href":"https:\/\/www.copealcoy.es\/es\/wp-json\/wp\/v2\/categories?post=113836"},{"taxonomy":"post_tag","embeddable":true,"href":"https:\/\/www.copealcoy.es\/es\/wp-json\/wp\/v2\/tags?post=113836"}],"curies":[{"name":"wp","href":"https:\/\/api.w.org\/{rel}","templated":true}]}}