{"id":11383,"date":"2015-03-16T09:58:30","date_gmt":"2015-03-16T09:58:30","guid":{"rendered":"http:\/\/copealcoi.es\/new\/?p=11383"},"modified":"2015-03-16T10:00:08","modified_gmt":"2015-03-16T10:00:08","slug":"la-diputacion-invierte-en-fomentar-la-lengua-y-cultura-valencianas","status":"publish","type":"post","link":"https:\/\/www.copealcoy.es\/es\/la-diputacion-invierte-en-fomentar-la-lengua-y-cultura-valencianas\/","title":{"rendered":"La Diputaci\u00f3n invierte en fomentar la lengua y cultura valencianas"},"content":{"rendered":"<p style=\"text-align: justify;\">La Diputaci\u00f3n Provincial de Alicante destinar\u00e1 80.000 euros a 55 municipios de la provincia para realizar actividades destinadas al fomento del valenciano y de la cultura aut\u00f3ctona. Entre estas destacan aportaciones econ\u00f3micas para realizar actuaciones musicales y esc\u00e9nicas, correfocs, festivales, cert\u00e1menes, trobades,\u00a0exposiciones o congresos. En el Comtat y l\u00b4 Alcoi\u00e0 las localidades que obtendr\u00e1n estas subvenciones son Agres, Alcoleja, Almudaina, Alquer\u00eda d\u00b4 Asnar, Balones. Benasau, Benilloba, Benimarfull, Cocentaina, Fageca, Famorca, Gorga, l\u00b4Orxa, Planes, Banyeres, Castalla, y Pen\u00e1guila. El Diputado de Cultura, Juan Bautista Rosell\u00f3, ha destacado la importancia de estas ayudas y ha se\u00f1alado que en nuestra provincia es clave en la consolidaci\u00f3n de las tradiciones valencianas.<\/p>\n","protected":false},"excerpt":{"rendered":"<p>La Diputaci\u00f3n Provincial de Alicante destinar\u00e1 80.000 euros a 55 municipios de la provincia para realizar actividades destinadas al fomento&#8230;<\/p>\n","protected":false},"author":1,"featured_media":8938,"comment_status":"open","ping_status":"open","sticky":false,"template":"","format":"standard","meta":{"footnotes":""},"categories":[98,75],"tags":[407,414,234,454,844],"class_list":["post-11383","post","type-post","status-publish","format-standard","has-post-thumbnail","hentry","category-comarcas","category-noticias","tag-ayudas","tag-cultura","tag-diputacion","tag-promocion","tag-valenciano"],"yoast_head":"<!-- This site is optimized with the Yoast SEO plugin v27.3 - https:\/\/yoast.com\/product\/yoast-seo-wordpress\/ -->\n<title>La Diputaci\u00f3n invierte en fomentar la lengua y cultura valencianas - COPE Alcoy<\/title>\n<meta name=\"robots\" content=\"index, follow, max-snippet:-1, max-image-preview:large, max-video-preview:-1\" \/>\n<link rel=\"canonical\" href=\"https:\/\/www.copealcoy.es\/es\/la-diputacion-invierte-en-fomentar-la-lengua-y-cultura-valencianas\/\" \/>\n<meta property=\"og:locale\" content=\"es_ES\" \/>\n<meta property=\"og:type\" content=\"article\" \/>\n<meta property=\"og:title\" content=\"La Diputaci\u00f3n invierte en fomentar la lengua y cultura valencianas - COPE Alcoy\" \/>\n<meta property=\"og:description\" content=\"La Diputaci\u00f3n Provincial de Alicante destinar\u00e1 80.000 euros a 55 municipios de la provincia para realizar actividades destinadas al fomento...\" \/>\n<meta property=\"og:url\" content=\"https:\/\/www.copealcoy.es\/es\/la-diputacion-invierte-en-fomentar-la-lengua-y-cultura-valencianas\/\" \/>\n<meta property=\"og:site_name\" content=\"COPE Alcoy\" \/>\n<meta property=\"article:published_time\" content=\"2015-03-16T09:58:30+00:00\" \/>\n<meta property=\"article:modified_time\" content=\"2015-03-16T10:00:08+00:00\" \/>\n<meta property=\"og:image\" content=\"https:\/\/www.copealcoy.es\/wp-content\/uploads\/2014\/12\/image50.jpg\" \/>\n\t<meta property=\"og:image:width\" content=\"1668\" \/>\n\t<meta property=\"og:image:height\" content=\"1254\" \/>\n\t<meta property=\"og:image:type\" content=\"image\/jpeg\" \/>\n<meta name=\"author\" content=\"Cope Alcoy\" \/>\n<meta name=\"twitter:label1\" content=\"Escrito por\" \/>\n\t<meta name=\"twitter:data1\" content=\"Cope Alcoy\" \/>\n\t<meta name=\"twitter:label2\" content=\"Tiempo de lectura\" \/>\n\t<meta name=\"twitter:data2\" content=\"1 minuto\" \/>\n<script type=\"application\/ld+json\" class=\"yoast-schema-graph\">{\"@context\":\"https:\\\/\\\/schema.org\",\"@graph\":[{\"@type\":\"Article\",\"@id\":\"https:\\\/\\\/www.copealcoy.es\\\/es\\\/la-diputacion-invierte-en-fomentar-la-lengua-y-cultura-valencianas\\\/#article\",\"isPartOf\":{\"@id\":\"https:\\\/\\\/www.copealcoy.es\\\/es\\\/la-diputacion-invierte-en-fomentar-la-lengua-y-cultura-valencianas\\\/\"},\"author\":{\"name\":\"Cope Alcoy\",\"@id\":\"https:\\\/\\\/www.copealcoy.es\\\/es\\\/#\\\/schema\\\/person\\\/e777c87fa024e57d40170af9df39882c\"},\"headline\":\"La Diputaci\u00f3n invierte en fomentar la lengua y cultura valencianas\",\"datePublished\":\"2015-03-16T09:58:30+00:00\",\"dateModified\":\"2015-03-16T10:00:08+00:00\",\"mainEntityOfPage\":{\"@id\":\"https:\\\/\\\/www.copealcoy.es\\\/es\\\/la-diputacion-invierte-en-fomentar-la-lengua-y-cultura-valencianas\\\/\"},\"wordCount\":128,\"commentCount\":0,\"image\":{\"@id\":\"https:\\\/\\\/www.copealcoy.es\\\/es\\\/la-diputacion-invierte-en-fomentar-la-lengua-y-cultura-valencianas\\\/#primaryimage\"},\"thumbnailUrl\":\"https:\\\/\\\/www.copealcoy.es\\\/wp-content\\\/uploads\\\/2014\\\/12\\\/image50.jpg\",\"keywords\":[\"Ayudas\",\"Cultura\",\"Diputaci\u00f3n\",\"Promoci\u00f3n\",\"Valenciano\"],\"articleSection\":[\"Comarcas\",\"Noticias\"],\"inLanguage\":\"es\"},{\"@type\":\"WebPage\",\"@id\":\"https:\\\/\\\/www.copealcoy.es\\\/es\\\/la-diputacion-invierte-en-fomentar-la-lengua-y-cultura-valencianas\\\/\",\"url\":\"https:\\\/\\\/www.copealcoy.es\\\/es\\\/la-diputacion-invierte-en-fomentar-la-lengua-y-cultura-valencianas\\\/\",\"name\":\"La Diputaci\u00f3n invierte en fomentar la lengua y cultura valencianas - COPE Alcoy\",\"isPartOf\":{\"@id\":\"https:\\\/\\\/www.copealcoy.es\\\/es\\\/#website\"},\"primaryImageOfPage\":{\"@id\":\"https:\\\/\\\/www.copealcoy.es\\\/es\\\/la-diputacion-invierte-en-fomentar-la-lengua-y-cultura-valencianas\\\/#primaryimage\"},\"image\":{\"@id\":\"https:\\\/\\\/www.copealcoy.es\\\/es\\\/la-diputacion-invierte-en-fomentar-la-lengua-y-cultura-valencianas\\\/#primaryimage\"},\"thumbnailUrl\":\"https:\\\/\\\/www.copealcoy.es\\\/wp-content\\\/uploads\\\/2014\\\/12\\\/image50.jpg\",\"datePublished\":\"2015-03-16T09:58:30+00:00\",\"dateModified\":\"2015-03-16T10:00:08+00:00\",\"author\":{\"@id\":\"https:\\\/\\\/www.copealcoy.es\\\/es\\\/#\\\/schema\\\/person\\\/e777c87fa024e57d40170af9df39882c\"},\"breadcrumb\":{\"@id\":\"https:\\\/\\\/www.copealcoy.es\\\/es\\\/la-diputacion-invierte-en-fomentar-la-lengua-y-cultura-valencianas\\\/#breadcrumb\"},\"inLanguage\":\"es\",\"potentialAction\":[{\"@type\":\"ReadAction\",\"target\":[\"https:\\\/\\\/www.copealcoy.es\\\/es\\\/la-diputacion-invierte-en-fomentar-la-lengua-y-cultura-valencianas\\\/\"]}]},{\"@type\":\"ImageObject\",\"inLanguage\":\"es\",\"@id\":\"https:\\\/\\\/www.copealcoy.es\\\/es\\\/la-diputacion-invierte-en-fomentar-la-lengua-y-cultura-valencianas\\\/#primaryimage\",\"url\":\"https:\\\/\\\/www.copealcoy.es\\\/wp-content\\\/uploads\\\/2014\\\/12\\\/image50.jpg\",\"contentUrl\":\"https:\\\/\\\/www.copealcoy.es\\\/wp-content\\\/uploads\\\/2014\\\/12\\\/image50.jpg\",\"width\":1437,\"height\":1080},{\"@type\":\"BreadcrumbList\",\"@id\":\"https:\\\/\\\/www.copealcoy.es\\\/es\\\/la-diputacion-invierte-en-fomentar-la-lengua-y-cultura-valencianas\\\/#breadcrumb\",\"itemListElement\":[{\"@type\":\"ListItem\",\"position\":1,\"name\":\"Portada\",\"item\":\"https:\\\/\\\/www.copealcoy.es\\\/es\\\/\"},{\"@type\":\"ListItem\",\"position\":2,\"name\":\"La Diputaci\u00f3n invierte en fomentar la lengua y cultura valencianas\"}]},{\"@type\":\"WebSite\",\"@id\":\"https:\\\/\\\/www.copealcoy.es\\\/es\\\/#website\",\"url\":\"https:\\\/\\\/www.copealcoy.es\\\/es\\\/\",\"name\":\"COPE Alcoy\",\"description\":\"Emisora COPE de radio local con emisi\u00f3n online. Pont de Sant Jordi 8-10 03803 Alcoy\",\"potentialAction\":[{\"@type\":\"SearchAction\",\"target\":{\"@type\":\"EntryPoint\",\"urlTemplate\":\"https:\\\/\\\/www.copealcoy.es\\\/es\\\/?s={search_term_string}\"},\"query-input\":{\"@type\":\"PropertyValueSpecification\",\"valueRequired\":true,\"valueName\":\"search_term_string\"}}],\"inLanguage\":\"es\"},{\"@type\":\"Person\",\"@id\":\"https:\\\/\\\/www.copealcoy.es\\\/es\\\/#\\\/schema\\\/person\\\/e777c87fa024e57d40170af9df39882c\",\"name\":\"Cope Alcoy\",\"image\":{\"@type\":\"ImageObject\",\"inLanguage\":\"es\",\"@id\":\"https:\\\/\\\/secure.gravatar.com\\\/avatar\\\/bb65d0283347e303893ba14f0692005417c1e0e690a325a4c5d8bb2b3943ee14?s=96&d=mm&r=g\",\"url\":\"https:\\\/\\\/secure.gravatar.com\\\/avatar\\\/bb65d0283347e303893ba14f0692005417c1e0e690a325a4c5d8bb2b3943ee14?s=96&d=mm&r=g\",\"contentUrl\":\"https:\\\/\\\/secure.gravatar.com\\\/avatar\\\/bb65d0283347e303893ba14f0692005417c1e0e690a325a4c5d8bb2b3943ee14?s=96&d=mm&r=g\",\"caption\":\"Cope Alcoy\"}}]}<\/script>\n<!-- \/ Yoast SEO plugin. -->","yoast_head_json":{"title":"La Diputaci\u00f3n invierte en fomentar la lengua y cultura valencianas - COPE Alcoy","robots":{"index":"index","follow":"follow","max-snippet":"max-snippet:-1","max-image-preview":"max-image-preview:large","max-video-preview":"max-video-preview:-1"},"canonical":"https:\/\/www.copealcoy.es\/es\/la-diputacion-invierte-en-fomentar-la-lengua-y-cultura-valencianas\/","og_locale":"es_ES","og_type":"article","og_title":"La Diputaci\u00f3n invierte en fomentar la lengua y cultura valencianas - COPE Alcoy","og_description":"La Diputaci\u00f3n Provincial de Alicante destinar\u00e1 80.000 euros a 55 municipios de la provincia para realizar actividades destinadas al fomento...","og_url":"https:\/\/www.copealcoy.es\/es\/la-diputacion-invierte-en-fomentar-la-lengua-y-cultura-valencianas\/","og_site_name":"COPE Alcoy","article_published_time":"2015-03-16T09:58:30+00:00","article_modified_time":"2015-03-16T10:00:08+00:00","og_image":[{"width":1668,"height":1254,"url":"https:\/\/www.copealcoy.es\/wp-content\/uploads\/2014\/12\/image50.jpg","type":"image\/jpeg"}],"author":"Cope Alcoy","twitter_misc":{"Escrito por":"Cope Alcoy","Tiempo de lectura":"1 minuto"},"schema":{"@context":"https:\/\/schema.org","@graph":[{"@type":"Article","@id":"https:\/\/www.copealcoy.es\/es\/la-diputacion-invierte-en-fomentar-la-lengua-y-cultura-valencianas\/#article","isPartOf":{"@id":"https:\/\/www.copealcoy.es\/es\/la-diputacion-invierte-en-fomentar-la-lengua-y-cultura-valencianas\/"},"author":{"name":"Cope Alcoy","@id":"https:\/\/www.copealcoy.es\/es\/#\/schema\/person\/e777c87fa024e57d40170af9df39882c"},"headline":"La Diputaci\u00f3n invierte en fomentar la lengua y cultura valencianas","datePublished":"2015-03-16T09:58:30+00:00","dateModified":"2015-03-16T10:00:08+00:00","mainEntityOfPage":{"@id":"https:\/\/www.copealcoy.es\/es\/la-diputacion-invierte-en-fomentar-la-lengua-y-cultura-valencianas\/"},"wordCount":128,"commentCount":0,"image":{"@id":"https:\/\/www.copealcoy.es\/es\/la-diputacion-invierte-en-fomentar-la-lengua-y-cultura-valencianas\/#primaryimage"},"thumbnailUrl":"https:\/\/www.copealcoy.es\/wp-content\/uploads\/2014\/12\/image50.jpg","keywords":["Ayudas","Cultura","Diputaci\u00f3n","Promoci\u00f3n","Valenciano"],"articleSection":["Comarcas","Noticias"],"inLanguage":"es"},{"@type":"WebPage","@id":"https:\/\/www.copealcoy.es\/es\/la-diputacion-invierte-en-fomentar-la-lengua-y-cultura-valencianas\/","url":"https:\/\/www.copealcoy.es\/es\/la-diputacion-invierte-en-fomentar-la-lengua-y-cultura-valencianas\/","name":"La Diputaci\u00f3n invierte en fomentar la lengua y cultura valencianas - COPE Alcoy","isPartOf":{"@id":"https:\/\/www.copealcoy.es\/es\/#website"},"primaryImageOfPage":{"@id":"https:\/\/www.copealcoy.es\/es\/la-diputacion-invierte-en-fomentar-la-lengua-y-cultura-valencianas\/#primaryimage"},"image":{"@id":"https:\/\/www.copealcoy.es\/es\/la-diputacion-invierte-en-fomentar-la-lengua-y-cultura-valencianas\/#primaryimage"},"thumbnailUrl":"https:\/\/www.copealcoy.es\/wp-content\/uploads\/2014\/12\/image50.jpg","datePublished":"2015-03-16T09:58:30+00:00","dateModified":"2015-03-16T10:00:08+00:00","author":{"@id":"https:\/\/www.copealcoy.es\/es\/#\/schema\/person\/e777c87fa024e57d40170af9df39882c"},"breadcrumb":{"@id":"https:\/\/www.copealcoy.es\/es\/la-diputacion-invierte-en-fomentar-la-lengua-y-cultura-valencianas\/#breadcrumb"},"inLanguage":"es","potentialAction":[{"@type":"ReadAction","target":["https:\/\/www.copealcoy.es\/es\/la-diputacion-invierte-en-fomentar-la-lengua-y-cultura-valencianas\/"]}]},{"@type":"ImageObject","inLanguage":"es","@id":"https:\/\/www.copealcoy.es\/es\/la-diputacion-invierte-en-fomentar-la-lengua-y-cultura-valencianas\/#primaryimage","url":"https:\/\/www.copealcoy.es\/wp-content\/uploads\/2014\/12\/image50.jpg","contentUrl":"https:\/\/www.copealcoy.es\/wp-content\/uploads\/2014\/12\/image50.jpg","width":1437,"height":1080},{"@type":"BreadcrumbList","@id":"https:\/\/www.copealcoy.es\/es\/la-diputacion-invierte-en-fomentar-la-lengua-y-cultura-valencianas\/#breadcrumb","itemListElement":[{"@type":"ListItem","position":1,"name":"Portada","item":"https:\/\/www.copealcoy.es\/es\/"},{"@type":"ListItem","position":2,"name":"La Diputaci\u00f3n invierte en fomentar la lengua y cultura valencianas"}]},{"@type":"WebSite","@id":"https:\/\/www.copealcoy.es\/es\/#website","url":"https:\/\/www.copealcoy.es\/es\/","name":"COPE Alcoy","description":"Emisora COPE de radio local con emisi\u00f3n online. Pont de Sant Jordi 8-10 03803 Alcoy","potentialAction":[{"@type":"SearchAction","target":{"@type":"EntryPoint","urlTemplate":"https:\/\/www.copealcoy.es\/es\/?s={search_term_string}"},"query-input":{"@type":"PropertyValueSpecification","valueRequired":true,"valueName":"search_term_string"}}],"inLanguage":"es"},{"@type":"Person","@id":"https:\/\/www.copealcoy.es\/es\/#\/schema\/person\/e777c87fa024e57d40170af9df39882c","name":"Cope Alcoy","image":{"@type":"ImageObject","inLanguage":"es","@id":"https:\/\/secure.gravatar.com\/avatar\/bb65d0283347e303893ba14f0692005417c1e0e690a325a4c5d8bb2b3943ee14?s=96&d=mm&r=g","url":"https:\/\/secure.gravatar.com\/avatar\/bb65d0283347e303893ba14f0692005417c1e0e690a325a4c5d8bb2b3943ee14?s=96&d=mm&r=g","contentUrl":"https:\/\/secure.gravatar.com\/avatar\/bb65d0283347e303893ba14f0692005417c1e0e690a325a4c5d8bb2b3943ee14?s=96&d=mm&r=g","caption":"Cope Alcoy"}}]}},"_links":{"self":[{"href":"https:\/\/www.copealcoy.es\/es\/wp-json\/wp\/v2\/posts\/11383","targetHints":{"allow":["GET"]}}],"collection":[{"href":"https:\/\/www.copealcoy.es\/es\/wp-json\/wp\/v2\/posts"}],"about":[{"href":"https:\/\/www.copealcoy.es\/es\/wp-json\/wp\/v2\/types\/post"}],"author":[{"embeddable":true,"href":"https:\/\/www.copealcoy.es\/es\/wp-json\/wp\/v2\/users\/1"}],"replies":[{"embeddable":true,"href":"https:\/\/www.copealcoy.es\/es\/wp-json\/wp\/v2\/comments?post=11383"}],"version-history":[{"count":0,"href":"https:\/\/www.copealcoy.es\/es\/wp-json\/wp\/v2\/posts\/11383\/revisions"}],"wp:featuredmedia":[{"embeddable":true,"href":"https:\/\/www.copealcoy.es\/es\/wp-json\/wp\/v2\/media\/8938"}],"wp:attachment":[{"href":"https:\/\/www.copealcoy.es\/es\/wp-json\/wp\/v2\/media?parent=11383"}],"wp:term":[{"taxonomy":"category","embeddable":true,"href":"https:\/\/www.copealcoy.es\/es\/wp-json\/wp\/v2\/categories?post=11383"},{"taxonomy":"post_tag","embeddable":true,"href":"https:\/\/www.copealcoy.es\/es\/wp-json\/wp\/v2\/tags?post=11383"}],"curies":[{"name":"wp","href":"https:\/\/api.w.org\/{rel}","templated":true}]}}