{"id":113701,"date":"2023-04-20T07:35:34","date_gmt":"2023-04-20T06:35:34","guid":{"rendered":"https:\/\/www.copealcoy.es\/?p=113701"},"modified":"2023-04-20T08:34:48","modified_gmt":"2023-04-20T07:34:48","slug":"las-entraetes-llegan-a-su-fin-para-dar-paso-a-las-fiestas-de-alcoy","status":"publish","type":"post","link":"https:\/\/www.copealcoy.es\/es\/las-entraetes-llegan-a-su-fin-para-dar-paso-a-las-fiestas-de-alcoy\/","title":{"rendered":"Las &#8216;Entraetes&#8217; llegan a su fin para dar paso a las Fiestas de Alcoy"},"content":{"rendered":"<p style=\"text-align: justify;\"><span style=\"color: #000000;\">Alcoy avanza hacia <strong>sus Fiestas de Moros y Cristianos en honor a San Jorge<\/strong> despu\u00e9s de que el lunes <a href=\"https:\/\/www.copealcoy.es\/el-traslado-de-el-xicotet-encamina-a-alcoy-hacia-sus-fiestas\/\" target=\"_blank\" rel=\"noopener\"><span style=\"color: #0000ff;\"><strong>la procesi\u00f3n del traslado de San Jorge &#8216;El Xicotet&#8217;<\/strong><\/span><\/a> acaparara todo el protagonismo. En los d\u00edas que quedan para la celebraci\u00f3n de la trilog\u00eda festera destacan actos previos como el Triduo, que finaliza hoy, aunque tambi\u00e9n <strong>tienen todo el protagonismo los desfiles nocturnos que llenan de m\u00fasica y ambiente festivo<\/strong> las calles del Centro de nuestra ciudad.\u00a0<\/span><\/p>\n<p><span style=\"color: #0000ff;\"><strong>Hoy concluye el calendario de &#8216;Entraetes&#8217;<\/strong><\/span><\/p>\n<p style=\"text-align: justify;\"><span style=\"color: #000000;\">El <strong>calendario de &#8216;Entraetes&#8217;<\/strong> llega este jueves en la v\u00edspera del inicio de las Fiestas de Moros y cristianos.\u00a0 En este<\/span><span style=\"color: #000000;\"> 20 de abril<\/span><span style=\"color: #000000;\"><strong>, <\/strong>uno de los d\u00edas de las &#8216;Entraetes&#8217; m\u00e1s esperados en la ciudad, tomar\u00e1n la <strong>calle San Nicol\u00e1s<\/strong> la Escuadra Especial de los Alcodianos, la Escuadra Especial de los Guzmanes, la Escuadra Especial de los Mud\u00e9jares, la Escuadra Especial de los Jud\u00edos y la Asamblea del Casal de Sant Jordi. <\/span><span style=\"color: #000000;\">En lo que se refiere a la <strong>Avinguda del Pa\u00eds Valenci\u00e0, <\/strong>tambi\u00e9n habr\u00e1 &#8216;Entraetes&#8217; en este d\u00eda<strong>. <\/strong>Hoy desfilar\u00e1n hacia la plaza de Espa\u00f1a los Abencerrajes, la Magenta, la Fil\u00e0 Chano y las Tomasinas.<\/span><\/p>\n<p style=\"text-align: justify;\"><span style=\"color: #000000;\">El \u00faltimo d\u00eda para las &#8216;Entraetes&#8217; ser\u00e1 el\u00a0 21 de abril, d\u00eda en que se celebra la <strong>\u2018Nit dels M\u00fasics\u2019. <\/strong>En esta jornada, tras cantar el Himno en la Plaza de Espa\u00f1a, la participaci\u00f3n de les Filaes es siempre con car\u00e1cter voluntario. Aqu\u00ed puedes consultar con detalle <a style=\"color: #000000;\" href=\"https:\/\/www.asjordi.org\/upload\/images\/Fiestas%202023\/Entradetes%202023\/Quadre%20entradetes%202023.pdf\" target=\"_blank\" rel=\"noopener\"><strong><span style=\"color: #0000ff;\">los horarios<\/span><\/strong><\/a><\/span> previstos para el d\u00eda de hoy.<\/p>\n<p><strong><span style=\"color: #0000ff;\">Comienza el reparto de p\u00f3lvora para el Alardo\u00a0<\/span><\/strong><\/p>\n<p style=\"text-align: justify;\">Hoy tambi\u00e9n se va a llevar a cabo <strong>el reparto de la p\u00f3lvora<\/strong> que los festeros <strong>emplear\u00e1n en el Alardo<\/strong> del pr\u00f3ximo lunes.\u00a0 Ser\u00e1 en el <strong>Baradello de Moya<\/strong> y <strong>el horario del d\u00eda 20<\/strong> es de 10\u201930 a 19 horas, seg\u00fan la informaci\u00f3n facilitada por la Asociaci\u00f3n de San Jorge, mientras que <strong>el 21<\/strong> ser\u00e1 de 10\u201930 a 12\u201930 horas.<\/p>\n<p style=\"text-align: justify;\">En este 2023 <strong>se van a repartir 3.200 kilos de p\u00f3lvora<\/strong>, lo que supone un importante incremento respecto al a\u00f1o pasado, cuando esta cifra fue de 3.059 kilos. En 2019, antes de la pandemia, fue de 3.099. El Alardo, seg\u00fan el Consistorio alcoyano, <strong>contar\u00e1 con un total de 2.330 participantes<\/strong>, y 650 licencias nuevas.<\/p>\n","protected":false},"excerpt":{"rendered":"<p>Alcoy avanza hacia sus Fiestas de Moros y Cristianos en honor a San Jorge despu\u00e9s de que el lunes la&#8230;<\/p>\n","protected":false},"author":1,"featured_media":114243,"comment_status":"open","ping_status":"open","sticky":false,"template":"","format":"standard","meta":{"footnotes":""},"categories":[6909,97,78,75],"tags":[1494,12406,1755,14493,3604],"class_list":["post-113701","post","type-post","status-publish","format-standard","has-post-thumbnail","hentry","category-actualidad","category-alcoy","category-fiestaycultura","category-noticias","tag-alcoy","tag-desfiles-nocturnos","tag-entraetes","tag-fiestas-de-mors-y-cristianos","tag-horarios"],"yoast_head":"<!-- This site is optimized with the Yoast SEO plugin v27.3 - https:\/\/yoast.com\/product\/yoast-seo-wordpress\/ -->\n<title>Las &#039;Entraetes&#039; llegan a su fin para dar paso a las Fiestas de Alcoy - COPE Alcoy<\/title>\n<meta name=\"description\" content=\"Alcoy ya se encamina hacia sus Fiestas de Moros y Cristianos en honor a San Jorge con las &#039;Entraetes&#039; previas a los festejos\" \/>\n<meta name=\"robots\" content=\"index, follow, max-snippet:-1, max-image-preview:large, max-video-preview:-1\" \/>\n<link rel=\"canonical\" href=\"https:\/\/www.copealcoy.es\/es\/las-entraetes-llegan-a-su-fin-para-dar-paso-a-las-fiestas-de-alcoy\/\" \/>\n<meta property=\"og:locale\" content=\"es_ES\" \/>\n<meta property=\"og:type\" content=\"article\" \/>\n<meta property=\"og:title\" content=\"Las &#039;Entraetes&#039; llegan a su fin para dar paso a las Fiestas de Alcoy - COPE Alcoy\" \/>\n<meta property=\"og:description\" content=\"Alcoy ya se encamina hacia sus Fiestas de Moros y Cristianos en honor a San Jorge con las &#039;Entraetes&#039; previas a los festejos\" \/>\n<meta property=\"og:url\" content=\"https:\/\/www.copealcoy.es\/es\/las-entraetes-llegan-a-su-fin-para-dar-paso-a-las-fiestas-de-alcoy\/\" \/>\n<meta property=\"og:site_name\" content=\"COPE Alcoy\" \/>\n<meta property=\"article:published_time\" content=\"2023-04-20T06:35:34+00:00\" \/>\n<meta property=\"article:modified_time\" content=\"2023-04-20T07:34:48+00:00\" \/>\n<meta property=\"og:image\" content=\"https:\/\/www.copealcoy.es\/wp-content\/uploads\/2023\/04\/unnamed-1-18.jpg\" \/>\n\t<meta property=\"og:image:width\" content=\"1086\" \/>\n\t<meta property=\"og:image:height\" content=\"816\" \/>\n\t<meta property=\"og:image:type\" content=\"image\/jpeg\" \/>\n<meta name=\"author\" content=\"Cope Alcoy\" \/>\n<meta name=\"twitter:label1\" content=\"Escrito por\" \/>\n\t<meta name=\"twitter:data1\" content=\"Cope Alcoy\" \/>\n\t<meta name=\"twitter:label2\" content=\"Tiempo de lectura\" \/>\n\t<meta name=\"twitter:data2\" content=\"2 minutos\" \/>\n<script type=\"application\/ld+json\" class=\"yoast-schema-graph\">{\"@context\":\"https:\\\/\\\/schema.org\",\"@graph\":[{\"@type\":\"Article\",\"@id\":\"https:\\\/\\\/www.copealcoy.es\\\/es\\\/las-entraetes-llegan-a-su-fin-para-dar-paso-a-las-fiestas-de-alcoy\\\/#article\",\"isPartOf\":{\"@id\":\"https:\\\/\\\/www.copealcoy.es\\\/es\\\/las-entraetes-llegan-a-su-fin-para-dar-paso-a-las-fiestas-de-alcoy\\\/\"},\"author\":{\"name\":\"Cope Alcoy\",\"@id\":\"https:\\\/\\\/www.copealcoy.es\\\/es\\\/#\\\/schema\\\/person\\\/e777c87fa024e57d40170af9df39882c\"},\"headline\":\"Las &#8216;Entraetes&#8217; llegan a su fin para dar paso a las Fiestas de Alcoy\",\"datePublished\":\"2023-04-20T06:35:34+00:00\",\"dateModified\":\"2023-04-20T07:34:48+00:00\",\"mainEntityOfPage\":{\"@id\":\"https:\\\/\\\/www.copealcoy.es\\\/es\\\/las-entraetes-llegan-a-su-fin-para-dar-paso-a-las-fiestas-de-alcoy\\\/\"},\"wordCount\":404,\"commentCount\":0,\"image\":{\"@id\":\"https:\\\/\\\/www.copealcoy.es\\\/es\\\/las-entraetes-llegan-a-su-fin-para-dar-paso-a-las-fiestas-de-alcoy\\\/#primaryimage\"},\"thumbnailUrl\":\"https:\\\/\\\/www.copealcoy.es\\\/wp-content\\\/uploads\\\/2023\\\/04\\\/unnamed-1-18.jpg\",\"keywords\":[\"Alcoy\",\"desfiles nocturnos\",\"Entraetes\",\"Fiestas de Mors y Cristianos\",\"Horarios\"],\"articleSection\":[\"Actualidad\",\"Alcoy\",\"Fiesta y Cultura\",\"Noticias\"],\"inLanguage\":\"es\"},{\"@type\":\"WebPage\",\"@id\":\"https:\\\/\\\/www.copealcoy.es\\\/es\\\/las-entraetes-llegan-a-su-fin-para-dar-paso-a-las-fiestas-de-alcoy\\\/\",\"url\":\"https:\\\/\\\/www.copealcoy.es\\\/es\\\/las-entraetes-llegan-a-su-fin-para-dar-paso-a-las-fiestas-de-alcoy\\\/\",\"name\":\"Las 'Entraetes' llegan a su fin para dar paso a las Fiestas de Alcoy - COPE Alcoy\",\"isPartOf\":{\"@id\":\"https:\\\/\\\/www.copealcoy.es\\\/es\\\/#website\"},\"primaryImageOfPage\":{\"@id\":\"https:\\\/\\\/www.copealcoy.es\\\/es\\\/las-entraetes-llegan-a-su-fin-para-dar-paso-a-las-fiestas-de-alcoy\\\/#primaryimage\"},\"image\":{\"@id\":\"https:\\\/\\\/www.copealcoy.es\\\/es\\\/las-entraetes-llegan-a-su-fin-para-dar-paso-a-las-fiestas-de-alcoy\\\/#primaryimage\"},\"thumbnailUrl\":\"https:\\\/\\\/www.copealcoy.es\\\/wp-content\\\/uploads\\\/2023\\\/04\\\/unnamed-1-18.jpg\",\"datePublished\":\"2023-04-20T06:35:34+00:00\",\"dateModified\":\"2023-04-20T07:34:48+00:00\",\"author\":{\"@id\":\"https:\\\/\\\/www.copealcoy.es\\\/es\\\/#\\\/schema\\\/person\\\/e777c87fa024e57d40170af9df39882c\"},\"description\":\"Alcoy ya se encamina hacia sus Fiestas de Moros y Cristianos en honor a San Jorge con las 'Entraetes' previas a los festejos\",\"breadcrumb\":{\"@id\":\"https:\\\/\\\/www.copealcoy.es\\\/es\\\/las-entraetes-llegan-a-su-fin-para-dar-paso-a-las-fiestas-de-alcoy\\\/#breadcrumb\"},\"inLanguage\":\"es\",\"potentialAction\":[{\"@type\":\"ReadAction\",\"target\":[\"https:\\\/\\\/www.copealcoy.es\\\/es\\\/las-entraetes-llegan-a-su-fin-para-dar-paso-a-las-fiestas-de-alcoy\\\/\"]}]},{\"@type\":\"ImageObject\",\"inLanguage\":\"es\",\"@id\":\"https:\\\/\\\/www.copealcoy.es\\\/es\\\/las-entraetes-llegan-a-su-fin-para-dar-paso-a-las-fiestas-de-alcoy\\\/#primaryimage\",\"url\":\"https:\\\/\\\/www.copealcoy.es\\\/wp-content\\\/uploads\\\/2023\\\/04\\\/unnamed-1-18.jpg\",\"contentUrl\":\"https:\\\/\\\/www.copealcoy.es\\\/wp-content\\\/uploads\\\/2023\\\/04\\\/unnamed-1-18.jpg\",\"width\":1086,\"height\":816},{\"@type\":\"BreadcrumbList\",\"@id\":\"https:\\\/\\\/www.copealcoy.es\\\/es\\\/las-entraetes-llegan-a-su-fin-para-dar-paso-a-las-fiestas-de-alcoy\\\/#breadcrumb\",\"itemListElement\":[{\"@type\":\"ListItem\",\"position\":1,\"name\":\"Portada\",\"item\":\"https:\\\/\\\/www.copealcoy.es\\\/es\\\/\"},{\"@type\":\"ListItem\",\"position\":2,\"name\":\"Las &#8216;Entraetes&#8217; llegan a su fin para dar paso a las Fiestas de Alcoy\"}]},{\"@type\":\"WebSite\",\"@id\":\"https:\\\/\\\/www.copealcoy.es\\\/es\\\/#website\",\"url\":\"https:\\\/\\\/www.copealcoy.es\\\/es\\\/\",\"name\":\"COPE Alcoy\",\"description\":\"Emisora COPE de radio local con emisi\u00f3n online. Pont de Sant Jordi 8-10 03803 Alcoy\",\"potentialAction\":[{\"@type\":\"SearchAction\",\"target\":{\"@type\":\"EntryPoint\",\"urlTemplate\":\"https:\\\/\\\/www.copealcoy.es\\\/es\\\/?s={search_term_string}\"},\"query-input\":{\"@type\":\"PropertyValueSpecification\",\"valueRequired\":true,\"valueName\":\"search_term_string\"}}],\"inLanguage\":\"es\"},{\"@type\":\"Person\",\"@id\":\"https:\\\/\\\/www.copealcoy.es\\\/es\\\/#\\\/schema\\\/person\\\/e777c87fa024e57d40170af9df39882c\",\"name\":\"Cope Alcoy\",\"image\":{\"@type\":\"ImageObject\",\"inLanguage\":\"es\",\"@id\":\"https:\\\/\\\/secure.gravatar.com\\\/avatar\\\/bb65d0283347e303893ba14f0692005417c1e0e690a325a4c5d8bb2b3943ee14?s=96&d=mm&r=g\",\"url\":\"https:\\\/\\\/secure.gravatar.com\\\/avatar\\\/bb65d0283347e303893ba14f0692005417c1e0e690a325a4c5d8bb2b3943ee14?s=96&d=mm&r=g\",\"contentUrl\":\"https:\\\/\\\/secure.gravatar.com\\\/avatar\\\/bb65d0283347e303893ba14f0692005417c1e0e690a325a4c5d8bb2b3943ee14?s=96&d=mm&r=g\",\"caption\":\"Cope Alcoy\"}}]}<\/script>\n<!-- \/ Yoast SEO plugin. -->","yoast_head_json":{"title":"Las 'Entraetes' llegan a su fin para dar paso a las Fiestas de Alcoy - COPE Alcoy","description":"Alcoy ya se encamina hacia sus Fiestas de Moros y Cristianos en honor a San Jorge con las 'Entraetes' previas a los festejos","robots":{"index":"index","follow":"follow","max-snippet":"max-snippet:-1","max-image-preview":"max-image-preview:large","max-video-preview":"max-video-preview:-1"},"canonical":"https:\/\/www.copealcoy.es\/es\/las-entraetes-llegan-a-su-fin-para-dar-paso-a-las-fiestas-de-alcoy\/","og_locale":"es_ES","og_type":"article","og_title":"Las 'Entraetes' llegan a su fin para dar paso a las Fiestas de Alcoy - COPE Alcoy","og_description":"Alcoy ya se encamina hacia sus Fiestas de Moros y Cristianos en honor a San Jorge con las 'Entraetes' previas a los festejos","og_url":"https:\/\/www.copealcoy.es\/es\/las-entraetes-llegan-a-su-fin-para-dar-paso-a-las-fiestas-de-alcoy\/","og_site_name":"COPE Alcoy","article_published_time":"2023-04-20T06:35:34+00:00","article_modified_time":"2023-04-20T07:34:48+00:00","og_image":[{"width":1086,"height":816,"url":"https:\/\/www.copealcoy.es\/wp-content\/uploads\/2023\/04\/unnamed-1-18.jpg","type":"image\/jpeg"}],"author":"Cope Alcoy","twitter_misc":{"Escrito por":"Cope Alcoy","Tiempo de lectura":"2 minutos"},"schema":{"@context":"https:\/\/schema.org","@graph":[{"@type":"Article","@id":"https:\/\/www.copealcoy.es\/es\/las-entraetes-llegan-a-su-fin-para-dar-paso-a-las-fiestas-de-alcoy\/#article","isPartOf":{"@id":"https:\/\/www.copealcoy.es\/es\/las-entraetes-llegan-a-su-fin-para-dar-paso-a-las-fiestas-de-alcoy\/"},"author":{"name":"Cope Alcoy","@id":"https:\/\/www.copealcoy.es\/es\/#\/schema\/person\/e777c87fa024e57d40170af9df39882c"},"headline":"Las &#8216;Entraetes&#8217; llegan a su fin para dar paso a las Fiestas de Alcoy","datePublished":"2023-04-20T06:35:34+00:00","dateModified":"2023-04-20T07:34:48+00:00","mainEntityOfPage":{"@id":"https:\/\/www.copealcoy.es\/es\/las-entraetes-llegan-a-su-fin-para-dar-paso-a-las-fiestas-de-alcoy\/"},"wordCount":404,"commentCount":0,"image":{"@id":"https:\/\/www.copealcoy.es\/es\/las-entraetes-llegan-a-su-fin-para-dar-paso-a-las-fiestas-de-alcoy\/#primaryimage"},"thumbnailUrl":"https:\/\/www.copealcoy.es\/wp-content\/uploads\/2023\/04\/unnamed-1-18.jpg","keywords":["Alcoy","desfiles nocturnos","Entraetes","Fiestas de Mors y Cristianos","Horarios"],"articleSection":["Actualidad","Alcoy","Fiesta y Cultura","Noticias"],"inLanguage":"es"},{"@type":"WebPage","@id":"https:\/\/www.copealcoy.es\/es\/las-entraetes-llegan-a-su-fin-para-dar-paso-a-las-fiestas-de-alcoy\/","url":"https:\/\/www.copealcoy.es\/es\/las-entraetes-llegan-a-su-fin-para-dar-paso-a-las-fiestas-de-alcoy\/","name":"Las 'Entraetes' llegan a su fin para dar paso a las Fiestas de Alcoy - COPE Alcoy","isPartOf":{"@id":"https:\/\/www.copealcoy.es\/es\/#website"},"primaryImageOfPage":{"@id":"https:\/\/www.copealcoy.es\/es\/las-entraetes-llegan-a-su-fin-para-dar-paso-a-las-fiestas-de-alcoy\/#primaryimage"},"image":{"@id":"https:\/\/www.copealcoy.es\/es\/las-entraetes-llegan-a-su-fin-para-dar-paso-a-las-fiestas-de-alcoy\/#primaryimage"},"thumbnailUrl":"https:\/\/www.copealcoy.es\/wp-content\/uploads\/2023\/04\/unnamed-1-18.jpg","datePublished":"2023-04-20T06:35:34+00:00","dateModified":"2023-04-20T07:34:48+00:00","author":{"@id":"https:\/\/www.copealcoy.es\/es\/#\/schema\/person\/e777c87fa024e57d40170af9df39882c"},"description":"Alcoy ya se encamina hacia sus Fiestas de Moros y Cristianos en honor a San Jorge con las 'Entraetes' previas a los festejos","breadcrumb":{"@id":"https:\/\/www.copealcoy.es\/es\/las-entraetes-llegan-a-su-fin-para-dar-paso-a-las-fiestas-de-alcoy\/#breadcrumb"},"inLanguage":"es","potentialAction":[{"@type":"ReadAction","target":["https:\/\/www.copealcoy.es\/es\/las-entraetes-llegan-a-su-fin-para-dar-paso-a-las-fiestas-de-alcoy\/"]}]},{"@type":"ImageObject","inLanguage":"es","@id":"https:\/\/www.copealcoy.es\/es\/las-entraetes-llegan-a-su-fin-para-dar-paso-a-las-fiestas-de-alcoy\/#primaryimage","url":"https:\/\/www.copealcoy.es\/wp-content\/uploads\/2023\/04\/unnamed-1-18.jpg","contentUrl":"https:\/\/www.copealcoy.es\/wp-content\/uploads\/2023\/04\/unnamed-1-18.jpg","width":1086,"height":816},{"@type":"BreadcrumbList","@id":"https:\/\/www.copealcoy.es\/es\/las-entraetes-llegan-a-su-fin-para-dar-paso-a-las-fiestas-de-alcoy\/#breadcrumb","itemListElement":[{"@type":"ListItem","position":1,"name":"Portada","item":"https:\/\/www.copealcoy.es\/es\/"},{"@type":"ListItem","position":2,"name":"Las &#8216;Entraetes&#8217; llegan a su fin para dar paso a las Fiestas de Alcoy"}]},{"@type":"WebSite","@id":"https:\/\/www.copealcoy.es\/es\/#website","url":"https:\/\/www.copealcoy.es\/es\/","name":"COPE Alcoy","description":"Emisora COPE de radio local con emisi\u00f3n online. Pont de Sant Jordi 8-10 03803 Alcoy","potentialAction":[{"@type":"SearchAction","target":{"@type":"EntryPoint","urlTemplate":"https:\/\/www.copealcoy.es\/es\/?s={search_term_string}"},"query-input":{"@type":"PropertyValueSpecification","valueRequired":true,"valueName":"search_term_string"}}],"inLanguage":"es"},{"@type":"Person","@id":"https:\/\/www.copealcoy.es\/es\/#\/schema\/person\/e777c87fa024e57d40170af9df39882c","name":"Cope Alcoy","image":{"@type":"ImageObject","inLanguage":"es","@id":"https:\/\/secure.gravatar.com\/avatar\/bb65d0283347e303893ba14f0692005417c1e0e690a325a4c5d8bb2b3943ee14?s=96&d=mm&r=g","url":"https:\/\/secure.gravatar.com\/avatar\/bb65d0283347e303893ba14f0692005417c1e0e690a325a4c5d8bb2b3943ee14?s=96&d=mm&r=g","contentUrl":"https:\/\/secure.gravatar.com\/avatar\/bb65d0283347e303893ba14f0692005417c1e0e690a325a4c5d8bb2b3943ee14?s=96&d=mm&r=g","caption":"Cope Alcoy"}}]}},"_links":{"self":[{"href":"https:\/\/www.copealcoy.es\/es\/wp-json\/wp\/v2\/posts\/113701","targetHints":{"allow":["GET"]}}],"collection":[{"href":"https:\/\/www.copealcoy.es\/es\/wp-json\/wp\/v2\/posts"}],"about":[{"href":"https:\/\/www.copealcoy.es\/es\/wp-json\/wp\/v2\/types\/post"}],"author":[{"embeddable":true,"href":"https:\/\/www.copealcoy.es\/es\/wp-json\/wp\/v2\/users\/1"}],"replies":[{"embeddable":true,"href":"https:\/\/www.copealcoy.es\/es\/wp-json\/wp\/v2\/comments?post=113701"}],"version-history":[{"count":0,"href":"https:\/\/www.copealcoy.es\/es\/wp-json\/wp\/v2\/posts\/113701\/revisions"}],"wp:featuredmedia":[{"embeddable":true,"href":"https:\/\/www.copealcoy.es\/es\/wp-json\/wp\/v2\/media\/114243"}],"wp:attachment":[{"href":"https:\/\/www.copealcoy.es\/es\/wp-json\/wp\/v2\/media?parent=113701"}],"wp:term":[{"taxonomy":"category","embeddable":true,"href":"https:\/\/www.copealcoy.es\/es\/wp-json\/wp\/v2\/categories?post=113701"},{"taxonomy":"post_tag","embeddable":true,"href":"https:\/\/www.copealcoy.es\/es\/wp-json\/wp\/v2\/tags?post=113701"}],"curies":[{"name":"wp","href":"https:\/\/api.w.org\/{rel}","templated":true}]}}