{"id":113682,"date":"2023-04-11T08:04:42","date_gmt":"2023-04-11T07:04:42","guid":{"rendered":"https:\/\/www.copealcoy.es\/?p=113682"},"modified":"2023-04-11T10:28:26","modified_gmt":"2023-04-11T09:28:26","slug":"la-semana-santa-deja-dos-incendios-en-alcoy","status":"publish","type":"post","link":"https:\/\/www.copealcoy.es\/es\/la-semana-santa-deja-dos-incendios-en-alcoy\/","title":{"rendered":"La Semana Santa deja dos incendios en Alcoy"},"content":{"rendered":"<p style=\"text-align: justify;\">El fuego ha llegado a Alcoy este fin de semana. En concreto, se han registrado <strong>dos incendios<\/strong> que pudieron ser extinguidos en pocas horas por el <strong>Consorcio Provincial de Bomberos de Alicante<\/strong>.<\/p>\n<p style=\"text-align: justify;\">El primero de ellos tuvo lugar el viernes. Los bomberos recib\u00edan el aviso cerca de las cinco de la tarde. Se hab\u00eda producido un <strong>incendio forestal en una zona de monte con arboleda<\/strong>, en t\u00e9rmino municipal de Alcoy. Debido al viento en la zona y al peligro de propagaci\u00f3n, se tuvieron que movilizar m\u00e9dios a\u00e9reos. La dotaci\u00f3n de bomberos consigui\u00f3 perimetrar y controlar el fuego r\u00e1pidamente.<\/p>\n<p style=\"text-align: justify;\">La segunda intervenci\u00f3n en la zona se realiz\u00f3 el domingo 9 de marzo.Los bomberos recibieron cerca de las seis de la tarde el aviso de un <strong>incendio en una f\u00e1brica abandonada<\/strong> en el Antiguo Camino de Penella (Alcoy). Una gran acumulaci\u00f3n de restos, enseres y basuras ardieron en el exterior de la f\u00e1brica. El fuego fue extinguido sobre las siete y media de la tarde.<\/p>\n","protected":false},"excerpt":{"rendered":"<p>El fuego ha llegado a Alcoy este fin de semana. En concreto, se han registrado dos incendios que pudieron ser&#8230;<\/p>\n","protected":false},"author":1,"featured_media":113696,"comment_status":"open","ping_status":"open","sticky":false,"template":"","format":"standard","meta":{"footnotes":""},"categories":[6909,97,75,80],"tags":[1494,13077,439,745],"class_list":["post-113682","post","type-post","status-publish","format-standard","has-post-thumbnail","hentry","category-actualidad","category-alcoy","category-noticias","category-sucesos","tag-alcoy","tag-consorcio-provincial-bomberos","tag-incendios","tag-semana-santa"],"yoast_head":"<!-- This site is optimized with the Yoast SEO plugin v27.3 - https:\/\/yoast.com\/product\/yoast-seo-wordpress\/ -->\n<title>La Semana Santa deja dos incendios en Alcoy - COPE Alcoy<\/title>\n<meta name=\"description\" content=\"El fuego ha llegado a Alcoy este fin de semana. En concreto, se han registrado dos incendios que pudieron ser extinguidos en pocas horas por el Consorcio Provincial de Bomberos de Alicante.\" \/>\n<meta name=\"robots\" content=\"index, follow, max-snippet:-1, max-image-preview:large, max-video-preview:-1\" \/>\n<link rel=\"canonical\" href=\"https:\/\/www.copealcoy.es\/es\/la-semana-santa-deja-dos-incendios-en-alcoy\/\" \/>\n<meta property=\"og:locale\" content=\"es_ES\" \/>\n<meta property=\"og:type\" content=\"article\" \/>\n<meta property=\"og:title\" content=\"La Semana Santa deja dos incendios en Alcoy - COPE Alcoy\" \/>\n<meta property=\"og:description\" content=\"El fuego ha llegado a Alcoy este fin de semana. En concreto, se han registrado dos incendios que pudieron ser extinguidos en pocas horas por el Consorcio Provincial de Bomberos de Alicante.\" \/>\n<meta property=\"og:url\" content=\"https:\/\/www.copealcoy.es\/es\/la-semana-santa-deja-dos-incendios-en-alcoy\/\" \/>\n<meta property=\"og:site_name\" content=\"COPE Alcoy\" \/>\n<meta property=\"article:published_time\" content=\"2023-04-11T07:04:42+00:00\" \/>\n<meta property=\"article:modified_time\" content=\"2023-04-11T09:28:26+00:00\" \/>\n<meta property=\"og:image\" content=\"https:\/\/www.copealcoy.es\/wp-content\/uploads\/2023\/04\/WhatsApp-Image-2023-04-09-at-09.31.11.jpeg\" \/>\n\t<meta property=\"og:image:width\" content=\"1024\" \/>\n\t<meta property=\"og:image:height\" content=\"686\" \/>\n\t<meta property=\"og:image:type\" content=\"image\/jpeg\" \/>\n<meta name=\"author\" content=\"Cope Alcoy\" \/>\n<meta name=\"twitter:label1\" content=\"Escrito por\" \/>\n\t<meta name=\"twitter:data1\" content=\"Cope Alcoy\" \/>\n\t<meta name=\"twitter:label2\" content=\"Tiempo de lectura\" \/>\n\t<meta name=\"twitter:data2\" content=\"1 minuto\" \/>\n<script type=\"application\/ld+json\" class=\"yoast-schema-graph\">{\"@context\":\"https:\\\/\\\/schema.org\",\"@graph\":[{\"@type\":\"Article\",\"@id\":\"https:\\\/\\\/www.copealcoy.es\\\/es\\\/la-semana-santa-deja-dos-incendios-en-alcoy\\\/#article\",\"isPartOf\":{\"@id\":\"https:\\\/\\\/www.copealcoy.es\\\/es\\\/la-semana-santa-deja-dos-incendios-en-alcoy\\\/\"},\"author\":{\"name\":\"Cope Alcoy\",\"@id\":\"https:\\\/\\\/www.copealcoy.es\\\/es\\\/#\\\/schema\\\/person\\\/e777c87fa024e57d40170af9df39882c\"},\"headline\":\"La Semana Santa deja dos incendios en Alcoy\",\"datePublished\":\"2023-04-11T07:04:42+00:00\",\"dateModified\":\"2023-04-11T09:28:26+00:00\",\"mainEntityOfPage\":{\"@id\":\"https:\\\/\\\/www.copealcoy.es\\\/es\\\/la-semana-santa-deja-dos-incendios-en-alcoy\\\/\"},\"wordCount\":183,\"commentCount\":0,\"image\":{\"@id\":\"https:\\\/\\\/www.copealcoy.es\\\/es\\\/la-semana-santa-deja-dos-incendios-en-alcoy\\\/#primaryimage\"},\"thumbnailUrl\":\"https:\\\/\\\/www.copealcoy.es\\\/wp-content\\\/uploads\\\/2023\\\/04\\\/WhatsApp-Image-2023-04-09-at-09.31.11.jpeg\",\"keywords\":[\"Alcoy\",\"Consorcio Provincial Bomberos\",\"Incendios\",\"Semana Santa\"],\"articleSection\":[\"Actualidad\",\"Alcoy\",\"Noticias\",\"Sucesos\"],\"inLanguage\":\"es\"},{\"@type\":\"WebPage\",\"@id\":\"https:\\\/\\\/www.copealcoy.es\\\/es\\\/la-semana-santa-deja-dos-incendios-en-alcoy\\\/\",\"url\":\"https:\\\/\\\/www.copealcoy.es\\\/es\\\/la-semana-santa-deja-dos-incendios-en-alcoy\\\/\",\"name\":\"La Semana Santa deja dos incendios en Alcoy - COPE Alcoy\",\"isPartOf\":{\"@id\":\"https:\\\/\\\/www.copealcoy.es\\\/es\\\/#website\"},\"primaryImageOfPage\":{\"@id\":\"https:\\\/\\\/www.copealcoy.es\\\/es\\\/la-semana-santa-deja-dos-incendios-en-alcoy\\\/#primaryimage\"},\"image\":{\"@id\":\"https:\\\/\\\/www.copealcoy.es\\\/es\\\/la-semana-santa-deja-dos-incendios-en-alcoy\\\/#primaryimage\"},\"thumbnailUrl\":\"https:\\\/\\\/www.copealcoy.es\\\/wp-content\\\/uploads\\\/2023\\\/04\\\/WhatsApp-Image-2023-04-09-at-09.31.11.jpeg\",\"datePublished\":\"2023-04-11T07:04:42+00:00\",\"dateModified\":\"2023-04-11T09:28:26+00:00\",\"author\":{\"@id\":\"https:\\\/\\\/www.copealcoy.es\\\/es\\\/#\\\/schema\\\/person\\\/e777c87fa024e57d40170af9df39882c\"},\"description\":\"El fuego ha llegado a Alcoy este fin de semana. En concreto, se han registrado dos incendios que pudieron ser extinguidos en pocas horas por el Consorcio Provincial de Bomberos de Alicante.\",\"breadcrumb\":{\"@id\":\"https:\\\/\\\/www.copealcoy.es\\\/es\\\/la-semana-santa-deja-dos-incendios-en-alcoy\\\/#breadcrumb\"},\"inLanguage\":\"es\",\"potentialAction\":[{\"@type\":\"ReadAction\",\"target\":[\"https:\\\/\\\/www.copealcoy.es\\\/es\\\/la-semana-santa-deja-dos-incendios-en-alcoy\\\/\"]}]},{\"@type\":\"ImageObject\",\"inLanguage\":\"es\",\"@id\":\"https:\\\/\\\/www.copealcoy.es\\\/es\\\/la-semana-santa-deja-dos-incendios-en-alcoy\\\/#primaryimage\",\"url\":\"https:\\\/\\\/www.copealcoy.es\\\/wp-content\\\/uploads\\\/2023\\\/04\\\/WhatsApp-Image-2023-04-09-at-09.31.11.jpeg\",\"contentUrl\":\"https:\\\/\\\/www.copealcoy.es\\\/wp-content\\\/uploads\\\/2023\\\/04\\\/WhatsApp-Image-2023-04-09-at-09.31.11.jpeg\",\"width\":1024,\"height\":686},{\"@type\":\"BreadcrumbList\",\"@id\":\"https:\\\/\\\/www.copealcoy.es\\\/es\\\/la-semana-santa-deja-dos-incendios-en-alcoy\\\/#breadcrumb\",\"itemListElement\":[{\"@type\":\"ListItem\",\"position\":1,\"name\":\"Portada\",\"item\":\"https:\\\/\\\/www.copealcoy.es\\\/es\\\/\"},{\"@type\":\"ListItem\",\"position\":2,\"name\":\"La Semana Santa deja dos incendios en Alcoy\"}]},{\"@type\":\"WebSite\",\"@id\":\"https:\\\/\\\/www.copealcoy.es\\\/es\\\/#website\",\"url\":\"https:\\\/\\\/www.copealcoy.es\\\/es\\\/\",\"name\":\"COPE Alcoy\",\"description\":\"Emisora COPE de radio local con emisi\u00f3n online. Pont de Sant Jordi 8-10 03803 Alcoy\",\"potentialAction\":[{\"@type\":\"SearchAction\",\"target\":{\"@type\":\"EntryPoint\",\"urlTemplate\":\"https:\\\/\\\/www.copealcoy.es\\\/es\\\/?s={search_term_string}\"},\"query-input\":{\"@type\":\"PropertyValueSpecification\",\"valueRequired\":true,\"valueName\":\"search_term_string\"}}],\"inLanguage\":\"es\"},{\"@type\":\"Person\",\"@id\":\"https:\\\/\\\/www.copealcoy.es\\\/es\\\/#\\\/schema\\\/person\\\/e777c87fa024e57d40170af9df39882c\",\"name\":\"Cope Alcoy\",\"image\":{\"@type\":\"ImageObject\",\"inLanguage\":\"es\",\"@id\":\"https:\\\/\\\/secure.gravatar.com\\\/avatar\\\/bb65d0283347e303893ba14f0692005417c1e0e690a325a4c5d8bb2b3943ee14?s=96&d=mm&r=g\",\"url\":\"https:\\\/\\\/secure.gravatar.com\\\/avatar\\\/bb65d0283347e303893ba14f0692005417c1e0e690a325a4c5d8bb2b3943ee14?s=96&d=mm&r=g\",\"contentUrl\":\"https:\\\/\\\/secure.gravatar.com\\\/avatar\\\/bb65d0283347e303893ba14f0692005417c1e0e690a325a4c5d8bb2b3943ee14?s=96&d=mm&r=g\",\"caption\":\"Cope Alcoy\"}}]}<\/script>\n<!-- \/ Yoast SEO plugin. -->","yoast_head_json":{"title":"La Semana Santa deja dos incendios en Alcoy - COPE Alcoy","description":"El fuego ha llegado a Alcoy este fin de semana. En concreto, se han registrado dos incendios que pudieron ser extinguidos en pocas horas por el Consorcio Provincial de Bomberos de Alicante.","robots":{"index":"index","follow":"follow","max-snippet":"max-snippet:-1","max-image-preview":"max-image-preview:large","max-video-preview":"max-video-preview:-1"},"canonical":"https:\/\/www.copealcoy.es\/es\/la-semana-santa-deja-dos-incendios-en-alcoy\/","og_locale":"es_ES","og_type":"article","og_title":"La Semana Santa deja dos incendios en Alcoy - COPE Alcoy","og_description":"El fuego ha llegado a Alcoy este fin de semana. En concreto, se han registrado dos incendios que pudieron ser extinguidos en pocas horas por el Consorcio Provincial de Bomberos de Alicante.","og_url":"https:\/\/www.copealcoy.es\/es\/la-semana-santa-deja-dos-incendios-en-alcoy\/","og_site_name":"COPE Alcoy","article_published_time":"2023-04-11T07:04:42+00:00","article_modified_time":"2023-04-11T09:28:26+00:00","og_image":[{"width":1024,"height":686,"url":"https:\/\/www.copealcoy.es\/wp-content\/uploads\/2023\/04\/WhatsApp-Image-2023-04-09-at-09.31.11.jpeg","type":"image\/jpeg"}],"author":"Cope Alcoy","twitter_misc":{"Escrito por":"Cope Alcoy","Tiempo de lectura":"1 minuto"},"schema":{"@context":"https:\/\/schema.org","@graph":[{"@type":"Article","@id":"https:\/\/www.copealcoy.es\/es\/la-semana-santa-deja-dos-incendios-en-alcoy\/#article","isPartOf":{"@id":"https:\/\/www.copealcoy.es\/es\/la-semana-santa-deja-dos-incendios-en-alcoy\/"},"author":{"name":"Cope Alcoy","@id":"https:\/\/www.copealcoy.es\/es\/#\/schema\/person\/e777c87fa024e57d40170af9df39882c"},"headline":"La Semana Santa deja dos incendios en Alcoy","datePublished":"2023-04-11T07:04:42+00:00","dateModified":"2023-04-11T09:28:26+00:00","mainEntityOfPage":{"@id":"https:\/\/www.copealcoy.es\/es\/la-semana-santa-deja-dos-incendios-en-alcoy\/"},"wordCount":183,"commentCount":0,"image":{"@id":"https:\/\/www.copealcoy.es\/es\/la-semana-santa-deja-dos-incendios-en-alcoy\/#primaryimage"},"thumbnailUrl":"https:\/\/www.copealcoy.es\/wp-content\/uploads\/2023\/04\/WhatsApp-Image-2023-04-09-at-09.31.11.jpeg","keywords":["Alcoy","Consorcio Provincial Bomberos","Incendios","Semana Santa"],"articleSection":["Actualidad","Alcoy","Noticias","Sucesos"],"inLanguage":"es"},{"@type":"WebPage","@id":"https:\/\/www.copealcoy.es\/es\/la-semana-santa-deja-dos-incendios-en-alcoy\/","url":"https:\/\/www.copealcoy.es\/es\/la-semana-santa-deja-dos-incendios-en-alcoy\/","name":"La Semana Santa deja dos incendios en Alcoy - COPE Alcoy","isPartOf":{"@id":"https:\/\/www.copealcoy.es\/es\/#website"},"primaryImageOfPage":{"@id":"https:\/\/www.copealcoy.es\/es\/la-semana-santa-deja-dos-incendios-en-alcoy\/#primaryimage"},"image":{"@id":"https:\/\/www.copealcoy.es\/es\/la-semana-santa-deja-dos-incendios-en-alcoy\/#primaryimage"},"thumbnailUrl":"https:\/\/www.copealcoy.es\/wp-content\/uploads\/2023\/04\/WhatsApp-Image-2023-04-09-at-09.31.11.jpeg","datePublished":"2023-04-11T07:04:42+00:00","dateModified":"2023-04-11T09:28:26+00:00","author":{"@id":"https:\/\/www.copealcoy.es\/es\/#\/schema\/person\/e777c87fa024e57d40170af9df39882c"},"description":"El fuego ha llegado a Alcoy este fin de semana. En concreto, se han registrado dos incendios que pudieron ser extinguidos en pocas horas por el Consorcio Provincial de Bomberos de Alicante.","breadcrumb":{"@id":"https:\/\/www.copealcoy.es\/es\/la-semana-santa-deja-dos-incendios-en-alcoy\/#breadcrumb"},"inLanguage":"es","potentialAction":[{"@type":"ReadAction","target":["https:\/\/www.copealcoy.es\/es\/la-semana-santa-deja-dos-incendios-en-alcoy\/"]}]},{"@type":"ImageObject","inLanguage":"es","@id":"https:\/\/www.copealcoy.es\/es\/la-semana-santa-deja-dos-incendios-en-alcoy\/#primaryimage","url":"https:\/\/www.copealcoy.es\/wp-content\/uploads\/2023\/04\/WhatsApp-Image-2023-04-09-at-09.31.11.jpeg","contentUrl":"https:\/\/www.copealcoy.es\/wp-content\/uploads\/2023\/04\/WhatsApp-Image-2023-04-09-at-09.31.11.jpeg","width":1024,"height":686},{"@type":"BreadcrumbList","@id":"https:\/\/www.copealcoy.es\/es\/la-semana-santa-deja-dos-incendios-en-alcoy\/#breadcrumb","itemListElement":[{"@type":"ListItem","position":1,"name":"Portada","item":"https:\/\/www.copealcoy.es\/es\/"},{"@type":"ListItem","position":2,"name":"La Semana Santa deja dos incendios en Alcoy"}]},{"@type":"WebSite","@id":"https:\/\/www.copealcoy.es\/es\/#website","url":"https:\/\/www.copealcoy.es\/es\/","name":"COPE Alcoy","description":"Emisora COPE de radio local con emisi\u00f3n online. Pont de Sant Jordi 8-10 03803 Alcoy","potentialAction":[{"@type":"SearchAction","target":{"@type":"EntryPoint","urlTemplate":"https:\/\/www.copealcoy.es\/es\/?s={search_term_string}"},"query-input":{"@type":"PropertyValueSpecification","valueRequired":true,"valueName":"search_term_string"}}],"inLanguage":"es"},{"@type":"Person","@id":"https:\/\/www.copealcoy.es\/es\/#\/schema\/person\/e777c87fa024e57d40170af9df39882c","name":"Cope Alcoy","image":{"@type":"ImageObject","inLanguage":"es","@id":"https:\/\/secure.gravatar.com\/avatar\/bb65d0283347e303893ba14f0692005417c1e0e690a325a4c5d8bb2b3943ee14?s=96&d=mm&r=g","url":"https:\/\/secure.gravatar.com\/avatar\/bb65d0283347e303893ba14f0692005417c1e0e690a325a4c5d8bb2b3943ee14?s=96&d=mm&r=g","contentUrl":"https:\/\/secure.gravatar.com\/avatar\/bb65d0283347e303893ba14f0692005417c1e0e690a325a4c5d8bb2b3943ee14?s=96&d=mm&r=g","caption":"Cope Alcoy"}}]}},"_links":{"self":[{"href":"https:\/\/www.copealcoy.es\/es\/wp-json\/wp\/v2\/posts\/113682","targetHints":{"allow":["GET"]}}],"collection":[{"href":"https:\/\/www.copealcoy.es\/es\/wp-json\/wp\/v2\/posts"}],"about":[{"href":"https:\/\/www.copealcoy.es\/es\/wp-json\/wp\/v2\/types\/post"}],"author":[{"embeddable":true,"href":"https:\/\/www.copealcoy.es\/es\/wp-json\/wp\/v2\/users\/1"}],"replies":[{"embeddable":true,"href":"https:\/\/www.copealcoy.es\/es\/wp-json\/wp\/v2\/comments?post=113682"}],"version-history":[{"count":0,"href":"https:\/\/www.copealcoy.es\/es\/wp-json\/wp\/v2\/posts\/113682\/revisions"}],"wp:featuredmedia":[{"embeddable":true,"href":"https:\/\/www.copealcoy.es\/es\/wp-json\/wp\/v2\/media\/113696"}],"wp:attachment":[{"href":"https:\/\/www.copealcoy.es\/es\/wp-json\/wp\/v2\/media?parent=113682"}],"wp:term":[{"taxonomy":"category","embeddable":true,"href":"https:\/\/www.copealcoy.es\/es\/wp-json\/wp\/v2\/categories?post=113682"},{"taxonomy":"post_tag","embeddable":true,"href":"https:\/\/www.copealcoy.es\/es\/wp-json\/wp\/v2\/tags?post=113682"}],"curies":[{"name":"wp","href":"https:\/\/api.w.org\/{rel}","templated":true}]}}