{"id":11362,"date":"2015-03-14T22:05:05","date_gmt":"2015-03-14T22:05:05","guid":{"rendered":"http:\/\/copealcoi.es\/new\/?p=11362"},"modified":"2015-03-16T09:43:06","modified_gmt":"2015-03-16T09:43:06","slug":"bernardo-perez-sera-el-cabeza-de-lista-de-guanyem-cocentaina","status":"publish","type":"post","link":"https:\/\/www.copealcoy.es\/es\/bernardo-perez-sera-el-cabeza-de-lista-de-guanyem-cocentaina\/","title":{"rendered":"Bernardo P\u00e9rez ser\u00e1 el cabeza de lista de Guanyem Cocentaina"},"content":{"rendered":"<p style=\"text-align: justify;\">La plataforma Ciudadana Guanyem Cocentaina celebr\u00f3 el s\u00e1bado sus primarias donde participaron 153 personas y en las que se ha elegido la lista que concurrir\u00e1 a las pr\u00f3ximas elecciones municipales del 24 mayo de 2015. El cabeza de lista ser\u00e1 Bernardo P\u00e9rez quien tendr\u00e1 como n\u00famero 2 a Eli Aleix, destacada por su presencia en el asociacionismo de la Villa Condal, m\u00e1s concretamente en la Asociaci\u00f3n de Vecinos. Destaca tambi\u00e9n en el n\u00famero 10 Ferran Albors, actual edil de Esquerra Unida en el Ayuntamiento de Cocentaina. Recordar que precisamente este partido acord\u00f3 meses atr\u00e1s integrarse en el proyecto de Guanyem Cocentaina. Por \u00faltimo desde Guanyem Cocentaina han recordado que su programa electoral est\u00e1 abierto a la ciudadan\u00eda y pretenden que este se centre en atender las necesidades de las personas y conseguir que el Ayuntamiento contestano las lleve a cabo.<\/p>\n<p style=\"text-align: justify;\">Lista definitiva de Guanyem<\/p>\n<p style=\"text-align: justify;\">1 Bernardo P\u00e9rez Palac\u00ed<br \/>\n2 Eli Aleix P\u00e9rez<br \/>\n3 Juan Pedro Garc\u00eda Segovia<br \/>\n4 Cristina Padilla Castanyer<br \/>\n5 Mari\u00e1n Giner Pascual<br \/>\n6 Ana Garc\u00eda Segovia<br \/>\n7 Consue Cort\u00e9s Valls<br \/>\n8 Aar\u00f3n Albors Llinares<br \/>\n9 Francisco Javier Carbonell Jord\u00e1<br \/>\n10 Ferran Albors Jord\u00e0<br \/>\n11 Hans Snijder<br \/>\n12 Josep Llu\u00eds Sell\u00e9s P\u00e9rez<br \/>\n13 Maria Carmen Mart\u00ed Verd\u00fa<br \/>\n14 Maria Cort\u00e9s Castanyer<br \/>\n15 Lidiana Segu\u00ed Berenguer<br \/>\n16 Pilar P\u00e9rez Tom\u00e1s<br \/>\n17 \u00c1lvaro Sell\u00e9s Jord\u00e0<br \/>\n18 Carles Clemente Guillem<br \/>\n19 J\u00e9ssica Santonja Puertas<br \/>\n20 Miguel \u00c1ngel Castell\u00f3 Garfella<\/p>\n","protected":false},"excerpt":{"rendered":"<p>La plataforma Ciudadana Guanyem Cocentaina celebr\u00f3 el s\u00e1bado sus primarias donde participaron 153 personas y en las que se ha&#8230;<\/p>\n","protected":false},"author":1,"featured_media":11365,"comment_status":"open","ping_status":"open","sticky":false,"template":"","format":"standard","meta":{"footnotes":""},"categories":[744,75],"tags":[132,237,721,241],"class_list":["post-11362","post","type-post","status-publish","format-standard","has-post-thumbnail","hentry","category-elecciones","category-noticias","tag-cocentaina","tag-comtat","tag-elecciones-municipales","tag-guanyem"],"yoast_head":"<!-- This site is optimized with the Yoast SEO plugin v27.3 - https:\/\/yoast.com\/product\/yoast-seo-wordpress\/ -->\n<title>Bernardo P\u00e9rez ser\u00e1 el cabeza de lista de Guanyem Cocentaina - COPE Alcoy<\/title>\n<meta name=\"robots\" content=\"index, follow, max-snippet:-1, max-image-preview:large, max-video-preview:-1\" \/>\n<link rel=\"canonical\" href=\"https:\/\/www.copealcoy.es\/es\/bernardo-perez-sera-el-cabeza-de-lista-de-guanyem-cocentaina\/\" \/>\n<meta property=\"og:locale\" content=\"es_ES\" \/>\n<meta property=\"og:type\" content=\"article\" \/>\n<meta property=\"og:title\" content=\"Bernardo P\u00e9rez ser\u00e1 el cabeza de lista de Guanyem Cocentaina - COPE Alcoy\" \/>\n<meta property=\"og:description\" content=\"La plataforma Ciudadana Guanyem Cocentaina celebr\u00f3 el s\u00e1bado sus primarias donde participaron 153 personas y en las que se ha...\" \/>\n<meta property=\"og:url\" content=\"https:\/\/www.copealcoy.es\/es\/bernardo-perez-sera-el-cabeza-de-lista-de-guanyem-cocentaina\/\" \/>\n<meta property=\"og:site_name\" content=\"COPE Alcoy\" \/>\n<meta property=\"article:published_time\" content=\"2015-03-14T22:05:05+00:00\" \/>\n<meta property=\"article:modified_time\" content=\"2015-03-16T09:43:06+00:00\" \/>\n<meta property=\"og:image\" content=\"https:\/\/www.copealcoy.es\/wp-content\/uploads\/2015\/03\/image45.jpg\" \/>\n\t<meta property=\"og:image:width\" content=\"1536\" \/>\n\t<meta property=\"og:image:height\" content=\"1023\" \/>\n\t<meta property=\"og:image:type\" content=\"image\/jpeg\" \/>\n<meta name=\"author\" content=\"Cope Alcoy\" \/>\n<meta name=\"twitter:label1\" content=\"Escrito por\" \/>\n\t<meta name=\"twitter:data1\" content=\"Cope Alcoy\" \/>\n\t<meta name=\"twitter:label2\" content=\"Tiempo de lectura\" \/>\n\t<meta name=\"twitter:data2\" content=\"1 minuto\" \/>\n<script type=\"application\/ld+json\" class=\"yoast-schema-graph\">{\"@context\":\"https:\\\/\\\/schema.org\",\"@graph\":[{\"@type\":\"Article\",\"@id\":\"https:\\\/\\\/www.copealcoy.es\\\/es\\\/bernardo-perez-sera-el-cabeza-de-lista-de-guanyem-cocentaina\\\/#article\",\"isPartOf\":{\"@id\":\"https:\\\/\\\/www.copealcoy.es\\\/es\\\/bernardo-perez-sera-el-cabeza-de-lista-de-guanyem-cocentaina\\\/\"},\"author\":{\"name\":\"Cope Alcoy\",\"@id\":\"https:\\\/\\\/www.copealcoy.es\\\/es\\\/#\\\/schema\\\/person\\\/e777c87fa024e57d40170af9df39882c\"},\"headline\":\"Bernardo P\u00e9rez ser\u00e1 el cabeza de lista de Guanyem Cocentaina\",\"datePublished\":\"2015-03-14T22:05:05+00:00\",\"dateModified\":\"2015-03-16T09:43:06+00:00\",\"mainEntityOfPage\":{\"@id\":\"https:\\\/\\\/www.copealcoy.es\\\/es\\\/bernardo-perez-sera-el-cabeza-de-lista-de-guanyem-cocentaina\\\/\"},\"wordCount\":239,\"commentCount\":0,\"image\":{\"@id\":\"https:\\\/\\\/www.copealcoy.es\\\/es\\\/bernardo-perez-sera-el-cabeza-de-lista-de-guanyem-cocentaina\\\/#primaryimage\"},\"thumbnailUrl\":\"https:\\\/\\\/www.copealcoy.es\\\/wp-content\\\/uploads\\\/2015\\\/03\\\/image45.jpg\",\"keywords\":[\"Cocentaina\",\"Comtat\",\"Elecciones Municipales\",\"Guanyem\"],\"articleSection\":[\"Elecciones\",\"Noticias\"],\"inLanguage\":\"es\"},{\"@type\":\"WebPage\",\"@id\":\"https:\\\/\\\/www.copealcoy.es\\\/es\\\/bernardo-perez-sera-el-cabeza-de-lista-de-guanyem-cocentaina\\\/\",\"url\":\"https:\\\/\\\/www.copealcoy.es\\\/es\\\/bernardo-perez-sera-el-cabeza-de-lista-de-guanyem-cocentaina\\\/\",\"name\":\"Bernardo P\u00e9rez ser\u00e1 el cabeza de lista de Guanyem Cocentaina - COPE Alcoy\",\"isPartOf\":{\"@id\":\"https:\\\/\\\/www.copealcoy.es\\\/es\\\/#website\"},\"primaryImageOfPage\":{\"@id\":\"https:\\\/\\\/www.copealcoy.es\\\/es\\\/bernardo-perez-sera-el-cabeza-de-lista-de-guanyem-cocentaina\\\/#primaryimage\"},\"image\":{\"@id\":\"https:\\\/\\\/www.copealcoy.es\\\/es\\\/bernardo-perez-sera-el-cabeza-de-lista-de-guanyem-cocentaina\\\/#primaryimage\"},\"thumbnailUrl\":\"https:\\\/\\\/www.copealcoy.es\\\/wp-content\\\/uploads\\\/2015\\\/03\\\/image45.jpg\",\"datePublished\":\"2015-03-14T22:05:05+00:00\",\"dateModified\":\"2015-03-16T09:43:06+00:00\",\"author\":{\"@id\":\"https:\\\/\\\/www.copealcoy.es\\\/es\\\/#\\\/schema\\\/person\\\/e777c87fa024e57d40170af9df39882c\"},\"breadcrumb\":{\"@id\":\"https:\\\/\\\/www.copealcoy.es\\\/es\\\/bernardo-perez-sera-el-cabeza-de-lista-de-guanyem-cocentaina\\\/#breadcrumb\"},\"inLanguage\":\"es\",\"potentialAction\":[{\"@type\":\"ReadAction\",\"target\":[\"https:\\\/\\\/www.copealcoy.es\\\/es\\\/bernardo-perez-sera-el-cabeza-de-lista-de-guanyem-cocentaina\\\/\"]}]},{\"@type\":\"ImageObject\",\"inLanguage\":\"es\",\"@id\":\"https:\\\/\\\/www.copealcoy.es\\\/es\\\/bernardo-perez-sera-el-cabeza-de-lista-de-guanyem-cocentaina\\\/#primaryimage\",\"url\":\"https:\\\/\\\/www.copealcoy.es\\\/wp-content\\\/uploads\\\/2015\\\/03\\\/image45.jpg\",\"contentUrl\":\"https:\\\/\\\/www.copealcoy.es\\\/wp-content\\\/uploads\\\/2015\\\/03\\\/image45.jpg\",\"width\":1536,\"height\":1023,\"caption\":\"Bernardo P\u00e9rez, ser\u00e1 el candidato de Guayem Cocentaina\"},{\"@type\":\"BreadcrumbList\",\"@id\":\"https:\\\/\\\/www.copealcoy.es\\\/es\\\/bernardo-perez-sera-el-cabeza-de-lista-de-guanyem-cocentaina\\\/#breadcrumb\",\"itemListElement\":[{\"@type\":\"ListItem\",\"position\":1,\"name\":\"Portada\",\"item\":\"https:\\\/\\\/www.copealcoy.es\\\/es\\\/\"},{\"@type\":\"ListItem\",\"position\":2,\"name\":\"Bernardo P\u00e9rez ser\u00e1 el cabeza de lista de Guanyem Cocentaina\"}]},{\"@type\":\"WebSite\",\"@id\":\"https:\\\/\\\/www.copealcoy.es\\\/es\\\/#website\",\"url\":\"https:\\\/\\\/www.copealcoy.es\\\/es\\\/\",\"name\":\"COPE Alcoy\",\"description\":\"Emisora COPE de radio local con emisi\u00f3n online. Pont de Sant Jordi 8-10 03803 Alcoy\",\"potentialAction\":[{\"@type\":\"SearchAction\",\"target\":{\"@type\":\"EntryPoint\",\"urlTemplate\":\"https:\\\/\\\/www.copealcoy.es\\\/es\\\/?s={search_term_string}\"},\"query-input\":{\"@type\":\"PropertyValueSpecification\",\"valueRequired\":true,\"valueName\":\"search_term_string\"}}],\"inLanguage\":\"es\"},{\"@type\":\"Person\",\"@id\":\"https:\\\/\\\/www.copealcoy.es\\\/es\\\/#\\\/schema\\\/person\\\/e777c87fa024e57d40170af9df39882c\",\"name\":\"Cope Alcoy\",\"image\":{\"@type\":\"ImageObject\",\"inLanguage\":\"es\",\"@id\":\"https:\\\/\\\/secure.gravatar.com\\\/avatar\\\/bb65d0283347e303893ba14f0692005417c1e0e690a325a4c5d8bb2b3943ee14?s=96&d=mm&r=g\",\"url\":\"https:\\\/\\\/secure.gravatar.com\\\/avatar\\\/bb65d0283347e303893ba14f0692005417c1e0e690a325a4c5d8bb2b3943ee14?s=96&d=mm&r=g\",\"contentUrl\":\"https:\\\/\\\/secure.gravatar.com\\\/avatar\\\/bb65d0283347e303893ba14f0692005417c1e0e690a325a4c5d8bb2b3943ee14?s=96&d=mm&r=g\",\"caption\":\"Cope Alcoy\"}}]}<\/script>\n<!-- \/ Yoast SEO plugin. -->","yoast_head_json":{"title":"Bernardo P\u00e9rez ser\u00e1 el cabeza de lista de Guanyem Cocentaina - COPE Alcoy","robots":{"index":"index","follow":"follow","max-snippet":"max-snippet:-1","max-image-preview":"max-image-preview:large","max-video-preview":"max-video-preview:-1"},"canonical":"https:\/\/www.copealcoy.es\/es\/bernardo-perez-sera-el-cabeza-de-lista-de-guanyem-cocentaina\/","og_locale":"es_ES","og_type":"article","og_title":"Bernardo P\u00e9rez ser\u00e1 el cabeza de lista de Guanyem Cocentaina - COPE Alcoy","og_description":"La plataforma Ciudadana Guanyem Cocentaina celebr\u00f3 el s\u00e1bado sus primarias donde participaron 153 personas y en las que se ha...","og_url":"https:\/\/www.copealcoy.es\/es\/bernardo-perez-sera-el-cabeza-de-lista-de-guanyem-cocentaina\/","og_site_name":"COPE Alcoy","article_published_time":"2015-03-14T22:05:05+00:00","article_modified_time":"2015-03-16T09:43:06+00:00","og_image":[{"width":1536,"height":1023,"url":"https:\/\/www.copealcoy.es\/wp-content\/uploads\/2015\/03\/image45.jpg","type":"image\/jpeg"}],"author":"Cope Alcoy","twitter_misc":{"Escrito por":"Cope Alcoy","Tiempo de lectura":"1 minuto"},"schema":{"@context":"https:\/\/schema.org","@graph":[{"@type":"Article","@id":"https:\/\/www.copealcoy.es\/es\/bernardo-perez-sera-el-cabeza-de-lista-de-guanyem-cocentaina\/#article","isPartOf":{"@id":"https:\/\/www.copealcoy.es\/es\/bernardo-perez-sera-el-cabeza-de-lista-de-guanyem-cocentaina\/"},"author":{"name":"Cope Alcoy","@id":"https:\/\/www.copealcoy.es\/es\/#\/schema\/person\/e777c87fa024e57d40170af9df39882c"},"headline":"Bernardo P\u00e9rez ser\u00e1 el cabeza de lista de Guanyem Cocentaina","datePublished":"2015-03-14T22:05:05+00:00","dateModified":"2015-03-16T09:43:06+00:00","mainEntityOfPage":{"@id":"https:\/\/www.copealcoy.es\/es\/bernardo-perez-sera-el-cabeza-de-lista-de-guanyem-cocentaina\/"},"wordCount":239,"commentCount":0,"image":{"@id":"https:\/\/www.copealcoy.es\/es\/bernardo-perez-sera-el-cabeza-de-lista-de-guanyem-cocentaina\/#primaryimage"},"thumbnailUrl":"https:\/\/www.copealcoy.es\/wp-content\/uploads\/2015\/03\/image45.jpg","keywords":["Cocentaina","Comtat","Elecciones Municipales","Guanyem"],"articleSection":["Elecciones","Noticias"],"inLanguage":"es"},{"@type":"WebPage","@id":"https:\/\/www.copealcoy.es\/es\/bernardo-perez-sera-el-cabeza-de-lista-de-guanyem-cocentaina\/","url":"https:\/\/www.copealcoy.es\/es\/bernardo-perez-sera-el-cabeza-de-lista-de-guanyem-cocentaina\/","name":"Bernardo P\u00e9rez ser\u00e1 el cabeza de lista de Guanyem Cocentaina - COPE Alcoy","isPartOf":{"@id":"https:\/\/www.copealcoy.es\/es\/#website"},"primaryImageOfPage":{"@id":"https:\/\/www.copealcoy.es\/es\/bernardo-perez-sera-el-cabeza-de-lista-de-guanyem-cocentaina\/#primaryimage"},"image":{"@id":"https:\/\/www.copealcoy.es\/es\/bernardo-perez-sera-el-cabeza-de-lista-de-guanyem-cocentaina\/#primaryimage"},"thumbnailUrl":"https:\/\/www.copealcoy.es\/wp-content\/uploads\/2015\/03\/image45.jpg","datePublished":"2015-03-14T22:05:05+00:00","dateModified":"2015-03-16T09:43:06+00:00","author":{"@id":"https:\/\/www.copealcoy.es\/es\/#\/schema\/person\/e777c87fa024e57d40170af9df39882c"},"breadcrumb":{"@id":"https:\/\/www.copealcoy.es\/es\/bernardo-perez-sera-el-cabeza-de-lista-de-guanyem-cocentaina\/#breadcrumb"},"inLanguage":"es","potentialAction":[{"@type":"ReadAction","target":["https:\/\/www.copealcoy.es\/es\/bernardo-perez-sera-el-cabeza-de-lista-de-guanyem-cocentaina\/"]}]},{"@type":"ImageObject","inLanguage":"es","@id":"https:\/\/www.copealcoy.es\/es\/bernardo-perez-sera-el-cabeza-de-lista-de-guanyem-cocentaina\/#primaryimage","url":"https:\/\/www.copealcoy.es\/wp-content\/uploads\/2015\/03\/image45.jpg","contentUrl":"https:\/\/www.copealcoy.es\/wp-content\/uploads\/2015\/03\/image45.jpg","width":1536,"height":1023,"caption":"Bernardo P\u00e9rez, ser\u00e1 el candidato de Guayem Cocentaina"},{"@type":"BreadcrumbList","@id":"https:\/\/www.copealcoy.es\/es\/bernardo-perez-sera-el-cabeza-de-lista-de-guanyem-cocentaina\/#breadcrumb","itemListElement":[{"@type":"ListItem","position":1,"name":"Portada","item":"https:\/\/www.copealcoy.es\/es\/"},{"@type":"ListItem","position":2,"name":"Bernardo P\u00e9rez ser\u00e1 el cabeza de lista de Guanyem Cocentaina"}]},{"@type":"WebSite","@id":"https:\/\/www.copealcoy.es\/es\/#website","url":"https:\/\/www.copealcoy.es\/es\/","name":"COPE Alcoy","description":"Emisora COPE de radio local con emisi\u00f3n online. Pont de Sant Jordi 8-10 03803 Alcoy","potentialAction":[{"@type":"SearchAction","target":{"@type":"EntryPoint","urlTemplate":"https:\/\/www.copealcoy.es\/es\/?s={search_term_string}"},"query-input":{"@type":"PropertyValueSpecification","valueRequired":true,"valueName":"search_term_string"}}],"inLanguage":"es"},{"@type":"Person","@id":"https:\/\/www.copealcoy.es\/es\/#\/schema\/person\/e777c87fa024e57d40170af9df39882c","name":"Cope Alcoy","image":{"@type":"ImageObject","inLanguage":"es","@id":"https:\/\/secure.gravatar.com\/avatar\/bb65d0283347e303893ba14f0692005417c1e0e690a325a4c5d8bb2b3943ee14?s=96&d=mm&r=g","url":"https:\/\/secure.gravatar.com\/avatar\/bb65d0283347e303893ba14f0692005417c1e0e690a325a4c5d8bb2b3943ee14?s=96&d=mm&r=g","contentUrl":"https:\/\/secure.gravatar.com\/avatar\/bb65d0283347e303893ba14f0692005417c1e0e690a325a4c5d8bb2b3943ee14?s=96&d=mm&r=g","caption":"Cope Alcoy"}}]}},"_links":{"self":[{"href":"https:\/\/www.copealcoy.es\/es\/wp-json\/wp\/v2\/posts\/11362","targetHints":{"allow":["GET"]}}],"collection":[{"href":"https:\/\/www.copealcoy.es\/es\/wp-json\/wp\/v2\/posts"}],"about":[{"href":"https:\/\/www.copealcoy.es\/es\/wp-json\/wp\/v2\/types\/post"}],"author":[{"embeddable":true,"href":"https:\/\/www.copealcoy.es\/es\/wp-json\/wp\/v2\/users\/1"}],"replies":[{"embeddable":true,"href":"https:\/\/www.copealcoy.es\/es\/wp-json\/wp\/v2\/comments?post=11362"}],"version-history":[{"count":0,"href":"https:\/\/www.copealcoy.es\/es\/wp-json\/wp\/v2\/posts\/11362\/revisions"}],"wp:featuredmedia":[{"embeddable":true,"href":"https:\/\/www.copealcoy.es\/es\/wp-json\/wp\/v2\/media\/11365"}],"wp:attachment":[{"href":"https:\/\/www.copealcoy.es\/es\/wp-json\/wp\/v2\/media?parent=11362"}],"wp:term":[{"taxonomy":"category","embeddable":true,"href":"https:\/\/www.copealcoy.es\/es\/wp-json\/wp\/v2\/categories?post=11362"},{"taxonomy":"post_tag","embeddable":true,"href":"https:\/\/www.copealcoy.es\/es\/wp-json\/wp\/v2\/tags?post=11362"}],"curies":[{"name":"wp","href":"https:\/\/api.w.org\/{rel}","templated":true}]}}